{"id":20529,"date":"2016-08-27T20:59:57","date_gmt":"2016-08-28T01:59:57","guid":{"rendered":"http:\/\/www.grieta.org.mx\/?p=20529"},"modified":"2016-09-03T16:04:34","modified_gmt":"2016-09-03T21:04:34","slug":"exigen-a-conagua-no-realizar-mas-descargas-en-comunidades-de-abasolo-gto","status":"publish","type":"post","link":"https:\/\/www.grieta.org.mx\/index.php\/2016\/08\/27\/exigen-a-conagua-no-realizar-mas-descargas-en-comunidades-de-abasolo-gto\/","title":{"rendered":"Exigen a Conagua no realizar m\u00e1s descargas en comunidades de Abasolo Gto"},"content":{"rendered":"<p><strong>27\/08\/16. <\/strong><a href=\"http:\/\/www.grieta.org.mx\/index.php\/2016\/08\/27\/esfuerzo-civil-en-abasolo-comuneros-usan-hule-fiado-y-costales-para-frenar-efectos-de-la-inundacion-2\/\">Esfuerzo civil en Abasolo: comuneros usan hule fiado y costales para frenar efectos de la inundaci\u00f3n<\/a><em><\/p>\n<p>Zona Franca<\/em><\/p>\n<p><strong>24\/08\/16. <\/strong><a href=\"http:\/\/www.grieta.org.mx\/index.php\/2016\/08\/24\/van-tres-localidades-desalojadas-en-abasolo-pobladores-exigen-a-conagua-no-realizar-mas-descargas\/\">Van tres localidades desalojadas en Abasolo; pobladores exigen a Conagua no realizar m\u00e1s descargas<\/a><em><\/p>\n<p>Zona Franca<\/em><\/p>\n","protected":false},"excerpt":{"rendered":"<p>27\/08\/16. Esfuerzo civil en Abasolo: comuneros usan hule fiado y costales para frenar efectos de la inundaci\u00f3n Zona Franca 24\/08\/16. Van tres localidades desalojadas en Abasolo; pobladores exigen a Conagua &hellip; <a href=\"https:\/\/www.grieta.org.mx\/index.php\/2016\/08\/27\/exigen-a-conagua-no-realizar-mas-descargas-en-comunidades-de-abasolo-gto\/\" class=\"more-link\">Leer m\u00e1s<\/a><\/p>\n","protected":false},"author":2,"featured_media":21928,"comment_status":"closed","ping_status":"closed","sticky":false,"template":"","format":"standard","meta":{"ngg_post_thumbnail":0,"_jetpack_newsletter_access":"","_jetpack_dont_email_post_to_subs":false,"_jetpack_newsletter_tier_id":0,"_jetpack_memberships_contains_paywalled_content":false,"_jetpack_memberships_contains_paid_content":false,"footnotes":""},"categories":[17,2],"tags":[],"class_list":["post-20529","post","type-post","status-publish","format-standard","has-post-thumbnail","hentry","category-guanajuato","category-noticias-nacionales","entry"],"jetpack_featured_media_url":"https:\/\/www.grieta.org.mx\/wp-content\/uploads\/2018\/03\/14524434_1106112876131411_958039263622046936_o.jpg","jetpack_sharing_enabled":true,"jetpack_shortlink":"https:\/\/wp.me\/p7ZJR4-5l7","jetpack_likes_enabled":false,"jetpack-related-posts":[{"id":20504,"url":"https:\/\/www.grieta.org.mx\/index.php\/2016\/08\/24\/van-tres-localidades-desalojadas-en-abasolo-pobladores-exigen-a-conagua-no-realizar-mas-descargas\/","url_meta":{"origin":20529,"position":0},"title":"Van tres localidades desalojadas en Abasolo; pobladores exigen a Conagua no realizar m\u00e1s descargas","author":"grieta","date":"24 agosto, 2016","format":false,"excerpt":"A las comunidades de La Canoa y Paso de la Canoa se une Huitzatarito y Santa Cecilia, para poner a salvo a los habitantes en riesgo EDITH DOM\u00cdNGUEZ Abasolo, Gto. Autoridades de este municipio decidieron evacuar este mi\u00e9rcoles la comunidad de La Canoa y Paso de la Canoa por seguridad,\u2026","rel":"","context":"En &quot;CINTILLO&quot;","block_context":{"text":"CINTILLO","link":"https:\/\/www.grieta.org.mx\/index.php\/category\/cintillo\/"},"img":{"alt_text":"","src":"https:\/\/i0.wp.com\/www.grieta.org.mx\/wp-content\/uploads\/2018\/03\/14524434_1106112876131411_958039263622046936_o.jpg?resize=350%2C200&ssl=1","width":350,"height":200,"srcset":"https:\/\/i0.wp.com\/www.grieta.org.mx\/wp-content\/uploads\/2018\/03\/14524434_1106112876131411_958039263622046936_o.jpg?resize=350%2C200&ssl=1 1x, https:\/\/i0.wp.com\/www.grieta.org.mx\/wp-content\/uploads\/2018\/03\/14524434_1106112876131411_958039263622046936_o.jpg?resize=525%2C300&ssl=1 1.5x, https:\/\/i0.wp.com\/www.grieta.org.mx\/wp-content\/uploads\/2018\/03\/14524434_1106112876131411_958039263622046936_o.jpg?resize=700%2C400&ssl=1 2x"},"classes":[]},{"id":20818,"url":"https:\/\/www.grieta.org.mx\/index.php\/2016\/08\/27\/esfuerzo-civil-en-abasolo-comuneros-usan-hule-fiado-y-costales-para-frenar-efectos-de-la-inundacion-2\/","url_meta":{"origin":20529,"position":1},"title":"Esfuerzo civil en Abasolo: comuneros usan hule fiado y costales para frenar efectos de la inundaci\u00f3n","author":"grieta","date":"27 agosto, 2016","format":false,"excerpt":"EDITH DOM\u00cdNGUEZ Abasolo, Gto. Ante lo que consideran la incompetencia de las autoridades, los habitantes de Estaci\u00f3n Abasolo, Huitzatarito, Santa Cecilia se organizan y compran hule para instalar costales con arena y evitar que el agua siga minando por debajo de la v\u00eda y siga meti\u00e9ndose a sus casas. Mientras\u2026","rel":"","context":"En &quot;CINTILLO&quot;","block_context":{"text":"CINTILLO","link":"https:\/\/www.grieta.org.mx\/index.php\/category\/cintillo\/"},"img":{"alt_text":"","src":"https:\/\/i0.wp.com\/www.grieta.org.mx\/wp-content\/uploads\/2018\/03\/14524434_1106112876131411_958039263622046936_o.jpg?resize=350%2C200&ssl=1","width":350,"height":200,"srcset":"https:\/\/i0.wp.com\/www.grieta.org.mx\/wp-content\/uploads\/2018\/03\/14524434_1106112876131411_958039263622046936_o.jpg?resize=350%2C200&ssl=1 1x, https:\/\/i0.wp.com\/www.grieta.org.mx\/wp-content\/uploads\/2018\/03\/14524434_1106112876131411_958039263622046936_o.jpg?resize=525%2C300&ssl=1 1.5x, https:\/\/i0.wp.com\/www.grieta.org.mx\/wp-content\/uploads\/2018\/03\/14524434_1106112876131411_958039263622046936_o.jpg?resize=700%2C400&ssl=1 2x"},"classes":[]},{"id":20539,"url":"https:\/\/www.grieta.org.mx\/index.php\/2016\/08\/27\/esfuerzo-civil-en-abasolo-comuneros-usan-hule-fiado-y-costales-para-frenar-efectos-de-la-inundacion\/","url_meta":{"origin":20529,"position":2},"title":"Esfuerzo civil en Abasolo: comuneros usan hule fiado y costales para frenar efectos de la inundaci\u00f3n","author":"grieta","date":"27 agosto, 2016","format":false,"excerpt":"EDITH DOM\u00cdNGUEZ Abasolo, Gto. Ante lo que consideran la incompetencia de las autoridades, los habitantes de Estaci\u00f3n Abasolo, Huitzatarito, Santa Cecilia se organizan y compran hule para instalar costales con arena y evitar que el agua siga minando por debajo de la v\u00eda y siga meti\u00e9ndose a sus casas. Mientras\u2026","rel":"","context":"En &quot;CINTILLO&quot;","block_context":{"text":"CINTILLO","link":"https:\/\/www.grieta.org.mx\/index.php\/category\/cintillo\/"},"img":{"alt_text":"","src":"https:\/\/i0.wp.com\/www.grieta.org.mx\/wp-content\/uploads\/2018\/03\/14524434_1106112876131411_958039263622046936_o.jpg?resize=350%2C200&ssl=1","width":350,"height":200,"srcset":"https:\/\/i0.wp.com\/www.grieta.org.mx\/wp-content\/uploads\/2018\/03\/14524434_1106112876131411_958039263622046936_o.jpg?resize=350%2C200&ssl=1 1x, https:\/\/i0.wp.com\/www.grieta.org.mx\/wp-content\/uploads\/2018\/03\/14524434_1106112876131411_958039263622046936_o.jpg?resize=525%2C300&ssl=1 1.5x, https:\/\/i0.wp.com\/www.grieta.org.mx\/wp-content\/uploads\/2018\/03\/14524434_1106112876131411_958039263622046936_o.jpg?resize=700%2C400&ssl=1 2x"},"classes":[]},{"id":62502,"url":"https:\/\/www.grieta.org.mx\/index.php\/2021\/10\/03\/abasolo-guanajuato-veinte-dias-bajo-el-agua-y-no-hay-para-cuando-volver\/","url_meta":{"origin":20529,"position":3},"title":"Abasolo, Guanajuato: Veinte d\u00edas bajo el agua y no hay para cu\u00e1ndo volver","author":"grieta","date":"3 octubre, 2021","format":false,"excerpt":"Habitantes de tres comunidades del municipio de Abasolo, en Guanajuato, fueron desalojados de sus casas porque las lluvias del lunes 6 inundaron todo. Suman 20 d\u00edas bajo el agua. Y de nuevo, como en otros estados, en la historia de esta tragedia hubo alertas que las autoridades no atendieron. Por\u2026","rel":"","context":"En &quot;CINTILLO&quot;","block_context":{"text":"CINTILLO","link":"https:\/\/www.grieta.org.mx\/index.php\/category\/cintillo\/"},"img":{"alt_text":"","src":"https:\/\/i0.wp.com\/www.grieta.org.mx\/wp-content\/uploads\/2021\/10\/f800x450-143779_195225_5050.jpg?resize=350%2C200&ssl=1","width":350,"height":200,"srcset":"https:\/\/i0.wp.com\/www.grieta.org.mx\/wp-content\/uploads\/2021\/10\/f800x450-143779_195225_5050.jpg?resize=350%2C200&ssl=1 1x, https:\/\/i0.wp.com\/www.grieta.org.mx\/wp-content\/uploads\/2021\/10\/f800x450-143779_195225_5050.jpg?resize=525%2C300&ssl=1 1.5x, https:\/\/i0.wp.com\/www.grieta.org.mx\/wp-content\/uploads\/2021\/10\/f800x450-143779_195225_5050.jpg?resize=700%2C400&ssl=1 2x"},"classes":[]},{"id":61348,"url":"https:\/\/www.grieta.org.mx\/index.php\/2021\/08\/26\/comunidades-riberenas-del-lago-de-chapala-exigen-a-conagua-liberar-playas-invadidas-por-particulares-jalisco\/","url_meta":{"origin":20529,"position":4},"title":"Comunidades ribere\u00f1as del Lago de Chapala exigen a Conagua liberar playas invadidas por particulares (Jalisco)","author":"grieta","date":"26 agosto, 2021","format":false,"excerpt":"Foto: Mario Marlo Mario Marlo \/ Zona Docs Guadalajara, Jalisco, 26 de agosto 2021.-\u00a0Esta ma\u00f1ana,\u00a0pobladores de comunidades ribere\u00f1as del Lago de Chapala, marcharon del Parque Rojo a las oficinas de la\u00a0Comisi\u00f3n Nacional del Agua (Conagua), en la ciudad de Guadalajara, donde exigieron que la instituci\u00f3n\u00a0tome inmediatamente las medidas necesarias, para\u2026","rel":"","context":"En &quot;CINTILLO&quot;","block_context":{"text":"CINTILLO","link":"https:\/\/www.grieta.org.mx\/index.php\/category\/cintillo\/"},"img":{"alt_text":"","src":"https:\/\/i0.wp.com\/www.grieta.org.mx\/wp-content\/uploads\/2021\/08\/Protesta-Pueblos-Chapala-3-scaled-1.jpg?resize=350%2C200&ssl=1","width":350,"height":200,"srcset":"https:\/\/i0.wp.com\/www.grieta.org.mx\/wp-content\/uploads\/2021\/08\/Protesta-Pueblos-Chapala-3-scaled-1.jpg?resize=350%2C200&ssl=1 1x, https:\/\/i0.wp.com\/www.grieta.org.mx\/wp-content\/uploads\/2021\/08\/Protesta-Pueblos-Chapala-3-scaled-1.jpg?resize=525%2C300&ssl=1 1.5x, https:\/\/i0.wp.com\/www.grieta.org.mx\/wp-content\/uploads\/2021\/08\/Protesta-Pueblos-Chapala-3-scaled-1.jpg?resize=700%2C400&ssl=1 2x, https:\/\/i0.wp.com\/www.grieta.org.mx\/wp-content\/uploads\/2021\/08\/Protesta-Pueblos-Chapala-3-scaled-1.jpg?resize=1050%2C600&ssl=1 3x"},"classes":[]},{"id":45083,"url":"https:\/\/www.grieta.org.mx\/index.php\/2020\/01\/30\/universitarios-exigen-seguridad-acusan-hostigamiento-de-uaeh-hidalgo\/","url_meta":{"origin":20529,"position":5},"title":"Universitarios exigen seguridad; acusan hostigamiento de UAEH (Hidalgo)","author":"Admin","date":"30 enero, 2020","format":false,"excerpt":"Adela Garmez \/ Criterio El Comit\u00e9 de Lucha Universitario de Hidalgo (CLUH) realiz\u00f3 una marcha a las 12:00 horas de hoy para pedir a las autoridades mayor seguridad y que tomen acciones que permitan acabar con los feminicidios en la entidad. En la explanada Independencia, Pachuca, los estudiantes dijeron que\u2026","rel":"","context":"En &quot;CINTILLO&quot;","block_context":{"text":"CINTILLO","link":"https:\/\/www.grieta.org.mx\/index.php\/category\/cintillo\/"},"img":{"alt_text":"","src":"https:\/\/i0.wp.com\/www.grieta.org.mx\/wp-content\/uploads\/2020\/02\/https-_criteriohidalgo.com_wp-content_uploads_2020_01_WhatsApp-Image-2020-01-30-at-13.04.14-1024x682.jpeg?resize=350%2C200&ssl=1","width":350,"height":200,"srcset":"https:\/\/i0.wp.com\/www.grieta.org.mx\/wp-content\/uploads\/2020\/02\/https-_criteriohidalgo.com_wp-content_uploads_2020_01_WhatsApp-Image-2020-01-30-at-13.04.14-1024x682.jpeg?resize=350%2C200&ssl=1 1x, https:\/\/i0.wp.com\/www.grieta.org.mx\/wp-content\/uploads\/2020\/02\/https-_criteriohidalgo.com_wp-content_uploads_2020_01_WhatsApp-Image-2020-01-30-at-13.04.14-1024x682.jpeg?resize=525%2C300&ssl=1 1.5x, https:\/\/i0.wp.com\/www.grieta.org.mx\/wp-content\/uploads\/2020\/02\/https-_criteriohidalgo.com_wp-content_uploads_2020_01_WhatsApp-Image-2020-01-30-at-13.04.14-1024x682.jpeg?resize=700%2C400&ssl=1 2x"},"classes":[]}],"_links":{"self":[{"href":"https:\/\/www.grieta.org.mx\/index.php\/wp-json\/wp\/v2\/posts\/20529","targetHints":{"allow":["GET"]}}],"collection":[{"href":"https:\/\/www.grieta.org.mx\/index.php\/wp-json\/wp\/v2\/posts"}],"about":[{"href":"https:\/\/www.grieta.org.mx\/index.php\/wp-json\/wp\/v2\/types\/post"}],"author":[{"embeddable":true,"href":"https:\/\/www.grieta.org.mx\/index.php\/wp-json\/wp\/v2\/users\/2"}],"replies":[{"embeddable":true,"href":"https:\/\/www.grieta.org.mx\/index.php\/wp-json\/wp\/v2\/comments?post=20529"}],"version-history":[{"count":1,"href":"https:\/\/www.grieta.org.mx\/index.php\/wp-json\/wp\/v2\/posts\/20529\/revisions"}],"predecessor-version":[{"id":20823,"href":"https:\/\/www.grieta.org.mx\/index.php\/wp-json\/wp\/v2\/posts\/20529\/revisions\/20823"}],"wp:featuredmedia":[{"embeddable":true,"href":"https:\/\/www.grieta.org.mx\/index.php\/wp-json\/wp\/v2\/media\/21928"}],"wp:attachment":[{"href":"https:\/\/www.grieta.org.mx\/index.php\/wp-json\/wp\/v2\/media?parent=20529"}],"wp:term":[{"taxonomy":"category","embeddable":true,"href":"https:\/\/www.grieta.org.mx\/index.php\/wp-json\/wp\/v2\/categories?post=20529"},{"taxonomy":"post_tag","embeddable":true,"href":"https:\/\/www.grieta.org.mx\/index.php\/wp-json\/wp\/v2\/tags?post=20529"}],"curies":[{"name":"wp","href":"https:\/\/api.w.org\/{rel}","templated":true}]}}