{"id":20494,"date":"2016-08-27T13:26:11","date_gmt":"2016-08-27T18:26:11","guid":{"rendered":"http:\/\/www.grieta.org.mx\/?p=20494"},"modified":"2016-08-29T13:42:10","modified_gmt":"2016-08-29T18:42:10","slug":"protestas-y-organizacion-contra-helipuerto-en-zona-residencial-de-coyoacan-2","status":"publish","type":"post","link":"https:\/\/www.grieta.org.mx\/index.php\/2016\/08\/27\/protestas-y-organizacion-contra-helipuerto-en-zona-residencial-de-coyoacan-2\/","title":{"rendered":"Protestas y organizaci\u00f3n contra helipuerto en zona residencial de Coyoac\u00e1n"},"content":{"rendered":"<p><strong>25\/08\/16. <\/strong><a href=\"http:\/\/www.grieta.org.mx\/index.php\/2016\/08\/25\/protestan-vecinos-de-copilco-contra-helipuerto-de-grupo-imagen\/\" target=\"_blank\">Protestan vecinos de Copilco contra helipuerto de Grupo Imagen<\/a><br \/><em>El Big data<\/em><br  \/><\/p>\n<p><strong>31\/07\/16. <\/strong><a href=\"http:\/\/www.grieta.org.mx\/index.php\/2016\/07\/31\/lanzan-peticion-contra-helipuerto-en-copilco\/\" target=\"_blank\">Lanzan petici\u00f3n contra helipuerto en Copilco<\/a><br \/><em>Desinform\u00e9monos<\/em><br  \/><\/p>\n","protected":false},"excerpt":{"rendered":"<p>25\/08\/16. Protestan vecinos de Copilco contra helipuerto de Grupo ImagenEl Big data 31\/07\/16. Lanzan petici\u00f3n contra helipuerto en CopilcoDesinform\u00e9monos<\/p>\n","protected":false},"author":2,"featured_media":21928,"comment_status":"closed","ping_status":"closed","sticky":false,"template":"","format":"standard","meta":{"ngg_post_thumbnail":0,"_jetpack_newsletter_access":"","_jetpack_dont_email_post_to_subs":false,"_jetpack_newsletter_tier_id":0,"_jetpack_memberships_contains_paywalled_content":false,"_jetpack_memberships_contains_paid_content":false,"footnotes":""},"categories":[14,2],"tags":[],"class_list":["post-20494","post","type-post","status-publish","format-standard","has-post-thumbnail","hentry","category-ciudad-de-mexico","category-noticias-nacionales","entry"],"jetpack_featured_media_url":"https:\/\/www.grieta.org.mx\/wp-content\/uploads\/2018\/03\/14524434_1106112876131411_958039263622046936_o.jpg","jetpack_sharing_enabled":true,"jetpack_shortlink":"https:\/\/wp.me\/p7ZJR4-5ky","jetpack_likes_enabled":false,"jetpack-related-posts":[{"id":20341,"url":"https:\/\/www.grieta.org.mx\/index.php\/2016\/08\/25\/protestan-vecinos-de-copilco-contra-helipuerto-de-grupo-imagen\/","url_meta":{"origin":20494,"position":0},"title":"Protestan vecinos de Copilco contra helipuerto de Grupo Imagen","author":"grieta","date":"25 agosto, 2016","format":false,"excerpt":"Eduardo Su\u00e1rez Vecinos de las unidades habitacionales de Copilco protestaron contra la construcci\u00f3n de un helipuerto que realiza Grupo Imagen Multimedia en la avenida Universidad. El cierre de la avenida Universidad con su cruce con Eje 10, interrumpi\u00f3 el tr\u00e1fico mientras vecinos con grandes pancartas con la leyenda \u201cNO al\u2026","rel":"","context":"En &quot;CINTILLO&quot;","block_context":{"text":"CINTILLO","link":"https:\/\/www.grieta.org.mx\/index.php\/category\/cintillo\/"},"img":{"alt_text":"","src":"https:\/\/i0.wp.com\/www.grieta.org.mx\/wp-content\/uploads\/2018\/03\/14524434_1106112876131411_958039263622046936_o.jpg?resize=350%2C200&ssl=1","width":350,"height":200,"srcset":"https:\/\/i0.wp.com\/www.grieta.org.mx\/wp-content\/uploads\/2018\/03\/14524434_1106112876131411_958039263622046936_o.jpg?resize=350%2C200&ssl=1 1x, https:\/\/i0.wp.com\/www.grieta.org.mx\/wp-content\/uploads\/2018\/03\/14524434_1106112876131411_958039263622046936_o.jpg?resize=525%2C300&ssl=1 1.5x, https:\/\/i0.wp.com\/www.grieta.org.mx\/wp-content\/uploads\/2018\/03\/14524434_1106112876131411_958039263622046936_o.jpg?resize=700%2C400&ssl=1 2x"},"classes":[]},{"id":68920,"url":"https:\/\/www.grieta.org.mx\/index.php\/2024\/05\/18\/vecinos-exigen-el-desmantelamiento-de-helipuerto-ilegal-en-avenida-universidad-ciudad-de-mexico\/","url_meta":{"origin":20494,"position":1},"title":"Vecinos exigen el desmantelamiento de helipuerto ilegal en Avenida Universidad (Ciudad de M\u00e9xico)","author":"grieta","date":"18 mayo, 2024","format":false,"excerpt":"- El helipuerto fue construido sin autorizaci\u00f3n por grupo Imagen TV - Tras 8 a\u00f1os de litigio, existe una orden judicial a favor de los vecinos - Diversas administraciones de la Alcalad\u00eda Coyoac\u00e1n han incumplido o violado normas Colectivo Grieta 16 de mayo de 2024 Ciudad de M\u00e9xico.- A las\u2026","rel":"","context":"En &quot;cdmx&quot;","block_context":{"text":"cdmx","link":"https:\/\/www.grieta.org.mx\/index.php\/category\/cdmx\/"},"img":{"alt_text":"","src":"https:\/\/i0.wp.com\/www.grieta.org.mx\/wp-content\/uploads\/2024\/05\/Diapositiva1.jpeg?resize=350%2C200&ssl=1","width":350,"height":200,"srcset":"https:\/\/i0.wp.com\/www.grieta.org.mx\/wp-content\/uploads\/2024\/05\/Diapositiva1.jpeg?resize=350%2C200&ssl=1 1x, https:\/\/i0.wp.com\/www.grieta.org.mx\/wp-content\/uploads\/2024\/05\/Diapositiva1.jpeg?resize=525%2C300&ssl=1 1.5x, https:\/\/i0.wp.com\/www.grieta.org.mx\/wp-content\/uploads\/2024\/05\/Diapositiva1.jpeg?resize=700%2C400&ssl=1 2x"},"classes":[]},{"id":19288,"url":"https:\/\/www.grieta.org.mx\/index.php\/2016\/07\/31\/lanzan-peticion-contra-helipuerto-en-copilco\/","url_meta":{"origin":20494,"position":2},"title":"Lanzan petici\u00f3n contra helipuerto en Copilco","author":"grieta","date":"31 julio, 2016","format":false,"excerpt":"No al Helipuerto en Copilco \u00a0 \u00a0 \u00c9sta es la petici\u00f3n elaborada por los vecinos de Copilco, Universidad y aleda\u00f1as, organizados en el Comit\u00e9 de No al Helipuerto en Copilco, la cual se va a enviar a las autoridades competentes para mostrar la oposici\u00f3n popular del barrio contra el helipuerto\u2026","rel":"","context":"En &quot;cdmx&quot;","block_context":{"text":"cdmx","link":"https:\/\/www.grieta.org.mx\/index.php\/category\/cdmx\/"},"img":{"alt_text":"","src":"https:\/\/i0.wp.com\/www.grieta.org.mx\/wp-content\/uploads\/2018\/03\/14524434_1106112876131411_958039263622046936_o.jpg?resize=350%2C200&ssl=1","width":350,"height":200,"srcset":"https:\/\/i0.wp.com\/www.grieta.org.mx\/wp-content\/uploads\/2018\/03\/14524434_1106112876131411_958039263622046936_o.jpg?resize=350%2C200&ssl=1 1x, https:\/\/i0.wp.com\/www.grieta.org.mx\/wp-content\/uploads\/2018\/03\/14524434_1106112876131411_958039263622046936_o.jpg?resize=525%2C300&ssl=1 1.5x, https:\/\/i0.wp.com\/www.grieta.org.mx\/wp-content\/uploads\/2018\/03\/14524434_1106112876131411_958039263622046936_o.jpg?resize=700%2C400&ssl=1 2x"},"classes":[]},{"id":50787,"url":"https:\/\/www.grieta.org.mx\/index.php\/2020\/06\/09\/el-viernes-fue-el-2-de-octubre-jalisciense-jalisco\/","url_meta":{"origin":20494,"position":3},"title":"&#8216;El viernes, fue el 2 de octubre jalisciense&#8217; (Jalisco)","author":"grieta","date":"9 junio, 2020","format":false,"excerpt":"Foto: Jorge Alberto Mendoza Lauro Rodr\u00edguez \/ El Diario NTR \u201cEl miedo ya no lo quitaron hace mucho, por eso estamos aqu\u00ed\u201d,\u00a0fue la\u00a0consigna y\u00a0carta de presentaci\u00f3n de Estefan\u00eda,\u00a0una de las manifestantes que form\u00f3 parte de un contingente de entre 200 y 300 personas que\u00a0exigi\u00f3 ayer\u00a0justicia para Giovanni\u00a0L\u00f3pez, para los detenidos\u2026","rel":"","context":"En &quot;CINTILLO&quot;","block_context":{"text":"CINTILLO","link":"https:\/\/www.grieta.org.mx\/index.php\/category\/cintillo\/"},"img":{"alt_text":"","src":"https:\/\/i0.wp.com\/www.grieta.org.mx\/wp-content\/uploads\/2020\/06\/2020-06-09_09-06-27___9110.jpg?resize=350%2C200&ssl=1","width":350,"height":200,"srcset":"https:\/\/i0.wp.com\/www.grieta.org.mx\/wp-content\/uploads\/2020\/06\/2020-06-09_09-06-27___9110.jpg?resize=350%2C200&ssl=1 1x, https:\/\/i0.wp.com\/www.grieta.org.mx\/wp-content\/uploads\/2020\/06\/2020-06-09_09-06-27___9110.jpg?resize=525%2C300&ssl=1 1.5x, https:\/\/i0.wp.com\/www.grieta.org.mx\/wp-content\/uploads\/2020\/06\/2020-06-09_09-06-27___9110.jpg?resize=700%2C400&ssl=1 2x"},"classes":[]},{"id":11831,"url":"https:\/\/www.grieta.org.mx\/index.php\/2016\/04\/30\/planean-nuevo-megaproyecto-turistico-cerca-de-cabo-pulmo-bcs\/","url_meta":{"origin":20494,"position":4},"title":"Planean nuevo megaproyecto tur\u00edstico cerca de Cabo Pulmo, BCS","author":"grieta","date":"30 abril, 2016","format":false,"excerpt":"Erick Murillo La Paz, Baja California Sur (BCS). La empresa BCS Desarrollos Los Cabos, S.A. de C.V. pretende la realizaci\u00f3n de un megaproyecto tur\u00edstico a 10 kil\u00f3metros de Cabo Pulmo, al que han denominado Cabo Pel\u00edcanos, el cual tendr\u00eda una inversi\u00f3n total de 220 millones de d\u00f3lares, en un superfice\u2026","rel":"","context":"En &quot;CINTILLO&quot;","block_context":{"text":"CINTILLO","link":"https:\/\/www.grieta.org.mx\/index.php\/category\/cintillo\/"},"img":{"alt_text":"","src":"https:\/\/i0.wp.com\/www.grieta.org.mx\/wp-content\/uploads\/2018\/03\/14524434_1106112876131411_958039263622046936_o.jpg?resize=350%2C200&ssl=1","width":350,"height":200,"srcset":"https:\/\/i0.wp.com\/www.grieta.org.mx\/wp-content\/uploads\/2018\/03\/14524434_1106112876131411_958039263622046936_o.jpg?resize=350%2C200&ssl=1 1x, https:\/\/i0.wp.com\/www.grieta.org.mx\/wp-content\/uploads\/2018\/03\/14524434_1106112876131411_958039263622046936_o.jpg?resize=525%2C300&ssl=1 1.5x, https:\/\/i0.wp.com\/www.grieta.org.mx\/wp-content\/uploads\/2018\/03\/14524434_1106112876131411_958039263622046936_o.jpg?resize=700%2C400&ssl=1 2x"},"classes":[]},{"id":47807,"url":"https:\/\/www.grieta.org.mx\/index.php\/2020\/04\/13\/personal-medico-del-issste-y-hospital-balbuena-protestan-por-falta-de-insumos-ciudad-de-mexico\/","url_meta":{"origin":20494,"position":5},"title":"Personal m\u00e9dico del ISSSTE y Hospital Balbuena protestan por falta de insumos (Ciudad de M\u00e9xico)","author":"grieta","date":"13 abril, 2020","format":false,"excerpt":"Foto: Cuartoscuro Animal Pol\u00edtico Personal m\u00e9dico del hospital 1 de octubre y de Balbuena piden equipo para atender los casos de COVID-19 que llegan a sus instalaciones. M\u00e9dicos y enfermeras de dos hospitales protestaron este lunes por la falta de insumos y de protocolos de seguridad para atender a pacientes\u2026","rel":"","context":"En &quot;CINTILLO&quot;","block_context":{"text":"CINTILLO","link":"https:\/\/www.grieta.org.mx\/index.php\/category\/cintillo\/"},"img":{"alt_text":"","src":"https:\/\/i0.wp.com\/www.grieta.org.mx\/wp-content\/uploads\/2020\/04\/Personal-m%C3%A9dico-del-ISSSTE-y-Hospital-Balbuena-protestan-por-falta-de-insumos-cdmx-abr.jpeg?resize=350%2C200&ssl=1","width":350,"height":200,"srcset":"https:\/\/i0.wp.com\/www.grieta.org.mx\/wp-content\/uploads\/2020\/04\/Personal-m%C3%A9dico-del-ISSSTE-y-Hospital-Balbuena-protestan-por-falta-de-insumos-cdmx-abr.jpeg?resize=350%2C200&ssl=1 1x, https:\/\/i0.wp.com\/www.grieta.org.mx\/wp-content\/uploads\/2020\/04\/Personal-m%C3%A9dico-del-ISSSTE-y-Hospital-Balbuena-protestan-por-falta-de-insumos-cdmx-abr.jpeg?resize=525%2C300&ssl=1 1.5x, https:\/\/i0.wp.com\/www.grieta.org.mx\/wp-content\/uploads\/2020\/04\/Personal-m%C3%A9dico-del-ISSSTE-y-Hospital-Balbuena-protestan-por-falta-de-insumos-cdmx-abr.jpeg?resize=700%2C400&ssl=1 2x, https:\/\/i0.wp.com\/www.grieta.org.mx\/wp-content\/uploads\/2020\/04\/Personal-m%C3%A9dico-del-ISSSTE-y-Hospital-Balbuena-protestan-por-falta-de-insumos-cdmx-abr.jpeg?resize=1050%2C600&ssl=1 3x, https:\/\/i0.wp.com\/www.grieta.org.mx\/wp-content\/uploads\/2020\/04\/Personal-m%C3%A9dico-del-ISSSTE-y-Hospital-Balbuena-protestan-por-falta-de-insumos-cdmx-abr.jpeg?resize=1400%2C800&ssl=1 4x"},"classes":[]}],"_links":{"self":[{"href":"https:\/\/www.grieta.org.mx\/index.php\/wp-json\/wp\/v2\/posts\/20494","targetHints":{"allow":["GET"]}}],"collection":[{"href":"https:\/\/www.grieta.org.mx\/index.php\/wp-json\/wp\/v2\/posts"}],"about":[{"href":"https:\/\/www.grieta.org.mx\/index.php\/wp-json\/wp\/v2\/types\/post"}],"author":[{"embeddable":true,"href":"https:\/\/www.grieta.org.mx\/index.php\/wp-json\/wp\/v2\/users\/2"}],"replies":[{"embeddable":true,"href":"https:\/\/www.grieta.org.mx\/index.php\/wp-json\/wp\/v2\/comments?post=20494"}],"version-history":[{"count":1,"href":"https:\/\/www.grieta.org.mx\/index.php\/wp-json\/wp\/v2\/posts\/20494\/revisions"}],"predecessor-version":[{"id":20501,"href":"https:\/\/www.grieta.org.mx\/index.php\/wp-json\/wp\/v2\/posts\/20494\/revisions\/20501"}],"wp:featuredmedia":[{"embeddable":true,"href":"https:\/\/www.grieta.org.mx\/index.php\/wp-json\/wp\/v2\/media\/21928"}],"wp:attachment":[{"href":"https:\/\/www.grieta.org.mx\/index.php\/wp-json\/wp\/v2\/media?parent=20494"}],"wp:term":[{"taxonomy":"category","embeddable":true,"href":"https:\/\/www.grieta.org.mx\/index.php\/wp-json\/wp\/v2\/categories?post=20494"},{"taxonomy":"post_tag","embeddable":true,"href":"https:\/\/www.grieta.org.mx\/index.php\/wp-json\/wp\/v2\/tags?post=20494"}],"curies":[{"name":"wp","href":"https:\/\/api.w.org\/{rel}","templated":true}]}}