{"id":20466,"date":"2016-08-26T11:40:05","date_gmt":"2016-08-26T16:40:05","guid":{"rendered":"http:\/\/www.grieta.org.mx\/?p=20466"},"modified":"2016-08-28T11:44:54","modified_gmt":"2016-08-28T16:44:54","slug":"ante-las-amenazas-y-agresiones-la-ambientalista-esperanza-salazar-se-fue-de-colima","status":"publish","type":"post","link":"https:\/\/www.grieta.org.mx\/index.php\/2016\/08\/26\/ante-las-amenazas-y-agresiones-la-ambientalista-esperanza-salazar-se-fue-de-colima\/","title":{"rendered":"Ante las amenazas y agresiones, la ambientalista Esperanza Salazar se fue de Colima"},"content":{"rendered":"<p>Pedro Zamora Brise\u00f1o<\/p>\n<p><img loading=\"lazy\" decoding=\"async\" data-attachment-id=\"20467\" data-permalink=\"https:\/\/www.grieta.org.mx\/index.php\/2016\/08\/26\/ante-las-amenazas-y-agresiones-la-ambientalista-esperanza-salazar-se-fue-de-colima\/12295253_10205417625224766_9209799436750035067_n\/\" data-orig-file=\"https:\/\/www.grieta.org.mx\/wp-content\/uploads\/2016\/08\/12295253_10205417625224766_9209799436750035067_n.jpg\" data-orig-size=\"960,960\" data-comments-opened=\"0\" data-image-meta=\"{&quot;aperture&quot;:&quot;0&quot;,&quot;credit&quot;:&quot;&quot;,&quot;camera&quot;:&quot;&quot;,&quot;caption&quot;:&quot;&quot;,&quot;created_timestamp&quot;:&quot;0&quot;,&quot;copyright&quot;:&quot;&quot;,&quot;focal_length&quot;:&quot;0&quot;,&quot;iso&quot;:&quot;0&quot;,&quot;shutter_speed&quot;:&quot;0&quot;,&quot;title&quot;:&quot;&quot;,&quot;orientation&quot;:&quot;0&quot;}\" data-image-title=\"12295253_10205417625224766_9209799436750035067_n\" data-image-description=\"\" data-image-caption=\"\" data-medium-file=\"https:\/\/www.grieta.org.mx\/wp-content\/uploads\/2016\/08\/12295253_10205417625224766_9209799436750035067_n-300x300.jpg\" data-large-file=\"https:\/\/www.grieta.org.mx\/wp-content\/uploads\/2016\/08\/12295253_10205417625224766_9209799436750035067_n.jpg\" class=\"aligncenter wp-image-20467 size-medium\" src=\"http:\/\/www.grieta.org.mx\/wp-content\/uploads\/2016\/08\/12295253_10205417625224766_9209799436750035067_n-300x300.jpg\" alt=\"12295253_10205417625224766_9209799436750035067_n\" width=\"300\" height=\"300\" srcset=\"https:\/\/www.grieta.org.mx\/wp-content\/uploads\/2016\/08\/12295253_10205417625224766_9209799436750035067_n-300x300.jpg 300w, https:\/\/www.grieta.org.mx\/wp-content\/uploads\/2016\/08\/12295253_10205417625224766_9209799436750035067_n-150x150.jpg 150w, https:\/\/www.grieta.org.mx\/wp-content\/uploads\/2016\/08\/12295253_10205417625224766_9209799436750035067_n-768x768.jpg 768w, https:\/\/www.grieta.org.mx\/wp-content\/uploads\/2016\/08\/12295253_10205417625224766_9209799436750035067_n.jpg 960w\" sizes=\"auto, (max-width: 300px) 100vw, 300px\" \/><\/p>\n<p>Colima, M\u00e9xico, Avanzada (25\/08\/2016).- Ante el creciente clima de amenazas y riesgo para su integridad personal, la coordinadora general del grupo ambientalista Bios Iguana, Esperanza Salazar Zenil, se vio forzada a emigrar de esta entidad, bajo el resguardo de escoltas del Mecanismo de Protecci\u00f3n de Personas Defensoras de Derechos Humanos y Periodistas.<\/p>\n<p>En los preparativos de su salida de la ciudad, la activista estuvo acompa\u00f1ada por Jennifer Moore, representante para Am\u00e9rica Latina de la organizaci\u00f3n canadiense MiningWatch; Miguel Angel Mijangos Leal, de la Red Mexicana de Afectados por la Miner\u00eda (Rema) y Marco von Borstel, del Colectivo Ollin.<\/p>\n<p>Sin embargo, durante los trabajos de empaque y mudanza de las pertenencias de Salazar Zenil, ella y sus acompa\u00f1antes sufrieron el hostigamiento de individuos vestidos de civil, as\u00ed como de agentes de la Procuradur\u00eda General de Justicia y de la Polic\u00eda Estatal, seg\u00fan un reporte presentado por Moore, Mijangos y Von Borstel ante Amnist\u00eda Internacional M\u00e9xico, Brigadas de Paz Internacional y Front Line Defenders.<\/p>\n<p>El documento, del que fue proporcionada una copia al reportero, se\u00f1ala que el acoso experimentado en esta ocasi\u00f3n \u201cratifica una vez m\u00e1s\u201d el tipo de amenazas sufridas por Esperanza Salazar por parte del gobierno estatal, adem\u00e1s de que \u201cse confirma el grado de inseguridad y riesgo en el que se encontraba la compa\u00f1era\u201d.<\/p>\n<p>Con m\u00e1s de dos d\u00e9cadas de activismo en defensa de medio ambiente en Colima, Salazar fue en los \u00faltimos tres a\u00f1os una de las impulsoras del movimiento contra la explotaci\u00f3n de una mina de oro, plata, cobre y manganeso en la comunidad ind\u00edgena de Zacualpan, en el municipio de Comala.<\/p>\n<p>Algunas de las luchas previas de Bios Iguana tuvieron que ver con la oposici\u00f3n a la tala del mangle para la ampliaci\u00f3n del Puerto de Manzanillo y con la defensa de la Laguna de Cuyutl\u00e1n ante la Construcci\u00f3n de la planta regasificadora construida en el sexenio de Felipe Calder\u00f3n, cuyas violaciones a la normatividad ambiental todav\u00eda se dirimen en tribunales internacionales por gestiones del grupo ecologista.<\/p>\n<p>A petici\u00f3n de habitantes de Zacualpan inconformes con el proyecto minero, desde los \u00faltimos meses de 2013 los integrantes la organizaci\u00f3n defensora del ambiente brindaron asesor\u00eda y acompa\u00f1aron en su primera etapa la conformaci\u00f3n del Consejo Ind\u00edgena por la Defensa del Territorio de Zacualpan (CIDTZ), que logr\u00f3 destituir a la mesa directiva del Comisariado de Bienes Comunales \u2014que pretend\u00eda imponer el proyecto\u2014 y obtuvo la declaratoria del pueblo como \u201cterritorio libre de miner\u00eda\u201d.<\/p>\n<p>Esta situaci\u00f3n provoc\u00f3 una serie de amenazas y agresiones contra integrantes del CIDTZ y de Bios Iguana, de las que esta \u00faltima responsabiliz\u00f3 a seguidores del expresidente de Bienes Comunales, Carlos Guzm\u00e1n; a la entonces delegada de la Procuradur\u00eda Agraria, Mar\u00eda Elena D\u00edaz Rivera \u2014recientemente destituida del puesto\u2014 y al gobierno estatal.<\/p>\n<p>Antes del exilio de Esperanza Salazar, ya se hab\u00eda retirado del activismo la mayor parte de los integrantes de Bios Iguana, algunos de los cuales tambi\u00e9n se fueron del estado y otros s\u00f3lo dejaron de participar en el movimiento, tras haber sufrido incidentes que pon\u00edan en riesgo su seguridad personal y la de su familia.<\/p>\n<p>En los \u00faltimos meses, frente al peligro para la integridad personal de Esperanza Salazar, el Mecanismo de Protecci\u00f3n de Personas Defensoras de Derechos Humanos y<br \/>\nPeriodistas hab\u00eda colocado en su domicilio un sistema de seguridad que entre otras cosas inclu\u00eda c\u00e1maras de vigilancia.<\/p>\n<p>En el documento enviado a los organismos internacionales con fecha 17 de agosto de 2016, Jennifer Moore, Miguel Mijangos y Marco von Borstel se\u00f1alaron que la salida de la activista del estado de Colima se produjo \u201cdebido a las repetidas ocasiones en que su integridad f\u00edsica se ha visto en riesgo a causa de la violencia y amenazas de las que ha sido v\u00edctima desde hace 3 a\u00f1os, fomentadas por diversas instancias del estado, mismas que han sido documentadas en el propio Mecanismo de Protecci\u00f3n de Personas Defensoras de Derechos Humanos y Periodistas del cual ella forma parte\u201d.<\/p>\n<p>Narraron que desde su llegada al domicilio de Esperanza para acompa\u00f1arla en la mudanza, el pasado 2 de agosto, detectaron que su casa presentaba una irregularidad en una puerta interior, ya que fue desprendida una tabla de la puerta del segundo cuarto dejando un agujero aproximadamente de 40 por 60 cent\u00edmetros, lo que evidenci\u00f3 que hab\u00eda sido allanada en su ausencia.<\/p>\n<p>Durante el d\u00eda, los escoltas que acompa\u00f1aban a los activistas detectaron que en la esquina m\u00e1s cercana al domicilio de Esperanza Salazar hab\u00eda un grupo de hombres vestidos de civil vigilando, cuyo n\u00famero se increment\u00f3 paulatinamente de dos al mediod\u00eda a ocho al anochecer.<\/p>\n<p>Por lo anterior, decidieron pernoctar en un hotel al que llegaron despu\u00e9s de realizar varias maniobras para burlar a los ocupantes de dos autom\u00f3viles particulares que los siguieron, uno de ellos con placas FTL 9728, a la vez que en el trayecto se sintieron hostigados por la patrulla estatal 1481, que se les cruz\u00f3 en tres ocasiones.<\/p>\n<p>Durante toda la noche, los escoltas permanecieron vigilando la entrada del hotel para evitar cualquier percance.<\/p>\n<p>De acuerdo con el documento, cuando al d\u00eda siguiente regresaron a la casa a continuar empacando las pertenencias de Esperanza Salazar, fueron hostigados por hombres que los cuestionaron sobre lo que hac\u00edan en ese lugar y tras pedirles que se identificaran dijeron ser los agentes ministeriales Oscar S\u00e1nchez Mac\u00edas y Francisco Javier S\u00e1nchez \u00c1valos, quienes argumentaron que \u201cestaban apoyando a turistas\u201d.<\/p>\n<p>Los dos individuos hab\u00edan estado platicando antes con el due\u00f1o de una zapater\u00eda ubicada en la esquina, cuya familia \u201ctiene intereses en el proyecto minero en Zacualpan\u201d, se\u00f1ala el reporte.<\/p>\n<p>Mientras tomaban fotograf\u00edas de las placas del autom\u00f3vil de los escoltas y de la camioneta donde iba a ser trasladada la carga, los polic\u00edas continuaron realizando preguntas sobre el n\u00famero de personas que iban, si hab\u00eda ni\u00f1os, en d\u00f3nde se hospedaban, entre otras.<\/p>\n<p>\u201cEntonces Miguel (Mijangos) sali\u00f3 y los increp\u00f3 reclam\u00e1ndoles que no ten\u00edan ning\u00fan atributo para estar haciendo esas supuestas labores de apoyo a turistas, dici\u00e9ndoles que era evidente que desde ayer hab\u00eda gente hostig\u00e1ndonos y que en ese sentido no hab\u00edan recibido ning\u00fan apoyo al respecto; uno de los polic\u00edas le contest\u00f3 que se atuviera a ello porque estaban en Colima, a lo cual \u00e9l le contest\u00f3 argumentando que Colima no es un territorio independiente sino parte de la Rep\u00fablica Mexicana y la Constituci\u00f3n deb\u00eda ser respetada\u201d.<\/p>\n<p>Alrededor de las cinco de la tarde terminaron de empacar y cuando ya se retiraban para salir de la ciudad fueron interceptados en la esquina por un veh\u00edculo color blanco y otro rojo, ambos manejados por los polic\u00edas ministeriales con los que hab\u00edan discutido horas antes, uno de ellos fren\u00f3 enfrente de Miguel Mijangos y \u201cnos encararon con injurias\u201d.<\/p>\n<p>Adem\u00e1s de la situaci\u00f3n anterior, en su documento los activistas hicieron notar que toda la protecci\u00f3n que se instal\u00f3 en la casa de Esperanza Salazar, la cual consta de c\u00e1maras, rejas, chapas de seguridad, alambrado y malla de protecci\u00f3n perimetral, tiene varias deficiencias o puntos vulnerables que no garantizan la seguridad plena del sitio.<\/p>\n<p>\u201cTantas debilidades en el sistema de seguridad de la casa la hacen inadecuada y vulnerable para acciones de protecci\u00f3n que ponemos a su consideraci\u00f3n porque deben ser superadas en otros casos, pues de ello depende la integridad f\u00edsica de las personas y son parte de la instrumentaci\u00f3n del mecanismo de seguridad\u201d.<\/p>\n<p>Finalmente, los representantes de MiningWatch, Rema y Colectivo Ollin expresaron su preocupaci\u00f3n por \u201cel riesgo permanente en el que se encuentran las y los otros miembros de Bios Iguana A.C. que a\u00fan quedan en Colima, as\u00ed como las y los integrantes del Consejo<br \/>\nInd\u00edgena por la Defensa del Territorio de Zacualpan, quienes contin\u00faan siendo violentados por el grupo priista que apoya al empresario minero\u201d.<\/p>\n<p><a href=\"http:\/\/www.diarioavanzada.com.mx\/index.php\/locales\/19147-ante-las-amenazas-y-agresiones-la-ambientalista-esperanza-salazar-se-fue-de-colima\" target=\"_blank\">http:\/\/www.diarioavanzada.com.mx\/index.php\/locales\/19147-ante-las-amenazas-y-agresiones-la-ambientalista-esperanza-salazar-se-fue-de-colima<\/a><\/p>\n","protected":false},"excerpt":{"rendered":"<p>Pedro Zamora Brise\u00f1o Colima, M\u00e9xico, Avanzada (25\/08\/2016).- Ante el creciente clima de amenazas y riesgo para su integridad personal, la coordinadora general del grupo ambientalista Bios Iguana, Esperanza Salazar Zenil, &hellip; <a href=\"https:\/\/www.grieta.org.mx\/index.php\/2016\/08\/26\/ante-las-amenazas-y-agresiones-la-ambientalista-esperanza-salazar-se-fue-de-colima\/\" class=\"more-link\">Leer m\u00e1s<\/a><\/p>\n","protected":false},"author":2,"featured_media":21928,"comment_status":"closed","ping_status":"closed","sticky":false,"template":"","format":"standard","meta":{"ngg_post_thumbnail":0,"_jetpack_newsletter_access":"","_jetpack_dont_email_post_to_subs":false,"_jetpack_newsletter_tier_id":0,"_jetpack_memberships_contains_paywalled_content":false,"_jetpack_memberships_contains_paid_content":false,"footnotes":""},"categories":[80,108],"tags":[459],"class_list":["post-20466","post","type-post","status-publish","format-standard","has-post-thumbnail","hentry","category-cintillo","category-colima","tag-ataques-a-defensores-ambientales","entry"],"jetpack_featured_media_url":"https:\/\/www.grieta.org.mx\/wp-content\/uploads\/2018\/03\/14524434_1106112876131411_958039263622046936_o.jpg","jetpack_sharing_enabled":true,"jetpack_shortlink":"https:\/\/wp.me\/p7ZJR4-5k6","jetpack_likes_enabled":false,"jetpack-related-posts":[{"id":2017,"url":"https:\/\/www.grieta.org.mx\/index.php\/2016\/08\/26\/ataques-contra-ambientalistas-en-colima\/","url_meta":{"origin":20466,"position":0},"title":"Ataques contra defensores del medio ambiente en Colima","author":"grieta","date":"26 agosto, 2016","format":false,"excerpt":"26\/08\/16. Ante las amenazas y agresiones, la ambientalista Esperanza Salazar se fue de ColimaDiario Avanzada 09\/01\/15. Colima, quinto lugar nacional en ataques contra ambientalistas: Cemda Diario Avanzada 02\/06\/15. Denuncian amenazas de muerte contra activista en Colima Proceso","rel":"","context":"En &quot;Colima&quot;","block_context":{"text":"Colima","link":"https:\/\/www.grieta.org.mx\/index.php\/category\/noticias-nacionales\/colima\/"},"img":{"alt_text":"","src":"https:\/\/i0.wp.com\/www.grieta.org.mx\/wp-content\/uploads\/2018\/03\/14524434_1106112876131411_958039263622046936_o.jpg?resize=350%2C200&ssl=1","width":350,"height":200,"srcset":"https:\/\/i0.wp.com\/www.grieta.org.mx\/wp-content\/uploads\/2018\/03\/14524434_1106112876131411_958039263622046936_o.jpg?resize=350%2C200&ssl=1 1x, https:\/\/i0.wp.com\/www.grieta.org.mx\/wp-content\/uploads\/2018\/03\/14524434_1106112876131411_958039263622046936_o.jpg?resize=525%2C300&ssl=1 1.5x, https:\/\/i0.wp.com\/www.grieta.org.mx\/wp-content\/uploads\/2018\/03\/14524434_1106112876131411_958039263622046936_o.jpg?resize=700%2C400&ssl=1 2x"},"classes":[]},{"id":59613,"url":"https:\/\/www.grieta.org.mx\/index.php\/2021\/05\/24\/los-activistas-en-colima-son-perseguidos-detenidos-amenazados-y-desplazados\/","url_meta":{"origin":20466,"position":1},"title":"Los activistas en Colima son perseguidos, detenidos, amenazados y desplazados","author":"grieta","date":"24 mayo, 2021","format":false,"excerpt":"Foto: Diario Avanzada Heidi de Le\u00f3n Guti\u00e9rrez \/ Diario Avanzda Colima, M\u00e9xico, Avanzada (24\/05\/2021).- Los activistas en Colima sufren todo tipo de vejaciones: han sido desplazados, desaparecidos, detenidos, perseguidos o amenazados por defender el medio ambiente, los derechos humanos o por denunciar el abuso del poder. La situaci\u00f3n es tan\u2026","rel":"","context":"En &quot;CINTILLO&quot;","block_context":{"text":"CINTILLO","link":"https:\/\/www.grieta.org.mx\/index.php\/category\/cintillo\/"},"img":{"alt_text":"","src":"https:\/\/i0.wp.com\/www.grieta.org.mx\/wp-content\/uploads\/2021\/05\/Activistas-e1622399071678.png?resize=350%2C200&ssl=1","width":350,"height":200,"srcset":"https:\/\/i0.wp.com\/www.grieta.org.mx\/wp-content\/uploads\/2021\/05\/Activistas-e1622399071678.png?resize=350%2C200&ssl=1 1x, https:\/\/i0.wp.com\/www.grieta.org.mx\/wp-content\/uploads\/2021\/05\/Activistas-e1622399071678.png?resize=525%2C300&ssl=1 1.5x"},"classes":[]},{"id":2644,"url":"https:\/\/www.grieta.org.mx\/index.php\/2015\/06\/17\/desalojo-de-junta-municipal-deja-ocho-lesionados-en-colima\/","url_meta":{"origin":20466,"position":2},"title":"Desalojo de Junta Municipal deja ocho lesionados en Colima","author":"grieta","date":"17 junio, 2015","format":false,"excerpt":"Pedro Zamora Brise\u00f1o COLIMA, Col. (apro).- Al menos ocho personas resultaron lesionadas luego de que miembros del Consejo Ind\u00edgena por la Defensa del Territorio de Zacualpan (CIDTZ), que hab\u00edan tomado la sede de la Junta Municipal de esa comunidad, fueron desalojados violentamente por seguidores de Carlos Guzm\u00e1n Teodoro, expresidente del\u2026","rel":"","context":"En &quot;CINTILLO&quot;","block_context":{"text":"CINTILLO","link":"https:\/\/www.grieta.org.mx\/index.php\/category\/cintillo\/"},"img":{"alt_text":"","src":"https:\/\/i0.wp.com\/www.grieta.org.mx\/wp-content\/uploads\/2018\/03\/14524434_1106112876131411_958039263622046936_o.jpg?resize=350%2C200&ssl=1","width":350,"height":200,"srcset":"https:\/\/i0.wp.com\/www.grieta.org.mx\/wp-content\/uploads\/2018\/03\/14524434_1106112876131411_958039263622046936_o.jpg?resize=350%2C200&ssl=1 1x, https:\/\/i0.wp.com\/www.grieta.org.mx\/wp-content\/uploads\/2018\/03\/14524434_1106112876131411_958039263622046936_o.jpg?resize=525%2C300&ssl=1 1.5x, https:\/\/i0.wp.com\/www.grieta.org.mx\/wp-content\/uploads\/2018\/03\/14524434_1106112876131411_958039263622046936_o.jpg?resize=700%2C400&ssl=1 2x"},"classes":[]},{"id":49349,"url":"https:\/\/www.grieta.org.mx\/index.php\/2020\/05\/13\/familias-colocan-letreros-en-las-puertas-de-sus-casas-pidiendo-alimento-colima\/","url_meta":{"origin":20466,"position":3},"title":"Familias colocan letreros en las puertas de sus casas pidiendo alimento (Colima)","author":"grieta","date":"13 mayo, 2020","format":false,"excerpt":"Foto: Anil\u00fa Salazar Mej\u00eda \/ El Noticiero de Colima Familias de distintas colonias de Colima que se han quedado sin comida, tras varios d\u00edas de contingencia sanitaria, han colocado cartulinas en sus fachadas para pedir que se les apoye de manera alimentaria, algunos otros han colocado trapos blancos para solicitar\u2026","rel":"","context":"En &quot;CINTILLO&quot;","block_context":{"text":"CINTILLO","link":"https:\/\/www.grieta.org.mx\/index.php\/category\/cintillo\/"},"img":{"alt_text":"","src":"https:\/\/i0.wp.com\/www.grieta.org.mx\/wp-content\/uploads\/2020\/05\/4-e1589390980959.jpg?resize=350%2C200&ssl=1","width":350,"height":200,"srcset":"https:\/\/i0.wp.com\/www.grieta.org.mx\/wp-content\/uploads\/2020\/05\/4-e1589390980959.jpg?resize=350%2C200&ssl=1 1x, https:\/\/i0.wp.com\/www.grieta.org.mx\/wp-content\/uploads\/2020\/05\/4-e1589390980959.jpg?resize=525%2C300&ssl=1 1.5x, https:\/\/i0.wp.com\/www.grieta.org.mx\/wp-content\/uploads\/2020\/05\/4-e1589390980959.jpg?resize=700%2C400&ssl=1 2x"},"classes":[]},{"id":63945,"url":"https:\/\/www.grieta.org.mx\/index.php\/2022\/04\/05\/integrantes-del-colectivo-luz-de-esperanza-denuncian-amenazas-jalisco\/","url_meta":{"origin":20466,"position":4},"title":"Integrantes del Colectivo Luz de Esperanza denuncian amenazas (Jalisco)","author":"grieta","date":"5 abril, 2022","format":false,"excerpt":"Foto; Jorge Alberto Mendoza \/ El Diario NTR Los integrantes del Colectivo Luz de Esperanza y su asesor, Francisco Jim\u00e9nez Reynoso, denunciaron ante medios de comunicaci\u00f3n amenazas. Por una parte, el investigador de la UdeG dijo que desde que se supo p\u00fablicamente que asesora al Colectivo, comenz\u00f3 a recibir llamadas\u2026","rel":"","context":"En &quot;CINTILLO&quot;","block_context":{"text":"CINTILLO","link":"https:\/\/www.grieta.org.mx\/index.php\/category\/cintillo\/"},"img":{"alt_text":"","src":"https:\/\/i0.wp.com\/www.grieta.org.mx\/wp-content\/uploads\/2022\/04\/2022-04-05_05-04-56___120.jpg?resize=350%2C200&ssl=1","width":350,"height":200,"srcset":"https:\/\/i0.wp.com\/www.grieta.org.mx\/wp-content\/uploads\/2022\/04\/2022-04-05_05-04-56___120.jpg?resize=350%2C200&ssl=1 1x, https:\/\/i0.wp.com\/www.grieta.org.mx\/wp-content\/uploads\/2022\/04\/2022-04-05_05-04-56___120.jpg?resize=525%2C300&ssl=1 1.5x, https:\/\/i0.wp.com\/www.grieta.org.mx\/wp-content\/uploads\/2022\/04\/2022-04-05_05-04-56___120.jpg?resize=700%2C400&ssl=1 2x"},"classes":[]},{"id":40326,"url":"https:\/\/www.grieta.org.mx\/index.php\/2019\/10\/02\/denuncian-a-director-de-la-api-manzanillo-por-amenazas-a-periodista-colima\/","url_meta":{"origin":20466,"position":5},"title":"Denuncian a director de la API Manzanillo por amenazas a periodista  (Colima)","author":"grieta","date":"2 octubre, 2019","format":false,"excerpt":"Foto: Especial \u00c1ngel M\u00e9ndez \/ Quadratin Colima MANZANILLO, Col., 2 de octubre de 2019.- Este mi\u00e9rcoles, el periodista y locutor Javier Montes Camarena, responsabiliz\u00f3 p\u00fablica y penalmente de lo que le pueda pasar a \u00e9l y su familia, al director de la Administraci\u00f3n Portuaria Integral, H\u00e9ctor Mora G\u00f3mez, por las\u2026","rel":"","context":"En &quot;CINTILLO&quot;","block_context":{"text":"CINTILLO","link":"https:\/\/www.grieta.org.mx\/index.php\/category\/cintillo\/"},"img":{"alt_text":"","src":"https:\/\/i0.wp.com\/www.grieta.org.mx\/wp-content\/uploads\/2019\/10\/WhatsApp-Image-2019-10-02-at-5.06.39-PM-1160x700.jpeg?resize=350%2C200&ssl=1","width":350,"height":200,"srcset":"https:\/\/i0.wp.com\/www.grieta.org.mx\/wp-content\/uploads\/2019\/10\/WhatsApp-Image-2019-10-02-at-5.06.39-PM-1160x700.jpeg?resize=350%2C200&ssl=1 1x, https:\/\/i0.wp.com\/www.grieta.org.mx\/wp-content\/uploads\/2019\/10\/WhatsApp-Image-2019-10-02-at-5.06.39-PM-1160x700.jpeg?resize=525%2C300&ssl=1 1.5x, https:\/\/i0.wp.com\/www.grieta.org.mx\/wp-content\/uploads\/2019\/10\/WhatsApp-Image-2019-10-02-at-5.06.39-PM-1160x700.jpeg?resize=700%2C400&ssl=1 2x, https:\/\/i0.wp.com\/www.grieta.org.mx\/wp-content\/uploads\/2019\/10\/WhatsApp-Image-2019-10-02-at-5.06.39-PM-1160x700.jpeg?resize=1050%2C600&ssl=1 3x"},"classes":[]}],"_links":{"self":[{"href":"https:\/\/www.grieta.org.mx\/index.php\/wp-json\/wp\/v2\/posts\/20466","targetHints":{"allow":["GET"]}}],"collection":[{"href":"https:\/\/www.grieta.org.mx\/index.php\/wp-json\/wp\/v2\/posts"}],"about":[{"href":"https:\/\/www.grieta.org.mx\/index.php\/wp-json\/wp\/v2\/types\/post"}],"author":[{"embeddable":true,"href":"https:\/\/www.grieta.org.mx\/index.php\/wp-json\/wp\/v2\/users\/2"}],"replies":[{"embeddable":true,"href":"https:\/\/www.grieta.org.mx\/index.php\/wp-json\/wp\/v2\/comments?post=20466"}],"version-history":[{"count":1,"href":"https:\/\/www.grieta.org.mx\/index.php\/wp-json\/wp\/v2\/posts\/20466\/revisions"}],"predecessor-version":[{"id":20469,"href":"https:\/\/www.grieta.org.mx\/index.php\/wp-json\/wp\/v2\/posts\/20466\/revisions\/20469"}],"wp:featuredmedia":[{"embeddable":true,"href":"https:\/\/www.grieta.org.mx\/index.php\/wp-json\/wp\/v2\/media\/21928"}],"wp:attachment":[{"href":"https:\/\/www.grieta.org.mx\/index.php\/wp-json\/wp\/v2\/media?parent=20466"}],"wp:term":[{"taxonomy":"category","embeddable":true,"href":"https:\/\/www.grieta.org.mx\/index.php\/wp-json\/wp\/v2\/categories?post=20466"},{"taxonomy":"post_tag","embeddable":true,"href":"https:\/\/www.grieta.org.mx\/index.php\/wp-json\/wp\/v2\/tags?post=20466"}],"curies":[{"name":"wp","href":"https:\/\/api.w.org\/{rel}","templated":true}]}}