{"id":20450,"date":"2016-08-27T09:16:27","date_gmt":"2016-08-27T14:16:27","guid":{"rendered":"http:\/\/www.grieta.org.mx\/?p=20450"},"modified":"2016-08-27T09:16:27","modified_gmt":"2016-08-27T14:16:27","slug":"aseguran-a-262-indocumentados-y-nueve-polleros-en-puebla","status":"publish","type":"post","link":"https:\/\/www.grieta.org.mx\/index.php\/2016\/08\/27\/aseguran-a-262-indocumentados-y-nueve-polleros-en-puebla\/","title":{"rendered":"Aseguran a 262 indocumentados y nueve polleros en Puebla"},"content":{"rendered":"<p><img loading=\"lazy\" decoding=\"async\" data-attachment-id=\"20451\" data-permalink=\"https:\/\/www.grieta.org.mx\/index.php\/2016\/08\/27\/aseguran-a-262-indocumentados-y-nueve-polleros-en-puebla\/010-15\/\" data-orig-file=\"https:\/\/www.grieta.org.mx\/wp-content\/uploads\/2016\/08\/010-15.jpg\" data-orig-size=\"600,400\" data-comments-opened=\"0\" data-image-meta=\"{&quot;aperture&quot;:&quot;4&quot;,&quot;credit&quot;:&quot;&quot;,&quot;camera&quot;:&quot;Canon EOS REBEL T5&quot;,&quot;caption&quot;:&quot;&quot;,&quot;created_timestamp&quot;:&quot;1471722176&quot;,&quot;copyright&quot;:&quot;&quot;,&quot;focal_length&quot;:&quot;18&quot;,&quot;iso&quot;:&quot;800&quot;,&quot;shutter_speed&quot;:&quot;0.016666666666667&quot;,&quot;title&quot;:&quot;&quot;,&quot;orientation&quot;:&quot;1&quot;}\" data-image-title=\"010-15\" data-image-description=\"\" data-image-caption=\"\" data-medium-file=\"https:\/\/www.grieta.org.mx\/wp-content\/uploads\/2016\/08\/010-15-300x200.jpg\" data-large-file=\"https:\/\/www.grieta.org.mx\/wp-content\/uploads\/2016\/08\/010-15.jpg\" src=\"http:\/\/www.grieta.org.mx\/wp-content\/uploads\/2016\/08\/010-15.jpg\" alt=\"010-15\" width=\"600\" height=\"400\" class=\"aligncenter size-full wp-image-20451\" srcset=\"https:\/\/www.grieta.org.mx\/wp-content\/uploads\/2016\/08\/010-15.jpg 600w, https:\/\/www.grieta.org.mx\/wp-content\/uploads\/2016\/08\/010-15-300x200.jpg 300w\" sizes=\"auto, (max-width: 600px) 100vw, 600px\" \/><\/p>\n<p>Por Jorge Arteaga<\/p>\n<p>Centenar y medio de migrantes, entre hombres, mujeres y ni\u00f1os, fueron descubiertos dentro de una casa de seguridad en el municipio de Amozoc de Mota, donde eran resguardados por nueve presuntos traficantes de personas \u2014conocidos como \u201cpolleros\u201d\u2014 mismos que fueron asegurados por elementos de la Polic\u00eda Municipal y decomisada un arma de fuego. Ayer, de manera simult\u00e1nea, personal de Migraci\u00f3n con apoyo de la Polic\u00eda Federal en un dispositivo que montaron sobre la autopista M\u00e9xico-Puebla, a la altura del Anillo Perif\u00e9rico, detectaron y aseguraron un tr\u00e1iler que transportaba otro centenar de centroamericanos con estancia ilegal en el pa\u00eds. En total fueron 262 ilegales los asegurados.<\/p>\n<p>CASA DE SEGURIDAD EN AMOZOC<\/p>\n<p>De acuerdo a los datos recabados, cerca de las 17:00 horas de este s\u00e1bado, a trav\u00e9s del C-5, se canaliz\u00f3 una llamada de auxilio a la cabina de la Comisar\u00eda de Seguridad P\u00fablica de Amozoc, indic\u00e1ndoles que atendieran un auxilio por una ri\u00f1a entre un hombre y una mujer, a respaldos del Fraccionamiento San Jos\u00e9 Los Encinos.<\/p>\n<p>Los municipales de Amozoc estaban por llegar a la calle Ciruelo y privada Higuera, pero metros antes les marc\u00f3 el alto una mujer que les pidi\u00f3 auxilio por encontrarse sumamente deshidratada, y al atenderla les dijo que el auxilio lo hab\u00eda pedido porque hab\u00eda m\u00e1s personas atrincheradas en un cuarto de unos 10 metros cuadrados.<\/p>\n<p>Fue as\u00ed como los uniformados se acercaron a la direcci\u00f3n que les hab\u00edan dado y confirmaron que coincid\u00eda con la ubicaci\u00f3n que les daba la mujer, trat\u00e1ndose de una vivienda pintada de naranja y con un zagu\u00e1n caf\u00e9; descubriendo que en el interior hab\u00eda m\u00e1s de un centenar de personas de origen centroamericano.<\/p>\n<p><img loading=\"lazy\" decoding=\"async\" data-attachment-id=\"20452\" data-permalink=\"https:\/\/www.grieta.org.mx\/index.php\/2016\/08\/27\/aseguran-a-262-indocumentados-y-nueve-polleros-en-puebla\/w704-43\/\" data-orig-file=\"https:\/\/www.grieta.org.mx\/wp-content\/uploads\/2016\/08\/w704-9.jpg\" data-orig-size=\"600,400\" data-comments-opened=\"0\" data-image-meta=\"{&quot;aperture&quot;:&quot;4&quot;,&quot;credit&quot;:&quot;&quot;,&quot;camera&quot;:&quot;Canon EOS REBEL T3i&quot;,&quot;caption&quot;:&quot;&quot;,&quot;created_timestamp&quot;:&quot;1471714608&quot;,&quot;copyright&quot;:&quot;&quot;,&quot;focal_length&quot;:&quot;18&quot;,&quot;iso&quot;:&quot;400&quot;,&quot;shutter_speed&quot;:&quot;0.016666666666667&quot;,&quot;title&quot;:&quot;&quot;,&quot;orientation&quot;:&quot;1&quot;}\" data-image-title=\"w704\" data-image-description=\"\" data-image-caption=\"\" data-medium-file=\"https:\/\/www.grieta.org.mx\/wp-content\/uploads\/2016\/08\/w704-9-300x200.jpg\" data-large-file=\"https:\/\/www.grieta.org.mx\/wp-content\/uploads\/2016\/08\/w704-9.jpg\" src=\"http:\/\/www.grieta.org.mx\/wp-content\/uploads\/2016\/08\/w704-9.jpg\" alt=\"w704\" width=\"600\" height=\"400\" class=\"aligncenter size-full wp-image-20452\" srcset=\"https:\/\/www.grieta.org.mx\/wp-content\/uploads\/2016\/08\/w704-9.jpg 600w, https:\/\/www.grieta.org.mx\/wp-content\/uploads\/2016\/08\/w704-9-300x200.jpg 300w\" sizes=\"auto, (max-width: 600px) 100vw, 600px\" \/><\/p>\n<p>Ante esa situaci\u00f3n de inmediato se pidi\u00f3 apoyo de m\u00e1s efectivos polic\u00edacos y tambi\u00e9n se dio aviso oportuno al Instituto Nacional de Migraci\u00f3n.<\/p>\n<p>Eso permiti\u00f3 la captura, antes de que se dieran a la fuga, de nueve personas identificadas como los \u201cpolleros\u201d, a quienes se les encontr\u00f3 y asegur\u00f3 un arma de fuego. Los presuntos responsables de tener a los migrantes ah\u00ed, fueron puestos a disposici\u00f3n de la Procuradur\u00eda General de la Rep\u00fablica (PGR) delegaci\u00f3n Puebla, para continuar con las investigaciones de rigor.<\/p>\n<p>En tanto, la atenci\u00f3n en el lugar a los migrantes la encabez\u00f3 personalmente la licenciada Carla Morales, de la delegaci\u00f3n de Migraci\u00f3n en Puebla; quien solicit\u00f3 la presencia de param\u00e9dicos de SUMA quienes revisaron a los indocumentados antes de trasladarlos a sus instalaciones y brindarles cobijo, hacerles revisi\u00f3n m\u00e9dica m\u00e1s exhaustiva e iniciar los tr\u00e1mites para su repatriaci\u00f3n.<\/p>\n<p>En el lugar se contabilizaron un total de 153 migrantes, entre hombres, mujeres y menores de edad.<\/p>\n<p><img loading=\"lazy\" decoding=\"async\" data-attachment-id=\"20453\" data-permalink=\"https:\/\/www.grieta.org.mx\/index.php\/2016\/08\/27\/aseguran-a-262-indocumentados-y-nueve-polleros-en-puebla\/w704-44\/\" data-orig-file=\"https:\/\/www.grieta.org.mx\/wp-content\/uploads\/2016\/08\/w704-10.jpg\" data-orig-size=\"600,400\" data-comments-opened=\"0\" data-image-meta=\"{&quot;aperture&quot;:&quot;7.1&quot;,&quot;credit&quot;:&quot;&quot;,&quot;camera&quot;:&quot;Canon EOS REBEL T3i&quot;,&quot;caption&quot;:&quot;&quot;,&quot;created_timestamp&quot;:&quot;1471714787&quot;,&quot;copyright&quot;:&quot;&quot;,&quot;focal_length&quot;:&quot;25&quot;,&quot;iso&quot;:&quot;100&quot;,&quot;shutter_speed&quot;:&quot;0.01&quot;,&quot;title&quot;:&quot;&quot;,&quot;orientation&quot;:&quot;1&quot;}\" data-image-title=\"w704\" data-image-description=\"\" data-image-caption=\"\" data-medium-file=\"https:\/\/www.grieta.org.mx\/wp-content\/uploads\/2016\/08\/w704-10-300x200.jpg\" data-large-file=\"https:\/\/www.grieta.org.mx\/wp-content\/uploads\/2016\/08\/w704-10.jpg\" src=\"http:\/\/www.grieta.org.mx\/wp-content\/uploads\/2016\/08\/w704-10.jpg\" alt=\"w704\" width=\"600\" height=\"400\" class=\"aligncenter size-full wp-image-20453\" srcset=\"https:\/\/www.grieta.org.mx\/wp-content\/uploads\/2016\/08\/w704-10.jpg 600w, https:\/\/www.grieta.org.mx\/wp-content\/uploads\/2016\/08\/w704-10-300x200.jpg 300w\" sizes=\"auto, (max-width: 600px) 100vw, 600px\" \/><\/p>\n<p>TR\u00c1ILER, TRAFICANTE DE HUMANOS<\/p>\n<p>Casi de manera simult\u00e1nea, al primer caso, durante un dispositivo que mont\u00f3 personal del Instituto Nacional de Migraci\u00f3n (INM), sobre la autopista en sentido de M\u00e9xico a Puebla, a la altura de la desviaci\u00f3n al Anillo Perif\u00e9rico Ecol\u00f3gico, se detect\u00f3 un tr\u00e1iler que al pedirle se detuviera para una revisi\u00f3n de rutina, se descubri\u00f3 que transportaba humanos.<\/p>\n<p>En espec\u00edfico se trataban de indocumentados que al ser contabilizados eran 109 personas, entre hombres y mujeres adultos y algunos menores de edad; mismos que fueron trasladados a las oficinas de Migraci\u00f3n para brindarles atenci\u00f3n m\u00e9dica, cobijo y tambi\u00e9n iniciar los tr\u00e1mites para ser regresados a sus pa\u00edses de origen.<\/p>\n<p>El conductor del tr\u00e1iler qued\u00f3 asegurado para su investigaci\u00f3n.<\/p>\n<p><a href=\"https:\/\/www.elsoldepuebla.com.mx\/policia\/aseguran-a-262-indocumentos-y-nueve-polleros-en-puebla\">https:\/\/www.elsoldepuebla.com.mx\/policia\/aseguran-a-262-indocumentos-y-nueve-polleros-en-puebla<\/a><\/p>\n","protected":false},"excerpt":{"rendered":"<p>Por Jorge Arteaga Centenar y medio de migrantes, entre hombres, mujeres y ni\u00f1os, fueron descubiertos dentro de una casa de seguridad en el municipio de Amozoc de Mota, donde eran &hellip; <a href=\"https:\/\/www.grieta.org.mx\/index.php\/2016\/08\/27\/aseguran-a-262-indocumentados-y-nueve-polleros-en-puebla\/\" class=\"more-link\">Leer m\u00e1s<\/a><\/p>\n","protected":false},"author":2,"featured_media":21928,"comment_status":"closed","ping_status":"closed","sticky":false,"template":"","format":"standard","meta":{"ngg_post_thumbnail":0,"_jetpack_newsletter_access":"","_jetpack_dont_email_post_to_subs":false,"_jetpack_newsletter_tier_id":0,"_jetpack_memberships_contains_paywalled_content":false,"_jetpack_memberships_contains_paid_content":false,"footnotes":""},"categories":[80],"tags":[],"class_list":["post-20450","post","type-post","status-publish","format-standard","has-post-thumbnail","hentry","category-cintillo","entry"],"jetpack_featured_media_url":"https:\/\/www.grieta.org.mx\/wp-content\/uploads\/2018\/03\/14524434_1106112876131411_958039263622046936_o.jpg","jetpack_sharing_enabled":true,"jetpack_shortlink":"https:\/\/wp.me\/p7ZJR4-5jQ","jetpack_likes_enabled":false,"jetpack-related-posts":[{"id":20958,"url":"https:\/\/www.grieta.org.mx\/index.php\/2016\/08\/26\/en-4-dias-rescatan-a-234-migrantes-centroamericanos-en-puebla\/","url_meta":{"origin":20450,"position":0},"title":"En 4 d\u00edas, rescatan a 234 migrantes centroamericanos en Puebla","author":"grieta","date":"26 agosto, 2016","format":false,"excerpt":"Por Gabriela Xelano En cuatro d\u00edas, se han asegurado a 234 migrantes en Puebla, el primero ocurri\u00f3 el pasado s\u00e1bado, en Amozoc, el segundo en un tr\u00e1iler y el \u00faltimo de ellos fue este martes, en un cuarto de hotel de la Capu, donde localizaron a 31. En todos los\u2026","rel":"","context":"En &quot;CINTILLO&quot;","block_context":{"text":"CINTILLO","link":"https:\/\/www.grieta.org.mx\/index.php\/category\/cintillo\/"},"img":{"alt_text":"","src":"https:\/\/i0.wp.com\/www.grieta.org.mx\/wp-content\/uploads\/2016\/09\/w704-6.jpg?resize=350%2C200&ssl=1","width":350,"height":200,"srcset":"https:\/\/i0.wp.com\/www.grieta.org.mx\/wp-content\/uploads\/2016\/09\/w704-6.jpg?resize=350%2C200&ssl=1 1x, https:\/\/i0.wp.com\/www.grieta.org.mx\/wp-content\/uploads\/2016\/09\/w704-6.jpg?resize=525%2C300&ssl=1 1.5x"},"classes":[]},{"id":33225,"url":"https:\/\/www.grieta.org.mx\/index.php\/2019\/04\/29\/aseguran-a-60-migrantes-centroamericanos-en-veracruz\/","url_meta":{"origin":20450,"position":1},"title":"Aseguran a 60 migrantes centroamericanos en Veracruz","author":"grieta","date":"29 abril, 2019","format":false,"excerpt":"Edgar \u00c1vila \/ El Universal Polic\u00edas estatales encontraron a los migrantes, entre ellos 22 ni\u00f1os, dentro de 4 vehiculos sobre la carretera Minatitl\u00e1n-Cayucan; fueron detenidos 6 hombres, originarios de Chiapas y Coatzacoalcos, quienes los transportaban Un total de 60 migrantes de origen centroamericano fueron asegurados en la zona sur de\u2026","rel":"","context":"En &quot;CINTILLO&quot;","block_context":{"text":"CINTILLO","link":"https:\/\/www.grieta.org.mx\/index.php\/category\/cintillo\/"},"img":{"alt_text":"","src":"https:\/\/i0.wp.com\/www.grieta.org.mx\/wp-content\/uploads\/2019\/05\/direct-15.jpg?resize=350%2C200&ssl=1","width":350,"height":200,"srcset":"https:\/\/i0.wp.com\/www.grieta.org.mx\/wp-content\/uploads\/2019\/05\/direct-15.jpg?resize=350%2C200&ssl=1 1x, https:\/\/i0.wp.com\/www.grieta.org.mx\/wp-content\/uploads\/2019\/05\/direct-15.jpg?resize=525%2C300&ssl=1 1.5x"},"classes":[]},{"id":20445,"url":"https:\/\/www.grieta.org.mx\/index.php\/2016\/08\/22\/ubican-casa-de-seguridad-con-90-migrantes-retenidos-en-puebla\/","url_meta":{"origin":20450,"position":2},"title":"Ubican casa de seguridad con 90 migrantes retenidos en Puebla","author":"grieta","date":"22 agosto, 2016","format":false,"excerpt":"La Polic\u00eda Municipal de Amozoc, a 18 kil\u00f3metros de la ciudad de Puebla, liber\u00f3 a 90 personas originarias de Honduras, Guatemala y El Salvador que estaban retenidas en una casa de seguridad controlada por traficantes de personas. El operativo sucedi\u00f3 despu\u00e9s de que dos mujeres j\u00f3venes, menores de edad, lograron\u2026","rel":"","context":"En &quot;CINTILLO&quot;","block_context":{"text":"CINTILLO","link":"https:\/\/www.grieta.org.mx\/index.php\/category\/cintillo\/"},"img":{"alt_text":"","src":"https:\/\/i0.wp.com\/www.grieta.org.mx\/wp-content\/uploads\/2016\/08\/diario-el-cambio-1.jpg?resize=350%2C200&ssl=1","width":350,"height":200,"srcset":"https:\/\/i0.wp.com\/www.grieta.org.mx\/wp-content\/uploads\/2016\/08\/diario-el-cambio-1.jpg?resize=350%2C200&ssl=1 1x, https:\/\/i0.wp.com\/www.grieta.org.mx\/wp-content\/uploads\/2016\/08\/diario-el-cambio-1.jpg?resize=525%2C300&ssl=1 1.5x, https:\/\/i0.wp.com\/www.grieta.org.mx\/wp-content\/uploads\/2016\/08\/diario-el-cambio-1.jpg?resize=700%2C400&ssl=1 2x"},"classes":[]},{"id":34178,"url":"https:\/\/www.grieta.org.mx\/index.php\/2019\/05\/25\/detienen-a-polleros-en-veracruz-por-trasladar-indocumentados-en-taxis-veracruz\/","url_meta":{"origin":20450,"position":3},"title":"Detienen a polleros en Veracruz por trasladar indocumentados en taxis (Veracruz)","author":"grieta","date":"25 mayo, 2019","format":false,"excerpt":"Redacci\u00f3n \/ El Sol de M\u00e9xico Fueron detenidos en Cosoleacaque y ser\u00e1n enviados a la estaci\u00f3n migratoria Cosoleacaque, Ver.- Dos presuntos polleros fueron detenidos cuando trasladaban a 10 indocumentados, entre ellos tres menores de edad, en dos taxis en este municipio. Los hechos ocurrieron durante un recorrido preventivo de la\u2026","rel":"","context":"En &quot;CINTILLO&quot;","block_context":{"text":"CINTILLO","link":"https:\/\/www.grieta.org.mx\/index.php\/category\/cintillo\/"},"img":{"alt_text":"","src":"https:\/\/i0.wp.com\/www.grieta.org.mx\/wp-content\/uploads\/2019\/06\/polleros.jpg?resize=350%2C200&ssl=1","width":350,"height":200,"srcset":"https:\/\/i0.wp.com\/www.grieta.org.mx\/wp-content\/uploads\/2019\/06\/polleros.jpg?resize=350%2C200&ssl=1 1x, https:\/\/i0.wp.com\/www.grieta.org.mx\/wp-content\/uploads\/2019\/06\/polleros.jpg?resize=525%2C300&ssl=1 1.5x, https:\/\/i0.wp.com\/www.grieta.org.mx\/wp-content\/uploads\/2019\/06\/polleros.jpg?resize=700%2C400&ssl=1 2x"},"classes":[]},{"id":33140,"url":"https:\/\/www.grieta.org.mx\/index.php\/2019\/05\/02\/van-cinco-mil-300-migrantes-asegurados-en-veracruz-pf\/","url_meta":{"origin":20450,"position":4},"title":"Van cinco mil 300 migrantes asegurados en Veracruz: PF","author":"grieta","date":"2 mayo, 2019","format":false,"excerpt":"Danytza Flores \/ Diario de Xalapa Boca del R\u00edo, Ver.-La Polic\u00eda Federal inform\u00f3 que en el \u00faltimo mes ha rescatado y deportado a 5 mil 300 indocumentados en el estado de Veracruz. Los aseguramientos se han dado en la zona sur, principalmente en Las Choapas, Coatzacoalcos y Minatitl\u00e1n, report\u00f3 el\u2026","rel":"","context":"En &quot;CINTILLO&quot;","block_context":{"text":"CINTILLO","link":"https:\/\/www.grieta.org.mx\/index.php\/category\/cintillo\/"},"img":{"alt_text":"","src":"https:\/\/i0.wp.com\/www.grieta.org.mx\/wp-content\/uploads\/2019\/05\/PF.jpg?resize=350%2C200&ssl=1","width":350,"height":200,"srcset":"https:\/\/i0.wp.com\/www.grieta.org.mx\/wp-content\/uploads\/2019\/05\/PF.jpg?resize=350%2C200&ssl=1 1x, https:\/\/i0.wp.com\/www.grieta.org.mx\/wp-content\/uploads\/2019\/05\/PF.jpg?resize=525%2C300&ssl=1 1.5x, https:\/\/i0.wp.com\/www.grieta.org.mx\/wp-content\/uploads\/2019\/05\/PF.jpg?resize=700%2C400&ssl=1 2x"},"classes":[]},{"id":32588,"url":"https:\/\/www.grieta.org.mx\/index.php\/2019\/04\/25\/buscan-a-sus-familiares-entre-cuerpos-de-fosas-clandestinas-puebla\/","url_meta":{"origin":20450,"position":5},"title":"Buscan a sus familiares entre cuerpos de fosas clandestinas (Puebla)","author":"grieta","date":"25 abril, 2019","format":false,"excerpt":"Marisol C\u00f3rdoba \/ Municipios Puebla Puebla, Pue.- Las autoridades est\u00e1n comparando el ADN de familiares de personas desaparecidas con los restos encontrados en las fosas clandestinas halladas en Amozoc, Santiago Miahuatl\u00e1n y Palmar de Bravo. De acuerdo con familiares, les han tomado pruebas de ADN y est\u00e1n en espera de\u2026","rel":"","context":"En &quot;CINTILLO&quot;","block_context":{"text":"CINTILLO","link":"https:\/\/www.grieta.org.mx\/index.php\/category\/cintillo\/"},"img":{"alt_text":"","src":"https:\/\/i0.wp.com\/www.grieta.org.mx\/wp-content\/uploads\/2019\/04\/fosas_clandestinas.jpg?resize=350%2C200&ssl=1","width":350,"height":200,"srcset":"https:\/\/i0.wp.com\/www.grieta.org.mx\/wp-content\/uploads\/2019\/04\/fosas_clandestinas.jpg?resize=350%2C200&ssl=1 1x, https:\/\/i0.wp.com\/www.grieta.org.mx\/wp-content\/uploads\/2019\/04\/fosas_clandestinas.jpg?resize=525%2C300&ssl=1 1.5x"},"classes":[]}],"_links":{"self":[{"href":"https:\/\/www.grieta.org.mx\/index.php\/wp-json\/wp\/v2\/posts\/20450","targetHints":{"allow":["GET"]}}],"collection":[{"href":"https:\/\/www.grieta.org.mx\/index.php\/wp-json\/wp\/v2\/posts"}],"about":[{"href":"https:\/\/www.grieta.org.mx\/index.php\/wp-json\/wp\/v2\/types\/post"}],"author":[{"embeddable":true,"href":"https:\/\/www.grieta.org.mx\/index.php\/wp-json\/wp\/v2\/users\/2"}],"replies":[{"embeddable":true,"href":"https:\/\/www.grieta.org.mx\/index.php\/wp-json\/wp\/v2\/comments?post=20450"}],"version-history":[{"count":1,"href":"https:\/\/www.grieta.org.mx\/index.php\/wp-json\/wp\/v2\/posts\/20450\/revisions"}],"predecessor-version":[{"id":20454,"href":"https:\/\/www.grieta.org.mx\/index.php\/wp-json\/wp\/v2\/posts\/20450\/revisions\/20454"}],"wp:featuredmedia":[{"embeddable":true,"href":"https:\/\/www.grieta.org.mx\/index.php\/wp-json\/wp\/v2\/media\/21928"}],"wp:attachment":[{"href":"https:\/\/www.grieta.org.mx\/index.php\/wp-json\/wp\/v2\/media?parent=20450"}],"wp:term":[{"taxonomy":"category","embeddable":true,"href":"https:\/\/www.grieta.org.mx\/index.php\/wp-json\/wp\/v2\/categories?post=20450"},{"taxonomy":"post_tag","embeddable":true,"href":"https:\/\/www.grieta.org.mx\/index.php\/wp-json\/wp\/v2\/tags?post=20450"}],"curies":[{"name":"wp","href":"https:\/\/api.w.org\/{rel}","templated":true}]}}