{"id":20436,"date":"2016-08-25T22:46:34","date_gmt":"2016-08-26T03:46:34","guid":{"rendered":"http:\/\/www.grieta.org.mx\/?p=20436"},"modified":"2016-08-26T22:49:26","modified_gmt":"2016-08-27T03:49:26","slug":"maestros-corren-a-aurelio-nuno-de-ecatepec-bastion-del-pri-al-grito-de-fuera-fuera-fuera","status":"publish","type":"post","link":"https:\/\/www.grieta.org.mx\/index.php\/2016\/08\/25\/maestros-corren-a-aurelio-nuno-de-ecatepec-bastion-del-pri-al-grito-de-fuera-fuera-fuera\/","title":{"rendered":"Maestros corren a Aurelio Nu\u00f1o de Ecatepec, basti\u00f3n del PRI, al grito de \u201c\u00a1Fuera, fuera, fuera!\u201d"},"content":{"rendered":"<div class=\"jetpack-video-wrapper\"><iframe loading=\"lazy\" title=\"Docentes abuchean a Aurelio Nu\u00f1o en Ecatepec\" width=\"1170\" height=\"658\" src=\"https:\/\/www.youtube.com\/embed\/nMEqpZ29mQM?feature=oembed\" frameborder=\"0\" allow=\"accelerometer; autoplay; clipboard-write; encrypted-media; gyroscope; picture-in-picture\" allowfullscreen><\/iframe><\/div>\n<p>Ciudad de M\u00e9xico, 25 de agosto (SinEmbargo).\u2013 El Secretario de Educaci\u00f3n P\u00fablica, Aurelio Nu\u00f1o Mayer, fue abucheado este d\u00eda por miles de maestros durante una entrega de reconocimientos en Ecatepec, Estado de M\u00e9xico.<\/p>\n<p>Ecatepec es el municipio donde Eruviel \u00c1vila, Gobernador del Estado de M\u00e9xico, fue dos veces Alcalde. Se supone que es uno de los \u201cbastiones\u201d m\u00e1s importantes del Partido Revolucionario Institucional (PRI) no s\u00f3lo en esa entidad, sino en M\u00e9xico.<\/p>\n<p>El hecho ocurri\u00f3 la tarde de este d\u00eda durante la entrega de est\u00edmulos y reconocimientos a trabajadores de educaci\u00f3n b\u00e1sica (Proeb) en las canchas del Tecnol\u00f3gico de Estudios Superiores de Ecatepec (TESE).<\/p>\n<p>En un video que circula en redes sociales se puede escuchar c\u00f3mo varios de los presentes gritan  \u201c\u00a1Fuera, fuera, fuera!\u201d, mientras que el orador intenta dar su discurso.<\/p>\n<p>Es un \u201c\u00a1Fuera, fuera, fuera!\u201d prolongado. Una foto de Meg\u00e1fonoMX muestra a Nu\u00f1o y a Eruviel con el rostro desencajado.<\/p>\n<p>De acuerdo con el diario Reforma, los profesores abuchearon al momento en que se present\u00f3 Nu\u00f1o y cuando el dirigente de la Secci\u00f3n 36 del Sindicato Nacional de Trabajadores de la Educaci\u00f3n (SNTE), H\u00e9ctor \u00c1nimas Vargas, mencionaba su nombre.<\/p>\n<p>El evento dur\u00f3 s\u00f3lo 15 minutos, pues tras las  manifestaciones de inconformidad, se cancelaron los discursos del Gobernador del Estado de M\u00e9xico, Eruviel \u00c1vila Villegas, y del titular de la SEP para proceder a la entrega de reconocimientos y cheques, se\u00f1ala el medio.<\/p>\n<p>Previamente, Nu\u00f1o hab\u00eda dado inicio a los Foros Estatales del Modelo Educativo 2016 en el auditorio del TESE y posteriormente se traslad\u00f3 a las canchas al fallido acto.<\/p>\n<p>El funcionario federal ni el Gobernador han hecho comentario alguno sobre el hecho.<\/p>\n<p>Aunque la mayor\u00eda del magisterio del Estado de M\u00e9xico es controlado por el SNTE, maestros de ese estado han manifestado su oposici\u00f3n a la Reforma Educativa con marchas y bloqueos de avenidas de Texcoco y Toluca, al menos.<\/p>\n<p>Mientras que escuelas de educaci\u00f3n b\u00e1sica en Ecatepec y Nezahualc\u00f3yotl se han desplegado mantas en las que acusan que las modificaciones constitucionales no son m\u00e1s que un cambio a sus condiciones de trabajo.<\/p>\n<p>Los maestros mexiquenses ampliaron su participaci\u00f3n en las manifestaciones tras el fallido desalojo en Nochixtl\u00e1n, Oaxaca, que dej\u00f3 un saldo de ocho muertos.<\/p>\n<p><a href=\"http:\/\/www.sinembargo.mx\/25-08-2016\/3084401\" target=\"_blank\">http:\/\/www.sinembargo.mx\/25-08-2016\/3084401<\/a><\/p>\n","protected":false},"excerpt":{"rendered":"<p>Ciudad de M\u00e9xico, 25 de agosto (SinEmbargo).\u2013 El Secretario de Educaci\u00f3n P\u00fablica, Aurelio Nu\u00f1o Mayer, fue abucheado este d\u00eda por miles de maestros durante una entrega de reconocimientos en Ecatepec, &hellip; <a href=\"https:\/\/www.grieta.org.mx\/index.php\/2016\/08\/25\/maestros-corren-a-aurelio-nuno-de-ecatepec-bastion-del-pri-al-grito-de-fuera-fuera-fuera\/\" class=\"more-link\">Leer m\u00e1s<\/a><\/p>\n","protected":false},"author":2,"featured_media":21928,"comment_status":"closed","ping_status":"closed","sticky":false,"template":"","format":"standard","meta":{"ngg_post_thumbnail":0,"_jetpack_newsletter_access":"","_jetpack_dont_email_post_to_subs":false,"_jetpack_newsletter_tier_id":0,"_jetpack_memberships_contains_paywalled_content":false,"_jetpack_memberships_contains_paid_content":false,"footnotes":""},"categories":[80],"tags":[92,135],"class_list":["post-20436","post","type-post","status-publish","format-standard","has-post-thumbnail","hentry","category-cintillo","tag-estado-de-mexico","tag-reforma-educativa","entry"],"jetpack_featured_media_url":"https:\/\/www.grieta.org.mx\/wp-content\/uploads\/2018\/03\/14524434_1106112876131411_958039263622046936_o.jpg","jetpack_sharing_enabled":true,"jetpack_shortlink":"https:\/\/wp.me\/p7ZJR4-5jC","jetpack_likes_enabled":false,"jetpack-related-posts":[{"id":9944,"url":"https:\/\/www.grieta.org.mx\/index.php\/2016\/08\/25\/reforma-educativa-y-evaluacion-al-desempeno-en-el-estado-de-mexico\/","url_meta":{"origin":20436,"position":0},"title":"Movilizaciones contra la Reforma educativa y evaluaci\u00f3n magisterial en el Estado de M\u00e9xico","author":"grieta","date":"25 agosto, 2016","format":false,"excerpt":"Maestros del Edomex se movilizan contra la reforma educativa 25\/08\/16. Maestros corren a Aurelio Nu\u00f1o de Ecatepec, basti\u00f3n del PRI, al grito de \u201c\u00a1Fuera, fuera, fuera!\u201dSin Embargo 23\/08\/16. Integrantes de la CNTE de Chiapas y Oaxaca organizan protesta en Nezahualc\u00f3yotlActivista MX 15\/07\/16. \"Ninguna reforma vale la pena si se realiza\u2026","rel":"","context":"En &quot;Estado de M\u00e9xico&quot;","block_context":{"text":"Estado de M\u00e9xico","link":"https:\/\/www.grieta.org.mx\/index.php\/category\/noticias-nacionales\/estado-de-mexico\/"},"img":{"alt_text":"","src":"https:\/\/i0.wp.com\/www.grieta.org.mx\/wp-content\/uploads\/2018\/03\/14524434_1106112876131411_958039263622046936_o.jpg?resize=350%2C200&ssl=1","width":350,"height":200,"srcset":"https:\/\/i0.wp.com\/www.grieta.org.mx\/wp-content\/uploads\/2018\/03\/14524434_1106112876131411_958039263622046936_o.jpg?resize=350%2C200&ssl=1 1x, https:\/\/i0.wp.com\/www.grieta.org.mx\/wp-content\/uploads\/2018\/03\/14524434_1106112876131411_958039263622046936_o.jpg?resize=525%2C300&ssl=1 1.5x, https:\/\/i0.wp.com\/www.grieta.org.mx\/wp-content\/uploads\/2018\/03\/14524434_1106112876131411_958039263622046936_o.jpg?resize=700%2C400&ssl=1 2x"},"classes":[]},{"id":134,"url":"https:\/\/www.grieta.org.mx\/index.php\/2015\/05\/05\/despojo-en-ecatepec-por-teleferico\/","url_meta":{"origin":20436,"position":1},"title":"Despojo en Ecatepec por telef\u00e9rico","author":"grieta","date":"5 mayo, 2015","format":false,"excerpt":"05\/05\/15. Despojo en Ecatepec por el \"Mexicable\"Regeneraci\u00f3n Radio 21\/02\/15. Expropiados en total 5 predios en Ecatepec para telef\u00e9ricoLa Jornada 14\/01\/15. El Estado de M\u00e9xico construye un telef\u00e9rico de 5 kil\u00f3metros en EcatepecCNN M\u00e9xico","rel":"","context":"En &quot;Estado de M\u00e9xico&quot;","block_context":{"text":"Estado de M\u00e9xico","link":"https:\/\/www.grieta.org.mx\/index.php\/category\/noticias-nacionales\/estado-de-mexico\/"},"img":{"alt_text":"","src":"https:\/\/i0.wp.com\/www.grieta.org.mx\/wp-content\/uploads\/2018\/03\/14524434_1106112876131411_958039263622046936_o.jpg?resize=350%2C200&ssl=1","width":350,"height":200,"srcset":"https:\/\/i0.wp.com\/www.grieta.org.mx\/wp-content\/uploads\/2018\/03\/14524434_1106112876131411_958039263622046936_o.jpg?resize=350%2C200&ssl=1 1x, https:\/\/i0.wp.com\/www.grieta.org.mx\/wp-content\/uploads\/2018\/03\/14524434_1106112876131411_958039263622046936_o.jpg?resize=525%2C300&ssl=1 1.5x, https:\/\/i0.wp.com\/www.grieta.org.mx\/wp-content\/uploads\/2018\/03\/14524434_1106112876131411_958039263622046936_o.jpg?resize=700%2C400&ssl=1 2x"},"classes":[]},{"id":49012,"url":"https:\/\/www.grieta.org.mx\/index.php\/2020\/05\/12\/vecinos-de-ecatepec-piden-agua-afuera-de-palacio-nacional-estado-de-mexico\/","url_meta":{"origin":20436,"position":2},"title":"Vecinos de Ecatepec piden agua afuera de Palacio Nacional (Estado de M\u00e9xico)","author":"grieta","date":"12 mayo, 2020","format":false,"excerpt":"Foto: Jos\u00e9 Antonio Garc\u00eda Jos\u00e9 Antonio Garc\u00eda \/ Excelsior Piden les sea reinstalado el suministro de agua potable a trav\u00e9s de la red hidr\u00e1ulica ya que desde hace 30 d\u00edas no hay servicio Vecinos de las colonias Florida, Alborada de Arag\u00f3n, Parques de Arag\u00f3n, Villas Cosmos y Fuentes, todas del\u2026","rel":"","context":"En &quot;CINTILLO&quot;","block_context":{"text":"CINTILLO","link":"https:\/\/www.grieta.org.mx\/index.php\/category\/cintillo\/"},"img":{"alt_text":"","src":"https:\/\/i0.wp.com\/www.grieta.org.mx\/wp-content\/uploads\/2020\/05\/Vecinos-de-Ecatepec-piden-agua-afuera-de-Palacio-Nacional-edomex-may.jpg?resize=350%2C200&ssl=1","width":350,"height":200,"srcset":"https:\/\/i0.wp.com\/www.grieta.org.mx\/wp-content\/uploads\/2020\/05\/Vecinos-de-Ecatepec-piden-agua-afuera-de-Palacio-Nacional-edomex-may.jpg?resize=350%2C200&ssl=1 1x, https:\/\/i0.wp.com\/www.grieta.org.mx\/wp-content\/uploads\/2020\/05\/Vecinos-de-Ecatepec-piden-agua-afuera-de-Palacio-Nacional-edomex-may.jpg?resize=525%2C300&ssl=1 1.5x"},"classes":[]},{"id":55449,"url":"https:\/\/www.grieta.org.mx\/index.php\/2020\/11\/21\/feministas-toman-simbolicamente-puentes-peatonales-en-ecatepec-y-coacalco-estado-de-mexico\/","url_meta":{"origin":20436,"position":3},"title":"Feministas toman simb\u00f3licamente puentes peatonales en Ecatepec y Coacalco (Estado de M\u00e9xico)","author":"grieta","date":"21 noviembre, 2020","format":false,"excerpt":"Fotos: cortes\u00eda Antonio M. Fernando Sol\u00eds \/ El Sol de Toluca Colgaron mantas alusivas a los feminicidios en estos municipios y en la entidad La tarde de este s\u00e1bado, grupos de colectivos feministas tomaron puentes peatonales en los municipios de Ecatepec y Coacalco donde colgaron mantas alusivas a losfeminicidios en\u2026","rel":"","context":"En &quot;CINTILLO&quot;","block_context":{"text":"CINTILLO","link":"https:\/\/www.grieta.org.mx\/index.php\/category\/cintillo\/"},"img":{"alt_text":"","src":"https:\/\/i0.wp.com\/www.grieta.org.mx\/wp-content\/uploads\/2020\/11\/Feministas-toman-simbolicamente-puentes-peatonales-en-Ecatepec-y-Coacalco-edomex-nov.jpeg?resize=350%2C200&ssl=1","width":350,"height":200,"srcset":"https:\/\/i0.wp.com\/www.grieta.org.mx\/wp-content\/uploads\/2020\/11\/Feministas-toman-simbolicamente-puentes-peatonales-en-Ecatepec-y-Coacalco-edomex-nov.jpeg?resize=350%2C200&ssl=1 1x, https:\/\/i0.wp.com\/www.grieta.org.mx\/wp-content\/uploads\/2020\/11\/Feministas-toman-simbolicamente-puentes-peatonales-en-Ecatepec-y-Coacalco-edomex-nov.jpeg?resize=525%2C300&ssl=1 1.5x, https:\/\/i0.wp.com\/www.grieta.org.mx\/wp-content\/uploads\/2020\/11\/Feministas-toman-simbolicamente-puentes-peatonales-en-Ecatepec-y-Coacalco-edomex-nov.jpeg?resize=700%2C400&ssl=1 2x"},"classes":[]},{"id":53727,"url":"https:\/\/www.grieta.org.mx\/index.php\/2020\/09\/11\/incendian-sede-de-codhem-en-ecatepec-tras-detencion-de-feministas-estado-de-mexico\/","url_meta":{"origin":20436,"position":4},"title":"Incendian sede de CODHEM en Ecatepec tras detenci\u00f3n de feministas (Estado de M\u00e9xico)","author":"grieta","date":"11 septiembre, 2020","format":false,"excerpt":"Foto: Twiter \/ @Andalalucha Carlos Guevara \/ El Sol de M\u00e9xico Un grupo de aproximadamente 50 mujeres llegaron al recinto ubicado en o en la Avenida Morelos para manifestarse en contra de la violencia policial y feminicidios Mujeres feministas incendiaron este viernes las instalaciones de la visitadur\u00eda general de la\u2026","rel":"","context":"En &quot;Abuso policiaco y tortura en el Estado de M\u00e9xico&quot;","block_context":{"text":"Abuso policiaco y tortura en el Estado de M\u00e9xico","link":"https:\/\/www.grieta.org.mx\/index.php\/category\/noticias-nacionales\/estado-de-mexico\/abuso-policiaco-y-tortura-en-el-estado-de-mexico\/"},"img":{"alt_text":"","src":"https:\/\/i0.wp.com\/www.grieta.org.mx\/wp-content\/uploads\/2020\/09\/Incendian-sede-de-CODHEM-en-Ecatepec-tras-detencion-de-feministas-edomex-sept.jpg?resize=350%2C200&ssl=1","width":350,"height":200,"srcset":"https:\/\/i0.wp.com\/www.grieta.org.mx\/wp-content\/uploads\/2020\/09\/Incendian-sede-de-CODHEM-en-Ecatepec-tras-detencion-de-feministas-edomex-sept.jpg?resize=350%2C200&ssl=1 1x, https:\/\/i0.wp.com\/www.grieta.org.mx\/wp-content\/uploads\/2020\/09\/Incendian-sede-de-CODHEM-en-Ecatepec-tras-detencion-de-feministas-edomex-sept.jpg?resize=525%2C300&ssl=1 1.5x, https:\/\/i0.wp.com\/www.grieta.org.mx\/wp-content\/uploads\/2020\/09\/Incendian-sede-de-CODHEM-en-Ecatepec-tras-detencion-de-feministas-edomex-sept.jpg?resize=700%2C400&ssl=1 2x"},"classes":[]},{"id":12744,"url":"https:\/\/www.grieta.org.mx\/index.php\/2016\/05\/20\/desalojan-planton-del-magisterio-en-la-ciudad-de-mexico-los-maestros-hablan\/","url_meta":{"origin":20436,"position":5},"title":"Desalojan plant\u00f3n del magisterio en la Ciudad de M\u00e9xico: los maestros hablan","author":"grieta","date":"20 mayo, 2016","format":false,"excerpt":"Esta madrugada se desaloj\u00f3 el plant\u00f3n que maestros de varios estados manten\u00edan en las inmediaciones de la Secretar\u00eda de Gobernaci\u00f3n en la CDMX, con violencia, amenazas y un operativo de las fuerzas armadas los maestros se encontraron encapsulados por \u00f3rdenes del jefe de gobierno Miguel \u00c1ngel Mancera. A continuaci\u00f3n reproducimos\u2026","rel":"","context":"En &quot;cdmx&quot;","block_context":{"text":"cdmx","link":"https:\/\/www.grieta.org.mx\/index.php\/category\/cdmx\/"},"img":{"alt_text":"","src":"https:\/\/i0.wp.com\/www.grieta.org.mx\/wp-content\/uploads\/2018\/03\/14524434_1106112876131411_958039263622046936_o.jpg?resize=350%2C200&ssl=1","width":350,"height":200,"srcset":"https:\/\/i0.wp.com\/www.grieta.org.mx\/wp-content\/uploads\/2018\/03\/14524434_1106112876131411_958039263622046936_o.jpg?resize=350%2C200&ssl=1 1x, https:\/\/i0.wp.com\/www.grieta.org.mx\/wp-content\/uploads\/2018\/03\/14524434_1106112876131411_958039263622046936_o.jpg?resize=525%2C300&ssl=1 1.5x, https:\/\/i0.wp.com\/www.grieta.org.mx\/wp-content\/uploads\/2018\/03\/14524434_1106112876131411_958039263622046936_o.jpg?resize=700%2C400&ssl=1 2x"},"classes":[]}],"_links":{"self":[{"href":"https:\/\/www.grieta.org.mx\/index.php\/wp-json\/wp\/v2\/posts\/20436","targetHints":{"allow":["GET"]}}],"collection":[{"href":"https:\/\/www.grieta.org.mx\/index.php\/wp-json\/wp\/v2\/posts"}],"about":[{"href":"https:\/\/www.grieta.org.mx\/index.php\/wp-json\/wp\/v2\/types\/post"}],"author":[{"embeddable":true,"href":"https:\/\/www.grieta.org.mx\/index.php\/wp-json\/wp\/v2\/users\/2"}],"replies":[{"embeddable":true,"href":"https:\/\/www.grieta.org.mx\/index.php\/wp-json\/wp\/v2\/comments?post=20436"}],"version-history":[{"count":1,"href":"https:\/\/www.grieta.org.mx\/index.php\/wp-json\/wp\/v2\/posts\/20436\/revisions"}],"predecessor-version":[{"id":20439,"href":"https:\/\/www.grieta.org.mx\/index.php\/wp-json\/wp\/v2\/posts\/20436\/revisions\/20439"}],"wp:featuredmedia":[{"embeddable":true,"href":"https:\/\/www.grieta.org.mx\/index.php\/wp-json\/wp\/v2\/media\/21928"}],"wp:attachment":[{"href":"https:\/\/www.grieta.org.mx\/index.php\/wp-json\/wp\/v2\/media?parent=20436"}],"wp:term":[{"taxonomy":"category","embeddable":true,"href":"https:\/\/www.grieta.org.mx\/index.php\/wp-json\/wp\/v2\/categories?post=20436"},{"taxonomy":"post_tag","embeddable":true,"href":"https:\/\/www.grieta.org.mx\/index.php\/wp-json\/wp\/v2\/tags?post=20436"}],"curies":[{"name":"wp","href":"https:\/\/api.w.org\/{rel}","templated":true}]}}