{"id":20365,"date":"2016-08-06T11:59:51","date_gmt":"2016-08-06T16:59:51","guid":{"rendered":"http:\/\/www.grieta.org.mx\/?p=20365"},"modified":"2016-08-26T12:03:29","modified_gmt":"2016-08-26T17:03:29","slug":"pese-al-nsjp-continuan-practicas-de-tortura-cedh-bc","status":"publish","type":"post","link":"https:\/\/www.grieta.org.mx\/index.php\/2016\/08\/06\/pese-al-nsjp-continuan-practicas-de-tortura-cedh-bc\/","title":{"rendered":"Pese al NSJP contin\u00faan pr\u00e1cticas de tortura: CEDH BC"},"content":{"rendered":"<p><img loading=\"lazy\" decoding=\"async\" data-attachment-id=\"20366\" data-permalink=\"https:\/\/www.grieta.org.mx\/index.php\/2016\/08\/06\/pese-al-nsjp-continuan-practicas-de-tortura-cedh-bc\/20160806114445_3-2\/\" data-orig-file=\"https:\/\/www.grieta.org.mx\/wp-content\/uploads\/2016\/08\/20160806114445_3-1.jpg\" data-orig-size=\"960,540\" data-comments-opened=\"0\" data-image-meta=\"{&quot;aperture&quot;:&quot;0&quot;,&quot;credit&quot;:&quot;&quot;,&quot;camera&quot;:&quot;&quot;,&quot;caption&quot;:&quot;&quot;,&quot;created_timestamp&quot;:&quot;0&quot;,&quot;copyright&quot;:&quot;&quot;,&quot;focal_length&quot;:&quot;0&quot;,&quot;iso&quot;:&quot;0&quot;,&quot;shutter_speed&quot;:&quot;0&quot;,&quot;title&quot;:&quot;&quot;,&quot;orientation&quot;:&quot;0&quot;}\" data-image-title=\"20160806114445_3\" data-image-description=\"\" data-image-caption=\"\" data-medium-file=\"https:\/\/www.grieta.org.mx\/wp-content\/uploads\/2016\/08\/20160806114445_3-1-300x169.jpg\" data-large-file=\"https:\/\/www.grieta.org.mx\/wp-content\/uploads\/2016\/08\/20160806114445_3-1.jpg\" src=\"http:\/\/www.grieta.org.mx\/wp-content\/uploads\/2016\/08\/20160806114445_3-1.jpg\" alt=\"20160806114445_3\" width=\"960\" height=\"540\" class=\"aligncenter size-full wp-image-20366\" srcset=\"https:\/\/www.grieta.org.mx\/wp-content\/uploads\/2016\/08\/20160806114445_3-1.jpg 960w, https:\/\/www.grieta.org.mx\/wp-content\/uploads\/2016\/08\/20160806114445_3-1-300x169.jpg 300w, https:\/\/www.grieta.org.mx\/wp-content\/uploads\/2016\/08\/20160806114445_3-1-768x432.jpg 768w\" sizes=\"auto, (max-width: 960px) 100vw, 960px\" \/><\/p>\n<p>Por: Santiago Flores.<\/p>\n<p>TIJUANA, B. C..- A escasos dos meses de la entrada en vigor del Nuevo Sistema de Justicia Penal en Tijuana, las autoridades ministeriales de Baja California, mantienen las  pr\u00e1cticas que a lo largo del a\u00f1o generaron 96 expedientes de queja contra servidores p\u00fablicos adscritos a la Procuradur\u00eda de Justicia de Baja California, por distintos hechos que van desde la negativa de atenci\u00f3n a v\u00edctimas, trato inhumano y degradante y tortura, hasta presentar cargos falsos contra imputados.<\/p>\n<p>\u201cDesde que se implement\u00f3 en Tijuana el Nuevo Sistema de Justicia Penal, no ha habido un cambio significativo en la actuaci\u00f3n de las autoridades de Procuraci\u00f3n de Justicia\u201d, afirma la presidenta de la Comisi\u00f3n Estatal de Derechos Humanos, Melba Olvera Rodr\u00edguez.<\/p>\n<p>Precisa que desde el 18 de Junio, cuando entr\u00f3 en vigor en esta frontera el Nuevo Sistema de Justicia Penal, el promedio de quejas por violaciones a derechos humanos se mantiene.<\/p>\n<p>Detalla que en los primeros 45 d\u00edas de la aplicaci\u00f3n del Sistema, la Comisi\u00f3n Estatal de Derechos Humanos ha recibido tres quejas que muestran que no hay ning\u00fan cambio en la actuaci\u00f3n de servidores p\u00fablicos adscritos en la Procuradur\u00eda General de Justicia.<\/p>\n<p>Una de las quejas se refiere a la negativa de atenci\u00f3n a v\u00edctimas. En este caso, el agente del Ministerio P\u00fablico, le neg\u00f3 a la v\u00edctima  el derecho a consultar el expediente de investigaci\u00f3n, y en su caso de aportaci\u00f3n de pruebas.<\/p>\n<p>Otra de las quejas se refiere a tratos degradantes e inhumanos por parte de agentes de la Polic\u00eda Ministerial, mientras que la tercera, se\u00f1ala tambi\u00e9n posible tortura e imputaci\u00f3n indebida de hechos.<\/p>\n<p>\u201cLa mayor parte de las quejas contra la PGJE a lo largo del a\u00f1o, son similares. Es decir, no hay ning\u00fan cambio a la entrada en vigor del Nuevo Sistema de Justicia\u201d, sostiene Olvera Rodr\u00edguez.<\/p>\n<p><a href=\"http:\/\/www.unimexicali.com\/noticias\/bajacalifornia\/429201\/pese-al-nsjp-continuan-practicas-de-tortura-cedh-bc.html\" target=\"_blank\">http:\/\/www.unimexicali.com\/noticias\/bajacalifornia\/429201\/pese-al-nsjp-continuan-practicas-de-tortura-cedh-bc.html<\/a><\/p>\n","protected":false},"excerpt":{"rendered":"<p>Por: Santiago Flores. TIJUANA, B. C..- A escasos dos meses de la entrada en vigor del Nuevo Sistema de Justicia Penal en Tijuana, las autoridades ministeriales de Baja California, mantienen &hellip; <a href=\"https:\/\/www.grieta.org.mx\/index.php\/2016\/08\/06\/pese-al-nsjp-continuan-practicas-de-tortura-cedh-bc\/\" class=\"more-link\">Leer m\u00e1s<\/a><\/p>\n","protected":false},"author":2,"featured_media":21928,"comment_status":"closed","ping_status":"closed","sticky":false,"template":"","format":"standard","meta":{"ngg_post_thumbnail":0,"_jetpack_newsletter_access":"","_jetpack_dont_email_post_to_subs":false,"_jetpack_newsletter_tier_id":0,"_jetpack_memberships_contains_paywalled_content":false,"_jetpack_memberships_contains_paid_content":false,"footnotes":""},"categories":[80],"tags":[325],"class_list":["post-20365","post","type-post","status-publish","format-standard","has-post-thumbnail","hentry","category-cintillo","tag-tortura","entry"],"jetpack_featured_media_url":"https:\/\/www.grieta.org.mx\/wp-content\/uploads\/2018\/03\/14524434_1106112876131411_958039263622046936_o.jpg","jetpack_sharing_enabled":true,"jetpack_shortlink":"https:\/\/wp.me\/p7ZJR4-5it","jetpack_likes_enabled":false,"jetpack-related-posts":[{"id":20014,"url":"https:\/\/www.grieta.org.mx\/index.php\/2016\/07\/14\/casi-50-quejas-contra-tortura-de-policias-de-bc-en-lo-que-va-del-ano-cedh\/","url_meta":{"origin":20365,"position":0},"title":"Casi 50 quejas contra tortura de polic\u00edas de BC en lo que va del a\u00f1o: CEDH","author":"grieta","date":"14 julio, 2016","format":false,"excerpt":"POR ANTONIO HERAS Mexicali, 14 de julio.- Medio centenar de quejas por tortura y 17 por tratos crueles, degradantes o inhumanos se registraron en Baja California durante el primer semestre de 2016, la mayor\u00eda de ellas por hechos cometidos en Tijuana, de acuerdo a la Comisi\u00f3n Estatal de Derechos Humanos\u2026","rel":"","context":"En &quot;CINTILLO&quot;","block_context":{"text":"CINTILLO","link":"https:\/\/www.grieta.org.mx\/index.php\/category\/cintillo\/"},"img":{"alt_text":"","src":"https:\/\/i0.wp.com\/www.grieta.org.mx\/wp-content\/uploads\/2018\/03\/14524434_1106112876131411_958039263622046936_o.jpg?resize=350%2C200&ssl=1","width":350,"height":200,"srcset":"https:\/\/i0.wp.com\/www.grieta.org.mx\/wp-content\/uploads\/2018\/03\/14524434_1106112876131411_958039263622046936_o.jpg?resize=350%2C200&ssl=1 1x, https:\/\/i0.wp.com\/www.grieta.org.mx\/wp-content\/uploads\/2018\/03\/14524434_1106112876131411_958039263622046936_o.jpg?resize=525%2C300&ssl=1 1.5x, https:\/\/i0.wp.com\/www.grieta.org.mx\/wp-content\/uploads\/2018\/03\/14524434_1106112876131411_958039263622046936_o.jpg?resize=700%2C400&ssl=1 2x"},"classes":[]},{"id":38058,"url":"https:\/\/www.grieta.org.mx\/index.php\/2019\/08\/16\/protestan-en-tijuana-contra-violacion-de-mujeres-por-agentes-policiacos-en-ciudad-de-mexico-baja-california\/","url_meta":{"origin":20365,"position":1},"title":"Protestan en Tijuana contra violaci\u00f3n de mujeres por agentes polic\u00edacos en Ciudad de M\u00e9xico  (Baja California)","author":"grieta","date":"16 agosto, 2019","format":false,"excerpt":"Antonio Heras \/ Lindero Norte. Mexicali.- Un grupo de mujeres se manifest\u00f3 en Tijuana para reclamar justicia para las mujeres violadas por polic\u00edas en la Ciudad de M\u00e9xico. En el monumento a M\u00e9xico, conocido como \u201cLas Tijeras\u201d, integrantes de colectivos participaron en la \u201cbrillanteada\u201d donde lanzaron consignas en contra los\u2026","rel":"","context":"En &quot;Baja California&quot;","block_context":{"text":"Baja California","link":"https:\/\/www.grieta.org.mx\/index.php\/category\/noticias-nacionales\/baja-california\/"},"img":{"alt_text":"","src":"https:\/\/i0.wp.com\/www.grieta.org.mx\/wp-content\/uploads\/2019\/08\/TJ.jpg?resize=350%2C200&ssl=1","width":350,"height":200,"srcset":"https:\/\/i0.wp.com\/www.grieta.org.mx\/wp-content\/uploads\/2019\/08\/TJ.jpg?resize=350%2C200&ssl=1 1x, https:\/\/i0.wp.com\/www.grieta.org.mx\/wp-content\/uploads\/2019\/08\/TJ.jpg?resize=525%2C300&ssl=1 1.5x, https:\/\/i0.wp.com\/www.grieta.org.mx\/wp-content\/uploads\/2019\/08\/TJ.jpg?resize=700%2C400&ssl=1 2x, https:\/\/i0.wp.com\/www.grieta.org.mx\/wp-content\/uploads\/2019\/08\/TJ.jpg?resize=1050%2C600&ssl=1 3x"},"classes":[]},{"id":20009,"url":"https:\/\/www.grieta.org.mx\/index.php\/2016\/08\/17\/cedh-emite-recomendacion-contra-ministeriales-torturadores-en-bc\/","url_meta":{"origin":20365,"position":2},"title":"CEDH emite recomendaci\u00f3n contra ministeriales torturadores en BC","author":"grieta","date":"17 agosto, 2016","format":false,"excerpt":"POR ANTONIO HERAS Tijuana, 17 de agosto.- Polic\u00edas ministeriales aplicaron toques el\u00e9ctricos en genitales de dos hombres a quienes golpearon y trataron de asfixiar con bolsas de pl\u00e1stico, para obligarlos a declararse culpables del delito de robo de veh\u00edculo, cuando se encontraban en la Procuradur\u00eda de Justicia de Baja California\u2026","rel":"","context":"En &quot;CINTILLO&quot;","block_context":{"text":"CINTILLO","link":"https:\/\/www.grieta.org.mx\/index.php\/category\/cintillo\/"},"img":{"alt_text":"","src":"https:\/\/i0.wp.com\/www.grieta.org.mx\/wp-content\/uploads\/2018\/03\/14524434_1106112876131411_958039263622046936_o.jpg?resize=350%2C200&ssl=1","width":350,"height":200,"srcset":"https:\/\/i0.wp.com\/www.grieta.org.mx\/wp-content\/uploads\/2018\/03\/14524434_1106112876131411_958039263622046936_o.jpg?resize=350%2C200&ssl=1 1x, https:\/\/i0.wp.com\/www.grieta.org.mx\/wp-content\/uploads\/2018\/03\/14524434_1106112876131411_958039263622046936_o.jpg?resize=525%2C300&ssl=1 1.5x, https:\/\/i0.wp.com\/www.grieta.org.mx\/wp-content\/uploads\/2018\/03\/14524434_1106112876131411_958039263622046936_o.jpg?resize=700%2C400&ssl=1 2x"},"classes":[]},{"id":25791,"url":"https:\/\/www.grieta.org.mx\/index.php\/2018\/08\/24\/protestan-por-la-violencia-en-tijuana-exigen-resultados-a-las-autoridades-baja-california\/","url_meta":{"origin":20365,"position":3},"title":"Protestan por la violencia en Tijuana; exigen resultados a las autoridades (Baja California)","author":"grieta","date":"24 agosto, 2018","format":false,"excerpt":"Jornada Baja California. Antonio Maya, Tijuana, 24 de agosto.- Alrededor de cien personas se manifestaron contra la inseguridad que priva en la ciudad y en protesta por las acciones que realizan los gobiernos estatal y municipal para enfrentar la situaci\u00f3n; incluso pidieron que el secretario de Seguridad P\u00fablica Municipal (SSPM),\u2026","rel":"","context":"En &quot;Baja California&quot;","block_context":{"text":"Baja California","link":"https:\/\/www.grieta.org.mx\/index.php\/category\/noticias-nacionales\/baja-california\/"},"img":{"alt_text":"","src":"https:\/\/i0.wp.com\/www.grieta.org.mx\/wp-content\/uploads\/2018\/08\/whatsapp_image_2018-08-24_at_17.41.33.jpeg?resize=350%2C200&ssl=1","width":350,"height":200,"srcset":"https:\/\/i0.wp.com\/www.grieta.org.mx\/wp-content\/uploads\/2018\/08\/whatsapp_image_2018-08-24_at_17.41.33.jpeg?resize=350%2C200&ssl=1 1x, https:\/\/i0.wp.com\/www.grieta.org.mx\/wp-content\/uploads\/2018\/08\/whatsapp_image_2018-08-24_at_17.41.33.jpeg?resize=525%2C300&ssl=1 1.5x"},"classes":[]},{"id":13122,"url":"https:\/\/www.grieta.org.mx\/index.php\/2016\/05\/27\/otro-caso-de-abuso-policial-policia-tortura-a-preso-en-baja-california\/","url_meta":{"origin":20365,"position":4},"title":"Otro caso de abuso policial: polic\u00eda tortura a preso en Baja California","author":"grieta","date":"27 mayo, 2016","format":false,"excerpt":"En un video tomado en uno de los separos de la Zona Centro, en Tijuana, Baja California, se aprecia un nuevo caso de abuso policiaco. En el video de m\u00e1s de un minuto se muestra a un polic\u00eda sacando por la fuerza a un recluso de su celda. Posteriormente procede\u2026","rel":"","context":"En &quot;CINTILLO&quot;","block_context":{"text":"CINTILLO","link":"https:\/\/www.grieta.org.mx\/index.php\/category\/cintillo\/"},"img":{"alt_text":"","src":"https:\/\/i0.wp.com\/www.grieta.org.mx\/wp-content\/uploads\/2018\/03\/14524434_1106112876131411_958039263622046936_o.jpg?resize=350%2C200&ssl=1","width":350,"height":200,"srcset":"https:\/\/i0.wp.com\/www.grieta.org.mx\/wp-content\/uploads\/2018\/03\/14524434_1106112876131411_958039263622046936_o.jpg?resize=350%2C200&ssl=1 1x, https:\/\/i0.wp.com\/www.grieta.org.mx\/wp-content\/uploads\/2018\/03\/14524434_1106112876131411_958039263622046936_o.jpg?resize=525%2C300&ssl=1 1.5x, https:\/\/i0.wp.com\/www.grieta.org.mx\/wp-content\/uploads\/2018\/03\/14524434_1106112876131411_958039263622046936_o.jpg?resize=700%2C400&ssl=1 2x"},"classes":[]},{"id":10483,"url":"https:\/\/www.grieta.org.mx\/index.php\/2016\/04\/15\/baja-california-presente-en-informe-de-derechos-humanos-de-eu\/","url_meta":{"origin":20365,"position":5},"title":"Baja California presente en informe de Derechos Humanos de EU","author":"grieta","date":"15 abril, 2016","format":false,"excerpt":"Tijuana, 15 de abril.- Dos casos de tortura y uno de secuestro en Baja California fueron utilizados como ejemplo en el Informe de Derechos Humanos 2015, que present\u00f3 Estados Unidos como parte de su evaluaci\u00f3n anual. De acuerdo con el documento de 34 p\u00e1ginas -secci\u00f3n M\u00e9xico-, el pa\u00eds vive una\u2026","rel":"","context":"En &quot;CINTILLO&quot;","block_context":{"text":"CINTILLO","link":"https:\/\/www.grieta.org.mx\/index.php\/category\/cintillo\/"},"img":{"alt_text":"","src":"https:\/\/i0.wp.com\/www.grieta.org.mx\/wp-content\/uploads\/2018\/03\/14524434_1106112876131411_958039263622046936_o.jpg?resize=350%2C200&ssl=1","width":350,"height":200,"srcset":"https:\/\/i0.wp.com\/www.grieta.org.mx\/wp-content\/uploads\/2018\/03\/14524434_1106112876131411_958039263622046936_o.jpg?resize=350%2C200&ssl=1 1x, https:\/\/i0.wp.com\/www.grieta.org.mx\/wp-content\/uploads\/2018\/03\/14524434_1106112876131411_958039263622046936_o.jpg?resize=525%2C300&ssl=1 1.5x, https:\/\/i0.wp.com\/www.grieta.org.mx\/wp-content\/uploads\/2018\/03\/14524434_1106112876131411_958039263622046936_o.jpg?resize=700%2C400&ssl=1 2x"},"classes":[]}],"_links":{"self":[{"href":"https:\/\/www.grieta.org.mx\/index.php\/wp-json\/wp\/v2\/posts\/20365","targetHints":{"allow":["GET"]}}],"collection":[{"href":"https:\/\/www.grieta.org.mx\/index.php\/wp-json\/wp\/v2\/posts"}],"about":[{"href":"https:\/\/www.grieta.org.mx\/index.php\/wp-json\/wp\/v2\/types\/post"}],"author":[{"embeddable":true,"href":"https:\/\/www.grieta.org.mx\/index.php\/wp-json\/wp\/v2\/users\/2"}],"replies":[{"embeddable":true,"href":"https:\/\/www.grieta.org.mx\/index.php\/wp-json\/wp\/v2\/comments?post=20365"}],"version-history":[{"count":1,"href":"https:\/\/www.grieta.org.mx\/index.php\/wp-json\/wp\/v2\/posts\/20365\/revisions"}],"predecessor-version":[{"id":20367,"href":"https:\/\/www.grieta.org.mx\/index.php\/wp-json\/wp\/v2\/posts\/20365\/revisions\/20367"}],"wp:featuredmedia":[{"embeddable":true,"href":"https:\/\/www.grieta.org.mx\/index.php\/wp-json\/wp\/v2\/media\/21928"}],"wp:attachment":[{"href":"https:\/\/www.grieta.org.mx\/index.php\/wp-json\/wp\/v2\/media?parent=20365"}],"wp:term":[{"taxonomy":"category","embeddable":true,"href":"https:\/\/www.grieta.org.mx\/index.php\/wp-json\/wp\/v2\/categories?post=20365"},{"taxonomy":"post_tag","embeddable":true,"href":"https:\/\/www.grieta.org.mx\/index.php\/wp-json\/wp\/v2\/tags?post=20365"}],"curies":[{"name":"wp","href":"https:\/\/api.w.org\/{rel}","templated":true}]}}