{"id":20341,"date":"2016-08-25T23:20:00","date_gmt":"2016-08-26T04:20:00","guid":{"rendered":"http:\/\/www.grieta.org.mx\/?p=20341"},"modified":"2016-08-25T23:20:00","modified_gmt":"2016-08-26T04:20:00","slug":"protestan-vecinos-de-copilco-contra-helipuerto-de-grupo-imagen","status":"publish","type":"post","link":"https:\/\/www.grieta.org.mx\/index.php\/2016\/08\/25\/protestan-vecinos-de-copilco-contra-helipuerto-de-grupo-imagen\/","title":{"rendered":"Protestan vecinos de Copilco contra helipuerto de Grupo Imagen"},"content":{"rendered":"<p>Eduardo Su\u00e1rez<\/p>\n<p><img decoding=\"async\" data-attachment-id=\"20343\" data-permalink=\"https:\/\/www.grieta.org.mx\/index.php\/2016\/08\/25\/protestan-vecinos-de-copilco-contra-helipuerto-de-grupo-imagen\/helipuerto1\/\" data-orig-file=\"https:\/\/www.grieta.org.mx\/wp-content\/uploads\/2016\/08\/HELIPUERTO1.jpg\" data-orig-size=\"1024,1024\" data-comments-opened=\"0\" data-image-meta=\"{&quot;aperture&quot;:&quot;0&quot;,&quot;credit&quot;:&quot;&quot;,&quot;camera&quot;:&quot;&quot;,&quot;caption&quot;:&quot;&quot;,&quot;created_timestamp&quot;:&quot;0&quot;,&quot;copyright&quot;:&quot;&quot;,&quot;focal_length&quot;:&quot;0&quot;,&quot;iso&quot;:&quot;0&quot;,&quot;shutter_speed&quot;:&quot;0&quot;,&quot;title&quot;:&quot;&quot;,&quot;orientation&quot;:&quot;0&quot;}\" data-image-title=\"HELIPUERTO1\" data-image-description=\"\" data-image-caption=\"\" data-medium-file=\"https:\/\/www.grieta.org.mx\/wp-content\/uploads\/2016\/08\/HELIPUERTO1-300x300.jpg\" data-large-file=\"https:\/\/www.grieta.org.mx\/wp-content\/uploads\/2016\/08\/HELIPUERTO1.jpg\" src=\"http:\/\/www.grieta.org.mx\/wp-content\/uploads\/2016\/08\/HELIPUERTO1.jpg\" alt=\"HELIPUERTO1\" width=\"100%\" class=\"aligncenter size-full wp-image-20343\" srcset=\"https:\/\/www.grieta.org.mx\/wp-content\/uploads\/2016\/08\/HELIPUERTO1.jpg 1024w, https:\/\/www.grieta.org.mx\/wp-content\/uploads\/2016\/08\/HELIPUERTO1-150x150.jpg 150w, https:\/\/www.grieta.org.mx\/wp-content\/uploads\/2016\/08\/HELIPUERTO1-300x300.jpg 300w, https:\/\/www.grieta.org.mx\/wp-content\/uploads\/2016\/08\/HELIPUERTO1-768x768.jpg 768w\" sizes=\"(max-width: 1024px) 100vw, 1024px\" \/><\/p>\n<p><img decoding=\"async\" data-attachment-id=\"20344\" data-permalink=\"https:\/\/www.grieta.org.mx\/index.php\/2016\/08\/25\/protestan-vecinos-de-copilco-contra-helipuerto-de-grupo-imagen\/helipuerto-1\/\" data-orig-file=\"https:\/\/www.grieta.org.mx\/wp-content\/uploads\/2016\/08\/helipuerto-1.jpg\" data-orig-size=\"1280,719\" data-comments-opened=\"0\" data-image-meta=\"{&quot;aperture&quot;:&quot;0&quot;,&quot;credit&quot;:&quot;&quot;,&quot;camera&quot;:&quot;&quot;,&quot;caption&quot;:&quot;&quot;,&quot;created_timestamp&quot;:&quot;0&quot;,&quot;copyright&quot;:&quot;&quot;,&quot;focal_length&quot;:&quot;0&quot;,&quot;iso&quot;:&quot;0&quot;,&quot;shutter_speed&quot;:&quot;0&quot;,&quot;title&quot;:&quot;&quot;,&quot;orientation&quot;:&quot;0&quot;}\" data-image-title=\"helipuerto-1\" data-image-description=\"\" data-image-caption=\"\" data-medium-file=\"https:\/\/www.grieta.org.mx\/wp-content\/uploads\/2016\/08\/helipuerto-1-300x169.jpg\" data-large-file=\"https:\/\/www.grieta.org.mx\/wp-content\/uploads\/2016\/08\/helipuerto-1-1024x575.jpg\" src=\"http:\/\/www.grieta.org.mx\/wp-content\/uploads\/2016\/08\/helipuerto-1-1024x575.jpg\" alt=\"helipuerto-1\" width=\"100%\" class=\"aligncenter size-large wp-image-20344\" srcset=\"https:\/\/www.grieta.org.mx\/wp-content\/uploads\/2016\/08\/helipuerto-1-1024x575.jpg 1024w, https:\/\/www.grieta.org.mx\/wp-content\/uploads\/2016\/08\/helipuerto-1-300x169.jpg 300w, https:\/\/www.grieta.org.mx\/wp-content\/uploads\/2016\/08\/helipuerto-1-768x431.jpg 768w, https:\/\/www.grieta.org.mx\/wp-content\/uploads\/2016\/08\/helipuerto-1.jpg 1280w\" sizes=\"(max-width: 1024px) 100vw, 1024px\" \/><\/p>\n<p><img decoding=\"async\" data-attachment-id=\"20345\" data-permalink=\"https:\/\/www.grieta.org.mx\/index.php\/2016\/08\/25\/protestan-vecinos-de-copilco-contra-helipuerto-de-grupo-imagen\/helipuerto-2\/\" data-orig-file=\"https:\/\/www.grieta.org.mx\/wp-content\/uploads\/2016\/08\/helipuerto-2.jpg\" data-orig-size=\"1280,719\" data-comments-opened=\"0\" data-image-meta=\"{&quot;aperture&quot;:&quot;0&quot;,&quot;credit&quot;:&quot;&quot;,&quot;camera&quot;:&quot;&quot;,&quot;caption&quot;:&quot;&quot;,&quot;created_timestamp&quot;:&quot;0&quot;,&quot;copyright&quot;:&quot;&quot;,&quot;focal_length&quot;:&quot;0&quot;,&quot;iso&quot;:&quot;0&quot;,&quot;shutter_speed&quot;:&quot;0&quot;,&quot;title&quot;:&quot;&quot;,&quot;orientation&quot;:&quot;0&quot;}\" data-image-title=\"helipuerto-2\" data-image-description=\"\" data-image-caption=\"\" data-medium-file=\"https:\/\/www.grieta.org.mx\/wp-content\/uploads\/2016\/08\/helipuerto-2-300x169.jpg\" data-large-file=\"https:\/\/www.grieta.org.mx\/wp-content\/uploads\/2016\/08\/helipuerto-2-1024x575.jpg\" src=\"http:\/\/www.grieta.org.mx\/wp-content\/uploads\/2016\/08\/helipuerto-2-1024x575.jpg\" alt=\"helipuerto-2\" width=\"100%\" class=\"aligncenter size-large wp-image-20345\" srcset=\"https:\/\/www.grieta.org.mx\/wp-content\/uploads\/2016\/08\/helipuerto-2-1024x575.jpg 1024w, https:\/\/www.grieta.org.mx\/wp-content\/uploads\/2016\/08\/helipuerto-2-300x169.jpg 300w, https:\/\/www.grieta.org.mx\/wp-content\/uploads\/2016\/08\/helipuerto-2-768x431.jpg 768w, https:\/\/www.grieta.org.mx\/wp-content\/uploads\/2016\/08\/helipuerto-2.jpg 1280w\" sizes=\"(max-width: 1024px) 100vw, 1024px\" \/><\/p>\n<p>Vecinos de las unidades habitacionales de Copilco protestaron contra la construcci\u00f3n de un helipuerto que realiza Grupo Imagen Multimedia en la avenida Universidad.<\/p>\n<p>El cierre de la avenida Universidad con su cruce con Eje 10, interrumpi\u00f3 el tr\u00e1fico mientras vecinos con grandes pancartas con la leyenda \u201cNO al proyecto Grupo Imagen Multimedia (Radio, TV y Prensa) en Copilco-Universidad\u201d gritaban consignas contra la familia V\u00e1zquez Ra\u00f1a.<\/p>\n<p>Javier Ba\u00f1uelos, uno de los voceros de la Asamblea de vecinos de Copilco, explic\u00f3 que est\u00e1n en contra de este proyecto construido en donde estaba una sucursal de la empresa Hermanos V\u00e1zquez, porque en los alrededores viven m\u00e1s de 30 mil personas que se ver\u00e1n afectadas en su salud y calidad de vida.<\/p>\n<p>Algunas de las repercusiones que tendr\u00eda este helipuerto, son da\u00f1os auditivos por los ruidos de las aeronaves y contaminaci\u00f3n electromagn\u00e9tica con sus antenas, adem\u00e1s rebasa los l\u00edmites establecidos por la Secretar\u00eda de Medio Ambiente y Recursos Naturales (SEMARNAT) para zonas residenciales y escolares.<\/p>\n<p>Detall\u00f3 que desde hace dos meses comenzaron a reunirse en asambleas vecinales cada semana para discutir las acciones a tomar en contra de este proyecto del que nunca se les aviso o pidi\u00f3 consulta.<\/p>\n<p>Indic\u00f3 que ante la negativa de las autoridades delegacionales de Coyoac\u00e1n, la SEDEMA, PAOT y SEDUVI de resolver sus preocupaciones, decidieron cerrar simb\u00f3licamente por algunos minutos la avenida Universidad e informar a los ciudadanos del peligro de este proyecto para la zona de Copilco, donde tambi\u00e9n est\u00e1 una parte de la UNAM.<\/p>\n<p>Esta casa editorial realiz\u00f3 un recorrido por la zona de la obra de Grupo Imagen y se percat\u00f3 de que efectivamente hay varias zonas habitacionales y escuelas alrededor de este proyecto que plantea la empresa.<\/p>\n<p>El vecino extern\u00f3 que la preocupaci\u00f3n m\u00e1s grande es porque dentro de las instalaciones de esta empresa de medios de comunicaci\u00f3n tendr\u00eda una subestaci\u00f3n el\u00e9ctrica, que ubica sus tanques de combustible junto a la subestaci\u00f3n de gas y ductos de Pemex.<\/p>\n<p>Otro de los vecinos de la unidad Habitacional Integraci\u00f3n Latinoam\u00e9rica, explic\u00f3 que esta obra no tiene los permisos correspondientes para poder realizar un proyecto de esta magnitud, porque no prev\u00e9 el impacto socio ambiental que tendr\u00e1 para miles de familias de Coyoac\u00e1n.<\/p>\n<p>La se\u00f1ora Elsa, vecina de la zona, coincidi\u00f3 en que este helipuerto traer\u00e1 contaminaci\u00f3n auditiva para la familia afectando su calidad de vida y de fauna en la zona.<\/p>\n<p>Isaac L\u00f3pez, de la Direcci\u00f3n General de Concertaci\u00f3n Pol\u00edtica de Coyoac\u00e1n, propuso a los m\u00e1s de cien vecinos que se manifestaban pac\u00edficamente, una reuni\u00f3n el pr\u00f3ximo mi\u00e9rcoles con las autoridades locales, sin embargo, los manifestantes se negaron solo si se compromet\u00eda la asistencia del jefe de Gobierno, Miguen \u00c1ngel Mancera.<\/p>\n<p><a href=\"http:\/\/elbigdata.mx\/city\/protestan-vecinos-de-copilco-contra-helipuerto-de-grupo-imagen\/\" target=\"_blank\">http:\/\/elbigdata.mx\/city\/protestan-vecinos-de-copilco-contra-helipuerto-de-grupo-imagen\/<\/a><\/p>\n","protected":false},"excerpt":{"rendered":"<p>Eduardo Su\u00e1rez Vecinos de las unidades habitacionales de Copilco protestaron contra la construcci\u00f3n de un helipuerto que realiza Grupo Imagen Multimedia en la avenida Universidad. El cierre de la avenida &hellip; <a href=\"https:\/\/www.grieta.org.mx\/index.php\/2016\/08\/25\/protestan-vecinos-de-copilco-contra-helipuerto-de-grupo-imagen\/\" class=\"more-link\">Leer m\u00e1s<\/a><\/p>\n","protected":false},"author":2,"featured_media":21928,"comment_status":"closed","ping_status":"closed","sticky":false,"template":"","format":"standard","meta":{"ngg_post_thumbnail":0,"_jetpack_newsletter_access":"","_jetpack_dont_email_post_to_subs":false,"_jetpack_newsletter_tier_id":0,"_jetpack_memberships_contains_paywalled_content":false,"_jetpack_memberships_contains_paid_content":false,"footnotes":""},"categories":[80],"tags":[612,852,180],"class_list":["post-20341","post","type-post","status-publish","format-standard","has-post-thumbnail","hentry","category-cintillo","tag-coyoacan","tag-helipuerto","tag-protesta","entry"],"jetpack_featured_media_url":"https:\/\/www.grieta.org.mx\/wp-content\/uploads\/2018\/03\/14524434_1106112876131411_958039263622046936_o.jpg","jetpack_sharing_enabled":true,"jetpack_shortlink":"https:\/\/wp.me\/p7ZJR4-5i5","jetpack_likes_enabled":false,"jetpack-related-posts":[{"id":20494,"url":"https:\/\/www.grieta.org.mx\/index.php\/2016\/08\/27\/protestas-y-organizacion-contra-helipuerto-en-zona-residencial-de-coyoacan-2\/","url_meta":{"origin":20341,"position":0},"title":"Protestas y organizaci\u00f3n contra helipuerto en zona residencial de Coyoac\u00e1n","author":"grieta","date":"27 agosto, 2016","format":false,"excerpt":"25\/08\/16. Protestan vecinos de Copilco contra helipuerto de Grupo ImagenEl Big data 31\/07\/16. Lanzan petici\u00f3n contra helipuerto en CopilcoDesinform\u00e9monos","rel":"","context":"En &quot;Ciudad de M\u00e9xico&quot;","block_context":{"text":"Ciudad de M\u00e9xico","link":"https:\/\/www.grieta.org.mx\/index.php\/category\/noticias-nacionales\/ciudad-de-mexico\/"},"img":{"alt_text":"","src":"https:\/\/i0.wp.com\/www.grieta.org.mx\/wp-content\/uploads\/2018\/03\/14524434_1106112876131411_958039263622046936_o.jpg?resize=350%2C200&ssl=1","width":350,"height":200,"srcset":"https:\/\/i0.wp.com\/www.grieta.org.mx\/wp-content\/uploads\/2018\/03\/14524434_1106112876131411_958039263622046936_o.jpg?resize=350%2C200&ssl=1 1x, https:\/\/i0.wp.com\/www.grieta.org.mx\/wp-content\/uploads\/2018\/03\/14524434_1106112876131411_958039263622046936_o.jpg?resize=525%2C300&ssl=1 1.5x, https:\/\/i0.wp.com\/www.grieta.org.mx\/wp-content\/uploads\/2018\/03\/14524434_1106112876131411_958039263622046936_o.jpg?resize=700%2C400&ssl=1 2x"},"classes":[]},{"id":68920,"url":"https:\/\/www.grieta.org.mx\/index.php\/2024\/05\/18\/vecinos-exigen-el-desmantelamiento-de-helipuerto-ilegal-en-avenida-universidad-ciudad-de-mexico\/","url_meta":{"origin":20341,"position":1},"title":"Vecinos exigen el desmantelamiento de helipuerto ilegal en Avenida Universidad (Ciudad de M\u00e9xico)","author":"grieta","date":"18 mayo, 2024","format":false,"excerpt":"- El helipuerto fue construido sin autorizaci\u00f3n por grupo Imagen TV - Tras 8 a\u00f1os de litigio, existe una orden judicial a favor de los vecinos - Diversas administraciones de la Alcalad\u00eda Coyoac\u00e1n han incumplido o violado normas Colectivo Grieta 16 de mayo de 2024 Ciudad de M\u00e9xico.- A las\u2026","rel":"","context":"En &quot;cdmx&quot;","block_context":{"text":"cdmx","link":"https:\/\/www.grieta.org.mx\/index.php\/category\/cdmx\/"},"img":{"alt_text":"","src":"https:\/\/i0.wp.com\/www.grieta.org.mx\/wp-content\/uploads\/2024\/05\/Diapositiva1.jpeg?resize=350%2C200&ssl=1","width":350,"height":200,"srcset":"https:\/\/i0.wp.com\/www.grieta.org.mx\/wp-content\/uploads\/2024\/05\/Diapositiva1.jpeg?resize=350%2C200&ssl=1 1x, https:\/\/i0.wp.com\/www.grieta.org.mx\/wp-content\/uploads\/2024\/05\/Diapositiva1.jpeg?resize=525%2C300&ssl=1 1.5x, https:\/\/i0.wp.com\/www.grieta.org.mx\/wp-content\/uploads\/2024\/05\/Diapositiva1.jpeg?resize=700%2C400&ssl=1 2x"},"classes":[]},{"id":19288,"url":"https:\/\/www.grieta.org.mx\/index.php\/2016\/07\/31\/lanzan-peticion-contra-helipuerto-en-copilco\/","url_meta":{"origin":20341,"position":2},"title":"Lanzan petici\u00f3n contra helipuerto en Copilco","author":"grieta","date":"31 julio, 2016","format":false,"excerpt":"No al Helipuerto en Copilco \u00a0 \u00a0 \u00c9sta es la petici\u00f3n elaborada por los vecinos de Copilco, Universidad y aleda\u00f1as, organizados en el Comit\u00e9 de No al Helipuerto en Copilco, la cual se va a enviar a las autoridades competentes para mostrar la oposici\u00f3n popular del barrio contra el helipuerto\u2026","rel":"","context":"En &quot;cdmx&quot;","block_context":{"text":"cdmx","link":"https:\/\/www.grieta.org.mx\/index.php\/category\/cdmx\/"},"img":{"alt_text":"","src":"https:\/\/i0.wp.com\/www.grieta.org.mx\/wp-content\/uploads\/2018\/03\/14524434_1106112876131411_958039263622046936_o.jpg?resize=350%2C200&ssl=1","width":350,"height":200,"srcset":"https:\/\/i0.wp.com\/www.grieta.org.mx\/wp-content\/uploads\/2018\/03\/14524434_1106112876131411_958039263622046936_o.jpg?resize=350%2C200&ssl=1 1x, https:\/\/i0.wp.com\/www.grieta.org.mx\/wp-content\/uploads\/2018\/03\/14524434_1106112876131411_958039263622046936_o.jpg?resize=525%2C300&ssl=1 1.5x, https:\/\/i0.wp.com\/www.grieta.org.mx\/wp-content\/uploads\/2018\/03\/14524434_1106112876131411_958039263622046936_o.jpg?resize=700%2C400&ssl=1 2x"},"classes":[]},{"id":43073,"url":"https:\/\/www.grieta.org.mx\/index.php\/2020\/01\/10\/vecinos-protestan-en-avenida-cuauhtemoc-por-ampliacion-de-linea-3-del-metrobus-ciudad-de-mexico\/","url_meta":{"origin":20341,"position":3},"title":"Vecinos protestan en avenida Cuauht\u00e9moc por ampliaci\u00f3n de L\u00ednea 3 del Metrob\u00fas (Ciudad de M\u00e9xico)","author":"grieta","date":"10 enero, 2020","format":false,"excerpt":"Vecinos protestan en avenida Cuauht\u00e9moc, contra ampliaci\u00f3n de L\u00ednea 3 del Metrob\u00fas. | Jorge Becerril Jorge Becerril \/ Milenio Los manifestantes muestran pancartas en los sem\u00e1foros de la avenida, a la altura de Eugenia, sin bloquear la circulaci\u00f3n. Habitantes de la colonia Narvarte protestan en el cruce de la avenida\u2026","rel":"","context":"En &quot;CINTILLO&quot;","block_context":{"text":"CINTILLO","link":"https:\/\/www.grieta.org.mx\/index.php\/category\/cintillo\/"},"img":{"alt_text":"","src":"https:\/\/i0.wp.com\/www.grieta.org.mx\/wp-content\/uploads\/2020\/01\/Vecinos-protestan-en-avenida-Cuauht%C3%A9moc-por-ampliaci%C3%B3n-de-L%C3%ADnea-3-del-Metrob%C3%BAs-cdmx-ene.jpeg?resize=350%2C200&ssl=1","width":350,"height":200,"srcset":"https:\/\/i0.wp.com\/www.grieta.org.mx\/wp-content\/uploads\/2020\/01\/Vecinos-protestan-en-avenida-Cuauht%C3%A9moc-por-ampliaci%C3%B3n-de-L%C3%ADnea-3-del-Metrob%C3%BAs-cdmx-ene.jpeg?resize=350%2C200&ssl=1 1x, https:\/\/i0.wp.com\/www.grieta.org.mx\/wp-content\/uploads\/2020\/01\/Vecinos-protestan-en-avenida-Cuauht%C3%A9moc-por-ampliaci%C3%B3n-de-L%C3%ADnea-3-del-Metrob%C3%BAs-cdmx-ene.jpeg?resize=525%2C300&ssl=1 1.5x, https:\/\/i0.wp.com\/www.grieta.org.mx\/wp-content\/uploads\/2020\/01\/Vecinos-protestan-en-avenida-Cuauht%C3%A9moc-por-ampliaci%C3%B3n-de-L%C3%ADnea-3-del-Metrob%C3%BAs-cdmx-ene.jpeg?resize=700%2C400&ssl=1 2x"},"classes":[]},{"id":9999,"url":"https:\/\/www.grieta.org.mx\/index.php\/2015\/11\/14\/difunden-videos-de-agresion-de-granaderos-contra-vecinos-en-avenida-de-las-torres\/","url_meta":{"origin":20341,"position":4},"title":"Difunden videos de agresi\u00f3n de granaderos contra vecinos en Avenida de las Torres","author":"grieta","date":"14 noviembre, 2015","format":false,"excerpt":"Foto: Cuartoscuro. Por Redacci\u00f3n Luego de que vecinos chocaran con granaderos en la Avenida de las Torres, a la altura de la Bajada del Capul\u00edn en la delegaci\u00f3n \u00c1lvaro Obreg\u00f3n, este s\u00e1bado se han dado a conocer tres videos en los que se logra ver la brutalidad con la que\u2026","rel":"","context":"En &quot;CINTILLO&quot;","block_context":{"text":"CINTILLO","link":"https:\/\/www.grieta.org.mx\/index.php\/category\/cintillo\/"},"img":{"alt_text":"","src":"https:\/\/i0.wp.com\/www.grieta.org.mx\/wp-content\/uploads\/2018\/03\/14524434_1106112876131411_958039263622046936_o.jpg?resize=350%2C200&ssl=1","width":350,"height":200,"srcset":"https:\/\/i0.wp.com\/www.grieta.org.mx\/wp-content\/uploads\/2018\/03\/14524434_1106112876131411_958039263622046936_o.jpg?resize=350%2C200&ssl=1 1x, https:\/\/i0.wp.com\/www.grieta.org.mx\/wp-content\/uploads\/2018\/03\/14524434_1106112876131411_958039263622046936_o.jpg?resize=525%2C300&ssl=1 1.5x, https:\/\/i0.wp.com\/www.grieta.org.mx\/wp-content\/uploads\/2018\/03\/14524434_1106112876131411_958039263622046936_o.jpg?resize=700%2C400&ssl=1 2x"},"classes":[]},{"id":8496,"url":"https:\/\/www.grieta.org.mx\/index.php\/2015\/04\/20\/vecinos-de-colonias-populares-en-coatzacoalcos-se-organizan-contra-delincuencia\/","url_meta":{"origin":20341,"position":5},"title":"Vecinos de colonias populares en Coatzacoalcos se organizan contra delincuencia","author":"Admin","date":"20 abril, 2015","format":false,"excerpt":"20\/04\/15. Se organizan vecinos en colonias de Coatzacoalcos para defenderse de delincuencia Plumas Libres 12\/04\/15. En Coatzacoalcos lanzan advertencia contra ladrones Imagen del Golfo 27\/03\/15. Ciudadanos arriesgan sus vidas deteniendo a ladrones en Coatzacoalcos Plumas Libres","rel":"","context":"En &quot;NOTICIAS NACIONALES&quot;","block_context":{"text":"NOTICIAS NACIONALES","link":"https:\/\/www.grieta.org.mx\/index.php\/category\/noticias-nacionales\/"},"img":{"alt_text":"","src":"https:\/\/i0.wp.com\/www.grieta.org.mx\/wp-content\/uploads\/2018\/03\/14524434_1106112876131411_958039263622046936_o.jpg?resize=350%2C200&ssl=1","width":350,"height":200,"srcset":"https:\/\/i0.wp.com\/www.grieta.org.mx\/wp-content\/uploads\/2018\/03\/14524434_1106112876131411_958039263622046936_o.jpg?resize=350%2C200&ssl=1 1x, https:\/\/i0.wp.com\/www.grieta.org.mx\/wp-content\/uploads\/2018\/03\/14524434_1106112876131411_958039263622046936_o.jpg?resize=525%2C300&ssl=1 1.5x, https:\/\/i0.wp.com\/www.grieta.org.mx\/wp-content\/uploads\/2018\/03\/14524434_1106112876131411_958039263622046936_o.jpg?resize=700%2C400&ssl=1 2x"},"classes":[]}],"_links":{"self":[{"href":"https:\/\/www.grieta.org.mx\/index.php\/wp-json\/wp\/v2\/posts\/20341","targetHints":{"allow":["GET"]}}],"collection":[{"href":"https:\/\/www.grieta.org.mx\/index.php\/wp-json\/wp\/v2\/posts"}],"about":[{"href":"https:\/\/www.grieta.org.mx\/index.php\/wp-json\/wp\/v2\/types\/post"}],"author":[{"embeddable":true,"href":"https:\/\/www.grieta.org.mx\/index.php\/wp-json\/wp\/v2\/users\/2"}],"replies":[{"embeddable":true,"href":"https:\/\/www.grieta.org.mx\/index.php\/wp-json\/wp\/v2\/comments?post=20341"}],"version-history":[{"count":1,"href":"https:\/\/www.grieta.org.mx\/index.php\/wp-json\/wp\/v2\/posts\/20341\/revisions"}],"predecessor-version":[{"id":20346,"href":"https:\/\/www.grieta.org.mx\/index.php\/wp-json\/wp\/v2\/posts\/20341\/revisions\/20346"}],"wp:featuredmedia":[{"embeddable":true,"href":"https:\/\/www.grieta.org.mx\/index.php\/wp-json\/wp\/v2\/media\/21928"}],"wp:attachment":[{"href":"https:\/\/www.grieta.org.mx\/index.php\/wp-json\/wp\/v2\/media?parent=20341"}],"wp:term":[{"taxonomy":"category","embeddable":true,"href":"https:\/\/www.grieta.org.mx\/index.php\/wp-json\/wp\/v2\/categories?post=20341"},{"taxonomy":"post_tag","embeddable":true,"href":"https:\/\/www.grieta.org.mx\/index.php\/wp-json\/wp\/v2\/tags?post=20341"}],"curies":[{"name":"wp","href":"https:\/\/api.w.org\/{rel}","templated":true}]}}