{"id":2021,"date":"2015-06-02T20:24:22","date_gmt":"2015-06-02T20:24:22","guid":{"rendered":"http:\/\/50.22.11.12\/~grietaor\/?p=2021"},"modified":"2016-03-10T20:28:57","modified_gmt":"2016-03-10T20:28:57","slug":"denuncian-amenazas-de-muerte-contra-activista-en-colima","status":"publish","type":"post","link":"https:\/\/www.grieta.org.mx\/index.php\/2015\/06\/02\/denuncian-amenazas-de-muerte-contra-activista-en-colima\/","title":{"rendered":"Denuncian amenazas de muerte contra activista en Colima"},"content":{"rendered":"<p>Pedro Zamora Brise\u00f1o<br \/>\nProceso<br \/>\n2 de junio de 2015<\/p>\n<p>COLIMA, Col. (apro).- Organizaciones sociales denunciaron amenazas de muerte, intervenci\u00f3n de sus comunicaciones, persecuci\u00f3n y despido de su trabajo del activista social V\u00edctor Andr\u00e9s Cruz Chi, integrante de Bios Iguana AC, quien desde hace m\u00e1s de a\u00f1o y medio ha apoyado la lucha del pueblo ind\u00edgena de Zacualpan contra la instalaci\u00f3n de una empresa minera en ese lugar.<\/p>\n<p>El Movimiento Mesoamericano en contra del Modelo extractivo Minero (M4) y el grupo Bios Iguana responsabilizaron, en distintos comunicados, al gobierno de Mario Anguiano Moreno, a miembros de su gabinete y al presidente de la Comisi\u00f3n Estatal de Derechos Humanos, Roberto Chapula de la Mora, de cualquier agresi\u00f3n que pudieran sufrir Cruz Chi o su familia.<\/p>\n<p>De acuerdo con Bios Iguana, \u201cson muchas las evidencias que muestran que es el estado de Colima quien encabeza esta serie de amenazas contra las y los defensores de derechos humanos en el estado\u201d, por lo que responsabiliz\u00f3 al gobernador y al secretario de Seguridad P\u00fablica, Ra\u00fal Pinedo D\u00e1vila, de la seguridad del activista, as\u00ed como del resto de los integrantes de la organizaci\u00f3n y del Consejo Ind\u00edgena por la Defensa del Territorio de Zacualpan (CIDTZ).<\/p>\n<p>A su vez, en un texto dirigido al gobierno federal y al estatal, el M4 expres\u00f3 su preocupaci\u00f3n por la situaci\u00f3n de violencia contra V\u00edctor Andr\u00e9s Cruz, \u201creconocido ciudadano ejemplar quien, en Colima, ha sentado las bases de un trabajo social, organizativo y pol\u00edtico que es primordial para acabar con las injusticias, la ignorancia y la impunidad, todos temas cada vez m\u00e1s conocidos y recurrentes en torno a la violencia de Estado que el gobierno mexicano ha desatado contra la poblaci\u00f3n de M\u00e9xico\u201d.<\/p>\n<p>La organizaci\u00f3n denunci\u00f3 que el luchador social y su familia \u201cliteralmente han sido desplazados de su casa y de su vida social y cultural porque frecuentemente son amenazados de muerte\u201d.<\/p>\n<p>Luego de responsabilizar a \u201cla m\u00e1s alta esfera de gobierno de Colima por las amenazas que vive nuestro compa\u00f1ero y su familia\u201d, el M4 hizo \u201cun en\u00e9rgico llamado a que cesen totalmente todas las amenazas, intimidaciones, hostigamiento y persecuci\u00f3n de V\u00edctor Chi y su familia\u201d.<\/p>\n<p><a href=\"http:\/\/www.proceso.com.mx\/406206\" target=\"_blank\">http:\/\/www.proceso.com.mx\/406206<\/a><\/p>\n","protected":false},"excerpt":{"rendered":"<p>Pedro Zamora Brise\u00f1o Proceso 2 de junio de 2015 COLIMA, Col. (apro).- Organizaciones sociales denunciaron amenazas de muerte, intervenci\u00f3n de sus comunicaciones, persecuci\u00f3n y despido de su trabajo del activista &hellip; <a href=\"https:\/\/www.grieta.org.mx\/index.php\/2015\/06\/02\/denuncian-amenazas-de-muerte-contra-activista-en-colima\/\" class=\"more-link\">Leer m\u00e1s<\/a><\/p>\n","protected":false},"author":2,"featured_media":21928,"comment_status":"closed","ping_status":"open","sticky":false,"template":"","format":"standard","meta":{"ngg_post_thumbnail":0,"_jetpack_newsletter_access":"","_jetpack_dont_email_post_to_subs":false,"_jetpack_newsletter_tier_id":0,"_jetpack_memberships_contains_paywalled_content":false,"_jetpack_memberships_contains_paid_content":false,"footnotes":""},"categories":[80,108],"tags":[130],"class_list":["post-2021","post","type-post","status-publish","format-standard","has-post-thumbnail","hentry","category-cintillo","category-colima","tag-represion","entry"],"jetpack_featured_media_url":"https:\/\/www.grieta.org.mx\/wp-content\/uploads\/2018\/03\/14524434_1106112876131411_958039263622046936_o.jpg","jetpack_sharing_enabled":true,"jetpack_shortlink":"https:\/\/wp.me\/p7ZJR4-wB","jetpack_likes_enabled":false,"jetpack-related-posts":[{"id":20466,"url":"https:\/\/www.grieta.org.mx\/index.php\/2016\/08\/26\/ante-las-amenazas-y-agresiones-la-ambientalista-esperanza-salazar-se-fue-de-colima\/","url_meta":{"origin":2021,"position":0},"title":"Ante las amenazas y agresiones, la ambientalista Esperanza Salazar se fue de Colima","author":"grieta","date":"26 agosto, 2016","format":false,"excerpt":"Pedro Zamora Brise\u00f1o Colima, M\u00e9xico, Avanzada (25\/08\/2016).- Ante el creciente clima de amenazas y riesgo para su integridad personal, la coordinadora general del grupo ambientalista Bios Iguana, Esperanza Salazar Zenil, se vio forzada a emigrar de esta entidad, bajo el resguardo de escoltas del Mecanismo de Protecci\u00f3n de Personas Defensoras\u2026","rel":"","context":"En &quot;CINTILLO&quot;","block_context":{"text":"CINTILLO","link":"https:\/\/www.grieta.org.mx\/index.php\/category\/cintillo\/"},"img":{"alt_text":"","src":"https:\/\/i0.wp.com\/www.grieta.org.mx\/wp-content\/uploads\/2018\/03\/14524434_1106112876131411_958039263622046936_o.jpg?resize=350%2C200&ssl=1","width":350,"height":200,"srcset":"https:\/\/i0.wp.com\/www.grieta.org.mx\/wp-content\/uploads\/2018\/03\/14524434_1106112876131411_958039263622046936_o.jpg?resize=350%2C200&ssl=1 1x, https:\/\/i0.wp.com\/www.grieta.org.mx\/wp-content\/uploads\/2018\/03\/14524434_1106112876131411_958039263622046936_o.jpg?resize=525%2C300&ssl=1 1.5x, https:\/\/i0.wp.com\/www.grieta.org.mx\/wp-content\/uploads\/2018\/03\/14524434_1106112876131411_958039263622046936_o.jpg?resize=700%2C400&ssl=1 2x"},"classes":[]},{"id":2017,"url":"https:\/\/www.grieta.org.mx\/index.php\/2016\/08\/26\/ataques-contra-ambientalistas-en-colima\/","url_meta":{"origin":2021,"position":1},"title":"Ataques contra defensores del medio ambiente en Colima","author":"grieta","date":"26 agosto, 2016","format":false,"excerpt":"26\/08\/16. Ante las amenazas y agresiones, la ambientalista Esperanza Salazar se fue de ColimaDiario Avanzada 09\/01\/15. Colima, quinto lugar nacional en ataques contra ambientalistas: Cemda Diario Avanzada 02\/06\/15. Denuncian amenazas de muerte contra activista en Colima Proceso","rel":"","context":"En &quot;Colima&quot;","block_context":{"text":"Colima","link":"https:\/\/www.grieta.org.mx\/index.php\/category\/noticias-nacionales\/colima\/"},"img":{"alt_text":"","src":"https:\/\/i0.wp.com\/www.grieta.org.mx\/wp-content\/uploads\/2018\/03\/14524434_1106112876131411_958039263622046936_o.jpg?resize=350%2C200&ssl=1","width":350,"height":200,"srcset":"https:\/\/i0.wp.com\/www.grieta.org.mx\/wp-content\/uploads\/2018\/03\/14524434_1106112876131411_958039263622046936_o.jpg?resize=350%2C200&ssl=1 1x, https:\/\/i0.wp.com\/www.grieta.org.mx\/wp-content\/uploads\/2018\/03\/14524434_1106112876131411_958039263622046936_o.jpg?resize=525%2C300&ssl=1 1.5x, https:\/\/i0.wp.com\/www.grieta.org.mx\/wp-content\/uploads\/2018\/03\/14524434_1106112876131411_958039263622046936_o.jpg?resize=700%2C400&ssl=1 2x"},"classes":[]},{"id":59613,"url":"https:\/\/www.grieta.org.mx\/index.php\/2021\/05\/24\/los-activistas-en-colima-son-perseguidos-detenidos-amenazados-y-desplazados\/","url_meta":{"origin":2021,"position":2},"title":"Los activistas en Colima son perseguidos, detenidos, amenazados y desplazados","author":"grieta","date":"24 mayo, 2021","format":false,"excerpt":"Foto: Diario Avanzada Heidi de Le\u00f3n Guti\u00e9rrez \/ Diario Avanzda Colima, M\u00e9xico, Avanzada (24\/05\/2021).- Los activistas en Colima sufren todo tipo de vejaciones: han sido desplazados, desaparecidos, detenidos, perseguidos o amenazados por defender el medio ambiente, los derechos humanos o por denunciar el abuso del poder. La situaci\u00f3n es tan\u2026","rel":"","context":"En &quot;CINTILLO&quot;","block_context":{"text":"CINTILLO","link":"https:\/\/www.grieta.org.mx\/index.php\/category\/cintillo\/"},"img":{"alt_text":"","src":"https:\/\/i0.wp.com\/www.grieta.org.mx\/wp-content\/uploads\/2021\/05\/Activistas-e1622399071678.png?resize=350%2C200&ssl=1","width":350,"height":200,"srcset":"https:\/\/i0.wp.com\/www.grieta.org.mx\/wp-content\/uploads\/2021\/05\/Activistas-e1622399071678.png?resize=350%2C200&ssl=1 1x, https:\/\/i0.wp.com\/www.grieta.org.mx\/wp-content\/uploads\/2021\/05\/Activistas-e1622399071678.png?resize=525%2C300&ssl=1 1.5x"},"classes":[]},{"id":40326,"url":"https:\/\/www.grieta.org.mx\/index.php\/2019\/10\/02\/denuncian-a-director-de-la-api-manzanillo-por-amenazas-a-periodista-colima\/","url_meta":{"origin":2021,"position":3},"title":"Denuncian a director de la API Manzanillo por amenazas a periodista  (Colima)","author":"grieta","date":"2 octubre, 2019","format":false,"excerpt":"Foto: Especial \u00c1ngel M\u00e9ndez \/ Quadratin Colima MANZANILLO, Col., 2 de octubre de 2019.- Este mi\u00e9rcoles, el periodista y locutor Javier Montes Camarena, responsabiliz\u00f3 p\u00fablica y penalmente de lo que le pueda pasar a \u00e9l y su familia, al director de la Administraci\u00f3n Portuaria Integral, H\u00e9ctor Mora G\u00f3mez, por las\u2026","rel":"","context":"En &quot;CINTILLO&quot;","block_context":{"text":"CINTILLO","link":"https:\/\/www.grieta.org.mx\/index.php\/category\/cintillo\/"},"img":{"alt_text":"","src":"https:\/\/i0.wp.com\/www.grieta.org.mx\/wp-content\/uploads\/2019\/10\/WhatsApp-Image-2019-10-02-at-5.06.39-PM-1160x700.jpeg?resize=350%2C200&ssl=1","width":350,"height":200,"srcset":"https:\/\/i0.wp.com\/www.grieta.org.mx\/wp-content\/uploads\/2019\/10\/WhatsApp-Image-2019-10-02-at-5.06.39-PM-1160x700.jpeg?resize=350%2C200&ssl=1 1x, https:\/\/i0.wp.com\/www.grieta.org.mx\/wp-content\/uploads\/2019\/10\/WhatsApp-Image-2019-10-02-at-5.06.39-PM-1160x700.jpeg?resize=525%2C300&ssl=1 1.5x, https:\/\/i0.wp.com\/www.grieta.org.mx\/wp-content\/uploads\/2019\/10\/WhatsApp-Image-2019-10-02-at-5.06.39-PM-1160x700.jpeg?resize=700%2C400&ssl=1 2x, https:\/\/i0.wp.com\/www.grieta.org.mx\/wp-content\/uploads\/2019\/10\/WhatsApp-Image-2019-10-02-at-5.06.39-PM-1160x700.jpeg?resize=1050%2C600&ssl=1 3x"},"classes":[]},{"id":2694,"url":"https:\/\/www.grieta.org.mx\/index.php\/2014\/07\/11\/investiga-organismo-internacional-violaciones-ambientales-por-regasificadora-de-manzanillo\/","url_meta":{"origin":2021,"position":4},"title":"Investiga organismo internacional violaciones ambientales por regasificadora de Manzanillo","author":"grieta","date":"11 julio, 2014","format":false,"excerpt":"Redacci\u00f3n Perriodismo El Consejo de la Comisi\u00f3n de Cooperaci\u00f3n Ambiental (CCA) de Am\u00e9rica del Norte autoriz\u00f3 abrir un expediente para investigar el presunto incumplimiento de normas ambientales para la ejecuci\u00f3n de los proyectos de plantas de gas en la Laguna de Cuyutl\u00e1n, en Manzanillo. La denuncia interpuesta en febrero 2009\u2026","rel":"","context":"En &quot;CINTILLO&quot;","block_context":{"text":"CINTILLO","link":"https:\/\/www.grieta.org.mx\/index.php\/category\/cintillo\/"},"img":{"alt_text":"","src":"https:\/\/i0.wp.com\/www.grieta.org.mx\/wp-content\/uploads\/2018\/03\/14524434_1106112876131411_958039263622046936_o.jpg?resize=350%2C200&ssl=1","width":350,"height":200,"srcset":"https:\/\/i0.wp.com\/www.grieta.org.mx\/wp-content\/uploads\/2018\/03\/14524434_1106112876131411_958039263622046936_o.jpg?resize=350%2C200&ssl=1 1x, https:\/\/i0.wp.com\/www.grieta.org.mx\/wp-content\/uploads\/2018\/03\/14524434_1106112876131411_958039263622046936_o.jpg?resize=525%2C300&ssl=1 1.5x, https:\/\/i0.wp.com\/www.grieta.org.mx\/wp-content\/uploads\/2018\/03\/14524434_1106112876131411_958039263622046936_o.jpg?resize=700%2C400&ssl=1 2x"},"classes":[]},{"id":2632,"url":"https:\/\/www.grieta.org.mx\/index.php\/2015\/10\/20\/iniciomineria-zacualpan-zacualpan-denuncia-entregada-el-dia-de-hoy-a-sedatu-y-la-pa\/","url_meta":{"origin":2021,"position":5},"title":"Zacualpan-Denuncia entregada el d\u00eda de hoy a SEDATU y la PA","author":"grieta","date":"20 octubre, 2015","format":false,"excerpt":"Zapateando 20 de octubre del 2015 C. Rosario Robles Berlanga Secretaria de Desarrollo Agrario, Territorial y Urbano C. Cruz L\u00f3pez Aguilar Titular de la Procuradur\u00eda Agraria PRESENTE Las suscritas organizaciones nacionales e internacionales, por medio de la presente y de la manera m\u00e1s atenta, comparecemos para exponer: Que estamos profundamente\u2026","rel":"","context":"En &quot;CINTILLO&quot;","block_context":{"text":"CINTILLO","link":"https:\/\/www.grieta.org.mx\/index.php\/category\/cintillo\/"},"img":{"alt_text":"","src":"https:\/\/i0.wp.com\/www.grieta.org.mx\/wp-content\/uploads\/2018\/03\/14524434_1106112876131411_958039263622046936_o.jpg?resize=350%2C200&ssl=1","width":350,"height":200,"srcset":"https:\/\/i0.wp.com\/www.grieta.org.mx\/wp-content\/uploads\/2018\/03\/14524434_1106112876131411_958039263622046936_o.jpg?resize=350%2C200&ssl=1 1x, https:\/\/i0.wp.com\/www.grieta.org.mx\/wp-content\/uploads\/2018\/03\/14524434_1106112876131411_958039263622046936_o.jpg?resize=525%2C300&ssl=1 1.5x, https:\/\/i0.wp.com\/www.grieta.org.mx\/wp-content\/uploads\/2018\/03\/14524434_1106112876131411_958039263622046936_o.jpg?resize=700%2C400&ssl=1 2x"},"classes":[]}],"_links":{"self":[{"href":"https:\/\/www.grieta.org.mx\/index.php\/wp-json\/wp\/v2\/posts\/2021","targetHints":{"allow":["GET"]}}],"collection":[{"href":"https:\/\/www.grieta.org.mx\/index.php\/wp-json\/wp\/v2\/posts"}],"about":[{"href":"https:\/\/www.grieta.org.mx\/index.php\/wp-json\/wp\/v2\/types\/post"}],"author":[{"embeddable":true,"href":"https:\/\/www.grieta.org.mx\/index.php\/wp-json\/wp\/v2\/users\/2"}],"replies":[{"embeddable":true,"href":"https:\/\/www.grieta.org.mx\/index.php\/wp-json\/wp\/v2\/comments?post=2021"}],"version-history":[{"count":1,"href":"https:\/\/www.grieta.org.mx\/index.php\/wp-json\/wp\/v2\/posts\/2021\/revisions"}],"predecessor-version":[{"id":2023,"href":"https:\/\/www.grieta.org.mx\/index.php\/wp-json\/wp\/v2\/posts\/2021\/revisions\/2023"}],"wp:featuredmedia":[{"embeddable":true,"href":"https:\/\/www.grieta.org.mx\/index.php\/wp-json\/wp\/v2\/media\/21928"}],"wp:attachment":[{"href":"https:\/\/www.grieta.org.mx\/index.php\/wp-json\/wp\/v2\/media?parent=2021"}],"wp:term":[{"taxonomy":"category","embeddable":true,"href":"https:\/\/www.grieta.org.mx\/index.php\/wp-json\/wp\/v2\/categories?post=2021"},{"taxonomy":"post_tag","embeddable":true,"href":"https:\/\/www.grieta.org.mx\/index.php\/wp-json\/wp\/v2\/tags?post=2021"}],"curies":[{"name":"wp","href":"https:\/\/api.w.org\/{rel}","templated":true}]}}