{"id":2014,"date":"2016-01-09T20:18:22","date_gmt":"2016-01-09T20:18:22","guid":{"rendered":"http:\/\/50.22.11.12\/~grietaor\/?p=2014"},"modified":"2016-03-10T21:06:03","modified_gmt":"2016-03-10T21:06:03","slug":"colima-quinto-lugar-nacional-en-ataques-contra-ambientalistas-cemda","status":"publish","type":"post","link":"https:\/\/www.grieta.org.mx\/index.php\/2016\/01\/09\/colima-quinto-lugar-nacional-en-ataques-contra-ambientalistas-cemda\/","title":{"rendered":"Colima, quinto lugar nacional en ataques contra ambientalistas: Cemda"},"content":{"rendered":"<p>Colima, M\u00e9xico, Avanzada (09\/01\/2016).- Con ocho casos registrados, el estado de Colima ocupa el quinto lugar nacional en agresiones contra activistas defensores del medio ambiente, revela el \u201cInforme sobre la situaci\u00f3n de los defensores ambientales 2015\u201d, elaborado por el Centro Mexicano de Derecho Ambiental (Cemda).<\/p>\n<p>En el primer lugar se encuentra Sonora, con 16 ataques; seguido por Oaxaca, con 13; Estado de M\u00e9xico, con 12, y Guerrero, con 9.<\/p>\n<p>Aunque en el informe no se especifican los nombres de las v\u00edctimas de agresiones, en el caso de Colima los ocho ataques recogidos en la investigaci\u00f3n est\u00e1n relacionados con el tema de la Miner\u00eda, por lo que se presume que se refiere a la situaci\u00f3n de las organizaciones Bios Iguana y Consejo Ind\u00edgena en Defensa del Territorio de Zacualpan (CIDTZ), varios de cuyos integrantes han sufrido hostigamiento, detenciones y amenazas en el periodo de la lucha contra el proyecto minero que se pretend\u00eda instalar en esa comunidad.<\/p>\n<p>De acuerdo con el documento, el n\u00famero de ataques a personas defensoras del ambiente registrados en M\u00e9xico en el per\u00edodo de mayo 2014 a junio 2015 fue de 109 casos en total, del que 49 sucedieron en 2014 (del 1\u00ba de mayo a diciembre) y 60 en los primeros seis meses del 2015 (del 1 de enero al 31 de julio).<\/p>\n<p>Adem\u00e1s, el Cemda reporta en su informe que de 2010 a la fecha se ha registrado un crecimiento sostenido en las cifras de agresiones contra ambientalistas en el pa\u00eds, puesto que en ese primer a\u00f1o hubo 10 ataques, en 2011 la cifra se elev\u00f3 a 16, en 2012 fueron 23, en 2013 se contabilizaron 53, durante 2014 el registro lleg\u00f3 a 87 casos, y en los primeros siete meses de 2015 ya iban 60 casos, con la posibilidad de que al cierre se haya rebasado la cantidad del a\u00f1o previo.<\/p>\n<p>\u201cLas v\u00edctimas de estos ataques y agresiones \u2014se\u00f1ala el Cemda) se dividieron en tres categor\u00edas para su an\u00e1lisis: personas, comunidades y organizaciones no gubernamentales. Los datos recabados nos se\u00f1alan que de los 109 ataques registrados, 130 personas fueron objeto de un tipo de ataque; adem\u00e1s, registramos 21 casos de ataques dirigidos a la comunidad y 17 casos de ataques a ONGs\u201d.<\/p>\n<p>El mayor n\u00famero de ataques registrados en el \u00faltimo a\u00f1o, 27, se deriv\u00f3 del activismo en torno a proyectos de agua, le siguen 16 en proyectos hidroel\u00e9ctricos, 13 casos en proyectos mineros, 11 en proyectos inmobiliarios y 10 en asuntos relacionados con la tierra.<\/p>\n<p>Entre los tipos de agresiones documentados por el Cemda contra activistas del medio ambiente en M\u00e9xico, se identificaron 75 amenazas (personales, telef\u00f3nicas o electr\u00f3nicas), 25 agresiones f\u00edsicas a defensores ambientales (personales o en grupo), 19 casos de enjuiciamiento arbitrario, 17 detenciones ilegales (durante manifestaciones o en la v\u00eda p\u00fablica), 11 asesinatos, 3 casos de difamaci\u00f3n hacia ONGs y 2 casos de uso indebido de la fuerza.<\/p>\n<p>En cuanto al origen de los agresores, de los 109 casos de ataques a defensores ambientales, en 49 casos el autor es no identificado, en 37 el o los ataques fueron ejecutados por personas identificadas como autoridades, en 13 casos por miembros de la comunidad (generalmente por personas a favor del proyecto), en 7 casos los autores fueron identificados como personas relacionadas con la empresa promovente del proyecto y por \u00faltimo, en 3 casos el agresor fue identificado como personas ligadas a la delincuencia.<\/p>\n<p>\u201cLos datos recabados respecto de la participaci\u00f3n de autoridades en los ataques y agresiones a defensores ambientales son preocupantes, puesto que las autoridades son las principales obligadas a proteger, respetar y garantizar los derechos humanos, sus recursos naturales y en general el ambiente\u201d, se\u00f1al\u00f3 la organizaci\u00f3n.<\/p>\n<p>En sus conclusiones, el Cemda considera que M\u00e9xico es un pa\u00eds peligroso para los defensores ambientales, pues existe un riesgo para todas las personas que ejercen acciones en defensa del medio ambiente y de otros derechos que est\u00e1n interrelacionados, como son el derecho a la salud, a la vivienda, al territorio, entre otros, puesto que se enfrentan, en muchos casos, a continuas amenazas, hostigamiento, agresiones f\u00edsicas, criminalizaci\u00f3n y, en situaciones extremas, hasta riesgo de asesinato.<\/p>\n<p>\u201cEs posible apreciar un aumento en el n\u00famero de casos de ataques o agresiones hacia defensores y defensoras ambientales. No es posible definir una zona geogr\u00e1fica donde se concentra la mayor\u00eda de los ataques. Sin embargo, se registraron agresiones a personas defensoras y periodistas en veinte estados de la Rep\u00fablica: Estado de M\u00e9xico, Sonora, Oaxaca, Guerrero, Chiapas, Chihuahua, Colima, Puebla, Morelos, Veracruz, Sinaloa, Michoac\u00e1n, Baja California Sur, Durango, Jalisco, Nayarit, Nuevo Le\u00f3n, Yucat\u00e1n, Tlaxcala y el Distrito Federal\u201d, finaliza.<\/p>\n<p><a href=\"http:\/\/www.diarioavanzada.com.mx\/index.php\/locales-movil\/15908-colima-quinto-lugar-nacional-en-ataques-contra-ambientalistas-cemda\" target=\"_blank\">http:\/\/www.diarioavanzada.com.mx\/index.php\/locales-movil\/15908-colima-quinto-lugar-nacional-en-ataques-contra-ambientalistas-cemda<\/a><\/p>\n","protected":false},"excerpt":{"rendered":"<p>Colima, M\u00e9xico, Avanzada (09\/01\/2016).- Con ocho casos registrados, el estado de Colima ocupa el quinto lugar nacional en agresiones contra activistas defensores del medio ambiente, revela el \u201cInforme sobre la &hellip; <a href=\"https:\/\/www.grieta.org.mx\/index.php\/2016\/01\/09\/colima-quinto-lugar-nacional-en-ataques-contra-ambientalistas-cemda\/\" class=\"more-link\">Leer m\u00e1s<\/a><\/p>\n","protected":false},"author":2,"featured_media":21928,"comment_status":"closed","ping_status":"open","sticky":false,"template":"","format":"standard","meta":{"ngg_post_thumbnail":0,"_jetpack_newsletter_access":"","_jetpack_dont_email_post_to_subs":false,"_jetpack_newsletter_tier_id":0,"_jetpack_memberships_contains_paywalled_content":false,"_jetpack_memberships_contains_paid_content":false,"footnotes":""},"categories":[80,108],"tags":[130],"class_list":["post-2014","post","type-post","status-publish","format-standard","has-post-thumbnail","hentry","category-cintillo","category-colima","tag-represion","entry"],"jetpack_featured_media_url":"https:\/\/www.grieta.org.mx\/wp-content\/uploads\/2018\/03\/14524434_1106112876131411_958039263622046936_o.jpg","jetpack_sharing_enabled":true,"jetpack_shortlink":"https:\/\/wp.me\/p7ZJR4-wu","jetpack_likes_enabled":false,"jetpack-related-posts":[{"id":2017,"url":"https:\/\/www.grieta.org.mx\/index.php\/2016\/08\/26\/ataques-contra-ambientalistas-en-colima\/","url_meta":{"origin":2014,"position":0},"title":"Ataques contra defensores del medio ambiente en Colima","author":"grieta","date":"26 agosto, 2016","format":false,"excerpt":"26\/08\/16. Ante las amenazas y agresiones, la ambientalista Esperanza Salazar se fue de ColimaDiario Avanzada 09\/01\/15. Colima, quinto lugar nacional en ataques contra ambientalistas: Cemda Diario Avanzada 02\/06\/15. Denuncian amenazas de muerte contra activista en Colima Proceso","rel":"","context":"En &quot;Colima&quot;","block_context":{"text":"Colima","link":"https:\/\/www.grieta.org.mx\/index.php\/category\/noticias-nacionales\/colima\/"},"img":{"alt_text":"","src":"https:\/\/i0.wp.com\/www.grieta.org.mx\/wp-content\/uploads\/2018\/03\/14524434_1106112876131411_958039263622046936_o.jpg?resize=350%2C200&ssl=1","width":350,"height":200,"srcset":"https:\/\/i0.wp.com\/www.grieta.org.mx\/wp-content\/uploads\/2018\/03\/14524434_1106112876131411_958039263622046936_o.jpg?resize=350%2C200&ssl=1 1x, https:\/\/i0.wp.com\/www.grieta.org.mx\/wp-content\/uploads\/2018\/03\/14524434_1106112876131411_958039263622046936_o.jpg?resize=525%2C300&ssl=1 1.5x, https:\/\/i0.wp.com\/www.grieta.org.mx\/wp-content\/uploads\/2018\/03\/14524434_1106112876131411_958039263622046936_o.jpg?resize=700%2C400&ssl=1 2x"},"classes":[]},{"id":7714,"url":"https:\/\/www.grieta.org.mx\/index.php\/2016\/01\/06\/puebla-entre-los-estados-con-mas-ataques-a-ambientalistas\/","url_meta":{"origin":2014,"position":1},"title":"Puebla, entre los estados con m\u00e1s ataques a ambientalistas","author":"grieta","date":"6 enero, 2016","format":false,"excerpt":"enero 16, 2016 Samantha P\u00e1ez, Puebla Apenas en un a\u00f1o se registraron ocho agresiones en Puebla contra defensores y defensoras del medio ambiente, seg\u00fan lo dio a conocer el Centro Mexicano de Derecho Ambiental AC (Cemda), organizaci\u00f3n civil reconocida a nivel internacional. De acuerdo con el \u201cInforme sobre la situaci\u00f3n\u2026","rel":"","context":"En &quot;CINTILLO&quot;","block_context":{"text":"CINTILLO","link":"https:\/\/www.grieta.org.mx\/index.php\/category\/cintillo\/"},"img":{"alt_text":"","src":"https:\/\/i0.wp.com\/www.grieta.org.mx\/wp-content\/uploads\/2018\/03\/14524434_1106112876131411_958039263622046936_o.jpg?resize=350%2C200&ssl=1","width":350,"height":200,"srcset":"https:\/\/i0.wp.com\/www.grieta.org.mx\/wp-content\/uploads\/2018\/03\/14524434_1106112876131411_958039263622046936_o.jpg?resize=350%2C200&ssl=1 1x, https:\/\/i0.wp.com\/www.grieta.org.mx\/wp-content\/uploads\/2018\/03\/14524434_1106112876131411_958039263622046936_o.jpg?resize=525%2C300&ssl=1 1.5x, https:\/\/i0.wp.com\/www.grieta.org.mx\/wp-content\/uploads\/2018\/03\/14524434_1106112876131411_958039263622046936_o.jpg?resize=700%2C400&ssl=1 2x"},"classes":[]},{"id":59210,"url":"https:\/\/www.grieta.org.mx\/index.php\/2021\/04\/27\/en-veracruz-se-incrementaron-ataques-contra-ambientalistas-en-2020-cemda\/","url_meta":{"origin":2014,"position":2},"title":"En Veracruz se incrementaron ataques contra ambientalistas en 2020: CEMDA","author":"Admin","date":"27 abril, 2021","format":false,"excerpt":"- De 4 casos sobresale el homicidio de Ad\u00e1n Vez Lira, el 8 de abril de ese a\u00f1o - Luch\u00f3 por proteger manglares, dunas y ecosistemas de la costa central Jair Garc\u00eda \/ Al calor pol\u00edtico Durante el 2020, en el Estado de Veracruz se registr\u00f3 un incremento en las\u2026","rel":"","context":"En &quot;Asesinato de activistas en Veracruz&quot;","block_context":{"text":"Asesinato de activistas en Veracruz","link":"https:\/\/www.grieta.org.mx\/index.php\/category\/noticias-nacionales\/veracruz\/asesinato-de-activistas-en-veracruz\/"},"img":{"alt_text":"","src":"","width":0,"height":0},"classes":[]},{"id":66845,"url":"https:\/\/www.grieta.org.mx\/index.php\/2023\/04\/19\/defender-al-medio-ambiente-un-peligro-en-oaxaca\/","url_meta":{"origin":2014,"position":3},"title":"Defender al medio ambiente, un peligro en Oaxaca","author":"grieta","date":"19 abril, 2023","format":false,"excerpt":"Imagen :Agencia Reforma Agencia Reforma \/ Noticias NVI CIUDAD DE M\u00c9XICO.- Una vez m\u00e1s, en M\u00e9xico se bati\u00f3 el r\u00e9cord de violencia contra ambientalistas: con 24 asesinatos y 582 agresiones, 2022 se coron\u00f3 como el a\u00f1o m\u00e1s violento para los defensores del medio ambiente y el territorio, seg\u00fan registros del\u2026","rel":"","context":"En &quot;CINTILLO&quot;","block_context":{"text":"CINTILLO","link":"https:\/\/www.grieta.org.mx\/index.php\/category\/cintillo\/"},"img":{"alt_text":"","src":"https:\/\/i0.wp.com\/www.grieta.org.mx\/wp-content\/uploads\/2023\/04\/protesta4.webp?resize=350%2C200&ssl=1","width":350,"height":200,"srcset":"https:\/\/i0.wp.com\/www.grieta.org.mx\/wp-content\/uploads\/2023\/04\/protesta4.webp?resize=350%2C200&ssl=1 1x, https:\/\/i0.wp.com\/www.grieta.org.mx\/wp-content\/uploads\/2023\/04\/protesta4.webp?resize=525%2C300&ssl=1 1.5x, https:\/\/i0.wp.com\/www.grieta.org.mx\/wp-content\/uploads\/2023\/04\/protesta4.webp?resize=700%2C400&ssl=1 2x, https:\/\/i0.wp.com\/www.grieta.org.mx\/wp-content\/uploads\/2023\/04\/protesta4.webp?resize=1050%2C600&ssl=1 3x"},"classes":[]},{"id":7611,"url":"https:\/\/www.grieta.org.mx\/index.php\/2015\/12\/12\/sonora-primer-lugar-en-agresiones-a-defensores-y-defensoras-ambientales\/","url_meta":{"origin":2014,"position":4},"title":"Sonora, primer lugar en agresiones a defensores y defensoras ambientales","author":"grieta","date":"12 diciembre, 2015","format":false,"excerpt":"Un total de 109 casos de agresiones a defensores y defensoras ambientales registradas durante 13 meses en M\u00e9xico, evidencia de un alarmante aumento respecto a a\u00f1os anteriores, megaproyectos figuran en conflictos. En el contexto de represi\u00f3n y criminalizaci\u00f3n de la protesta social en M\u00e9xico, el activismo ambiental es uno de\u2026","rel":"","context":"En &quot;CINTILLO&quot;","block_context":{"text":"CINTILLO","link":"https:\/\/www.grieta.org.mx\/index.php\/category\/cintillo\/"},"img":{"alt_text":"","src":"https:\/\/i0.wp.com\/www.grieta.org.mx\/wp-content\/uploads\/2018\/03\/14524434_1106112876131411_958039263622046936_o.jpg?resize=350%2C200&ssl=1","width":350,"height":200,"srcset":"https:\/\/i0.wp.com\/www.grieta.org.mx\/wp-content\/uploads\/2018\/03\/14524434_1106112876131411_958039263622046936_o.jpg?resize=350%2C200&ssl=1 1x, https:\/\/i0.wp.com\/www.grieta.org.mx\/wp-content\/uploads\/2018\/03\/14524434_1106112876131411_958039263622046936_o.jpg?resize=525%2C300&ssl=1 1.5x, https:\/\/i0.wp.com\/www.grieta.org.mx\/wp-content\/uploads\/2018\/03\/14524434_1106112876131411_958039263622046936_o.jpg?resize=700%2C400&ssl=1 2x"},"classes":[]},{"id":57712,"url":"https:\/\/www.grieta.org.mx\/index.php\/2021\/03\/08\/fracasa-la-proteccion-de-las-mujeres-en-colima-feminicidios-violencia-y-hostigamiento-sexual-colima\/","url_meta":{"origin":2014,"position":5},"title":"Fracasa la protecci\u00f3n de las mujeres en Colima; feminicidios, violencia y hostigamiento sexual (Colima)","author":"grieta","date":"8 marzo, 2021","format":false,"excerpt":"Foto: Diario Avanzada Heidi de Le\u00f3n Guti\u00e9rrez \/ Diario Avanzada Colima, M\u00e9xico, Avanzada (08\/03\/2021).- En Colima,\u00a0las mujeres no est\u00e1n seguras ni en su casa ni en la calle. Los datos del Secretariado Ejecutivo del Sistema Nacional de Seguridad, ubican a esta entidad con la tasa m\u00e1s alta del pa\u00eds en\u2026","rel":"","context":"En &quot;CINTILLO&quot;","block_context":{"text":"CINTILLO","link":"https:\/\/www.grieta.org.mx\/index.php\/category\/cintillo\/"},"img":{"alt_text":"","src":"https:\/\/i0.wp.com\/www.grieta.org.mx\/wp-content\/uploads\/2021\/03\/Mujer.jpg?resize=350%2C200&ssl=1","width":350,"height":200,"srcset":"https:\/\/i0.wp.com\/www.grieta.org.mx\/wp-content\/uploads\/2021\/03\/Mujer.jpg?resize=350%2C200&ssl=1 1x, https:\/\/i0.wp.com\/www.grieta.org.mx\/wp-content\/uploads\/2021\/03\/Mujer.jpg?resize=525%2C300&ssl=1 1.5x, https:\/\/i0.wp.com\/www.grieta.org.mx\/wp-content\/uploads\/2021\/03\/Mujer.jpg?resize=700%2C400&ssl=1 2x"},"classes":[]}],"_links":{"self":[{"href":"https:\/\/www.grieta.org.mx\/index.php\/wp-json\/wp\/v2\/posts\/2014","targetHints":{"allow":["GET"]}}],"collection":[{"href":"https:\/\/www.grieta.org.mx\/index.php\/wp-json\/wp\/v2\/posts"}],"about":[{"href":"https:\/\/www.grieta.org.mx\/index.php\/wp-json\/wp\/v2\/types\/post"}],"author":[{"embeddable":true,"href":"https:\/\/www.grieta.org.mx\/index.php\/wp-json\/wp\/v2\/users\/2"}],"replies":[{"embeddable":true,"href":"https:\/\/www.grieta.org.mx\/index.php\/wp-json\/wp\/v2\/comments?post=2014"}],"version-history":[{"count":1,"href":"https:\/\/www.grieta.org.mx\/index.php\/wp-json\/wp\/v2\/posts\/2014\/revisions"}],"predecessor-version":[{"id":2051,"href":"https:\/\/www.grieta.org.mx\/index.php\/wp-json\/wp\/v2\/posts\/2014\/revisions\/2051"}],"wp:featuredmedia":[{"embeddable":true,"href":"https:\/\/www.grieta.org.mx\/index.php\/wp-json\/wp\/v2\/media\/21928"}],"wp:attachment":[{"href":"https:\/\/www.grieta.org.mx\/index.php\/wp-json\/wp\/v2\/media?parent=2014"}],"wp:term":[{"taxonomy":"category","embeddable":true,"href":"https:\/\/www.grieta.org.mx\/index.php\/wp-json\/wp\/v2\/categories?post=2014"},{"taxonomy":"post_tag","embeddable":true,"href":"https:\/\/www.grieta.org.mx\/index.php\/wp-json\/wp\/v2\/tags?post=2014"}],"curies":[{"name":"wp","href":"https:\/\/api.w.org\/{rel}","templated":true}]}}