{"id":20116,"date":"2016-08-15T23:46:24","date_gmt":"2016-08-16T04:46:24","guid":{"rendered":"http:\/\/www.grieta.org.mx\/?p=20116"},"modified":"2018-09-26T22:54:41","modified_gmt":"2018-09-27T03:54:41","slug":"cesaron-a-21-trabajadores-de-tlaltizapan-y-disolvieron-su-sindicato-morelos","status":"publish","type":"post","link":"https:\/\/www.grieta.org.mx\/index.php\/2016\/08\/15\/cesaron-a-21-trabajadores-de-tlaltizapan-y-disolvieron-su-sindicato-morelos\/","title":{"rendered":"Cesaron a 21 trabajadores de Tlaltizap\u00e1n y disolvieron su sindicato (MORELOS)"},"content":{"rendered":"<p>Evaristo Torres, Morelos.<\/p>\n<p>Jojutla.- El conflicto entre el presidente municipal de Tlaltizap\u00e1n y el sindicato al servicio de ese ayuntamiento, termin\u00f3, por el momento, con el despido de 21 trabajadores y la disoluci\u00f3n del sindicato, aunque ellos recurrieron a la demanda laboral y aseguran que el sindicato est\u00e1 reconocido.<br \/>\nComo se recordar\u00e1, el primero de julio de este a\u00f1o, el edil David Salazar Guerrero, ces\u00f3 a la dirigente sindical, Guillermina Ram\u00edrez Labra, a quien acusaba de haber ocasionado problemas a la comuna con el manejo del sindicato, pero a varios trabajadores m\u00e1s, les dijeron tambi\u00e9n que estaban despedidos.<br \/>\nDesde entonces, los sindicalizados buscaron acercamiento con el alcalde, quien les dijo que pod\u00edan regresar, pero bajo procedimiento administrativo, lo cual no aceptaron.<br \/>\nFinalmente, esta semana, el edil confirm\u00f3 que formalmente, los 21 trabajadores ya no forman parte de la plantilla laboral.<br \/>\n\u201cAhora s\u00ed que abandonaron y hagan de cuenta cuando la mujer abandona al marido, que ni adi\u00f3s le dice\u201d, declar\u00f3.<br \/>\nAsegur\u00f3 que no contratar\u00e1 m\u00e1s personal, y el recurso que se ahorra por el pago de sus salarios, los destina a apoyos para los ciudadanos y aunque reconoci\u00f3 que no todos los sindicalizados fueron cesados &#8211; se quedaron diez de ellos-, pr\u00e1cticamente el organismo ya no existe. Dijo que la oficina que ocupaban se quedar\u00e1 as\u00ed, sin utilizar por el momento.<br \/>\nPor su parte, el contralor municipal, Vicente Renter\u00eda Rosales, reconoci\u00f3 que desde el 15 de julio, los trabajadores presentaron demanda ante el tribunal laboral. \u201cHaciendo valer un supuesto despido que nunca se dio; ellos dejaron de presentarse a trabajar y demandaron, entonces, est\u00e1n fuera del ayuntamiento totalmente\u201d.<br \/>\nDijo que esperar\u00e1n el juicio para defenderse y demostrar que no fueron despedidos. \u201cCada uno de los jefes inmediatos de ellos levantaron las actas administrativas con las cuales vamos a acreditar que ellos dejaron de presentarse\u201d.<br \/>\nAsimismo, reconoci\u00f3 que ya no hay elementos para conformar un sindicato.<br \/>\n\u201cAutom\u00e1ticamente el sindicato aqu\u00ed en el ayuntamiento queda desaparecido, porque finalmente eran 21 trabajadores sindicalizados de los cuales hoy solamente quedan cinco; para que exista un sindicato, debe tener por lo menos 20 trabajadores\u201d.<br \/>\nSin embargo, reconoci\u00f3 que tienen el derecho de crear otro, aunque por el momento \u201cno ve esa inquietud\u201d.<br \/>\nPor su parte, la dirigente sindical, Guillermina Ram\u00edrez Labra, asegur\u00f3 que el pasado diez de agosto recibi\u00f3 su toma de nota para un nuevo periodo, por lo que el sindicato no est\u00e1 desaparecido, aunque la mayor\u00eda de sus integrantes est\u00e9n despedidos.<br \/>\nSostuvo que en junio fue electa para un nuevo periodo y ya fue reconocida por la Secretar\u00eda del Trabajo.<br \/>\nConfirm\u00f3 que el pasado 15 de julio los trabajadores presentaron su demanda laboral conjunta por despido injustificado y refiri\u00f3 que el presidente municipal condicionaba su regreso a la firma de una minuta con un padr\u00f3n de sindicalizados del a\u00f1o 2013.<\/p>\n<p><a href=\"https:\/\/www.launion.com.mx\/morelos\/zona-sur\/noticias\/93933-cesaron-a-21-trabajadores-de-tlaltizap%C3%A1n-y-disolvieron-su-sindicato.html\" target=\"_blank\">https:\/\/www.launion.com.mx\/morelos\/zona-sur\/noticias\/93933-cesaron-a-21-trabajadores-de-tlaltizap%C3%A1n-y-disolvieron-su-sindicato.html<\/a><\/p>\n","protected":false},"excerpt":{"rendered":"<p>Evaristo Torres, Morelos. Jojutla.- El conflicto entre el presidente municipal de Tlaltizap\u00e1n y el sindicato al servicio de ese ayuntamiento, termin\u00f3, por el momento, con el despido de 21 trabajadores &hellip; <a href=\"https:\/\/www.grieta.org.mx\/index.php\/2016\/08\/15\/cesaron-a-21-trabajadores-de-tlaltizapan-y-disolvieron-su-sindicato-morelos\/\" class=\"more-link\">Leer m\u00e1s<\/a><\/p>\n","protected":false},"author":2,"featured_media":21928,"comment_status":"closed","ping_status":"closed","sticky":false,"template":"","format":"standard","meta":{"ngg_post_thumbnail":0,"_jetpack_newsletter_access":"","_jetpack_dont_email_post_to_subs":false,"_jetpack_newsletter_tier_id":0,"_jetpack_memberships_contains_paywalled_content":false,"_jetpack_memberships_contains_paid_content":false,"footnotes":""},"categories":[80,1756,22,2],"tags":[113,105,163,378],"class_list":["post-20116","post","type-post","status-publish","format-standard","has-post-thumbnail","hentry","category-cintillo","category-conflictos-laborales-en-morelos","category-morelos","category-noticias-nacionales","tag-conflictos-laborales","tag-derechos-laborales","tag-despidos","tag-sindicatos","entry"],"jetpack_featured_media_url":"https:\/\/www.grieta.org.mx\/wp-content\/uploads\/2018\/03\/14524434_1106112876131411_958039263622046936_o.jpg","jetpack_sharing_enabled":true,"jetpack_shortlink":"https:\/\/wp.me\/p7ZJR4-5es","jetpack_likes_enabled":false,"jetpack-related-posts":[{"id":20117,"url":"https:\/\/www.grieta.org.mx\/index.php\/2016\/08\/30\/conflictos-laborales-de-los-trabajadores-del-estado-en-morelos\/","url_meta":{"origin":20116,"position":0},"title":"Conflictos laborales de los trabajadores del estado en Morelos","author":"grieta","date":"30 agosto, 2016","format":false,"excerpt":"30\/08\/16. V\u00edctimas de represalias, se dicen sindicalizados El Sol de Cuernavaca 15\/08\/16. Cesaron a 21 trabajadores de Tlaltizap\u00e1n y disolvieron su sindicato La Uni\u00f3n de Morelos 12\/08\/16. Exigen reinstalaci\u00f3n completa de personal m\u00e9dico despedido en hospital de Puente de Ixtla La Uni\u00f3n de Morelos 02\/08\/16. Protestan por el despido de\u2026","rel":"","context":"En &quot;Morelos&quot;","block_context":{"text":"Morelos","link":"https:\/\/www.grieta.org.mx\/index.php\/category\/noticias-nacionales\/morelos\/"},"img":{"alt_text":"","src":"https:\/\/i0.wp.com\/www.grieta.org.mx\/wp-content\/uploads\/2018\/03\/14524434_1106112876131411_958039263622046936_o.jpg?resize=350%2C200&ssl=1","width":350,"height":200,"srcset":"https:\/\/i0.wp.com\/www.grieta.org.mx\/wp-content\/uploads\/2018\/03\/14524434_1106112876131411_958039263622046936_o.jpg?resize=350%2C200&ssl=1 1x, https:\/\/i0.wp.com\/www.grieta.org.mx\/wp-content\/uploads\/2018\/03\/14524434_1106112876131411_958039263622046936_o.jpg?resize=525%2C300&ssl=1 1.5x, https:\/\/i0.wp.com\/www.grieta.org.mx\/wp-content\/uploads\/2018\/03\/14524434_1106112876131411_958039263622046936_o.jpg?resize=700%2C400&ssl=1 2x"},"classes":[]},{"id":8480,"url":"https:\/\/www.grieta.org.mx\/index.php\/2015\/05\/21\/trabajadores-de-la-universidad-autonoma-de-morelos-inician-paro\/","url_meta":{"origin":20116,"position":1},"title":"Trabajadores de la Universidad Aut\u00f3noma de Morelos inician paro","author":"grieta","date":"21 mayo, 2015","format":false,"excerpt":"El Financiero \u00a0 Edmundo Salgado\/Corresponsal CUERNAVACA. M\u00e1s de 40 mil estudiantes universitarios se quedaron sin clases a partir de la ma\u00f1ana de este jueves, debido al paro laboral impulsado los dos sindicatos que existen en la Universidad Aut\u00f3noma del Estado de Morelos (UAEM). El paro, apoyado por el Sindicato de\u2026","rel":"","context":"En &quot;CINTILLO&quot;","block_context":{"text":"CINTILLO","link":"https:\/\/www.grieta.org.mx\/index.php\/category\/cintillo\/"},"img":{"alt_text":"","src":"https:\/\/i0.wp.com\/www.grieta.org.mx\/wp-content\/uploads\/2018\/03\/14524434_1106112876131411_958039263622046936_o.jpg?resize=350%2C200&ssl=1","width":350,"height":200,"srcset":"https:\/\/i0.wp.com\/www.grieta.org.mx\/wp-content\/uploads\/2018\/03\/14524434_1106112876131411_958039263622046936_o.jpg?resize=350%2C200&ssl=1 1x, https:\/\/i0.wp.com\/www.grieta.org.mx\/wp-content\/uploads\/2018\/03\/14524434_1106112876131411_958039263622046936_o.jpg?resize=525%2C300&ssl=1 1.5x, https:\/\/i0.wp.com\/www.grieta.org.mx\/wp-content\/uploads\/2018\/03\/14524434_1106112876131411_958039263622046936_o.jpg?resize=700%2C400&ssl=1 2x"},"classes":[]},{"id":10282,"url":"https:\/\/www.grieta.org.mx\/index.php\/2016\/04\/11\/desconoce-sindicato-del-municipio-condiciones-laborales-tras-concesion\/","url_meta":{"origin":20116,"position":2},"title":"Desconoce sindicato del Municipio condiciones laborales tras concesi\u00f3n","author":"grieta","date":"11 abril, 2016","format":false,"excerpt":"Mariana Villalobos\/Quadrat\u00edn \"No les podr\u00eda decir hasta que no nos sentemos a platicar con la concesionaria\u201d, asegur\u00f3 Celestino Berm\u00fadez, l\u00edder del Sindicato de los Trabajadores al Servicio del Municipio de Quer\u00e9taro. QUER\u00c9TARO, Qro., 11 de abril de 2016.- Celestino Berm\u00fadez Jim\u00e9nez, l\u00edder del Sindicato de los Trabajadores al Servicio del\u2026","rel":"","context":"En &quot;CINTILLO&quot;","block_context":{"text":"CINTILLO","link":"https:\/\/www.grieta.org.mx\/index.php\/category\/cintillo\/"},"img":{"alt_text":"","src":"https:\/\/i0.wp.com\/www.grieta.org.mx\/wp-content\/uploads\/2018\/03\/14524434_1106112876131411_958039263622046936_o.jpg?resize=350%2C200&ssl=1","width":350,"height":200,"srcset":"https:\/\/i0.wp.com\/www.grieta.org.mx\/wp-content\/uploads\/2018\/03\/14524434_1106112876131411_958039263622046936_o.jpg?resize=350%2C200&ssl=1 1x, https:\/\/i0.wp.com\/www.grieta.org.mx\/wp-content\/uploads\/2018\/03\/14524434_1106112876131411_958039263622046936_o.jpg?resize=525%2C300&ssl=1 1.5x, https:\/\/i0.wp.com\/www.grieta.org.mx\/wp-content\/uploads\/2018\/03\/14524434_1106112876131411_958039263622046936_o.jpg?resize=700%2C400&ssl=1 2x"},"classes":[]},{"id":17208,"url":"https:\/\/www.grieta.org.mx\/index.php\/2016\/07\/16\/reacciona-gremio-por-recorte-al-presupuesto-de-salud\/","url_meta":{"origin":20116,"position":3},"title":"Reacciona gremio por recorte al presupuesto de Salud (MORELOS)","author":"grieta","date":"16 julio, 2016","format":false,"excerpt":"Israel Mariano, Morelos. Este fin de semana, el Sindicato Independiente Nacional de Trabajadores de Salud iniciar\u00e1 acciones ante el recorte del presupuesto para el sector, durante el Congreso Nacional, a realizarse en Oaxtepec. El secretario general de la secci\u00f3n 06 en Morelos, Agust\u00edn Ben\u00edtez Toledo, advirti\u00f3 que los recortes de\u2026","rel":"","context":"En &quot;CINTILLO&quot;","block_context":{"text":"CINTILLO","link":"https:\/\/www.grieta.org.mx\/index.php\/category\/cintillo\/"},"img":{"alt_text":"","src":"https:\/\/i0.wp.com\/www.grieta.org.mx\/wp-content\/uploads\/2018\/03\/14524434_1106112876131411_958039263622046936_o.jpg?resize=350%2C200&ssl=1","width":350,"height":200,"srcset":"https:\/\/i0.wp.com\/www.grieta.org.mx\/wp-content\/uploads\/2018\/03\/14524434_1106112876131411_958039263622046936_o.jpg?resize=350%2C200&ssl=1 1x, https:\/\/i0.wp.com\/www.grieta.org.mx\/wp-content\/uploads\/2018\/03\/14524434_1106112876131411_958039263622046936_o.jpg?resize=525%2C300&ssl=1 1.5x, https:\/\/i0.wp.com\/www.grieta.org.mx\/wp-content\/uploads\/2018\/03\/14524434_1106112876131411_958039263622046936_o.jpg?resize=700%2C400&ssl=1 2x"},"classes":[]},{"id":18675,"url":"https:\/\/www.grieta.org.mx\/index.php\/2016\/08\/02\/conflictos-laborales-por-la-privatizacion-de-la-recoleccion-de-basura-en-queretaro\/","url_meta":{"origin":20116,"position":4},"title":"Conflictos laborales por la privatizaci\u00f3n de la recolecci\u00f3n de basura en Quer\u00e9taro","author":"grieta","date":"2 agosto, 2016","format":false,"excerpt":"02\/08\/16. 7 mil firmas requieren para plebiscito en el municipio de Quer\u00e9taro AM Quer\u00e9taro 22\/04\/16. De nuevo, pide sindicato emplazamiento a huelga AM Quer\u00e9taro 19\/04\/16. Piden consulta popular sobre servicio de limpia AM Quer\u00e9taro 11\/04\/16. Anular concesi\u00f3n, \u00fanica demanda de trabajadores de recolecci\u00f3n de basura (VIDEO) Quadrat\u00edn 11\/04\/16. Trabajadores piden\u2026","rel":"","context":"En &quot;CINTILLO&quot;","block_context":{"text":"CINTILLO","link":"https:\/\/www.grieta.org.mx\/index.php\/category\/cintillo\/"},"img":{"alt_text":"","src":"https:\/\/i0.wp.com\/www.grieta.org.mx\/wp-content\/uploads\/2018\/03\/14524434_1106112876131411_958039263622046936_o.jpg?resize=350%2C200&ssl=1","width":350,"height":200,"srcset":"https:\/\/i0.wp.com\/www.grieta.org.mx\/wp-content\/uploads\/2018\/03\/14524434_1106112876131411_958039263622046936_o.jpg?resize=350%2C200&ssl=1 1x, https:\/\/i0.wp.com\/www.grieta.org.mx\/wp-content\/uploads\/2018\/03\/14524434_1106112876131411_958039263622046936_o.jpg?resize=525%2C300&ssl=1 1.5x, https:\/\/i0.wp.com\/www.grieta.org.mx\/wp-content\/uploads\/2018\/03\/14524434_1106112876131411_958039263622046936_o.jpg?resize=700%2C400&ssl=1 2x"},"classes":[]},{"id":20518,"url":"https:\/\/www.grieta.org.mx\/index.php\/2016\/08\/30\/mantendran-lucha-por-reinstalacion-de-profes-morelos\/","url_meta":{"origin":20116,"position":5},"title":"Mantendr\u00e1n lucha por reinstalaci\u00f3n de profes (MORELOS)","author":"grieta","date":"30 agosto, 2016","format":false,"excerpt":"M\u00f3nica Gonz\u00e1lez, Morelos. La Secci\u00f3n 19 del Sindicato Nacional de Trabajadores de la Educaci\u00f3n (SNTE) anunci\u00f3 que no bajar\u00e1n la guardia para seguir defendiendo a los 25 maestros que fueron cesados en la entidad y, de manera jur\u00eddica, continuar\u00e1n pugnando por su reinstalaci\u00f3n, dijo Gabriela Ba\u00f1\u00f3n Estrada, secretaria general. \"Seguimos\u2026","rel":"","context":"En &quot;CINTILLO&quot;","block_context":{"text":"CINTILLO","link":"https:\/\/www.grieta.org.mx\/index.php\/category\/cintillo\/"},"img":{"alt_text":"","src":"https:\/\/i0.wp.com\/www.grieta.org.mx\/wp-content\/uploads\/2018\/03\/14524434_1106112876131411_958039263622046936_o.jpg?resize=350%2C200&ssl=1","width":350,"height":200,"srcset":"https:\/\/i0.wp.com\/www.grieta.org.mx\/wp-content\/uploads\/2018\/03\/14524434_1106112876131411_958039263622046936_o.jpg?resize=350%2C200&ssl=1 1x, https:\/\/i0.wp.com\/www.grieta.org.mx\/wp-content\/uploads\/2018\/03\/14524434_1106112876131411_958039263622046936_o.jpg?resize=525%2C300&ssl=1 1.5x, https:\/\/i0.wp.com\/www.grieta.org.mx\/wp-content\/uploads\/2018\/03\/14524434_1106112876131411_958039263622046936_o.jpg?resize=700%2C400&ssl=1 2x"},"classes":[]}],"_links":{"self":[{"href":"https:\/\/www.grieta.org.mx\/index.php\/wp-json\/wp\/v2\/posts\/20116","targetHints":{"allow":["GET"]}}],"collection":[{"href":"https:\/\/www.grieta.org.mx\/index.php\/wp-json\/wp\/v2\/posts"}],"about":[{"href":"https:\/\/www.grieta.org.mx\/index.php\/wp-json\/wp\/v2\/types\/post"}],"author":[{"embeddable":true,"href":"https:\/\/www.grieta.org.mx\/index.php\/wp-json\/wp\/v2\/users\/2"}],"replies":[{"embeddable":true,"href":"https:\/\/www.grieta.org.mx\/index.php\/wp-json\/wp\/v2\/comments?post=20116"}],"version-history":[{"count":1,"href":"https:\/\/www.grieta.org.mx\/index.php\/wp-json\/wp\/v2\/posts\/20116\/revisions"}],"predecessor-version":[{"id":20118,"href":"https:\/\/www.grieta.org.mx\/index.php\/wp-json\/wp\/v2\/posts\/20116\/revisions\/20118"}],"wp:featuredmedia":[{"embeddable":true,"href":"https:\/\/www.grieta.org.mx\/index.php\/wp-json\/wp\/v2\/media\/21928"}],"wp:attachment":[{"href":"https:\/\/www.grieta.org.mx\/index.php\/wp-json\/wp\/v2\/media?parent=20116"}],"wp:term":[{"taxonomy":"category","embeddable":true,"href":"https:\/\/www.grieta.org.mx\/index.php\/wp-json\/wp\/v2\/categories?post=20116"},{"taxonomy":"post_tag","embeddable":true,"href":"https:\/\/www.grieta.org.mx\/index.php\/wp-json\/wp\/v2\/tags?post=20116"}],"curies":[{"name":"wp","href":"https:\/\/api.w.org\/{rel}","templated":true}]}}