{"id":20109,"date":"2016-08-12T23:58:57","date_gmt":"2016-08-13T04:58:57","guid":{"rendered":"http:\/\/www.grieta.org.mx\/?p=20109"},"modified":"2018-09-26T23:12:11","modified_gmt":"2018-09-27T04:12:11","slug":"exigen-reinstalacion-completa-de-personal-medico-despedido-en-hospital-de-puente-de-ixtla-morelos","status":"publish","type":"post","link":"https:\/\/www.grieta.org.mx\/index.php\/2016\/08\/12\/exigen-reinstalacion-completa-de-personal-medico-despedido-en-hospital-de-puente-de-ixtla-morelos\/","title":{"rendered":"Exigen reinstalaci\u00f3n completa de personal m\u00e9dico despedido en hospital de Puente de Ixtla (MORELOS)"},"content":{"rendered":"<p>Silvia Lozano Venegas, Morelos.<\/p>\n<p>Los vecinos de Puente de Ixtla protestaron de nueva cuenta afuera de los Servicios de Salud de Morelos, porque consideraron insuficiente la reinstalaci\u00f3n de nueve m\u00e9dicos en los hospitales comunitarios; exigieron que se quede el mismo n\u00famero de especialistas y enfermeras que estaban, para que el servicio no se colapse.<br \/>\nAlrededor de las 11 horas de este jueves, los habitantes de Puente de Ixtla, acompa\u00f1ados por la diputada federal Rosalina Mazari Esp\u00edn, arribaron a los Servicios de Salud, para demandar a la titular de la Secretar\u00eda de Salud la recontrataci\u00f3n del personal que despidi\u00f3.<br \/>\nRosalina Mazari Esp\u00edn insisti\u00f3 que est\u00e1 consciente del recorte al presupuesto, pero que el gobierno del estado no debe ser omiso ante las necesidades de la poblaci\u00f3n, sobre todo en salud, y debe reasignar recursos para enfrentar el problema; que si no aumenta los servicios, al menos que no los recorte.<br \/>\nTras unos minutos de espera, pas\u00f3 una comisi\u00f3n de 20 personas, que fueron recibidas por la secretaria de Salud, \u00c1ngela Patricia Mora Gonz\u00e1lez; la directora de los Servicios de Salud, Giorgia Rubio Bravo y Andrik Ruiz de Ch\u00e1vez, director de Administraci\u00f3n de los Servicios de Salud, quienes explicaron que ante el recorte presupuestal de 94 millones, que les anunci\u00f3 la Federaci\u00f3n para el 2016, y ante el incremento de enfermos renales, se vieron en la necesidad de despedir personal.<br \/>\nMora Gonz\u00e1lez subray\u00f3: \u201cNo tenemos dinero para recontratar y pagar a m\u00e1s m\u00e9dicos, estamos haciendo una reestructuraci\u00f3n, el gobernador nos ha instruido para que procuremos la atenci\u00f3n a la gente, tanto en centros de salud como en hospitales, por lo que de manera inmediata procederemos para que los m\u00e9dicos que no est\u00e1n en atenci\u00f3n directa con pacientes, que son nueve, se les cambien sus contratos y cubran las \u00e1reas asistenciales\u201d.<br \/>\nLes recalc\u00f3 a los inconformes que por mucho que toquen puertas, si no hay disposici\u00f3n de la Federaci\u00f3n para que le den m\u00e1s recursos, no se puede tener gente laborando a la que no se le podr\u00e1 pagar.<br \/>\n\u201cSomos sensibles, se los juro, vamos a seguir buscando m\u00e1s recursos, pero tenemos que ser sensatos. El gobernador no ha sido omiso y ha gestionado para enfermos renales porque el costo para insuficiencia renal es alt\u00edsimo. Vimos esa urgencia y dimos prioridad, a que se nos mueran 380 personas o a despedir enfermeras\u201d, expuso Patricia Mora.<br \/>\nSin embargo, despu\u00e9s de dos horas en la mesa de reuni\u00f3n entre las autoridades de Servicios de Salud y los vecinos de Puente de Ixtla, donde se les explic\u00f3 la situaci\u00f3n financiera mediante gr\u00e1ficas, \u00e9stos manifestaron que se van insatisfechos y esperan que en una pr\u00f3xima reuni\u00f3n se logre mayor apoyo para los hospitales comunitarios, porque la semana pasada un trabajador acudi\u00f3 con su hija al hospital y por falta de atenci\u00f3n medica la ni\u00f1a muri\u00f3.<br \/>\nLa diputada priista le pidi\u00f3 a la secretaria que gestione m\u00e1s recursos, as\u00ed como tambi\u00e9n ella lo har\u00e1. Mientras que los afectados declararon que su exigencia no obedece a un asunto pol\u00edtico, ni para afectar al gobernador, sino para que se atienda el problema, porque con el recorte de personal ser\u00e1 ca\u00f3tica la atenci\u00f3n en los hospitales.<\/p>\n<p><a href=\"https:\/\/www.launion.com.mx\/morelos\/zona-sur\/noticias\/93804-exigen-reinstalaci%C3%B3n-completa-de-personal-m%C3%A9dico-despedido-en-hospital-de-puente-de-ixtla.html\" target=\"_blank\">https:\/\/www.launion.com.mx\/morelos\/zona-sur\/noticias\/93804-exigen-reinstalaci%C3%B3n-completa-de-personal-m%C3%A9dico-despedido-en-hospital-de-puente-de-ixtla.html<\/a><\/p>\n","protected":false},"excerpt":{"rendered":"<p>Silvia Lozano Venegas, Morelos. Los vecinos de Puente de Ixtla protestaron de nueva cuenta afuera de los Servicios de Salud de Morelos, porque consideraron insuficiente la reinstalaci\u00f3n de nueve m\u00e9dicos &hellip; <a href=\"https:\/\/www.grieta.org.mx\/index.php\/2016\/08\/12\/exigen-reinstalacion-completa-de-personal-medico-despedido-en-hospital-de-puente-de-ixtla-morelos\/\" class=\"more-link\">Leer m\u00e1s<\/a><\/p>\n","protected":false},"author":2,"featured_media":21928,"comment_status":"closed","ping_status":"closed","sticky":false,"template":"","format":"standard","meta":{"ngg_post_thumbnail":0,"_jetpack_newsletter_access":"","_jetpack_dont_email_post_to_subs":false,"_jetpack_newsletter_tier_id":0,"_jetpack_memberships_contains_paywalled_content":false,"_jetpack_memberships_contains_paid_content":false,"footnotes":""},"categories":[80,1756,22,1763,2],"tags":[113,163,180,149],"class_list":["post-20109","post","type-post","status-publish","format-standard","has-post-thumbnail","hentry","category-cintillo","category-conflictos-laborales-en-morelos","category-morelos","category-movilizaciones-del-sector-salud-en-morelos","category-noticias-nacionales","tag-conflictos-laborales","tag-despidos","tag-protesta","tag-salud","entry"],"jetpack_featured_media_url":"https:\/\/www.grieta.org.mx\/wp-content\/uploads\/2018\/03\/14524434_1106112876131411_958039263622046936_o.jpg","jetpack_sharing_enabled":true,"jetpack_shortlink":"https:\/\/wp.me\/p7ZJR4-5el","jetpack_likes_enabled":false,"jetpack-related-posts":[{"id":20117,"url":"https:\/\/www.grieta.org.mx\/index.php\/2016\/08\/30\/conflictos-laborales-de-los-trabajadores-del-estado-en-morelos\/","url_meta":{"origin":20109,"position":0},"title":"Conflictos laborales de los trabajadores del estado en Morelos","author":"grieta","date":"30 agosto, 2016","format":false,"excerpt":"30\/08\/16. V\u00edctimas de represalias, se dicen sindicalizados El Sol de Cuernavaca 15\/08\/16. Cesaron a 21 trabajadores de Tlaltizap\u00e1n y disolvieron su sindicato La Uni\u00f3n de Morelos 12\/08\/16. Exigen reinstalaci\u00f3n completa de personal m\u00e9dico despedido en hospital de Puente de Ixtla La Uni\u00f3n de Morelos 02\/08\/16. Protestan por el despido de\u2026","rel":"","context":"En &quot;Morelos&quot;","block_context":{"text":"Morelos","link":"https:\/\/www.grieta.org.mx\/index.php\/category\/noticias-nacionales\/morelos\/"},"img":{"alt_text":"","src":"https:\/\/i0.wp.com\/www.grieta.org.mx\/wp-content\/uploads\/2018\/03\/14524434_1106112876131411_958039263622046936_o.jpg?resize=350%2C200&ssl=1","width":350,"height":200,"srcset":"https:\/\/i0.wp.com\/www.grieta.org.mx\/wp-content\/uploads\/2018\/03\/14524434_1106112876131411_958039263622046936_o.jpg?resize=350%2C200&ssl=1 1x, https:\/\/i0.wp.com\/www.grieta.org.mx\/wp-content\/uploads\/2018\/03\/14524434_1106112876131411_958039263622046936_o.jpg?resize=525%2C300&ssl=1 1.5x, https:\/\/i0.wp.com\/www.grieta.org.mx\/wp-content\/uploads\/2018\/03\/14524434_1106112876131411_958039263622046936_o.jpg?resize=700%2C400&ssl=1 2x"},"classes":[]},{"id":19712,"url":"https:\/\/www.grieta.org.mx\/index.php\/2016\/08\/02\/protestan-por-el-despido-de-15-empleados-del-hospital-comunitario-de-puente-de-ixtla-morelos\/","url_meta":{"origin":20109,"position":1},"title":"Protestan por el despido de 15 empleados del hospital comunitario de Puente de Ixtla (MORELOS)","author":"grieta","date":"2 agosto, 2016","format":false,"excerpt":"Nora Celia Dom\u00ednguez, Morelos. C\u00e9sar Rodr\u00edguez V\u00e1zquez, vecino de la colonia Loma Linda, mencion\u00f3 que dan apoyo total a los trabajadores que dejaron de laborar desde este primero de agosto, de acuerdo con la informaci\u00f3n que otorgaron las autoridades del nosocomio, como se hab\u00eda anticipado desde el pasado viernes. \u201cYa\u2026","rel":"","context":"En &quot;CINTILLO&quot;","block_context":{"text":"CINTILLO","link":"https:\/\/www.grieta.org.mx\/index.php\/category\/cintillo\/"},"img":{"alt_text":"","src":"https:\/\/i0.wp.com\/www.grieta.org.mx\/wp-content\/uploads\/2018\/03\/14524434_1106112876131411_958039263622046936_o.jpg?resize=350%2C200&ssl=1","width":350,"height":200,"srcset":"https:\/\/i0.wp.com\/www.grieta.org.mx\/wp-content\/uploads\/2018\/03\/14524434_1106112876131411_958039263622046936_o.jpg?resize=350%2C200&ssl=1 1x, https:\/\/i0.wp.com\/www.grieta.org.mx\/wp-content\/uploads\/2018\/03\/14524434_1106112876131411_958039263622046936_o.jpg?resize=525%2C300&ssl=1 1.5x, https:\/\/i0.wp.com\/www.grieta.org.mx\/wp-content\/uploads\/2018\/03\/14524434_1106112876131411_958039263622046936_o.jpg?resize=700%2C400&ssl=1 2x"},"classes":[]},{"id":15009,"url":"https:\/\/www.grieta.org.mx\/index.php\/2016\/08\/12\/movilizaciones-contra-la-reforma-al-sector-salud-en-morelos\/","url_meta":{"origin":20109,"position":2},"title":"Movilizaciones del sector salud en Morelos","author":"grieta","date":"12 agosto, 2016","format":false,"excerpt":"12\/08\/16. Exigen reinstalaci\u00f3n completa de personal m\u00e9dico despedido en hospital de Puente de Ixtla La Uni\u00f3n de Morelos 02\/08\/16. Protestan por el despido de 15 empleados del hospital comunitario de Puente de Ixtla La Uni\u00f3n de Morelos 02\/08\/16. De 95 millones el recorte a los hospitales La Uni\u00f3n de Morelos\u2026","rel":"","context":"En &quot;Morelos&quot;","block_context":{"text":"Morelos","link":"https:\/\/www.grieta.org.mx\/index.php\/category\/noticias-nacionales\/morelos\/"},"img":{"alt_text":"","src":"https:\/\/i0.wp.com\/www.grieta.org.mx\/wp-content\/uploads\/2018\/03\/14524434_1106112876131411_958039263622046936_o.jpg?resize=350%2C200&ssl=1","width":350,"height":200,"srcset":"https:\/\/i0.wp.com\/www.grieta.org.mx\/wp-content\/uploads\/2018\/03\/14524434_1106112876131411_958039263622046936_o.jpg?resize=350%2C200&ssl=1 1x, https:\/\/i0.wp.com\/www.grieta.org.mx\/wp-content\/uploads\/2018\/03\/14524434_1106112876131411_958039263622046936_o.jpg?resize=525%2C300&ssl=1 1.5x, https:\/\/i0.wp.com\/www.grieta.org.mx\/wp-content\/uploads\/2018\/03\/14524434_1106112876131411_958039263622046936_o.jpg?resize=700%2C400&ssl=1 2x"},"classes":[]},{"id":19709,"url":"https:\/\/www.grieta.org.mx\/index.php\/2016\/08\/02\/de-95-millones-el-recorte-a-los-hospitales-morelos\/","url_meta":{"origin":20109,"position":3},"title":"De 95 millones el recorte a los hospitales (MORELOS)","author":"grieta","date":"2 agosto, 2016","format":false,"excerpt":"Evaristo Torres, Morelos. Luego de que hace unos d\u00edas, vecinos de Puente de Ixtla se manifestaron en contra del posible cierre del hospital comunitario de ese lugar, que tem\u00edan que se convirtiera en centro de salud sin especialidades, el legislador asegur\u00f3 que habl\u00f3 con la secretaria de salud Patricia Mora,\u2026","rel":"","context":"En &quot;CINTILLO&quot;","block_context":{"text":"CINTILLO","link":"https:\/\/www.grieta.org.mx\/index.php\/category\/cintillo\/"},"img":{"alt_text":"","src":"https:\/\/i0.wp.com\/www.grieta.org.mx\/wp-content\/uploads\/2018\/03\/14524434_1106112876131411_958039263622046936_o.jpg?resize=350%2C200&ssl=1","width":350,"height":200,"srcset":"https:\/\/i0.wp.com\/www.grieta.org.mx\/wp-content\/uploads\/2018\/03\/14524434_1106112876131411_958039263622046936_o.jpg?resize=350%2C200&ssl=1 1x, https:\/\/i0.wp.com\/www.grieta.org.mx\/wp-content\/uploads\/2018\/03\/14524434_1106112876131411_958039263622046936_o.jpg?resize=525%2C300&ssl=1 1.5x, https:\/\/i0.wp.com\/www.grieta.org.mx\/wp-content\/uploads\/2018\/03\/14524434_1106112876131411_958039263622046936_o.jpg?resize=700%2C400&ssl=1 2x"},"classes":[]},{"id":27903,"url":"https:\/\/www.grieta.org.mx\/index.php\/2018\/12\/04\/blindan-morelos-con-900-soldados-y-30-policias-federales\/","url_meta":{"origin":20109,"position":4},"title":"Blindan Morelos con 900 soldados y 30 polic\u00edas federales","author":"grieta","date":"4 diciembre, 2018","format":false,"excerpt":"Redacci\u00f3n \/ Diario de Coahuila CUERNAVACA, Mor., diciembre 4 (EL UNIVERSAL).- Desde este fin de semana, 900 elementos del Ej\u00e9rcito y 30 de la Polic\u00eda Federal recorren la entidad en labores de seguridad y vigilancia en coordinaci\u00f3n con la Polic\u00eda de Mando \u00danico de Morelos. Los elementos de respaldo tienen\u2026","rel":"","context":"En &quot;Militarizaci\u00f3n&quot;","block_context":{"text":"Militarizaci\u00f3n","link":"https:\/\/www.grieta.org.mx\/index.php\/category\/temas-nacionales\/militarizacion\/"},"img":{"alt_text":"","src":"https:\/\/i0.wp.com\/www.grieta.org.mx\/wp-content\/uploads\/2018\/12\/f620x350-712051_743069_0.jpg?resize=350%2C200&ssl=1","width":350,"height":200,"srcset":"https:\/\/i0.wp.com\/www.grieta.org.mx\/wp-content\/uploads\/2018\/12\/f620x350-712051_743069_0.jpg?resize=350%2C200&ssl=1 1x, https:\/\/i0.wp.com\/www.grieta.org.mx\/wp-content\/uploads\/2018\/12\/f620x350-712051_743069_0.jpg?resize=525%2C300&ssl=1 1.5x"},"classes":[]},{"id":44231,"url":"https:\/\/www.grieta.org.mx\/index.php\/2020\/01\/08\/habitantes-de-morelos-acusan-a-conagua-de-realizar-construccion-minera-en-terreno-privado\/","url_meta":{"origin":20109,"position":5},"title":"Habitantes de Morelos acusan a Conagua de realizar construcci\u00f3n minera en terreno privado","author":"grieta","date":"8 enero, 2020","format":false,"excerpt":"Xavier Oma\u00f1a \/ El Gr\u00e1fico CUERNAVACA.\u2014 Integrantes del Movimiento Contra la Minera del poblado de Alpuyeca, en Xochitepec, y Tetlama, de Temixco, denunciaron que la Comisi\u00f3n Nacional del Agua (Conagua) est\u00e1 perforando un pozo para llevar el l\u00edquido a ese mega proyecto. Antonio Camacho Romero, uno de los opositores, detall\u00f3\u2026","rel":"","context":"En &quot;CINTILLO&quot;","block_context":{"text":"CINTILLO","link":"https:\/\/www.grieta.org.mx\/index.php\/category\/cintillo\/"},"img":{"alt_text":"","src":"https:\/\/i0.wp.com\/www.grieta.org.mx\/wp-content\/uploads\/2020\/02\/Screenshot_2020-02-12-Habitantes-de-Morelos-acusan-a-Conagua-de-realizar-construcci%C3%B3n-minera-en-terreno-privado.png?resize=350%2C200&ssl=1","width":350,"height":200,"srcset":"https:\/\/i0.wp.com\/www.grieta.org.mx\/wp-content\/uploads\/2020\/02\/Screenshot_2020-02-12-Habitantes-de-Morelos-acusan-a-Conagua-de-realizar-construcci%C3%B3n-minera-en-terreno-privado.png?resize=350%2C200&ssl=1 1x, https:\/\/i0.wp.com\/www.grieta.org.mx\/wp-content\/uploads\/2020\/02\/Screenshot_2020-02-12-Habitantes-de-Morelos-acusan-a-Conagua-de-realizar-construcci%C3%B3n-minera-en-terreno-privado.png?resize=525%2C300&ssl=1 1.5x, https:\/\/i0.wp.com\/www.grieta.org.mx\/wp-content\/uploads\/2020\/02\/Screenshot_2020-02-12-Habitantes-de-Morelos-acusan-a-Conagua-de-realizar-construcci%C3%B3n-minera-en-terreno-privado.png?resize=700%2C400&ssl=1 2x"},"classes":[]}],"_links":{"self":[{"href":"https:\/\/www.grieta.org.mx\/index.php\/wp-json\/wp\/v2\/posts\/20109","targetHints":{"allow":["GET"]}}],"collection":[{"href":"https:\/\/www.grieta.org.mx\/index.php\/wp-json\/wp\/v2\/posts"}],"about":[{"href":"https:\/\/www.grieta.org.mx\/index.php\/wp-json\/wp\/v2\/types\/post"}],"author":[{"embeddable":true,"href":"https:\/\/www.grieta.org.mx\/index.php\/wp-json\/wp\/v2\/users\/2"}],"replies":[{"embeddable":true,"href":"https:\/\/www.grieta.org.mx\/index.php\/wp-json\/wp\/v2\/comments?post=20109"}],"version-history":[{"count":1,"href":"https:\/\/www.grieta.org.mx\/index.php\/wp-json\/wp\/v2\/posts\/20109\/revisions"}],"predecessor-version":[{"id":20110,"href":"https:\/\/www.grieta.org.mx\/index.php\/wp-json\/wp\/v2\/posts\/20109\/revisions\/20110"}],"wp:featuredmedia":[{"embeddable":true,"href":"https:\/\/www.grieta.org.mx\/index.php\/wp-json\/wp\/v2\/media\/21928"}],"wp:attachment":[{"href":"https:\/\/www.grieta.org.mx\/index.php\/wp-json\/wp\/v2\/media?parent=20109"}],"wp:term":[{"taxonomy":"category","embeddable":true,"href":"https:\/\/www.grieta.org.mx\/index.php\/wp-json\/wp\/v2\/categories?post=20109"},{"taxonomy":"post_tag","embeddable":true,"href":"https:\/\/www.grieta.org.mx\/index.php\/wp-json\/wp\/v2\/tags?post=20109"}],"curies":[{"name":"wp","href":"https:\/\/api.w.org\/{rel}","templated":true}]}}