{"id":20030,"date":"2016-08-14T13:18:24","date_gmt":"2016-08-14T18:18:24","guid":{"rendered":"http:\/\/www.grieta.org.mx\/?p=20030"},"modified":"2018-07-19T09:52:32","modified_gmt":"2018-07-19T14:52:32","slug":"paran-construccion-del-parque-eolico","status":"publish","type":"post","link":"https:\/\/www.grieta.org.mx\/index.php\/2016\/08\/14\/paran-construccion-del-parque-eolico\/","title":{"rendered":"Paran construcci\u00f3n del Parque E\u00f3lico"},"content":{"rendered":"<p><img decoding=\"async\" data-attachment-id=\"24887\" data-permalink=\"https:\/\/www.grieta.org.mx\/index.php\/2016\/08\/14\/paran-construccion-del-parque-eolico\/eolica-4\/\" data-orig-file=\"https:\/\/www.grieta.org.mx\/wp-content\/uploads\/2016\/08\/eolica-4.jpg\" data-orig-size=\"1000,667\" data-comments-opened=\"0\" data-image-meta=\"{&quot;aperture&quot;:&quot;0&quot;,&quot;credit&quot;:&quot;&quot;,&quot;camera&quot;:&quot;&quot;,&quot;caption&quot;:&quot;&quot;,&quot;created_timestamp&quot;:&quot;0&quot;,&quot;copyright&quot;:&quot;&quot;,&quot;focal_length&quot;:&quot;0&quot;,&quot;iso&quot;:&quot;0&quot;,&quot;shutter_speed&quot;:&quot;0&quot;,&quot;title&quot;:&quot;&quot;,&quot;orientation&quot;:&quot;0&quot;}\" data-image-title=\"eolica 4\" data-image-description=\"\" data-image-caption=\"\" data-medium-file=\"https:\/\/www.grieta.org.mx\/wp-content\/uploads\/2016\/08\/eolica-4-300x200.jpg\" data-large-file=\"https:\/\/www.grieta.org.mx\/wp-content\/uploads\/2016\/08\/eolica-4.jpg\" src=\"http:\/\/www.grieta.org.mx\/wp-content\/uploads\/2016\/08\/eolica-4-300x200.jpg\" alt=\"\" width=\"100%\"  class=\"aligncenter size-medium wp-image-24887\" srcset=\"https:\/\/www.grieta.org.mx\/wp-content\/uploads\/2016\/08\/eolica-4-300x200.jpg 300w, https:\/\/www.grieta.org.mx\/wp-content\/uploads\/2016\/08\/eolica-4-768x512.jpg 768w, https:\/\/www.grieta.org.mx\/wp-content\/uploads\/2016\/08\/eolica-4-750x500.jpg 750w, https:\/\/www.grieta.org.mx\/wp-content\/uploads\/2016\/08\/eolica-4.jpg 1000w\" sizes=\"(max-width: 300px) 100vw, 300px\" \/><br \/>\nSA\u00daL ORTEGA<\/p>\n<p>Desde las 7 horas de este viernes, transportistas que trabajan en la construcci\u00f3n del Parque E\u00f3lico La Bufa, ubicado detr\u00e1s del cerro de La Virgen, en la capital, mantienen bloqueado el acceso al lugar debido a la falta de pago de honorarios desde hace siete semanas.<\/p>\n<p>Los constructores colocaron<br \/>\nal menos siete camiones de volteo y una pipa en el ingreso a la zona de construcci\u00f3n para impedir que suban las piezas de las torres que deben ser levantadas en el parque.<br \/>\nMarcos Aguilar Jaime, secretario del trabajo de los sindicatos que laboran en la empresa Winston Construcciones, que a su vez est\u00e1 a las \u00f3rdenes de M\u00e9xico Power Group, responsable de la instalaci\u00f3n del Parque E\u00f3lico La Bufa, inform\u00f3 que lo \u00fanico que dice la compa\u00f1\u00eda para la que trabajan es que el pago correspondiente est\u00e1 por realizarse; sin embargo, no se les da una fecha fija sobre cu\u00e1ndo estar\u00e1 listo el dep\u00f3sito.<\/p>\n<p>Detall\u00f3 que son alrededor de 150 transportistas los afectados, entre conductores de camiones de volteo y piperos.<\/p>\n<p>Reconoci\u00f3 que no conoce el monto que adeuda la empresa, \u201cpero somos trabajadores pertenecientes a seis sindicatos los que estamos aqu\u00ed parados\u201d.<\/p>\n<p>Aguilar Jaime agreg\u00f3 que Winston Construcciones justifica la falta de retribuci\u00f3n al decir que \u201cellos no han recibido el pago de la empresa que los contrat\u00f3\u201d, y que por eso no les han liquidado.<\/p>\n<p>Advirti\u00f3 que aun cuando tienen la promesa de Winston Construcciones de que recibir\u00e1n su pago correspondiente a las siete semanas adeudadas, mantendr\u00e1n el bloqueo en el acceso del lugar donde se levanta el Parque E\u00f3lico.<\/p>\n<p>La construcci\u00f3n de \u00e9ste comenz\u00f3 el 21 de junio en una superficie de 11 mil hect\u00e1reas. En este parque, que se edificar\u00e1 en dos fases, se generar\u00e1 energ\u00eda sustentable y renovable: 560 gigavatios cada a\u00f1o, que aproximan al consumo de 70 mil actuales.<\/p>\n<p>Para las dos fases de este proyecto se invirtieron 350 millones de d\u00f3lares, adem\u00e1s de que el parque contar\u00e1 con 90 aerogeneradores.<\/p>\n<p>Con esta obra se han creado 300 empleos directos durante la construcci\u00f3n, en un periodo de seis a ocho meses, m\u00e1s 50 trabajos fijos para la operaci\u00f3n y mantenimiento.<\/p>\n<p><a href=\"http:\/\/ntrzacatecas.com\/2016\/08\/14\/paran-construccion-del-parque-eolico\/\" target=\"_blank\">http:\/\/ntrzacatecas.com\/2016\/08\/14\/paran-construccion-del-parque-eolico\/<\/a><\/p>\n","protected":false},"excerpt":{"rendered":"<p>SA\u00daL ORTEGA Desde las 7 horas de este viernes, transportistas que trabajan en la construcci\u00f3n del Parque E\u00f3lico La Bufa, ubicado detr\u00e1s del cerro de La Virgen, en la capital, &hellip; <a href=\"https:\/\/www.grieta.org.mx\/index.php\/2016\/08\/14\/paran-construccion-del-parque-eolico\/\" class=\"more-link\">Leer m\u00e1s<\/a><\/p>\n","protected":false},"author":2,"featured_media":24887,"comment_status":"closed","ping_status":"closed","sticky":false,"template":"","format":"standard","meta":{"ngg_post_thumbnail":0,"_jetpack_newsletter_access":"","_jetpack_dont_email_post_to_subs":false,"_jetpack_newsletter_tier_id":0,"_jetpack_memberships_contains_paywalled_content":false,"_jetpack_memberships_contains_paid_content":false,"footnotes":""},"categories":[80,2,1509,76],"tags":[177],"class_list":["post-20030","post","type-post","status-publish","format-standard","has-post-thumbnail","hentry","category-cintillo","category-noticias-nacionales","category-parques-eolicos-en-zacatecas","category-zacatecas","tag-parque-eolico","entry"],"jetpack_featured_media_url":"https:\/\/www.grieta.org.mx\/wp-content\/uploads\/2016\/08\/eolica-4.jpg","jetpack_sharing_enabled":true,"jetpack_shortlink":"https:\/\/wp.me\/p7ZJR4-5d4","jetpack_likes_enabled":false,"jetpack-related-posts":[{"id":2793,"url":"https:\/\/www.grieta.org.mx\/index.php\/2015\/12\/12\/gamesa-construira-parque-eolico-de-130-mw-en-zacatecas-para-suministrar-energia-a-volkswagen\/","url_meta":{"origin":20030,"position":0},"title":"Gamesa construir\u00e1 parque e\u00f3lico de 130 MW en Zacatecas para suministrar energ\u00eda a Volkswagen","author":"grieta","date":"12 diciembre, 2015","format":false,"excerpt":"Gamesa instalar\u00e1 65 aerogeneradores G114-2.0 MW en el parque de La Bufa situado en el estado de Zacatecas, en el centro de M\u00e9xico. Gamesa, l\u00edder tecnol\u00f3gico global en la industria e\u00f3lica, ha firmado un contrato con los promotores Mexico Power Group y First Reserve para la construcci\u00f3n llave en mano\u2026","rel":"","context":"En &quot;CINTILLO&quot;","block_context":{"text":"CINTILLO","link":"https:\/\/www.grieta.org.mx\/index.php\/category\/cintillo\/"},"img":{"alt_text":"","src":"https:\/\/i0.wp.com\/www.grieta.org.mx\/wp-content\/uploads\/2015\/12\/eolica-3.jpg?resize=350%2C200&ssl=1","width":350,"height":200,"srcset":"https:\/\/i0.wp.com\/www.grieta.org.mx\/wp-content\/uploads\/2015\/12\/eolica-3.jpg?resize=350%2C200&ssl=1 1x, https:\/\/i0.wp.com\/www.grieta.org.mx\/wp-content\/uploads\/2015\/12\/eolica-3.jpg?resize=525%2C300&ssl=1 1.5x"},"classes":[]},{"id":20028,"url":"https:\/\/www.grieta.org.mx\/index.php\/2016\/08\/17\/liberan-bloqueo-de-parque-eolico\/","url_meta":{"origin":20030,"position":1},"title":"Liberan bloqueo de parque e\u00f3lico","author":"grieta","date":"17 agosto, 2016","format":false,"excerpt":"CLAUDIO MONTES DE OCA | NTRZACATECAS.COM Zacatecas.- Luego del paro de labores que permaneci\u00f3 por 5 d\u00edas en la construcci\u00f3n del Parque E\u00f3lico La Bufa, donde por falta de pago, transportistas de materiales bloquearon el acceso a la planta, finalmente este mi\u00e9rcoles, aproximadamente a las 13 horas, reanudaron actividades luego\u2026","rel":"","context":"En &quot;CINTILLO&quot;","block_context":{"text":"CINTILLO","link":"https:\/\/www.grieta.org.mx\/index.php\/category\/cintillo\/"},"img":{"alt_text":"","src":"https:\/\/i0.wp.com\/www.grieta.org.mx\/wp-content\/uploads\/2016\/08\/eolica-5.jpg?resize=350%2C200&ssl=1","width":350,"height":200,"srcset":"https:\/\/i0.wp.com\/www.grieta.org.mx\/wp-content\/uploads\/2016\/08\/eolica-5.jpg?resize=350%2C200&ssl=1 1x, https:\/\/i0.wp.com\/www.grieta.org.mx\/wp-content\/uploads\/2016\/08\/eolica-5.jpg?resize=525%2C300&ssl=1 1.5x, https:\/\/i0.wp.com\/www.grieta.org.mx\/wp-content\/uploads\/2016\/08\/eolica-5.jpg?resize=700%2C400&ssl=1 2x"},"classes":[]},{"id":17381,"url":"https:\/\/www.grieta.org.mx\/index.php\/2016\/07\/21\/con-inversion-de-350-mdd-arranca-parque-eolico-en-zacatecas\/","url_meta":{"origin":20030,"position":2},"title":"Con inversi\u00f3n de 350 mdd, arranca parque e\u00f3lico en Zacatecas","author":"grieta","date":"21 julio, 2016","format":false,"excerpt":"M\u00e9xico Power Group desarrolla el proyecto 'La Bufa', que estar\u00e1 integrado por 90 torres instaladas en una superficie mayor a 11 mil hect\u00e1reas. Corresponsal Isa\u00edas Le\u00f3n 21.07.2016 GUADALUPE, Zacatecas.- M\u00e9xico Power Group invertir\u00e1 350 millones de d\u00f3lares en la construcci\u00f3n de un parque de energ\u00eda e\u00f3lica en el estado de\u2026","rel":"","context":"En &quot;CINTILLO&quot;","block_context":{"text":"CINTILLO","link":"https:\/\/www.grieta.org.mx\/index.php\/category\/cintillo\/"},"img":{"alt_text":"","src":"https:\/\/i0.wp.com\/www.grieta.org.mx\/wp-content\/uploads\/2018\/03\/14524434_1106112876131411_958039263622046936_o.jpg?resize=350%2C200&ssl=1","width":350,"height":200,"srcset":"https:\/\/i0.wp.com\/www.grieta.org.mx\/wp-content\/uploads\/2018\/03\/14524434_1106112876131411_958039263622046936_o.jpg?resize=350%2C200&ssl=1 1x, https:\/\/i0.wp.com\/www.grieta.org.mx\/wp-content\/uploads\/2018\/03\/14524434_1106112876131411_958039263622046936_o.jpg?resize=525%2C300&ssl=1 1.5x, https:\/\/i0.wp.com\/www.grieta.org.mx\/wp-content\/uploads\/2018\/03\/14524434_1106112876131411_958039263622046936_o.jpg?resize=700%2C400&ssl=1 2x"},"classes":[]},{"id":4368,"url":"https:\/\/www.grieta.org.mx\/index.php\/2015\/05\/28\/abengoa-comienza-construccion-de-parque-eolico-en-tamaulipas\/","url_meta":{"origin":20030,"position":3},"title":"Abengoa comienza construcci\u00f3n de parque e\u00f3lico en Tamaulipas","author":"grieta","date":"28 mayo, 2015","format":false,"excerpt":"El Financiero La empresa espa\u00f1ola se\u00f1al\u00f3 que el parque, ubicado a 40 kil\u00f3metros de Ciudad Victoria, constar\u00e1 de 45 aerogeneradores y tendr\u00e1 una capacidad total de 148.5 megavatios. La empresa espa\u00f1ola Abengoa comenz\u00f3 la construcci\u00f3n del parque e\u00f3lico Tres Mesas en las ciudades de Llera de Canales y Casas, a\u2026","rel":"","context":"En &quot;CINTILLO&quot;","block_context":{"text":"CINTILLO","link":"https:\/\/www.grieta.org.mx\/index.php\/category\/cintillo\/"},"img":{"alt_text":"","src":"https:\/\/i0.wp.com\/www.grieta.org.mx\/wp-content\/uploads\/2018\/03\/14524434_1106112876131411_958039263622046936_o.jpg?resize=350%2C200&ssl=1","width":350,"height":200,"srcset":"https:\/\/i0.wp.com\/www.grieta.org.mx\/wp-content\/uploads\/2018\/03\/14524434_1106112876131411_958039263622046936_o.jpg?resize=350%2C200&ssl=1 1x, https:\/\/i0.wp.com\/www.grieta.org.mx\/wp-content\/uploads\/2018\/03\/14524434_1106112876131411_958039263622046936_o.jpg?resize=525%2C300&ssl=1 1.5x, https:\/\/i0.wp.com\/www.grieta.org.mx\/wp-content\/uploads\/2018\/03\/14524434_1106112876131411_958039263622046936_o.jpg?resize=700%2C400&ssl=1 2x"},"classes":[]},{"id":2795,"url":"https:\/\/www.grieta.org.mx\/index.php\/2015\/07\/14\/enel-green-power-inicia-parque-eolico-en-zacatecas\/","url_meta":{"origin":20030,"position":4},"title":"Enel Green Power inicia parque e\u00f3lico en Zacatecas","author":"grieta","date":"14 julio, 2015","format":false,"excerpt":"Express Zacatecas Enel Green Power inicia parque e\u00f3lico en Zacatecas 14 Julio 2015 Escrito por Redacci\u00f3n La empresa italiana l\u00edder, invertir\u00e1 220 millones de d\u00f3lares en los municipios de Mazapil y Villa de Cos. \u201cVientos del Altiplano\u201d, tendr\u00e1 una capacidad instalada total de 100 MW y ser\u00e1 capaz de generar\u2026","rel":"","context":"En &quot;CINTILLO&quot;","block_context":{"text":"CINTILLO","link":"https:\/\/www.grieta.org.mx\/index.php\/category\/cintillo\/"},"img":{"alt_text":"","src":"https:\/\/i0.wp.com\/www.grieta.org.mx\/wp-content\/uploads\/2018\/03\/14524434_1106112876131411_958039263622046936_o.jpg?resize=350%2C200&ssl=1","width":350,"height":200,"srcset":"https:\/\/i0.wp.com\/www.grieta.org.mx\/wp-content\/uploads\/2018\/03\/14524434_1106112876131411_958039263622046936_o.jpg?resize=350%2C200&ssl=1 1x, https:\/\/i0.wp.com\/www.grieta.org.mx\/wp-content\/uploads\/2018\/03\/14524434_1106112876131411_958039263622046936_o.jpg?resize=525%2C300&ssl=1 1.5x, https:\/\/i0.wp.com\/www.grieta.org.mx\/wp-content\/uploads\/2018\/03\/14524434_1106112876131411_958039263622046936_o.jpg?resize=700%2C400&ssl=1 2x"},"classes":[]},{"id":6228,"url":"https:\/\/www.grieta.org.mx\/index.php\/2015\/12\/03\/pronto-nuevo-parque-eolico\/","url_meta":{"origin":20030,"position":5},"title":"Pronto nuevo parque e\u00f3lico","author":"grieta","date":"3 diciembre, 2015","format":false,"excerpt":"Su construcci\u00f3n y puesta en marcha ser\u00e1 en el 2016 3 de diciembre de 2015 A m\u00e1s de dos a\u00f1os de la presentaci\u00f3n del proyecto del primer parque e\u00f3lico en Yucat\u00e1n, se inform\u00f3 que en marzo del pr\u00f3ximo a\u00f1o se iniciar\u00e1 su construcci\u00f3n en terrenos del puerto de Dzilam de\u2026","rel":"","context":"En &quot;CINTILLO&quot;","block_context":{"text":"CINTILLO","link":"https:\/\/www.grieta.org.mx\/index.php\/category\/cintillo\/"},"img":{"alt_text":"","src":"https:\/\/i0.wp.com\/www.grieta.org.mx\/wp-content\/uploads\/2018\/03\/14524434_1106112876131411_958039263622046936_o.jpg?resize=350%2C200&ssl=1","width":350,"height":200,"srcset":"https:\/\/i0.wp.com\/www.grieta.org.mx\/wp-content\/uploads\/2018\/03\/14524434_1106112876131411_958039263622046936_o.jpg?resize=350%2C200&ssl=1 1x, https:\/\/i0.wp.com\/www.grieta.org.mx\/wp-content\/uploads\/2018\/03\/14524434_1106112876131411_958039263622046936_o.jpg?resize=525%2C300&ssl=1 1.5x, https:\/\/i0.wp.com\/www.grieta.org.mx\/wp-content\/uploads\/2018\/03\/14524434_1106112876131411_958039263622046936_o.jpg?resize=700%2C400&ssl=1 2x"},"classes":[]}],"_links":{"self":[{"href":"https:\/\/www.grieta.org.mx\/index.php\/wp-json\/wp\/v2\/posts\/20030","targetHints":{"allow":["GET"]}}],"collection":[{"href":"https:\/\/www.grieta.org.mx\/index.php\/wp-json\/wp\/v2\/posts"}],"about":[{"href":"https:\/\/www.grieta.org.mx\/index.php\/wp-json\/wp\/v2\/types\/post"}],"author":[{"embeddable":true,"href":"https:\/\/www.grieta.org.mx\/index.php\/wp-json\/wp\/v2\/users\/2"}],"replies":[{"embeddable":true,"href":"https:\/\/www.grieta.org.mx\/index.php\/wp-json\/wp\/v2\/comments?post=20030"}],"version-history":[{"count":1,"href":"https:\/\/www.grieta.org.mx\/index.php\/wp-json\/wp\/v2\/posts\/20030\/revisions"}],"predecessor-version":[{"id":24888,"href":"https:\/\/www.grieta.org.mx\/index.php\/wp-json\/wp\/v2\/posts\/20030\/revisions\/24888"}],"wp:featuredmedia":[{"embeddable":true,"href":"https:\/\/www.grieta.org.mx\/index.php\/wp-json\/wp\/v2\/media\/24887"}],"wp:attachment":[{"href":"https:\/\/www.grieta.org.mx\/index.php\/wp-json\/wp\/v2\/media?parent=20030"}],"wp:term":[{"taxonomy":"category","embeddable":true,"href":"https:\/\/www.grieta.org.mx\/index.php\/wp-json\/wp\/v2\/categories?post=20030"},{"taxonomy":"post_tag","embeddable":true,"href":"https:\/\/www.grieta.org.mx\/index.php\/wp-json\/wp\/v2\/tags?post=20030"}],"curies":[{"name":"wp","href":"https:\/\/api.w.org\/{rel}","templated":true}]}}