{"id":2002,"date":"2016-01-26T19:50:46","date_gmt":"2016-01-26T19:50:46","guid":{"rendered":"http:\/\/50.22.11.12\/~grietaor\/?p=2002"},"modified":"2016-03-13T12:45:48","modified_gmt":"2016-03-13T12:45:48","slug":"movilizaciones-por-ayotzinapa-en-colima","status":"publish","type":"post","link":"https:\/\/www.grieta.org.mx\/index.php\/2016\/01\/26\/movilizaciones-por-ayotzinapa-en-colima\/","title":{"rendered":"Movilizaciones por Ayotzinapa en Colima"},"content":{"rendered":"<p><strong>26\/01\/16. <\/strong><a href=\"http:\/\/grieta.org.mx\/index.php\/2016\/01\/26\/no-deseamos-a-nadie-estar-en-nuestros-zapatos-familiares-de-ayotzinapa\/\" >\u201cNo deseamos a nadie estar en nuestros zapatos\u201d: Familiares de Ayotzinapa<\/a><br \/><em>Diario Avanzada<\/em><br  \/><\/p>\n<p><strong>26\/09\/15. <\/strong><a href=\"http:\/\/grieta.org.mx\/index.php\/2015\/09\/26\/en-colima-marchan-por-ayotzinapa-a-un-ano-de-la-desaparicion-y-asesinato-de-estudiantes\/\" >En Colima marchan por Ayotzinapa a un a\u00f1o de la desaparici\u00f3n y asesinato de estudiantes<\/a><br \/><em>AF Medios<\/em><br  \/><\/p>\n<p><strong>26\/09\/15. <\/strong><a href=\"http:\/\/grieta.org.mx\/index.php\/2015\/09\/26\/marchan-maestros-en-manzanillo-hasta-la-pgr-en-apoyo-a-los-43\/\" >Marchan Maestros en Manzanillo Hasta la PGR en Apoyo a los 43<\/a><br \/><em>Noticias Manzanillo<\/em><br  \/><\/p>\n<p><strong>11\/08\/15. <\/strong><a href=\"http:\/\/grieta.org.mx\/index.php\/2015\/08\/11\/no-los-olviden-piden-padres-de-normalistas-de-ayotzinapa-a-colimenses\/\" >\u201cNo los olviden\u201d piden padres de normalistas de Ayotzinapa a colimenses<\/a><br \/><em>Diario Avanzada<\/em><br  \/><\/p>\n<p><strong>26\/04\/15. <\/strong><a href=\"http:\/\/grieta.org.mx\/index.php\/2015\/04\/27\/colima-se-suma-a-la-11-accion-global-por-lo-estudiantes-desaparecidos-de-ayotzinapa-fotonota\/\" >Colima se suma a la 11\u00b0 acci\u00f3n global por lo estudiantes desaparecidos de Ayotzinapa #FOTONOTA<\/a><br \/><em>Colima 3.0<\/em><br  \/><\/p>\n<p><strong>28\/03\/16. <\/strong><a href=\"http:\/\/grieta.org.mx\/index.php\/2015\/03\/28\/el-miedo-se-nos-quito-cuando-nuestros-hijos-desaparecieron-madres-de-normalistas-de-ayotzinapa\/\" >El miedo se nos quit\u00f3 cuando nuestros hijos desaparecieron: madres de normalistas de Ayotzinapa<\/a><br \/><em>Colima 3.0<\/em><br  \/><\/p>\n<p><strong>26\/03\/15. <\/strong><a href=\"http:\/\/grieta.org.mx\/index.php\/2015\/03\/26\/sobreviviente-de-ayotzinapa-llama-a-estudiantes-colimenses-a-continuar-marchas-de-apoyo\/\" >Sobreviviente de Ayotzinapa llama a estudiantes colimenses a continuar marchas de apoyo<\/a><br \/><em>Colima 3.0<\/em><br  \/><\/p>\n<p><strong>23\/02\/15. <\/strong><a href=\"http:\/\/grieta.org.mx\/index.php\/2015\/02\/23\/contra-la-indiferencia-y-el-olvido-la-marcha-de-colimenses-por-ayotzinapa-el-jueves-26\/\" >\u201cContra la indiferencia y el olvido\u201d, la marcha de colimenses por Ayotzinapa, el jueves 26<\/a><br \/><em>Colima 3.0<\/em><br  \/><\/p>\n","protected":false},"excerpt":{"rendered":"<p>26\/01\/16. \u201cNo deseamos a nadie estar en nuestros zapatos\u201d: Familiares de AyotzinapaDiario Avanzada 26\/09\/15. En Colima marchan por Ayotzinapa a un a\u00f1o de la desaparici\u00f3n y asesinato de estudiantesAF Medios &hellip; <a href=\"https:\/\/www.grieta.org.mx\/index.php\/2016\/01\/26\/movilizaciones-por-ayotzinapa-en-colima\/\" class=\"more-link\">Leer m\u00e1s<\/a><\/p>\n","protected":false},"author":2,"featured_media":21928,"comment_status":"closed","ping_status":"open","sticky":false,"template":"","format":"standard","meta":{"ngg_post_thumbnail":0,"_jetpack_newsletter_access":"","_jetpack_dont_email_post_to_subs":false,"_jetpack_newsletter_tier_id":0,"_jetpack_memberships_contains_paywalled_content":false,"_jetpack_memberships_contains_paid_content":false,"footnotes":""},"categories":[13,2],"tags":[],"class_list":["post-2002","post","type-post","status-publish","format-standard","has-post-thumbnail","hentry","category-colima","category-noticias-nacionales","entry"],"jetpack_featured_media_url":"https:\/\/www.grieta.org.mx\/wp-content\/uploads\/2018\/03\/14524434_1106112876131411_958039263622046936_o.jpg","jetpack_sharing_enabled":true,"jetpack_shortlink":"https:\/\/wp.me\/p7ZJR4-wi","jetpack_likes_enabled":false,"jetpack-related-posts":[{"id":2709,"url":"https:\/\/www.grieta.org.mx\/index.php\/2016\/07\/17\/movilizaciones-contra-la-reforma-educativa-y-la-evaluacion-magisterial-en-colima\/","url_meta":{"origin":2002,"position":0},"title":"Movilizaciones contra la Reforma educativa y evaluaci\u00f3n magisterial en Colima","author":"grieta","date":"17 julio, 2016","format":false,"excerpt":"17\/07\/16. Marchan maestros en contra de la reforma educativaMeganoticias Colima 02\/07\/16. Maestros de la CNTE bloquearon el puertoCorreo de Manzanillo 23\/06\/16. Maestros de Colima protestan por OaxacaPerriodismo 21\/06\/16. Marchan maestros, pescadores y hasta tramitadores en ManzanilloColima Noticias 21\/06\/16. Maestros de Colima se unen a quienes exigen la renuncia de Aurelio\u2026","rel":"","context":"En &quot;Colima&quot;","block_context":{"text":"Colima","link":"https:\/\/www.grieta.org.mx\/index.php\/category\/noticias-nacionales\/colima\/"},"img":{"alt_text":"","src":"https:\/\/i0.wp.com\/www.grieta.org.mx\/wp-content\/uploads\/2018\/03\/14524434_1106112876131411_958039263622046936_o.jpg?resize=350%2C200&ssl=1","width":350,"height":200,"srcset":"https:\/\/i0.wp.com\/www.grieta.org.mx\/wp-content\/uploads\/2018\/03\/14524434_1106112876131411_958039263622046936_o.jpg?resize=350%2C200&ssl=1 1x, https:\/\/i0.wp.com\/www.grieta.org.mx\/wp-content\/uploads\/2018\/03\/14524434_1106112876131411_958039263622046936_o.jpg?resize=525%2C300&ssl=1 1.5x, https:\/\/i0.wp.com\/www.grieta.org.mx\/wp-content\/uploads\/2018\/03\/14524434_1106112876131411_958039263622046936_o.jpg?resize=700%2C400&ssl=1 2x"},"classes":[]},{"id":2752,"url":"https:\/\/www.grieta.org.mx\/index.php\/2015\/09\/26\/marchan-maestros-en-manzanillo-hasta-la-pgr-en-apoyo-a-los-43\/","url_meta":{"origin":2002,"position":1},"title":"Marchan Maestros en Manzanillo Hasta la PGR en Apoyo a los 43","author":"grieta","date":"26 septiembre, 2015","format":false,"excerpt":"Krystel Noyola Encargados de las oficinas de la Procuradur\u00eda General de la Rep\u00fablica (PGR) en Manzanillo, cerraron las puertas al ver la presencia de medio centenar de maestros que exig\u00edan justicia por los 43 estudiantes normalistas desaparecidos hace un a\u00f1o en Ayotzinapa, Guerrero. El contingente de maestros y padres de\u2026","rel":"","context":"En &quot;CINTILLO&quot;","block_context":{"text":"CINTILLO","link":"https:\/\/www.grieta.org.mx\/index.php\/category\/cintillo\/"},"img":{"alt_text":"","src":"https:\/\/i0.wp.com\/www.grieta.org.mx\/wp-content\/uploads\/2018\/03\/14524434_1106112876131411_958039263622046936_o.jpg?resize=350%2C200&ssl=1","width":350,"height":200,"srcset":"https:\/\/i0.wp.com\/www.grieta.org.mx\/wp-content\/uploads\/2018\/03\/14524434_1106112876131411_958039263622046936_o.jpg?resize=350%2C200&ssl=1 1x, https:\/\/i0.wp.com\/www.grieta.org.mx\/wp-content\/uploads\/2018\/03\/14524434_1106112876131411_958039263622046936_o.jpg?resize=525%2C300&ssl=1 1.5x, https:\/\/i0.wp.com\/www.grieta.org.mx\/wp-content\/uploads\/2018\/03\/14524434_1106112876131411_958039263622046936_o.jpg?resize=700%2C400&ssl=1 2x"},"classes":[]},{"id":2749,"url":"https:\/\/www.grieta.org.mx\/index.php\/2015\/09\/26\/en-colima-marchan-por-ayotzinapa-a-un-ano-de-la-desaparicion-y-asesinato-de-estudiantes\/","url_meta":{"origin":2002,"position":2},"title":"En Colima marchan por Ayotzinapa a un a\u00f1o de la desaparici\u00f3n y asesinato de estudiantes","author":"grieta","date":"26 septiembre, 2015","format":false,"excerpt":"Arnoldo Delgadillo Colima.-A un a\u00f1o de la desaparici\u00f3n de los 43 estudiantes de la Normal Rural de Ayotzinapa, ciudadanos colimenses marcharon y celebraron un evento pol\u00edtico-cultural, uni\u00e9ndose al movimiento global #D\u00edaDeLaIndignaci\u00f3n. La lluvia retras\u00f3 una hora la salida de la marcha, pero se llev\u00f3 a cabo, su exigencia sigue siendo\u2026","rel":"","context":"En &quot;CINTILLO&quot;","block_context":{"text":"CINTILLO","link":"https:\/\/www.grieta.org.mx\/index.php\/category\/cintillo\/"},"img":{"alt_text":"","src":"https:\/\/i0.wp.com\/www.grieta.org.mx\/wp-content\/uploads\/2018\/03\/14524434_1106112876131411_958039263622046936_o.jpg?resize=350%2C200&ssl=1","width":350,"height":200,"srcset":"https:\/\/i0.wp.com\/www.grieta.org.mx\/wp-content\/uploads\/2018\/03\/14524434_1106112876131411_958039263622046936_o.jpg?resize=350%2C200&ssl=1 1x, https:\/\/i0.wp.com\/www.grieta.org.mx\/wp-content\/uploads\/2018\/03\/14524434_1106112876131411_958039263622046936_o.jpg?resize=525%2C300&ssl=1 1.5x, https:\/\/i0.wp.com\/www.grieta.org.mx\/wp-content\/uploads\/2018\/03\/14524434_1106112876131411_958039263622046936_o.jpg?resize=700%2C400&ssl=1 2x"},"classes":[]},{"id":2682,"url":"https:\/\/www.grieta.org.mx\/index.php\/2015\/04\/27\/colima-se-suma-a-la-11-accion-global-por-lo-estudiantes-desaparecidos-de-ayotzinapa-fotonota\/","url_meta":{"origin":2002,"position":3},"title":"Colima se suma a la 11\u00b0 acci\u00f3n global por lo estudiantes desaparecidos de Ayotzinapa # Fotonota","author":"grieta","date":"27 abril, 2015","format":false,"excerpt":"Por: Redacci\u00f3n Colima 3.0 \/ 26 abril, 2015 A 7 meses de la desaparici\u00f3n de los 43 estudiantes de la Escuela Normal de Ayotzinapa, este domingo 26 de abril se efectu\u00f3 en M\u00e9xico y en muchos otros pa\u00edses la 11\u00b0 acci\u00f3n global por Ayotzinapa. Esta tarde en la plancha del\u2026","rel":"","context":"En &quot;CINTILLO&quot;","block_context":{"text":"CINTILLO","link":"https:\/\/www.grieta.org.mx\/index.php\/category\/cintillo\/"},"img":{"alt_text":"","src":"https:\/\/i0.wp.com\/www.grieta.org.mx\/wp-content\/uploads\/2018\/03\/14524434_1106112876131411_958039263622046936_o.jpg?resize=350%2C200&ssl=1","width":350,"height":200,"srcset":"https:\/\/i0.wp.com\/www.grieta.org.mx\/wp-content\/uploads\/2018\/03\/14524434_1106112876131411_958039263622046936_o.jpg?resize=350%2C200&ssl=1 1x, https:\/\/i0.wp.com\/www.grieta.org.mx\/wp-content\/uploads\/2018\/03\/14524434_1106112876131411_958039263622046936_o.jpg?resize=525%2C300&ssl=1 1.5x, https:\/\/i0.wp.com\/www.grieta.org.mx\/wp-content\/uploads\/2018\/03\/14524434_1106112876131411_958039263622046936_o.jpg?resize=700%2C400&ssl=1 2x"},"classes":[]},{"id":43550,"url":"https:\/\/www.grieta.org.mx\/index.php\/2020\/01\/23\/medicos-en-manzanillo-llevan-7-dias-en-paro-por-impago-colima\/","url_meta":{"origin":2002,"position":4},"title":"M\u00e9dicos en Manzanillo llevan 7 d\u00edas en paro por impago (Colima)","author":"grieta","date":"23 enero, 2020","format":false,"excerpt":"Foto: Ilustrativa Heidi de Le\u00f3n Guti\u00e9rrez \/ Diario Avanzada Colima, M\u00e9xico, Avanzada (23\/01\/2020).- Los m\u00e9dicos residentes del Hospital Civil de Manzanillo llevan siete d\u00edas en paro por la falta del pago de la quincena, misma que debi\u00f3 depositarse entre el 13 o 14 de enero. La misma situaci\u00f3n sucede en\u2026","rel":"","context":"En &quot;CINTILLO&quot;","block_context":{"text":"CINTILLO","link":"https:\/\/www.grieta.org.mx\/index.php\/category\/cintillo\/"},"img":{"alt_text":"","src":"https:\/\/i0.wp.com\/www.grieta.org.mx\/wp-content\/uploads\/2020\/01\/Hospital-Civil-manzanillo.jpg?resize=350%2C200&ssl=1","width":350,"height":200,"srcset":"https:\/\/i0.wp.com\/www.grieta.org.mx\/wp-content\/uploads\/2020\/01\/Hospital-Civil-manzanillo.jpg?resize=350%2C200&ssl=1 1x, https:\/\/i0.wp.com\/www.grieta.org.mx\/wp-content\/uploads\/2020\/01\/Hospital-Civil-manzanillo.jpg?resize=525%2C300&ssl=1 1.5x, https:\/\/i0.wp.com\/www.grieta.org.mx\/wp-content\/uploads\/2020\/01\/Hospital-Civil-manzanillo.jpg?resize=700%2C400&ssl=1 2x"},"classes":[]},{"id":52733,"url":"https:\/\/www.grieta.org.mx\/index.php\/2020\/08\/21\/hospital-general-de-manzanillo-se-queda-sin-ventiladores-para-enfermos-de-covid-19-colima\/","url_meta":{"origin":2002,"position":5},"title":"Hospital General de Manzanillo se queda sin ventiladores para enfermos de Covid-19 (Colima)","author":"grieta","date":"21 agosto, 2020","format":false,"excerpt":"Imagen: Diario Avanzada Heidi de Le\u00f3n Gutierrez \/ Diario Avanzada Colima, M\u00e9xico, Avanzada (21\/08\/2020).- El Hospital General N\u00famero 10 de Manzanillo registr\u00f3 el 100 por ciento de la ocupaci\u00f3n de camas con ventilador, seg\u00fan los datos de la secretar\u00eda de Salud de Colima. Mientras que el Hospital n\u00famero 1 del\u2026","rel":"","context":"En &quot;CINTILLO&quot;","block_context":{"text":"CINTILLO","link":"https:\/\/www.grieta.org.mx\/index.php\/category\/cintillo\/"},"img":{"alt_text":"","src":"https:\/\/i0.wp.com\/www.grieta.org.mx\/wp-content\/uploads\/2020\/08\/118358904_3206040109487153_7690283986572340481_o.jpg?resize=350%2C200&ssl=1","width":350,"height":200,"srcset":"https:\/\/i0.wp.com\/www.grieta.org.mx\/wp-content\/uploads\/2020\/08\/118358904_3206040109487153_7690283986572340481_o.jpg?resize=350%2C200&ssl=1 1x, https:\/\/i0.wp.com\/www.grieta.org.mx\/wp-content\/uploads\/2020\/08\/118358904_3206040109487153_7690283986572340481_o.jpg?resize=525%2C300&ssl=1 1.5x, https:\/\/i0.wp.com\/www.grieta.org.mx\/wp-content\/uploads\/2020\/08\/118358904_3206040109487153_7690283986572340481_o.jpg?resize=700%2C400&ssl=1 2x"},"classes":[]}],"_links":{"self":[{"href":"https:\/\/www.grieta.org.mx\/index.php\/wp-json\/wp\/v2\/posts\/2002","targetHints":{"allow":["GET"]}}],"collection":[{"href":"https:\/\/www.grieta.org.mx\/index.php\/wp-json\/wp\/v2\/posts"}],"about":[{"href":"https:\/\/www.grieta.org.mx\/index.php\/wp-json\/wp\/v2\/types\/post"}],"author":[{"embeddable":true,"href":"https:\/\/www.grieta.org.mx\/index.php\/wp-json\/wp\/v2\/users\/2"}],"replies":[{"embeddable":true,"href":"https:\/\/www.grieta.org.mx\/index.php\/wp-json\/wp\/v2\/comments?post=2002"}],"version-history":[{"count":1,"href":"https:\/\/www.grieta.org.mx\/index.php\/wp-json\/wp\/v2\/posts\/2002\/revisions"}],"predecessor-version":[{"id":2755,"href":"https:\/\/www.grieta.org.mx\/index.php\/wp-json\/wp\/v2\/posts\/2002\/revisions\/2755"}],"wp:featuredmedia":[{"embeddable":true,"href":"https:\/\/www.grieta.org.mx\/index.php\/wp-json\/wp\/v2\/media\/21928"}],"wp:attachment":[{"href":"https:\/\/www.grieta.org.mx\/index.php\/wp-json\/wp\/v2\/media?parent=2002"}],"wp:term":[{"taxonomy":"category","embeddable":true,"href":"https:\/\/www.grieta.org.mx\/index.php\/wp-json\/wp\/v2\/categories?post=2002"},{"taxonomy":"post_tag","embeddable":true,"href":"https:\/\/www.grieta.org.mx\/index.php\/wp-json\/wp\/v2\/tags?post=2002"}],"curies":[{"name":"wp","href":"https:\/\/api.w.org\/{rel}","templated":true}]}}