{"id":19976,"date":"2016-08-16T19:59:34","date_gmt":"2016-08-17T00:59:34","guid":{"rendered":"http:\/\/www.grieta.org.mx\/?p=19976"},"modified":"2016-08-19T23:23:13","modified_gmt":"2016-08-20T04:23:13","slug":"clausura-del-festival-comparte-por-la-humanidad-en-el-caracol-de-roberto-barrios","status":"publish","type":"post","link":"https:\/\/www.grieta.org.mx\/index.php\/2016\/08\/16\/clausura-del-festival-comparte-por-la-humanidad-en-el-caracol-de-roberto-barrios\/","title":{"rendered":"Clausura del Festival Comparte por la humanidad en el Caracol de Roberto Barrios"},"content":{"rendered":"<p><img loading=\"lazy\" decoding=\"async\" data-attachment-id=\"19977\" data-permalink=\"https:\/\/www.grieta.org.mx\/index.php\/2016\/08\/16\/clausura-del-festival-comparte-por-la-humanidad-en-el-caracol-de-roberto-barrios\/dsc_04162\/\" data-orig-file=\"https:\/\/www.grieta.org.mx\/wp-content\/uploads\/2016\/08\/dsc_04162.jpg\" data-orig-size=\"2000,1500\" data-comments-opened=\"0\" data-image-meta=\"{&quot;aperture&quot;:&quot;13&quot;,&quot;credit&quot;:&quot;&quot;,&quot;camera&quot;:&quot;NIKON D40&quot;,&quot;caption&quot;:&quot;&quot;,&quot;created_timestamp&quot;:&quot;1470997300&quot;,&quot;copyright&quot;:&quot;&quot;,&quot;focal_length&quot;:&quot;55&quot;,&quot;iso&quot;:&quot;400&quot;,&quot;shutter_speed&quot;:&quot;0.005&quot;,&quot;title&quot;:&quot;&quot;,&quot;orientation&quot;:&quot;1&quot;}\" data-image-title=\"dsc_04162\" data-image-description=\"\" data-image-caption=\"\" data-medium-file=\"https:\/\/www.grieta.org.mx\/wp-content\/uploads\/2016\/08\/dsc_04162-300x225.jpg\" data-large-file=\"https:\/\/www.grieta.org.mx\/wp-content\/uploads\/2016\/08\/dsc_04162-1024x768.jpg\" class=\"aligncenter wp-image-19977 size-full\" src=\"http:\/\/www.grieta.org.mx\/wp-content\/uploads\/2016\/08\/dsc_04162.jpg\" width=\"2000\" height=\"1500\" srcset=\"https:\/\/www.grieta.org.mx\/wp-content\/uploads\/2016\/08\/dsc_04162.jpg 2000w, https:\/\/www.grieta.org.mx\/wp-content\/uploads\/2016\/08\/dsc_04162-300x225.jpg 300w, https:\/\/www.grieta.org.mx\/wp-content\/uploads\/2016\/08\/dsc_04162-768x576.jpg 768w, https:\/\/www.grieta.org.mx\/wp-content\/uploads\/2016\/08\/dsc_04162-1024x768.jpg 1024w\" sizes=\"auto, (max-width: 2000px) 100vw, 2000px\" \/><\/p>\n<p>A las 9 am de este 12 de agosto su realiz\u00f3 el comparte en el Caracol de Roberto Barrios Zona Norte, con cientos de artistas que compartieron poes\u00eda, m\u00fasica, teatro, pintura, danza, dando por concluida esta etapa que recorri\u00f3 los cinco caracoles, donde los compa\u00f1eros bases de apoyo zapatista nos compartieron la dignidad, alegr\u00eda y arte con que resisten al mal gobierno y construyen su autonom\u00eda.<\/p>\n<p>En la ma\u00f1ana representaron con una obra de teatro la conquista con la que esclavizaron a sus antepasados mayas, los dolores y sufrimientos que pasaron y como se rebelaron.<\/p>\n<p><img loading=\"lazy\" decoding=\"async\" data-attachment-id=\"19978\" data-permalink=\"https:\/\/www.grieta.org.mx\/index.php\/2016\/08\/16\/clausura-del-festival-comparte-por-la-humanidad-en-el-caracol-de-roberto-barrios\/dsc_0401\/\" data-orig-file=\"https:\/\/www.grieta.org.mx\/wp-content\/uploads\/2016\/08\/dsc_0401.jpg\" data-orig-size=\"768,511\" data-comments-opened=\"0\" data-image-meta=\"{&quot;aperture&quot;:&quot;5.6&quot;,&quot;credit&quot;:&quot;&quot;,&quot;camera&quot;:&quot;NIKON D40&quot;,&quot;caption&quot;:&quot;&quot;,&quot;created_timestamp&quot;:&quot;1470996504&quot;,&quot;copyright&quot;:&quot;&quot;,&quot;focal_length&quot;:&quot;55&quot;,&quot;iso&quot;:&quot;400&quot;,&quot;shutter_speed&quot;:&quot;0.001&quot;,&quot;title&quot;:&quot;&quot;,&quot;orientation&quot;:&quot;1&quot;}\" data-image-title=\"dsc_0401\" data-image-description=\"\" data-image-caption=\"\" data-medium-file=\"https:\/\/www.grieta.org.mx\/wp-content\/uploads\/2016\/08\/dsc_0401-300x200.jpg\" data-large-file=\"https:\/\/www.grieta.org.mx\/wp-content\/uploads\/2016\/08\/dsc_0401.jpg\" class=\"aligncenter size-full wp-image-19978\" src=\"http:\/\/www.grieta.org.mx\/wp-content\/uploads\/2016\/08\/dsc_0401.jpg\" alt=\"dsc_0401\" width=\"768\" height=\"511\" srcset=\"https:\/\/www.grieta.org.mx\/wp-content\/uploads\/2016\/08\/dsc_0401.jpg 768w, https:\/\/www.grieta.org.mx\/wp-content\/uploads\/2016\/08\/dsc_0401-300x200.jpg 300w\" sizes=\"auto, (max-width: 768px) 100vw, 768px\" \/><\/p>\n<p>Recrearon como era la vida de sus antepasados, cuando llegaron los espa\u00f1oles, como los enga\u00f1aron y los sometieron<\/p>\n<div data-carousel-extra='{&quot;blog_id&quot;:1,&quot;permalink&quot;:&quot;https:\/\/www.grieta.org.mx\/index.php\/2016\/08\/16\/clausura-del-festival-comparte-por-la-humanidad-en-el-caracol-de-roberto-barrios\/&quot;}' id='gallery-1' class='gallery galleryid-19976 gallery-columns-1 gallery-size-large'><figure class='gallery-item'>\n\t\t\t<div class='gallery-icon landscape'>\n\t\t\t\t<a href='https:\/\/www.grieta.org.mx\/index.php\/2016\/08\/16\/clausura-del-festival-comparte-por-la-humanidad-en-el-caracol-de-roberto-barrios\/dsc_04162-2\/'><img loading=\"lazy\" decoding=\"async\" width=\"1024\" height=\"768\" src=\"https:\/\/www.grieta.org.mx\/wp-content\/uploads\/2016\/08\/dsc_04162-1-1024x768.jpg\" class=\"attachment-large size-large\" alt=\"\" srcset=\"https:\/\/www.grieta.org.mx\/wp-content\/uploads\/2016\/08\/dsc_04162-1-1024x768.jpg 1024w, https:\/\/www.grieta.org.mx\/wp-content\/uploads\/2016\/08\/dsc_04162-1-300x225.jpg 300w, https:\/\/www.grieta.org.mx\/wp-content\/uploads\/2016\/08\/dsc_04162-1-768x576.jpg 768w, https:\/\/www.grieta.org.mx\/wp-content\/uploads\/2016\/08\/dsc_04162-1.jpg 2000w\" sizes=\"auto, (max-width: 1024px) 100vw, 1024px\" data-attachment-id=\"19982\" data-permalink=\"https:\/\/www.grieta.org.mx\/index.php\/2016\/08\/16\/clausura-del-festival-comparte-por-la-humanidad-en-el-caracol-de-roberto-barrios\/dsc_04162-2\/\" data-orig-file=\"https:\/\/www.grieta.org.mx\/wp-content\/uploads\/2016\/08\/dsc_04162-1.jpg\" data-orig-size=\"2000,1500\" data-comments-opened=\"0\" data-image-meta=\"{&quot;aperture&quot;:&quot;13&quot;,&quot;credit&quot;:&quot;&quot;,&quot;camera&quot;:&quot;NIKON D40&quot;,&quot;caption&quot;:&quot;&quot;,&quot;created_timestamp&quot;:&quot;1470997300&quot;,&quot;copyright&quot;:&quot;&quot;,&quot;focal_length&quot;:&quot;55&quot;,&quot;iso&quot;:&quot;400&quot;,&quot;shutter_speed&quot;:&quot;0.005&quot;,&quot;title&quot;:&quot;&quot;,&quot;orientation&quot;:&quot;1&quot;}\" data-image-title=\"dsc_04162\" data-image-description=\"\" data-image-caption=\"\" data-medium-file=\"https:\/\/www.grieta.org.mx\/wp-content\/uploads\/2016\/08\/dsc_04162-1-300x225.jpg\" data-large-file=\"https:\/\/www.grieta.org.mx\/wp-content\/uploads\/2016\/08\/dsc_04162-1-1024x768.jpg\" \/><\/a>\n\t\t\t<\/div><\/figure><figure class='gallery-item'>\n\t\t\t<div class='gallery-icon landscape'>\n\t\t\t\t<a href='https:\/\/www.grieta.org.mx\/index.php\/2016\/08\/16\/clausura-del-festival-comparte-por-la-humanidad-en-el-caracol-de-roberto-barrios\/dsc_04201\/'><img loading=\"lazy\" decoding=\"async\" width=\"768\" height=\"511\" src=\"https:\/\/www.grieta.org.mx\/wp-content\/uploads\/2016\/08\/dsc_04201.jpg\" class=\"attachment-large size-large\" alt=\"\" srcset=\"https:\/\/www.grieta.org.mx\/wp-content\/uploads\/2016\/08\/dsc_04201.jpg 768w, https:\/\/www.grieta.org.mx\/wp-content\/uploads\/2016\/08\/dsc_04201-300x200.jpg 300w\" sizes=\"auto, (max-width: 768px) 100vw, 768px\" data-attachment-id=\"19983\" data-permalink=\"https:\/\/www.grieta.org.mx\/index.php\/2016\/08\/16\/clausura-del-festival-comparte-por-la-humanidad-en-el-caracol-de-roberto-barrios\/dsc_04201\/\" data-orig-file=\"https:\/\/www.grieta.org.mx\/wp-content\/uploads\/2016\/08\/dsc_04201.jpg\" data-orig-size=\"768,511\" data-comments-opened=\"0\" data-image-meta=\"{&quot;aperture&quot;:&quot;14&quot;,&quot;credit&quot;:&quot;&quot;,&quot;camera&quot;:&quot;NIKON D40&quot;,&quot;caption&quot;:&quot;&quot;,&quot;created_timestamp&quot;:&quot;1470997350&quot;,&quot;copyright&quot;:&quot;&quot;,&quot;focal_length&quot;:&quot;55&quot;,&quot;iso&quot;:&quot;400&quot;,&quot;shutter_speed&quot;:&quot;0.0125&quot;,&quot;title&quot;:&quot;&quot;,&quot;orientation&quot;:&quot;1&quot;}\" data-image-title=\"dsc_04201\" data-image-description=\"\" data-image-caption=\"\" data-medium-file=\"https:\/\/www.grieta.org.mx\/wp-content\/uploads\/2016\/08\/dsc_04201-300x200.jpg\" data-large-file=\"https:\/\/www.grieta.org.mx\/wp-content\/uploads\/2016\/08\/dsc_04201.jpg\" \/><\/a>\n\t\t\t<\/div><\/figure><figure class='gallery-item'>\n\t\t\t<div class='gallery-icon landscape'>\n\t\t\t\t<a href='https:\/\/www.grieta.org.mx\/index.php\/2016\/08\/16\/clausura-del-festival-comparte-por-la-humanidad-en-el-caracol-de-roberto-barrios\/dsc_0444\/'><img loading=\"lazy\" decoding=\"async\" width=\"768\" height=\"511\" src=\"https:\/\/www.grieta.org.mx\/wp-content\/uploads\/2016\/08\/dsc_0444.jpg\" class=\"attachment-large size-large\" alt=\"\" srcset=\"https:\/\/www.grieta.org.mx\/wp-content\/uploads\/2016\/08\/dsc_0444.jpg 768w, https:\/\/www.grieta.org.mx\/wp-content\/uploads\/2016\/08\/dsc_0444-300x200.jpg 300w\" sizes=\"auto, (max-width: 768px) 100vw, 768px\" data-attachment-id=\"19981\" data-permalink=\"https:\/\/www.grieta.org.mx\/index.php\/2016\/08\/16\/clausura-del-festival-comparte-por-la-humanidad-en-el-caracol-de-roberto-barrios\/dsc_0444\/\" data-orig-file=\"https:\/\/www.grieta.org.mx\/wp-content\/uploads\/2016\/08\/dsc_0444.jpg\" data-orig-size=\"768,511\" data-comments-opened=\"0\" data-image-meta=\"{&quot;aperture&quot;:&quot;14&quot;,&quot;credit&quot;:&quot;&quot;,&quot;camera&quot;:&quot;NIKON D40&quot;,&quot;caption&quot;:&quot;&quot;,&quot;created_timestamp&quot;:&quot;1470998457&quot;,&quot;copyright&quot;:&quot;&quot;,&quot;focal_length&quot;:&quot;55&quot;,&quot;iso&quot;:&quot;400&quot;,&quot;shutter_speed&quot;:&quot;0.005&quot;,&quot;title&quot;:&quot;&quot;,&quot;orientation&quot;:&quot;1&quot;}\" data-image-title=\"dsc_0444\" data-image-description=\"\" data-image-caption=\"\" data-medium-file=\"https:\/\/www.grieta.org.mx\/wp-content\/uploads\/2016\/08\/dsc_0444-300x200.jpg\" data-large-file=\"https:\/\/www.grieta.org.mx\/wp-content\/uploads\/2016\/08\/dsc_0444.jpg\" \/><\/a>\n\t\t\t<\/div><\/figure><figure class='gallery-item'>\n\t\t\t<div class='gallery-icon landscape'>\n\t\t\t\t<a href='https:\/\/www.grieta.org.mx\/index.php\/2016\/08\/16\/clausura-del-festival-comparte-por-la-humanidad-en-el-caracol-de-roberto-barrios\/dsc_0445\/'><img loading=\"lazy\" decoding=\"async\" width=\"768\" height=\"511\" src=\"https:\/\/www.grieta.org.mx\/wp-content\/uploads\/2016\/08\/dsc_0445.jpg\" class=\"attachment-large size-large\" alt=\"\" srcset=\"https:\/\/www.grieta.org.mx\/wp-content\/uploads\/2016\/08\/dsc_0445.jpg 768w, https:\/\/www.grieta.org.mx\/wp-content\/uploads\/2016\/08\/dsc_0445-300x200.jpg 300w\" sizes=\"auto, (max-width: 768px) 100vw, 768px\" data-attachment-id=\"19986\" data-permalink=\"https:\/\/www.grieta.org.mx\/index.php\/2016\/08\/16\/clausura-del-festival-comparte-por-la-humanidad-en-el-caracol-de-roberto-barrios\/dsc_0445\/\" data-orig-file=\"https:\/\/www.grieta.org.mx\/wp-content\/uploads\/2016\/08\/dsc_0445.jpg\" data-orig-size=\"768,511\" data-comments-opened=\"0\" data-image-meta=\"{&quot;aperture&quot;:&quot;14&quot;,&quot;credit&quot;:&quot;&quot;,&quot;camera&quot;:&quot;NIKON D40&quot;,&quot;caption&quot;:&quot;&quot;,&quot;created_timestamp&quot;:&quot;1470998491&quot;,&quot;copyright&quot;:&quot;&quot;,&quot;focal_length&quot;:&quot;55&quot;,&quot;iso&quot;:&quot;400&quot;,&quot;shutter_speed&quot;:&quot;0.005&quot;,&quot;title&quot;:&quot;&quot;,&quot;orientation&quot;:&quot;1&quot;}\" data-image-title=\"dsc_0445\" data-image-description=\"\" data-image-caption=\"\" data-medium-file=\"https:\/\/www.grieta.org.mx\/wp-content\/uploads\/2016\/08\/dsc_0445-300x200.jpg\" data-large-file=\"https:\/\/www.grieta.org.mx\/wp-content\/uploads\/2016\/08\/dsc_0445.jpg\" \/><\/a>\n\t\t\t<\/div><\/figure>\n\t\t<\/div>\n\n<p>Hablaron de como se enfrentaron contra la exclavitud, los maltratos, los abusos, la explotaci\u00f3n y formaron el EZLN a trav\u00e9s de la organizaci\u00f3n de los pueblos, y de c\u00f3mo los ataques militar, medi\u00e1tico, pol\u00edtico y paramilitar que han sufrido durante 22 a\u00f1os no han logrado hacerlxs desistir de la lucha, al contrario, se han organizado cada vez mejor.<\/p>\n<div data-carousel-extra='{&quot;blog_id&quot;:1,&quot;permalink&quot;:&quot;https:\/\/www.grieta.org.mx\/index.php\/2016\/08\/16\/clausura-del-festival-comparte-por-la-humanidad-en-el-caracol-de-roberto-barrios\/&quot;}' id='gallery-2' class='gallery galleryid-19976 gallery-columns-1 gallery-size-large'><figure class='gallery-item'>\n\t\t\t<div class='gallery-icon landscape'>\n\t\t\t\t<a href='https:\/\/www.grieta.org.mx\/index.php\/2016\/08\/16\/clausura-del-festival-comparte-por-la-humanidad-en-el-caracol-de-roberto-barrios\/1dsc_04491\/'><img loading=\"lazy\" decoding=\"async\" width=\"768\" height=\"511\" src=\"https:\/\/www.grieta.org.mx\/wp-content\/uploads\/2016\/08\/1dsc_04491.jpg\" class=\"attachment-large size-large\" alt=\"\" srcset=\"https:\/\/www.grieta.org.mx\/wp-content\/uploads\/2016\/08\/1dsc_04491.jpg 768w, https:\/\/www.grieta.org.mx\/wp-content\/uploads\/2016\/08\/1dsc_04491-300x200.jpg 300w\" sizes=\"auto, (max-width: 768px) 100vw, 768px\" data-attachment-id=\"19987\" data-permalink=\"https:\/\/www.grieta.org.mx\/index.php\/2016\/08\/16\/clausura-del-festival-comparte-por-la-humanidad-en-el-caracol-de-roberto-barrios\/1dsc_04491\/\" data-orig-file=\"https:\/\/www.grieta.org.mx\/wp-content\/uploads\/2016\/08\/1dsc_04491.jpg\" data-orig-size=\"768,511\" data-comments-opened=\"0\" data-image-meta=\"{&quot;aperture&quot;:&quot;14&quot;,&quot;credit&quot;:&quot;&quot;,&quot;camera&quot;:&quot;NIKON D40&quot;,&quot;caption&quot;:&quot;&quot;,&quot;created_timestamp&quot;:&quot;1470999793&quot;,&quot;copyright&quot;:&quot;&quot;,&quot;focal_length&quot;:&quot;55&quot;,&quot;iso&quot;:&quot;400&quot;,&quot;shutter_speed&quot;:&quot;0.005&quot;,&quot;title&quot;:&quot;&quot;,&quot;orientation&quot;:&quot;1&quot;}\" data-image-title=\"1dsc_04491\" data-image-description=\"\" data-image-caption=\"\" data-medium-file=\"https:\/\/www.grieta.org.mx\/wp-content\/uploads\/2016\/08\/1dsc_04491-300x200.jpg\" data-large-file=\"https:\/\/www.grieta.org.mx\/wp-content\/uploads\/2016\/08\/1dsc_04491.jpg\" \/><\/a>\n\t\t\t<\/div><\/figure><figure class='gallery-item'>\n\t\t\t<div class='gallery-icon landscape'>\n\t\t\t\t<a href='https:\/\/www.grieta.org.mx\/index.php\/2016\/08\/16\/clausura-del-festival-comparte-por-la-humanidad-en-el-caracol-de-roberto-barrios\/2dsc_0469\/'><img loading=\"lazy\" decoding=\"async\" width=\"768\" height=\"511\" src=\"https:\/\/www.grieta.org.mx\/wp-content\/uploads\/2016\/08\/2dsc_0469.jpg\" class=\"attachment-large size-large\" alt=\"\" srcset=\"https:\/\/www.grieta.org.mx\/wp-content\/uploads\/2016\/08\/2dsc_0469.jpg 768w, https:\/\/www.grieta.org.mx\/wp-content\/uploads\/2016\/08\/2dsc_0469-300x200.jpg 300w\" sizes=\"auto, (max-width: 768px) 100vw, 768px\" data-attachment-id=\"19988\" data-permalink=\"https:\/\/www.grieta.org.mx\/index.php\/2016\/08\/16\/clausura-del-festival-comparte-por-la-humanidad-en-el-caracol-de-roberto-barrios\/2dsc_0469\/\" data-orig-file=\"https:\/\/www.grieta.org.mx\/wp-content\/uploads\/2016\/08\/2dsc_0469.jpg\" data-orig-size=\"768,511\" data-comments-opened=\"0\" data-image-meta=\"{&quot;aperture&quot;:&quot;14&quot;,&quot;credit&quot;:&quot;&quot;,&quot;camera&quot;:&quot;NIKON D40&quot;,&quot;caption&quot;:&quot;&quot;,&quot;created_timestamp&quot;:&quot;1471000357&quot;,&quot;copyright&quot;:&quot;&quot;,&quot;focal_length&quot;:&quot;55&quot;,&quot;iso&quot;:&quot;200&quot;,&quot;shutter_speed&quot;:&quot;0.0125&quot;,&quot;title&quot;:&quot;&quot;,&quot;orientation&quot;:&quot;1&quot;}\" data-image-title=\"2dsc_0469\" data-image-description=\"\" data-image-caption=\"\" data-medium-file=\"https:\/\/www.grieta.org.mx\/wp-content\/uploads\/2016\/08\/2dsc_0469-300x200.jpg\" data-large-file=\"https:\/\/www.grieta.org.mx\/wp-content\/uploads\/2016\/08\/2dsc_0469.jpg\" \/><\/a>\n\t\t\t<\/div><\/figure><figure class='gallery-item'>\n\t\t\t<div class='gallery-icon landscape'>\n\t\t\t\t<a href='https:\/\/www.grieta.org.mx\/index.php\/2016\/08\/16\/clausura-del-festival-comparte-por-la-humanidad-en-el-caracol-de-roberto-barrios\/3dsc_0481\/'><img loading=\"lazy\" decoding=\"async\" width=\"768\" height=\"511\" src=\"https:\/\/www.grieta.org.mx\/wp-content\/uploads\/2016\/08\/3dsc_0481.jpg\" class=\"attachment-large size-large\" alt=\"\" srcset=\"https:\/\/www.grieta.org.mx\/wp-content\/uploads\/2016\/08\/3dsc_0481.jpg 768w, https:\/\/www.grieta.org.mx\/wp-content\/uploads\/2016\/08\/3dsc_0481-300x200.jpg 300w\" sizes=\"auto, (max-width: 768px) 100vw, 768px\" data-attachment-id=\"19989\" data-permalink=\"https:\/\/www.grieta.org.mx\/index.php\/2016\/08\/16\/clausura-del-festival-comparte-por-la-humanidad-en-el-caracol-de-roberto-barrios\/3dsc_0481\/\" data-orig-file=\"https:\/\/www.grieta.org.mx\/wp-content\/uploads\/2016\/08\/3dsc_0481.jpg\" data-orig-size=\"768,511\" data-comments-opened=\"0\" data-image-meta=\"{&quot;aperture&quot;:&quot;14&quot;,&quot;credit&quot;:&quot;&quot;,&quot;camera&quot;:&quot;NIKON D40&quot;,&quot;caption&quot;:&quot;&quot;,&quot;created_timestamp&quot;:&quot;1471000616&quot;,&quot;copyright&quot;:&quot;&quot;,&quot;focal_length&quot;:&quot;55&quot;,&quot;iso&quot;:&quot;800&quot;,&quot;shutter_speed&quot;:&quot;0.005&quot;,&quot;title&quot;:&quot;&quot;,&quot;orientation&quot;:&quot;1&quot;}\" data-image-title=\"3dsc_0481\" data-image-description=\"\" data-image-caption=\"\" data-medium-file=\"https:\/\/www.grieta.org.mx\/wp-content\/uploads\/2016\/08\/3dsc_0481-300x200.jpg\" data-large-file=\"https:\/\/www.grieta.org.mx\/wp-content\/uploads\/2016\/08\/3dsc_0481.jpg\" \/><\/a>\n\t\t\t<\/div><\/figure><figure class='gallery-item'>\n\t\t\t<div class='gallery-icon landscape'>\n\t\t\t\t<a href='https:\/\/www.grieta.org.mx\/index.php\/2016\/08\/16\/clausura-del-festival-comparte-por-la-humanidad-en-el-caracol-de-roberto-barrios\/4dsc_0473\/'><img loading=\"lazy\" decoding=\"async\" width=\"768\" height=\"511\" src=\"https:\/\/www.grieta.org.mx\/wp-content\/uploads\/2016\/08\/4dsc_0473.jpg\" class=\"attachment-large size-large\" alt=\"\" srcset=\"https:\/\/www.grieta.org.mx\/wp-content\/uploads\/2016\/08\/4dsc_0473.jpg 768w, https:\/\/www.grieta.org.mx\/wp-content\/uploads\/2016\/08\/4dsc_0473-300x200.jpg 300w\" sizes=\"auto, (max-width: 768px) 100vw, 768px\" data-attachment-id=\"19990\" data-permalink=\"https:\/\/www.grieta.org.mx\/index.php\/2016\/08\/16\/clausura-del-festival-comparte-por-la-humanidad-en-el-caracol-de-roberto-barrios\/4dsc_0473\/\" data-orig-file=\"https:\/\/www.grieta.org.mx\/wp-content\/uploads\/2016\/08\/4dsc_0473.jpg\" data-orig-size=\"768,511\" data-comments-opened=\"0\" data-image-meta=\"{&quot;aperture&quot;:&quot;14&quot;,&quot;credit&quot;:&quot;&quot;,&quot;camera&quot;:&quot;NIKON D40&quot;,&quot;caption&quot;:&quot;&quot;,&quot;created_timestamp&quot;:&quot;1471000383&quot;,&quot;copyright&quot;:&quot;&quot;,&quot;focal_length&quot;:&quot;55&quot;,&quot;iso&quot;:&quot;200&quot;,&quot;shutter_speed&quot;:&quot;0.016666666666667&quot;,&quot;title&quot;:&quot;&quot;,&quot;orientation&quot;:&quot;1&quot;}\" data-image-title=\"4dsc_0473\" data-image-description=\"\" data-image-caption=\"\" data-medium-file=\"https:\/\/www.grieta.org.mx\/wp-content\/uploads\/2016\/08\/4dsc_0473-300x200.jpg\" data-large-file=\"https:\/\/www.grieta.org.mx\/wp-content\/uploads\/2016\/08\/4dsc_0473.jpg\" \/><\/a>\n\t\t\t<\/div><\/figure><figure class='gallery-item'>\n\t\t\t<div class='gallery-icon landscape'>\n\t\t\t\t<a href='https:\/\/www.grieta.org.mx\/index.php\/2016\/08\/16\/clausura-del-festival-comparte-por-la-humanidad-en-el-caracol-de-roberto-barrios\/5dsc_0490\/'><img loading=\"lazy\" decoding=\"async\" width=\"768\" height=\"511\" src=\"https:\/\/www.grieta.org.mx\/wp-content\/uploads\/2016\/08\/5dsc_0490.jpg\" class=\"attachment-large size-large\" alt=\"\" srcset=\"https:\/\/www.grieta.org.mx\/wp-content\/uploads\/2016\/08\/5dsc_0490.jpg 768w, https:\/\/www.grieta.org.mx\/wp-content\/uploads\/2016\/08\/5dsc_0490-300x200.jpg 300w\" sizes=\"auto, (max-width: 768px) 100vw, 768px\" data-attachment-id=\"19991\" data-permalink=\"https:\/\/www.grieta.org.mx\/index.php\/2016\/08\/16\/clausura-del-festival-comparte-por-la-humanidad-en-el-caracol-de-roberto-barrios\/5dsc_0490\/\" data-orig-file=\"https:\/\/www.grieta.org.mx\/wp-content\/uploads\/2016\/08\/5dsc_0490.jpg\" data-orig-size=\"768,511\" data-comments-opened=\"0\" data-image-meta=\"{&quot;aperture&quot;:&quot;14&quot;,&quot;credit&quot;:&quot;&quot;,&quot;camera&quot;:&quot;NIKON D40&quot;,&quot;caption&quot;:&quot;&quot;,&quot;created_timestamp&quot;:&quot;1471001390&quot;,&quot;copyright&quot;:&quot;&quot;,&quot;focal_length&quot;:&quot;48&quot;,&quot;iso&quot;:&quot;200&quot;,&quot;shutter_speed&quot;:&quot;0.016666666666667&quot;,&quot;title&quot;:&quot;&quot;,&quot;orientation&quot;:&quot;1&quot;}\" data-image-title=\"5dsc_0490\" data-image-description=\"\" data-image-caption=\"\" data-medium-file=\"https:\/\/www.grieta.org.mx\/wp-content\/uploads\/2016\/08\/5dsc_0490-300x200.jpg\" data-large-file=\"https:\/\/www.grieta.org.mx\/wp-content\/uploads\/2016\/08\/5dsc_0490.jpg\" \/><\/a>\n\t\t\t<\/div><\/figure>\n\t\t<\/div>\n\n<p>Concluyendo con la organizaci\u00f3n de las comunidades en la autonom\u00eda a trav\u00e9s de proyectos de educaci\u00f3n, salud, alimentaci\u00f3n<\/p>\n<div data-carousel-extra='{&quot;blog_id&quot;:1,&quot;permalink&quot;:&quot;https:\/\/www.grieta.org.mx\/index.php\/2016\/08\/16\/clausura-del-festival-comparte-por-la-humanidad-en-el-caracol-de-roberto-barrios\/&quot;}' id='gallery-3' class='gallery galleryid-19976 gallery-columns-1 gallery-size-large'><figure class='gallery-item'>\n\t\t\t<div class='gallery-icon landscape'>\n\t\t\t\t<a href='https:\/\/www.grieta.org.mx\/index.php\/2016\/08\/16\/clausura-del-festival-comparte-por-la-humanidad-en-el-caracol-de-roberto-barrios\/b1-3\/'><img loading=\"lazy\" decoding=\"async\" width=\"768\" height=\"511\" src=\"https:\/\/www.grieta.org.mx\/wp-content\/uploads\/2016\/08\/b1.jpg\" class=\"attachment-large size-large\" alt=\"\" srcset=\"https:\/\/www.grieta.org.mx\/wp-content\/uploads\/2016\/08\/b1.jpg 768w, https:\/\/www.grieta.org.mx\/wp-content\/uploads\/2016\/08\/b1-300x200.jpg 300w\" sizes=\"auto, (max-width: 768px) 100vw, 768px\" data-attachment-id=\"19992\" data-permalink=\"https:\/\/www.grieta.org.mx\/index.php\/2016\/08\/16\/clausura-del-festival-comparte-por-la-humanidad-en-el-caracol-de-roberto-barrios\/b1-3\/\" data-orig-file=\"https:\/\/www.grieta.org.mx\/wp-content\/uploads\/2016\/08\/b1.jpg\" data-orig-size=\"768,511\" data-comments-opened=\"0\" data-image-meta=\"{&quot;aperture&quot;:&quot;14&quot;,&quot;credit&quot;:&quot;&quot;,&quot;camera&quot;:&quot;NIKON D40&quot;,&quot;caption&quot;:&quot;&quot;,&quot;created_timestamp&quot;:&quot;1471001667&quot;,&quot;copyright&quot;:&quot;&quot;,&quot;focal_length&quot;:&quot;55&quot;,&quot;iso&quot;:&quot;200&quot;,&quot;shutter_speed&quot;:&quot;0.01&quot;,&quot;title&quot;:&quot;&quot;,&quot;orientation&quot;:&quot;1&quot;}\" data-image-title=\"b1\" data-image-description=\"\" data-image-caption=\"\" data-medium-file=\"https:\/\/www.grieta.org.mx\/wp-content\/uploads\/2016\/08\/b1-300x200.jpg\" data-large-file=\"https:\/\/www.grieta.org.mx\/wp-content\/uploads\/2016\/08\/b1.jpg\" \/><\/a>\n\t\t\t<\/div><\/figure><figure class='gallery-item'>\n\t\t\t<div class='gallery-icon landscape'>\n\t\t\t\t<a href='https:\/\/www.grieta.org.mx\/index.php\/2016\/08\/16\/clausura-del-festival-comparte-por-la-humanidad-en-el-caracol-de-roberto-barrios\/b2-3\/'><img loading=\"lazy\" decoding=\"async\" width=\"768\" height=\"511\" src=\"https:\/\/www.grieta.org.mx\/wp-content\/uploads\/2016\/08\/b2.jpg\" class=\"attachment-large size-large\" alt=\"\" srcset=\"https:\/\/www.grieta.org.mx\/wp-content\/uploads\/2016\/08\/b2.jpg 768w, https:\/\/www.grieta.org.mx\/wp-content\/uploads\/2016\/08\/b2-300x200.jpg 300w\" sizes=\"auto, (max-width: 768px) 100vw, 768px\" data-attachment-id=\"19993\" data-permalink=\"https:\/\/www.grieta.org.mx\/index.php\/2016\/08\/16\/clausura-del-festival-comparte-por-la-humanidad-en-el-caracol-de-roberto-barrios\/b2-3\/\" data-orig-file=\"https:\/\/www.grieta.org.mx\/wp-content\/uploads\/2016\/08\/b2.jpg\" data-orig-size=\"768,511\" data-comments-opened=\"0\" data-image-meta=\"{&quot;aperture&quot;:&quot;14&quot;,&quot;credit&quot;:&quot;&quot;,&quot;camera&quot;:&quot;NIKON D40&quot;,&quot;caption&quot;:&quot;&quot;,&quot;created_timestamp&quot;:&quot;1471003438&quot;,&quot;copyright&quot;:&quot;&quot;,&quot;focal_length&quot;:&quot;18&quot;,&quot;iso&quot;:&quot;200&quot;,&quot;shutter_speed&quot;:&quot;0.00625&quot;,&quot;title&quot;:&quot;&quot;,&quot;orientation&quot;:&quot;1&quot;}\" data-image-title=\"b2\" data-image-description=\"\" data-image-caption=\"\" data-medium-file=\"https:\/\/www.grieta.org.mx\/wp-content\/uploads\/2016\/08\/b2-300x200.jpg\" data-large-file=\"https:\/\/www.grieta.org.mx\/wp-content\/uploads\/2016\/08\/b2.jpg\" \/><\/a>\n\t\t\t<\/div><\/figure>\n\t\t<\/div>\n\n<p>Hubieron mas danzas, canciones, obras de teatro, una que explicaba la diferencia entre la educaci\u00f3n del gobierno y la educaci\u00f3n aut\u00f3noma, mencionaron c\u00f3mo la educaci\u00f3n del gobierno s\u00f3lo adiestra para ser serviles a los intereses capitalistas, promoviendo el nepotismo, el partidismo y la corrupci\u00f3n, no tiene contacto con la naturaleza ni experiencia directa con la producci\u00f3n formando gente incapaz de trabajar con sus manos, mientras la educaci\u00f3n zapatista primero tiene una experiencia con la naturaleza y despues hacen teor\u00eda, en la escuela zapatista les ense\u00f1an a sembrar y observar, los partidistas se burlan de ellos porque dicen que los ponen a trabajar, pero igual consumen sus productos.<\/p>\n<div data-carousel-extra='{&quot;blog_id&quot;:1,&quot;permalink&quot;:&quot;https:\/\/www.grieta.org.mx\/index.php\/2016\/08\/16\/clausura-del-festival-comparte-por-la-humanidad-en-el-caracol-de-roberto-barrios\/&quot;}' id='gallery-4' class='gallery galleryid-19976 gallery-columns-1 gallery-size-large'><figure class='gallery-item'>\n\t\t\t<div class='gallery-icon landscape'>\n\t\t\t\t<a href='https:\/\/www.grieta.org.mx\/index.php\/2016\/08\/16\/clausura-del-festival-comparte-por-la-humanidad-en-el-caracol-de-roberto-barrios\/c1\/'><img loading=\"lazy\" decoding=\"async\" width=\"768\" height=\"511\" src=\"https:\/\/www.grieta.org.mx\/wp-content\/uploads\/2016\/08\/c1.jpg\" class=\"attachment-large size-large\" alt=\"\" srcset=\"https:\/\/www.grieta.org.mx\/wp-content\/uploads\/2016\/08\/c1.jpg 768w, https:\/\/www.grieta.org.mx\/wp-content\/uploads\/2016\/08\/c1-300x200.jpg 300w\" sizes=\"auto, (max-width: 768px) 100vw, 768px\" data-attachment-id=\"19994\" data-permalink=\"https:\/\/www.grieta.org.mx\/index.php\/2016\/08\/16\/clausura-del-festival-comparte-por-la-humanidad-en-el-caracol-de-roberto-barrios\/c1\/\" data-orig-file=\"https:\/\/www.grieta.org.mx\/wp-content\/uploads\/2016\/08\/c1.jpg\" data-orig-size=\"768,511\" data-comments-opened=\"0\" data-image-meta=\"{&quot;aperture&quot;:&quot;8&quot;,&quot;credit&quot;:&quot;&quot;,&quot;camera&quot;:&quot;NIKON D40&quot;,&quot;caption&quot;:&quot;&quot;,&quot;created_timestamp&quot;:&quot;1471024939&quot;,&quot;copyright&quot;:&quot;&quot;,&quot;focal_length&quot;:&quot;55&quot;,&quot;iso&quot;:&quot;800&quot;,&quot;shutter_speed&quot;:&quot;0.008&quot;,&quot;title&quot;:&quot;&quot;,&quot;orientation&quot;:&quot;1&quot;}\" data-image-title=\"c1\" data-image-description=\"\" data-image-caption=\"\" data-medium-file=\"https:\/\/www.grieta.org.mx\/wp-content\/uploads\/2016\/08\/c1-300x200.jpg\" data-large-file=\"https:\/\/www.grieta.org.mx\/wp-content\/uploads\/2016\/08\/c1.jpg\" \/><\/a>\n\t\t\t<\/div><\/figure>\n\t\t<\/div>\n\n<p>Las danzas hablaban de los procesos de producci\u00f3n, preparaci\u00f3n, siembra y cosecha, tambi\u00e9n de la autonom\u00eda, y la organizaci\u00f3n.<\/p>\n<div data-carousel-extra='{&quot;blog_id&quot;:1,&quot;permalink&quot;:&quot;https:\/\/www.grieta.org.mx\/index.php\/2016\/08\/16\/clausura-del-festival-comparte-por-la-humanidad-en-el-caracol-de-roberto-barrios\/&quot;}' id='gallery-5' class='gallery galleryid-19976 gallery-columns-1 gallery-size-large'><figure class='gallery-item'>\n\t\t\t<div class='gallery-icon landscape'>\n\t\t\t\t<a href='https:\/\/www.grieta.org.mx\/index.php\/2016\/08\/16\/clausura-del-festival-comparte-por-la-humanidad-en-el-caracol-de-roberto-barrios\/d1\/'><img loading=\"lazy\" decoding=\"async\" width=\"768\" height=\"511\" src=\"https:\/\/www.grieta.org.mx\/wp-content\/uploads\/2016\/08\/d1.jpg\" class=\"attachment-large size-large\" alt=\"\" srcset=\"https:\/\/www.grieta.org.mx\/wp-content\/uploads\/2016\/08\/d1.jpg 768w, https:\/\/www.grieta.org.mx\/wp-content\/uploads\/2016\/08\/d1-300x200.jpg 300w\" sizes=\"auto, (max-width: 768px) 100vw, 768px\" data-attachment-id=\"19995\" data-permalink=\"https:\/\/www.grieta.org.mx\/index.php\/2016\/08\/16\/clausura-del-festival-comparte-por-la-humanidad-en-el-caracol-de-roberto-barrios\/d1\/\" data-orig-file=\"https:\/\/www.grieta.org.mx\/wp-content\/uploads\/2016\/08\/d1.jpg\" data-orig-size=\"768,511\" data-comments-opened=\"0\" data-image-meta=\"{&quot;aperture&quot;:&quot;14&quot;,&quot;credit&quot;:&quot;&quot;,&quot;camera&quot;:&quot;NIKON D40&quot;,&quot;caption&quot;:&quot;&quot;,&quot;created_timestamp&quot;:&quot;1471004719&quot;,&quot;copyright&quot;:&quot;&quot;,&quot;focal_length&quot;:&quot;32&quot;,&quot;iso&quot;:&quot;200&quot;,&quot;shutter_speed&quot;:&quot;0.01&quot;,&quot;title&quot;:&quot;&quot;,&quot;orientation&quot;:&quot;1&quot;}\" data-image-title=\"d1\" data-image-description=\"\" data-image-caption=\"\" data-medium-file=\"https:\/\/www.grieta.org.mx\/wp-content\/uploads\/2016\/08\/d1-300x200.jpg\" data-large-file=\"https:\/\/www.grieta.org.mx\/wp-content\/uploads\/2016\/08\/d1.jpg\" \/><\/a>\n\t\t\t<\/div><\/figure><figure class='gallery-item'>\n\t\t\t<div class='gallery-icon landscape'>\n\t\t\t\t<a href='https:\/\/www.grieta.org.mx\/index.php\/2016\/08\/16\/clausura-del-festival-comparte-por-la-humanidad-en-el-caracol-de-roberto-barrios\/d2\/'><img loading=\"lazy\" decoding=\"async\" width=\"768\" height=\"511\" src=\"https:\/\/www.grieta.org.mx\/wp-content\/uploads\/2016\/08\/d2.jpg\" class=\"attachment-large size-large\" alt=\"\" srcset=\"https:\/\/www.grieta.org.mx\/wp-content\/uploads\/2016\/08\/d2.jpg 768w, https:\/\/www.grieta.org.mx\/wp-content\/uploads\/2016\/08\/d2-300x200.jpg 300w\" sizes=\"auto, (max-width: 768px) 100vw, 768px\" data-attachment-id=\"19996\" data-permalink=\"https:\/\/www.grieta.org.mx\/index.php\/2016\/08\/16\/clausura-del-festival-comparte-por-la-humanidad-en-el-caracol-de-roberto-barrios\/d2\/\" data-orig-file=\"https:\/\/www.grieta.org.mx\/wp-content\/uploads\/2016\/08\/d2.jpg\" data-orig-size=\"768,511\" data-comments-opened=\"0\" data-image-meta=\"{&quot;aperture&quot;:&quot;14&quot;,&quot;credit&quot;:&quot;&quot;,&quot;camera&quot;:&quot;NIKON D40&quot;,&quot;caption&quot;:&quot;&quot;,&quot;created_timestamp&quot;:&quot;1471004733&quot;,&quot;copyright&quot;:&quot;&quot;,&quot;focal_length&quot;:&quot;32&quot;,&quot;iso&quot;:&quot;200&quot;,&quot;shutter_speed&quot;:&quot;0.01&quot;,&quot;title&quot;:&quot;&quot;,&quot;orientation&quot;:&quot;1&quot;}\" data-image-title=\"d2\" data-image-description=\"\" data-image-caption=\"\" data-medium-file=\"https:\/\/www.grieta.org.mx\/wp-content\/uploads\/2016\/08\/d2-300x200.jpg\" data-large-file=\"https:\/\/www.grieta.org.mx\/wp-content\/uploads\/2016\/08\/d2.jpg\" \/><\/a>\n\t\t\t<\/div><\/figure><figure class='gallery-item'>\n\t\t\t<div class='gallery-icon landscape'>\n\t\t\t\t<a href='https:\/\/www.grieta.org.mx\/index.php\/2016\/08\/16\/clausura-del-festival-comparte-por-la-humanidad-en-el-caracol-de-roberto-barrios\/d3\/'><img loading=\"lazy\" decoding=\"async\" width=\"768\" height=\"511\" src=\"https:\/\/www.grieta.org.mx\/wp-content\/uploads\/2016\/08\/d3.jpg\" class=\"attachment-large size-large\" alt=\"\" srcset=\"https:\/\/www.grieta.org.mx\/wp-content\/uploads\/2016\/08\/d3.jpg 768w, https:\/\/www.grieta.org.mx\/wp-content\/uploads\/2016\/08\/d3-300x200.jpg 300w\" sizes=\"auto, (max-width: 768px) 100vw, 768px\" data-attachment-id=\"19997\" data-permalink=\"https:\/\/www.grieta.org.mx\/index.php\/2016\/08\/16\/clausura-del-festival-comparte-por-la-humanidad-en-el-caracol-de-roberto-barrios\/d3\/\" data-orig-file=\"https:\/\/www.grieta.org.mx\/wp-content\/uploads\/2016\/08\/d3.jpg\" data-orig-size=\"768,511\" data-comments-opened=\"0\" data-image-meta=\"{&quot;aperture&quot;:&quot;8&quot;,&quot;credit&quot;:&quot;&quot;,&quot;camera&quot;:&quot;NIKON D40&quot;,&quot;caption&quot;:&quot;&quot;,&quot;created_timestamp&quot;:&quot;1471015918&quot;,&quot;copyright&quot;:&quot;&quot;,&quot;focal_length&quot;:&quot;55&quot;,&quot;iso&quot;:&quot;800&quot;,&quot;shutter_speed&quot;:&quot;0.003125&quot;,&quot;title&quot;:&quot;&quot;,&quot;orientation&quot;:&quot;1&quot;}\" data-image-title=\"d3\" data-image-description=\"\" data-image-caption=\"\" data-medium-file=\"https:\/\/www.grieta.org.mx\/wp-content\/uploads\/2016\/08\/d3-300x200.jpg\" data-large-file=\"https:\/\/www.grieta.org.mx\/wp-content\/uploads\/2016\/08\/d3.jpg\" \/><\/a>\n\t\t\t<\/div><\/figure><figure class='gallery-item'>\n\t\t\t<div class='gallery-icon landscape'>\n\t\t\t\t<a href='https:\/\/www.grieta.org.mx\/index.php\/2016\/08\/16\/clausura-del-festival-comparte-por-la-humanidad-en-el-caracol-de-roberto-barrios\/d4\/'><img loading=\"lazy\" decoding=\"async\" width=\"768\" height=\"511\" src=\"https:\/\/www.grieta.org.mx\/wp-content\/uploads\/2016\/08\/d4.jpg\" class=\"attachment-large size-large\" alt=\"\" srcset=\"https:\/\/www.grieta.org.mx\/wp-content\/uploads\/2016\/08\/d4.jpg 768w, https:\/\/www.grieta.org.mx\/wp-content\/uploads\/2016\/08\/d4-300x200.jpg 300w\" sizes=\"auto, (max-width: 768px) 100vw, 768px\" data-attachment-id=\"19998\" data-permalink=\"https:\/\/www.grieta.org.mx\/index.php\/2016\/08\/16\/clausura-del-festival-comparte-por-la-humanidad-en-el-caracol-de-roberto-barrios\/d4\/\" data-orig-file=\"https:\/\/www.grieta.org.mx\/wp-content\/uploads\/2016\/08\/d4.jpg\" data-orig-size=\"768,511\" data-comments-opened=\"0\" data-image-meta=\"{&quot;aperture&quot;:&quot;14&quot;,&quot;credit&quot;:&quot;&quot;,&quot;camera&quot;:&quot;NIKON D40&quot;,&quot;caption&quot;:&quot;&quot;,&quot;created_timestamp&quot;:&quot;1471005850&quot;,&quot;copyright&quot;:&quot;&quot;,&quot;focal_length&quot;:&quot;55&quot;,&quot;iso&quot;:&quot;800&quot;,&quot;shutter_speed&quot;:&quot;0.02&quot;,&quot;title&quot;:&quot;&quot;,&quot;orientation&quot;:&quot;1&quot;}\" data-image-title=\"d4\" data-image-description=\"\" data-image-caption=\"\" data-medium-file=\"https:\/\/www.grieta.org.mx\/wp-content\/uploads\/2016\/08\/d4-300x200.jpg\" data-large-file=\"https:\/\/www.grieta.org.mx\/wp-content\/uploads\/2016\/08\/d4.jpg\" \/><\/a>\n\t\t\t<\/div><\/figure><figure class='gallery-item'>\n\t\t\t<div class='gallery-icon landscape'>\n\t\t\t\t<a href='https:\/\/www.grieta.org.mx\/index.php\/2016\/08\/16\/clausura-del-festival-comparte-por-la-humanidad-en-el-caracol-de-roberto-barrios\/d5\/'><img loading=\"lazy\" decoding=\"async\" width=\"768\" height=\"511\" src=\"https:\/\/www.grieta.org.mx\/wp-content\/uploads\/2016\/08\/d5.jpg\" class=\"attachment-large size-large\" alt=\"\" srcset=\"https:\/\/www.grieta.org.mx\/wp-content\/uploads\/2016\/08\/d5.jpg 768w, https:\/\/www.grieta.org.mx\/wp-content\/uploads\/2016\/08\/d5-300x200.jpg 300w\" sizes=\"auto, (max-width: 768px) 100vw, 768px\" data-attachment-id=\"19999\" data-permalink=\"https:\/\/www.grieta.org.mx\/index.php\/2016\/08\/16\/clausura-del-festival-comparte-por-la-humanidad-en-el-caracol-de-roberto-barrios\/d5\/\" data-orig-file=\"https:\/\/www.grieta.org.mx\/wp-content\/uploads\/2016\/08\/d5.jpg\" data-orig-size=\"768,511\" data-comments-opened=\"0\" data-image-meta=\"{&quot;aperture&quot;:&quot;8&quot;,&quot;credit&quot;:&quot;&quot;,&quot;camera&quot;:&quot;NIKON D40&quot;,&quot;caption&quot;:&quot;&quot;,&quot;created_timestamp&quot;:&quot;1471016010&quot;,&quot;copyright&quot;:&quot;&quot;,&quot;focal_length&quot;:&quot;55&quot;,&quot;iso&quot;:&quot;800&quot;,&quot;shutter_speed&quot;:&quot;0.004&quot;,&quot;title&quot;:&quot;&quot;,&quot;orientation&quot;:&quot;1&quot;}\" data-image-title=\"d5\" data-image-description=\"\" data-image-caption=\"\" data-medium-file=\"https:\/\/www.grieta.org.mx\/wp-content\/uploads\/2016\/08\/d5-300x200.jpg\" data-large-file=\"https:\/\/www.grieta.org.mx\/wp-content\/uploads\/2016\/08\/d5.jpg\" \/><\/a>\n\t\t\t<\/div><\/figure>\n\t\t<\/div>\n\n<p>Representaron en una obra de teatro c\u00f3mo funciona la salud con el gobierno y como con las comundades zapatistas, en las cl\u00ednicas de gobierno los tratan con desprecio, quieren cobrarles por cualquier cosa y los da\u00f1an, en las cl\u00ednicas zapatistas tienen alterntativas naturales para resolver complicaciones y enfermedades y no cobran.<\/p>\n<div data-carousel-extra='{&quot;blog_id&quot;:1,&quot;permalink&quot;:&quot;https:\/\/www.grieta.org.mx\/index.php\/2016\/08\/16\/clausura-del-festival-comparte-por-la-humanidad-en-el-caracol-de-roberto-barrios\/&quot;}' id='gallery-6' class='gallery galleryid-19976 gallery-columns-1 gallery-size-large'><figure class='gallery-item'>\n\t\t\t<div class='gallery-icon landscape'>\n\t\t\t\t<a href='https:\/\/www.grieta.org.mx\/index.php\/2016\/08\/16\/clausura-del-festival-comparte-por-la-humanidad-en-el-caracol-de-roberto-barrios\/f1-3\/'><img loading=\"lazy\" decoding=\"async\" width=\"768\" height=\"511\" src=\"https:\/\/www.grieta.org.mx\/wp-content\/uploads\/2016\/08\/f1.jpg\" class=\"attachment-large size-large\" alt=\"\" srcset=\"https:\/\/www.grieta.org.mx\/wp-content\/uploads\/2016\/08\/f1.jpg 768w, https:\/\/www.grieta.org.mx\/wp-content\/uploads\/2016\/08\/f1-300x200.jpg 300w\" sizes=\"auto, (max-width: 768px) 100vw, 768px\" data-attachment-id=\"20000\" data-permalink=\"https:\/\/www.grieta.org.mx\/index.php\/2016\/08\/16\/clausura-del-festival-comparte-por-la-humanidad-en-el-caracol-de-roberto-barrios\/f1-3\/\" data-orig-file=\"https:\/\/www.grieta.org.mx\/wp-content\/uploads\/2016\/08\/f1.jpg\" data-orig-size=\"768,511\" data-comments-opened=\"0\" data-image-meta=\"{&quot;aperture&quot;:&quot;8&quot;,&quot;credit&quot;:&quot;&quot;,&quot;camera&quot;:&quot;NIKON D40&quot;,&quot;caption&quot;:&quot;&quot;,&quot;created_timestamp&quot;:&quot;1471018037&quot;,&quot;copyright&quot;:&quot;&quot;,&quot;focal_length&quot;:&quot;55&quot;,&quot;iso&quot;:&quot;800&quot;,&quot;shutter_speed&quot;:&quot;0.00625&quot;,&quot;title&quot;:&quot;&quot;,&quot;orientation&quot;:&quot;1&quot;}\" data-image-title=\"f1\" data-image-description=\"\" data-image-caption=\"\" data-medium-file=\"https:\/\/www.grieta.org.mx\/wp-content\/uploads\/2016\/08\/f1-300x200.jpg\" data-large-file=\"https:\/\/www.grieta.org.mx\/wp-content\/uploads\/2016\/08\/f1.jpg\" \/><\/a>\n\t\t\t<\/div><\/figure><figure class='gallery-item'>\n\t\t\t<div class='gallery-icon landscape'>\n\t\t\t\t<a href='https:\/\/www.grieta.org.mx\/index.php\/2016\/08\/16\/clausura-del-festival-comparte-por-la-humanidad-en-el-caracol-de-roberto-barrios\/f2-3\/'><img loading=\"lazy\" decoding=\"async\" width=\"768\" height=\"511\" src=\"https:\/\/www.grieta.org.mx\/wp-content\/uploads\/2016\/08\/f2.jpg\" class=\"attachment-large size-large\" alt=\"\" srcset=\"https:\/\/www.grieta.org.mx\/wp-content\/uploads\/2016\/08\/f2.jpg 768w, https:\/\/www.grieta.org.mx\/wp-content\/uploads\/2016\/08\/f2-300x200.jpg 300w\" sizes=\"auto, (max-width: 768px) 100vw, 768px\" data-attachment-id=\"20001\" data-permalink=\"https:\/\/www.grieta.org.mx\/index.php\/2016\/08\/16\/clausura-del-festival-comparte-por-la-humanidad-en-el-caracol-de-roberto-barrios\/f2-3\/\" data-orig-file=\"https:\/\/www.grieta.org.mx\/wp-content\/uploads\/2016\/08\/f2.jpg\" data-orig-size=\"768,511\" data-comments-opened=\"0\" data-image-meta=\"{&quot;aperture&quot;:&quot;8&quot;,&quot;credit&quot;:&quot;&quot;,&quot;camera&quot;:&quot;NIKON D40&quot;,&quot;caption&quot;:&quot;&quot;,&quot;created_timestamp&quot;:&quot;1471017079&quot;,&quot;copyright&quot;:&quot;&quot;,&quot;focal_length&quot;:&quot;55&quot;,&quot;iso&quot;:&quot;800&quot;,&quot;shutter_speed&quot;:&quot;0.004&quot;,&quot;title&quot;:&quot;&quot;,&quot;orientation&quot;:&quot;1&quot;}\" data-image-title=\"f2\" data-image-description=\"\" data-image-caption=\"\" data-medium-file=\"https:\/\/www.grieta.org.mx\/wp-content\/uploads\/2016\/08\/f2-300x200.jpg\" data-large-file=\"https:\/\/www.grieta.org.mx\/wp-content\/uploads\/2016\/08\/f2.jpg\" \/><\/a>\n\t\t\t<\/div><\/figure>\n\t\t<\/div>\n\n<p>Las pinturas que recorrieron algunos caracoles, expresaban su historia, la pasada y la actual de c\u00f3mo enfrentan a la hidra capitalista, sus proyectos de destrucci\u00f3n y de la guerra que enfrentan<\/p>\n<div data-carousel-extra='{&quot;blog_id&quot;:1,&quot;permalink&quot;:&quot;https:\/\/www.grieta.org.mx\/index.php\/2016\/08\/16\/clausura-del-festival-comparte-por-la-humanidad-en-el-caracol-de-roberto-barrios\/&quot;}' id='gallery-7' class='gallery galleryid-19976 gallery-columns-1 gallery-size-large'><figure class='gallery-item'>\n\t\t\t<div class='gallery-icon landscape'>\n\t\t\t\t<a href='https:\/\/www.grieta.org.mx\/index.php\/2016\/08\/16\/clausura-del-festival-comparte-por-la-humanidad-en-el-caracol-de-roberto-barrios\/g1\/'><img loading=\"lazy\" decoding=\"async\" width=\"768\" height=\"511\" src=\"https:\/\/www.grieta.org.mx\/wp-content\/uploads\/2016\/08\/g1.jpg\" class=\"attachment-large size-large\" alt=\"\" srcset=\"https:\/\/www.grieta.org.mx\/wp-content\/uploads\/2016\/08\/g1.jpg 768w, https:\/\/www.grieta.org.mx\/wp-content\/uploads\/2016\/08\/g1-300x200.jpg 300w\" sizes=\"auto, (max-width: 768px) 100vw, 768px\" data-attachment-id=\"20002\" data-permalink=\"https:\/\/www.grieta.org.mx\/index.php\/2016\/08\/16\/clausura-del-festival-comparte-por-la-humanidad-en-el-caracol-de-roberto-barrios\/g1\/\" data-orig-file=\"https:\/\/www.grieta.org.mx\/wp-content\/uploads\/2016\/08\/g1.jpg\" data-orig-size=\"768,511\" data-comments-opened=\"0\" data-image-meta=\"{&quot;aperture&quot;:&quot;14&quot;,&quot;credit&quot;:&quot;&quot;,&quot;camera&quot;:&quot;NIKON D40&quot;,&quot;caption&quot;:&quot;&quot;,&quot;created_timestamp&quot;:&quot;1471009120&quot;,&quot;copyright&quot;:&quot;&quot;,&quot;focal_length&quot;:&quot;40&quot;,&quot;iso&quot;:&quot;800&quot;,&quot;shutter_speed&quot;:&quot;0.02&quot;,&quot;title&quot;:&quot;&quot;,&quot;orientation&quot;:&quot;1&quot;}\" data-image-title=\"g1\" data-image-description=\"\" data-image-caption=\"\" data-medium-file=\"https:\/\/www.grieta.org.mx\/wp-content\/uploads\/2016\/08\/g1-300x200.jpg\" data-large-file=\"https:\/\/www.grieta.org.mx\/wp-content\/uploads\/2016\/08\/g1.jpg\" \/><\/a>\n\t\t\t<\/div><\/figure><figure class='gallery-item'>\n\t\t\t<div class='gallery-icon landscape'>\n\t\t\t\t<a href='https:\/\/www.grieta.org.mx\/index.php\/2016\/08\/16\/clausura-del-festival-comparte-por-la-humanidad-en-el-caracol-de-roberto-barrios\/g2\/'><img loading=\"lazy\" decoding=\"async\" width=\"768\" height=\"511\" src=\"https:\/\/www.grieta.org.mx\/wp-content\/uploads\/2016\/08\/g2.jpg\" class=\"attachment-large size-large\" alt=\"\" srcset=\"https:\/\/www.grieta.org.mx\/wp-content\/uploads\/2016\/08\/g2.jpg 768w, https:\/\/www.grieta.org.mx\/wp-content\/uploads\/2016\/08\/g2-300x200.jpg 300w\" sizes=\"auto, (max-width: 768px) 100vw, 768px\" data-attachment-id=\"20003\" data-permalink=\"https:\/\/www.grieta.org.mx\/index.php\/2016\/08\/16\/clausura-del-festival-comparte-por-la-humanidad-en-el-caracol-de-roberto-barrios\/g2\/\" data-orig-file=\"https:\/\/www.grieta.org.mx\/wp-content\/uploads\/2016\/08\/g2.jpg\" data-orig-size=\"768,511\" data-comments-opened=\"0\" data-image-meta=\"{&quot;aperture&quot;:&quot;14&quot;,&quot;credit&quot;:&quot;&quot;,&quot;camera&quot;:&quot;NIKON D40&quot;,&quot;caption&quot;:&quot;&quot;,&quot;created_timestamp&quot;:&quot;1471009196&quot;,&quot;copyright&quot;:&quot;&quot;,&quot;focal_length&quot;:&quot;18&quot;,&quot;iso&quot;:&quot;800&quot;,&quot;shutter_speed&quot;:&quot;0.066666666666667&quot;,&quot;title&quot;:&quot;&quot;,&quot;orientation&quot;:&quot;1&quot;}\" data-image-title=\"g2\" data-image-description=\"\" data-image-caption=\"\" data-medium-file=\"https:\/\/www.grieta.org.mx\/wp-content\/uploads\/2016\/08\/g2-300x200.jpg\" data-large-file=\"https:\/\/www.grieta.org.mx\/wp-content\/uploads\/2016\/08\/g2.jpg\" \/><\/a>\n\t\t\t<\/div><\/figure><figure class='gallery-item'>\n\t\t\t<div class='gallery-icon landscape'>\n\t\t\t\t<a href='https:\/\/www.grieta.org.mx\/index.php\/2016\/08\/16\/clausura-del-festival-comparte-por-la-humanidad-en-el-caracol-de-roberto-barrios\/g3\/'><img loading=\"lazy\" decoding=\"async\" width=\"768\" height=\"511\" src=\"https:\/\/www.grieta.org.mx\/wp-content\/uploads\/2016\/08\/g3.jpg\" class=\"attachment-large size-large\" alt=\"\" srcset=\"https:\/\/www.grieta.org.mx\/wp-content\/uploads\/2016\/08\/g3.jpg 768w, https:\/\/www.grieta.org.mx\/wp-content\/uploads\/2016\/08\/g3-300x200.jpg 300w\" sizes=\"auto, (max-width: 768px) 100vw, 768px\" data-attachment-id=\"20004\" data-permalink=\"https:\/\/www.grieta.org.mx\/index.php\/2016\/08\/16\/clausura-del-festival-comparte-por-la-humanidad-en-el-caracol-de-roberto-barrios\/g3\/\" data-orig-file=\"https:\/\/www.grieta.org.mx\/wp-content\/uploads\/2016\/08\/g3.jpg\" data-orig-size=\"768,511\" data-comments-opened=\"0\" data-image-meta=\"{&quot;aperture&quot;:&quot;14&quot;,&quot;credit&quot;:&quot;&quot;,&quot;camera&quot;:&quot;NIKON D40&quot;,&quot;caption&quot;:&quot;&quot;,&quot;created_timestamp&quot;:&quot;1471009267&quot;,&quot;copyright&quot;:&quot;&quot;,&quot;focal_length&quot;:&quot;18&quot;,&quot;iso&quot;:&quot;800&quot;,&quot;shutter_speed&quot;:&quot;0.033333333333333&quot;,&quot;title&quot;:&quot;&quot;,&quot;orientation&quot;:&quot;1&quot;}\" data-image-title=\"g3\" data-image-description=\"\" data-image-caption=\"\" data-medium-file=\"https:\/\/www.grieta.org.mx\/wp-content\/uploads\/2016\/08\/g3-300x200.jpg\" data-large-file=\"https:\/\/www.grieta.org.mx\/wp-content\/uploads\/2016\/08\/g3.jpg\" \/><\/a>\n\t\t\t<\/div><\/figure><figure class='gallery-item'>\n\t\t\t<div class='gallery-icon landscape'>\n\t\t\t\t<a href='https:\/\/www.grieta.org.mx\/index.php\/2016\/08\/16\/clausura-del-festival-comparte-por-la-humanidad-en-el-caracol-de-roberto-barrios\/g4\/'><img loading=\"lazy\" decoding=\"async\" width=\"768\" height=\"511\" src=\"https:\/\/www.grieta.org.mx\/wp-content\/uploads\/2016\/08\/g4.jpg\" class=\"attachment-large size-large\" alt=\"\" srcset=\"https:\/\/www.grieta.org.mx\/wp-content\/uploads\/2016\/08\/g4.jpg 768w, https:\/\/www.grieta.org.mx\/wp-content\/uploads\/2016\/08\/g4-300x200.jpg 300w\" sizes=\"auto, (max-width: 768px) 100vw, 768px\" data-attachment-id=\"20005\" data-permalink=\"https:\/\/www.grieta.org.mx\/index.php\/2016\/08\/16\/clausura-del-festival-comparte-por-la-humanidad-en-el-caracol-de-roberto-barrios\/g4\/\" data-orig-file=\"https:\/\/www.grieta.org.mx\/wp-content\/uploads\/2016\/08\/g4.jpg\" data-orig-size=\"768,511\" data-comments-opened=\"0\" data-image-meta=\"{&quot;aperture&quot;:&quot;14&quot;,&quot;credit&quot;:&quot;&quot;,&quot;camera&quot;:&quot;NIKON D40&quot;,&quot;caption&quot;:&quot;&quot;,&quot;created_timestamp&quot;:&quot;1471009156&quot;,&quot;copyright&quot;:&quot;&quot;,&quot;focal_length&quot;:&quot;20&quot;,&quot;iso&quot;:&quot;800&quot;,&quot;shutter_speed&quot;:&quot;0.02&quot;,&quot;title&quot;:&quot;&quot;,&quot;orientation&quot;:&quot;1&quot;}\" data-image-title=\"g4\" data-image-description=\"\" data-image-caption=\"\" data-medium-file=\"https:\/\/www.grieta.org.mx\/wp-content\/uploads\/2016\/08\/g4-300x200.jpg\" data-large-file=\"https:\/\/www.grieta.org.mx\/wp-content\/uploads\/2016\/08\/g4.jpg\" \/><\/a>\n\t\t\t<\/div><\/figure>\n\t\t<\/div>\n\n<p>La jornada termin\u00f3 con un discurso del subcomandante insurgente Mois\u00e9s que expresaba su contento y asombro sobre la expresiones art\u00edsticas que se vieron en todos los caracoles, el esfuerzo, la organizaci\u00f3n y mencionaba que como experiencia es algo que a\u00fan falta asimilar del todo, hay mucho por aprender y analizar de la cantidad de historia, informaci\u00f3n y entendimiento de estas lecciones que nos dieron las comunidades bases de apoyo zapatista.<\/p>\n<p><a href=\"https:\/\/noticiasdeabajoml.wordpress.com\/2016\/08\/16\/clausura-del-festival-comparte-por-la-humanidad-en-el-caracol-de-roberto-barrios\/\" target=\"_blank\">https:\/\/noticiasdeabajoml.wordpress.com\/2016\/08\/16\/clausura-del-festival-comparte-por-la-humanidad-en-el-caracol-de-roberto-barrios\/<\/a><\/p>\n","protected":false},"excerpt":{"rendered":"<p>A las 9 am de este 12 de agosto su realiz\u00f3 el comparte en el Caracol de Roberto Barrios Zona Norte, con cientos de artistas que compartieron poes\u00eda, m\u00fasica, teatro, &hellip; <a href=\"https:\/\/www.grieta.org.mx\/index.php\/2016\/08\/16\/clausura-del-festival-comparte-por-la-humanidad-en-el-caracol-de-roberto-barrios\/\" class=\"more-link\">Leer m\u00e1s<\/a><\/p>\n","protected":false},"author":2,"featured_media":21928,"comment_status":"closed","ping_status":"closed","sticky":false,"template":"","format":"standard","meta":{"ngg_post_thumbnail":0,"_jetpack_newsletter_access":"","_jetpack_dont_email_post_to_subs":false,"_jetpack_newsletter_tier_id":0,"_jetpack_memberships_contains_paywalled_content":false,"_jetpack_memberships_contains_paid_content":false,"footnotes":""},"categories":[80,817],"tags":[818],"class_list":["post-19976","post","type-post","status-publish","format-standard","has-post-thumbnail","hentry","category-cintillo","category-festival-comparte-por-la-humanidad","tag-festival-comparte","entry"],"jetpack_featured_media_url":"https:\/\/www.grieta.org.mx\/wp-content\/uploads\/2018\/03\/14524434_1106112876131411_958039263622046936_o.jpg","jetpack_sharing_enabled":true,"jetpack_shortlink":"https:\/\/wp.me\/p7ZJR4-5cc","jetpack_likes_enabled":false,"jetpack-related-posts":[{"id":19548,"url":"https:\/\/www.grieta.org.mx\/index.php\/2016\/08\/12\/festival-comparte-caracol-zapatista-roberto-barrios\/","url_meta":{"origin":19976,"position":0},"title":"Festival CompArte, Caracol zapatista Roberto Barrios.","author":"grieta","date":"12 agosto, 2016","format":false,"excerpt":"POZOL COLECTIVO Palenque Chiapas. 12 de agosto. Caracol de Roberto Barrios. Artistas base de apoyo zapatistas del festival CompArte y artistas de la sexta nacional e internacional, al ritmo de las voces, el tambor, la jarana, la guitarra y los aplausos, comenzaron a expresar su Arte, su historia, su autonom\u00eda,\u2026","rel":"","context":"En &quot;CINTILLO&quot;","block_context":{"text":"CINTILLO","link":"https:\/\/www.grieta.org.mx\/index.php\/category\/cintillo\/"},"img":{"alt_text":"","src":"https:\/\/i0.wp.com\/www.grieta.org.mx\/wp-content\/uploads\/2018\/03\/14524434_1106112876131411_958039263622046936_o.jpg?resize=350%2C200&ssl=1","width":350,"height":200,"srcset":"https:\/\/i0.wp.com\/www.grieta.org.mx\/wp-content\/uploads\/2018\/03\/14524434_1106112876131411_958039263622046936_o.jpg?resize=350%2C200&ssl=1 1x, https:\/\/i0.wp.com\/www.grieta.org.mx\/wp-content\/uploads\/2018\/03\/14524434_1106112876131411_958039263622046936_o.jpg?resize=525%2C300&ssl=1 1.5x, https:\/\/i0.wp.com\/www.grieta.org.mx\/wp-content\/uploads\/2018\/03\/14524434_1106112876131411_958039263622046936_o.jpg?resize=700%2C400&ssl=1 2x"},"classes":[]},{"id":19570,"url":"https:\/\/www.grieta.org.mx\/index.php\/2016\/08\/14\/palabras-del-subcomandante-moises-en-la-clausura-del-comparte-en-el-caracol-de-roberto-barrios-audio\/","url_meta":{"origin":19976,"position":1},"title":"Palabras del Subcomandante Moises en la clausura del CompArte en el Caracol de Roberto Barrios (Audio)","author":"grieta","date":"14 agosto, 2016","format":false,"excerpt":"","rel":"","context":"En &quot;CINTILLO&quot;","block_context":{"text":"CINTILLO","link":"https:\/\/www.grieta.org.mx\/index.php\/category\/cintillo\/"},"img":{"alt_text":"","src":"https:\/\/i0.wp.com\/www.grieta.org.mx\/wp-content\/uploads\/2018\/03\/14524434_1106112876131411_958039263622046936_o.jpg?resize=350%2C200&ssl=1","width":350,"height":200,"srcset":"https:\/\/i0.wp.com\/www.grieta.org.mx\/wp-content\/uploads\/2018\/03\/14524434_1106112876131411_958039263622046936_o.jpg?resize=350%2C200&ssl=1 1x, https:\/\/i0.wp.com\/www.grieta.org.mx\/wp-content\/uploads\/2018\/03\/14524434_1106112876131411_958039263622046936_o.jpg?resize=525%2C300&ssl=1 1.5x, https:\/\/i0.wp.com\/www.grieta.org.mx\/wp-content\/uploads\/2018\/03\/14524434_1106112876131411_958039263622046936_o.jpg?resize=700%2C400&ssl=1 2x"},"classes":[]},{"id":18867,"url":"https:\/\/www.grieta.org.mx\/index.php\/2016\/08\/04\/festival-comparte-en-el-caracol-zapatista-de-la-realidad-chiapas\/","url_meta":{"origin":19976,"position":2},"title":"Festival CompArte en el caracol zapatista de La Realidad, Chiapas","author":"grieta","date":"4 agosto, 2016","format":false,"excerpt":"Pozol Chiapas, M\u00e9xico. 4 de agosto. El festival compArte por la humanidad contin\u00faa, esta vez la sede fue el caracol I \u201cMadre de los caracoles del mar de nuestros sue\u00f1os\u201d. Bases de apoyo del EZLN de las diferentes comunidades aut\u00f3nomas que conforman la zona, a trav\u00e9s de sus obras de\u2026","rel":"","context":"En &quot;CINTILLO&quot;","block_context":{"text":"CINTILLO","link":"https:\/\/www.grieta.org.mx\/index.php\/category\/cintillo\/"},"img":{"alt_text":"","src":"https:\/\/i0.wp.com\/www.grieta.org.mx\/wp-content\/uploads\/2018\/03\/14524434_1106112876131411_958039263622046936_o.jpg?resize=350%2C200&ssl=1","width":350,"height":200,"srcset":"https:\/\/i0.wp.com\/www.grieta.org.mx\/wp-content\/uploads\/2018\/03\/14524434_1106112876131411_958039263622046936_o.jpg?resize=350%2C200&ssl=1 1x, https:\/\/i0.wp.com\/www.grieta.org.mx\/wp-content\/uploads\/2018\/03\/14524434_1106112876131411_958039263622046936_o.jpg?resize=525%2C300&ssl=1 1.5x, https:\/\/i0.wp.com\/www.grieta.org.mx\/wp-content\/uploads\/2018\/03\/14524434_1106112876131411_958039263622046936_o.jpg?resize=700%2C400&ssl=1 2x"},"classes":[]},{"id":19066,"url":"https:\/\/www.grieta.org.mx\/index.php\/2016\/08\/08\/dia-10-comparte-por-la-humanidad-caracol-de-la-garrucha-6-de-agosto\/","url_meta":{"origin":19976,"position":3},"title":"D\u00eda 10 \u2013 CompARTE por la humanidad \u2013 Caracol de La Garrucha (6 de agosto) (Audios)","author":"grieta","date":"8 agosto, 2016","format":false,"excerpt":"Festival CompARTE por la humanidad 6 de agosto de 2016 Caracol de La Garrucha, Chiapas Ahora fue el Caracol III, que tiene su sede en La Garrucha, el encargado de presentar su Arte elaborado con el trabajo colectivo de su resistencia. Pensamientos, canciones, poes\u00edas, obras de teatro mostraron la memoria\u2026","rel":"","context":"En &quot;CINTILLO&quot;","block_context":{"text":"CINTILLO","link":"https:\/\/www.grieta.org.mx\/index.php\/category\/cintillo\/"},"img":{"alt_text":"","src":"https:\/\/i0.wp.com\/www.grieta.org.mx\/wp-content\/uploads\/2018\/03\/14524434_1106112876131411_958039263622046936_o.jpg?resize=350%2C200&ssl=1","width":350,"height":200,"srcset":"https:\/\/i0.wp.com\/www.grieta.org.mx\/wp-content\/uploads\/2018\/03\/14524434_1106112876131411_958039263622046936_o.jpg?resize=350%2C200&ssl=1 1x, https:\/\/i0.wp.com\/www.grieta.org.mx\/wp-content\/uploads\/2018\/03\/14524434_1106112876131411_958039263622046936_o.jpg?resize=525%2C300&ssl=1 1.5x, https:\/\/i0.wp.com\/www.grieta.org.mx\/wp-content\/uploads\/2018\/03\/14524434_1106112876131411_958039263622046936_o.jpg?resize=700%2C400&ssl=1 2x"},"classes":[]},{"id":19557,"url":"https:\/\/www.grieta.org.mx\/index.php\/2016\/08\/12\/participaciones-del-ezln-en-el-festival-comparte-9-de-agosto-morelia\/","url_meta":{"origin":19976,"position":4},"title":"Participaciones del EZLN en el festival CompArte. 9 de agosto, Morelia","author":"grieta","date":"12 agosto, 2016","format":false,"excerpt":"Palabras de inauguraci\u00f3n del CompArte zapatista del Caracol de Morelia El 9 de agosto de 2016, al cumplirse 13 a\u00f1os de la fundaci\u00f3n de las Juntas de Buen Gobierno Zapatistas, se realiz\u00f3 el CompArte zapatista del Caracol de Morelia, estas son las palabras de inauguraci\u00f3n. Festejando la Resistencia. El Festival\u2026","rel":"","context":"En &quot;CINTILLO&quot;","block_context":{"text":"CINTILLO","link":"https:\/\/www.grieta.org.mx\/index.php\/category\/cintillo\/"},"img":{"alt_text":"","src":"https:\/\/i0.wp.com\/www.grieta.org.mx\/wp-content\/uploads\/2018\/03\/14524434_1106112876131411_958039263622046936_o.jpg?resize=350%2C200&ssl=1","width":350,"height":200,"srcset":"https:\/\/i0.wp.com\/www.grieta.org.mx\/wp-content\/uploads\/2018\/03\/14524434_1106112876131411_958039263622046936_o.jpg?resize=350%2C200&ssl=1 1x, https:\/\/i0.wp.com\/www.grieta.org.mx\/wp-content\/uploads\/2018\/03\/14524434_1106112876131411_958039263622046936_o.jpg?resize=525%2C300&ssl=1 1.5x, https:\/\/i0.wp.com\/www.grieta.org.mx\/wp-content\/uploads\/2018\/03\/14524434_1106112876131411_958039263622046936_o.jpg?resize=700%2C400&ssl=1 2x"},"classes":[]},{"id":18864,"url":"https:\/\/www.grieta.org.mx\/index.php\/2016\/08\/05\/participaciones-del-ezln-en-el-festival-comparte-3-de-agosto-la-realidad\/","url_meta":{"origin":19976,"position":5},"title":"Participaciones del EZLN en el festival CompArte. 3 de agosto, La Realidad","author":"grieta","date":"5 agosto, 2016","format":false,"excerpt":"Tambores zapatistas en el Caracol de La Realidad #CompArte Bailable \"Las 13 Demandas Zapatistas\" en el Caracol de La Realidad #CompArte Bailable de la siembra del maiz, #CompArte en el Caracol de La Realidad Canci\u00f3n \"Despierta Pueblo\", Caracol de La Realidad, #CompArte Cancion Nuestra Gente en el Caracol de la\u2026","rel":"","context":"En &quot;CINTILLO&quot;","block_context":{"text":"CINTILLO","link":"https:\/\/www.grieta.org.mx\/index.php\/category\/cintillo\/"},"img":{"alt_text":"","src":"https:\/\/i0.wp.com\/www.grieta.org.mx\/wp-content\/uploads\/2018\/03\/14524434_1106112876131411_958039263622046936_o.jpg?resize=350%2C200&ssl=1","width":350,"height":200,"srcset":"https:\/\/i0.wp.com\/www.grieta.org.mx\/wp-content\/uploads\/2018\/03\/14524434_1106112876131411_958039263622046936_o.jpg?resize=350%2C200&ssl=1 1x, https:\/\/i0.wp.com\/www.grieta.org.mx\/wp-content\/uploads\/2018\/03\/14524434_1106112876131411_958039263622046936_o.jpg?resize=525%2C300&ssl=1 1.5x, https:\/\/i0.wp.com\/www.grieta.org.mx\/wp-content\/uploads\/2018\/03\/14524434_1106112876131411_958039263622046936_o.jpg?resize=700%2C400&ssl=1 2x"},"classes":[]}],"_links":{"self":[{"href":"https:\/\/www.grieta.org.mx\/index.php\/wp-json\/wp\/v2\/posts\/19976","targetHints":{"allow":["GET"]}}],"collection":[{"href":"https:\/\/www.grieta.org.mx\/index.php\/wp-json\/wp\/v2\/posts"}],"about":[{"href":"https:\/\/www.grieta.org.mx\/index.php\/wp-json\/wp\/v2\/types\/post"}],"author":[{"embeddable":true,"href":"https:\/\/www.grieta.org.mx\/index.php\/wp-json\/wp\/v2\/users\/2"}],"replies":[{"embeddable":true,"href":"https:\/\/www.grieta.org.mx\/index.php\/wp-json\/wp\/v2\/comments?post=19976"}],"version-history":[{"count":1,"href":"https:\/\/www.grieta.org.mx\/index.php\/wp-json\/wp\/v2\/posts\/19976\/revisions"}],"predecessor-version":[{"id":20008,"href":"https:\/\/www.grieta.org.mx\/index.php\/wp-json\/wp\/v2\/posts\/19976\/revisions\/20008"}],"wp:featuredmedia":[{"embeddable":true,"href":"https:\/\/www.grieta.org.mx\/index.php\/wp-json\/wp\/v2\/media\/21928"}],"wp:attachment":[{"href":"https:\/\/www.grieta.org.mx\/index.php\/wp-json\/wp\/v2\/media?parent=19976"}],"wp:term":[{"taxonomy":"category","embeddable":true,"href":"https:\/\/www.grieta.org.mx\/index.php\/wp-json\/wp\/v2\/categories?post=19976"},{"taxonomy":"post_tag","embeddable":true,"href":"https:\/\/www.grieta.org.mx\/index.php\/wp-json\/wp\/v2\/tags?post=19976"}],"curies":[{"name":"wp","href":"https:\/\/api.w.org\/{rel}","templated":true}]}}