{"id":1991,"date":"2015-11-30T19:10:43","date_gmt":"2015-11-30T19:10:43","guid":{"rendered":"http:\/\/50.22.11.12\/~grietaor\/?p=1991"},"modified":"2018-06-18T23:20:24","modified_gmt":"2018-06-19T04:20:24","slug":"mexico-cronica-desde-las-bases-magisteriales-de-oaxaca-en-pie-de-lucha","status":"publish","type":"post","link":"https:\/\/www.grieta.org.mx\/index.php\/2015\/11\/30\/mexico-cronica-desde-las-bases-magisteriales-de-oaxaca-en-pie-de-lucha\/","title":{"rendered":"M\u00e9xico: Cr\u00f3nica desde las bases magisteriales de Oaxaca en pie de lucha"},"content":{"rendered":"<p>Kaos en la Red.<\/p>\n<p>Santiago Oseguera, Oaxaca<\/p>\n<p>La tarde cubr\u00eda con su negro manto el cielo de la ciudad centenaria de cantera, en el kiosco un modesto aparato de sonido sonaba con m\u00fasica de protesta que se expand\u00eda por todo el lugar enrareci\u00e9ndolo, la convocatoria de la dirigencia de la Secci\u00f3n 22 del Sindicato de Trabajadores de la Educaci\u00f3n, m\u00edtica por ser una de la precursoras de la coordinadora nacional de trabajadores de la educaci\u00f3n, disidencia del sindicato charro y vertical, estaba marcada para la cuatro de la tarde, sin embargo eran ya m\u00e1s de las seis y los docentes, los pocos docentes que se atrevieron a salir de sus centros de trabajo e ir a la concentraci\u00f3n a\u00fan se contaban con pu\u00f1os, en los arcos de que rodean el palacio de gobierno, en las jardineras del z\u00f3calo , en la Alameda de Le\u00f3n, el ambiente era festivo, los turista degustaban sus caf\u00e9s vendidos a m\u00e1s del cu\u00e1druple del precio de su producci\u00f3n, el restaurante de la Secretar\u00eda de Turismo en tiempos de Ulises Ruiz abierto de par en par ofrec\u00eda el servicio de trovador en vivo y una carta asquerosamente preparada, pero, cobrada a muy buen precio, poco a poco los docentes se reunieron en el hist\u00f3rico edificio de la Secci\u00f3n, ubicado la calle de Armenta y L\u00f3pez en primer cuadro del centro hist\u00f3rico, la noche ca\u00eda a plomo y la afluencia de profesores aumentaba, despu\u00e9s de un mitin donde se fijaba la posici\u00f3n pol\u00edtica por parte de la dirigencia sindical en contra de la evaluaci\u00f3n fijada para el d\u00eda 28 de noviembre, un d\u00eda despu\u00e9s de los acontecimientos, se decret\u00f3 una noche de vigilia, con la expectativa de dar apoyo a los contingentes gremiales que tendr\u00edan que arribar a la capital del estado para hacer acto de presencia en la jornada de protestas en contra de la reforma educativa metida a fuerza por la federaci\u00f3n y los esbirros del capitalismo, el nerviosismo se apreciaba en la cara de los ah\u00ed pernoctantes y es que se justificaba por la campa\u00f1a medi\u00e1tica e intimidatoria que Jorge Oropeza, encargado de la oficina de prensa del nuevo IEEPO se hab\u00eda encargado de gestar en redes sociales, medios locales y nacionales, el Noticias y el Imparcial fueron sus trincheras escritas, las radiodifusoras del emporio L\u00f3pez Lena, sus mejores altoparlantes, y la intimidaci\u00f3n con la construcci\u00f3n de rumores, de los diecis\u00e9is mil gendarmes, de las autorizaciones para la detenciones, y represi\u00f3n hac\u00edan pesada la noche para las bases magisteriales.<\/p>\n<p>Primeros rumores de desacuerdo.<\/p>\n<p>A eso de las diez de la noche inici\u00f3 la reuni\u00f3n plenaria, cabe mencionar que es la reuni\u00f3n donde toda la estructura sindical determina a trav\u00e9s de los cuadros medios e intermedios las decisiones que dictar\u00e1n el rumbo de los acontecimientos, en este caso la discusi\u00f3n se extendi\u00f3 hasta ya muy entrada la madrugada , mientras tanto los comentarios de los que generaban la poca informaci\u00f3n que corr\u00eda entre los docentes hac\u00edan ver dos posiciones determinantes, por un lado algunos apoyando la posici\u00f3n de solo fijar una postura medi\u00e1tica ah\u00ed mismo en el z\u00f3calo y los otros m\u00e1s en\u00e9rgicos la de ir a la sede, la aplicaci\u00f3n, en ciudad administrativa, y desde ah\u00ed extender la protesta, la informaci\u00f3n y el plan de acci\u00f3n no se sabr\u00edan sino hasta antes de la cuatro de la ma\u00f1ana, cuando la convocatoria hizo el llamado a la concentraci\u00f3n en el mercado zonal de las flores, emplazamiento a tiro de piedra de las instalaciones del nuevo IEEPO.<\/p>\n<p>El primer enfrentamiento, y la presencia del bloque negro.<\/p>\n<p>Eran casi las cinco de la ma\u00f1ana cuando los primeros contingentes de maestros arribaron al emplazamiento del mercado de las flores, ya los esperaban alrededor de mil efectivos del cuerpo de operaciones especiales y antimotines de la polic\u00eda estatal, el enfrentamiento fue inminente, los estatales en m\u00e1s de diez unidades de transporte pesado, pertrechados con granadas de gas lacrim\u00f3geno, escudos, toletes y con el ya c\u00e9lebre equipo de robocop arremeti\u00f3 contra los apenas cuatrocientos profesores de la avanzada, fue en ese momento cuando un grupo de muchachos encapuchados repelieron la agresi\u00f3n haciendo frente con piedras y cohetones, el bloque negro hacia su primera aparici\u00f3n en mucho tiempo, mostraban la capucha como s\u00edmbolo de la rebeld\u00eda que a\u00fan permea en la ideolog\u00eda libertaria de muchos profesores, que a\u00fan se mantiene dentro de algunos sectores de la Secci\u00f3n 22 y reivindicando al magonismo, como bandera, al anarquismo como filosof\u00eda, y al libertarismo como forma de lucha, apenas un pu\u00f1ado de anarquistas mantuvieron a raya a mil polic\u00edas pertrechados de la polic\u00eda estatal, mientras los dem\u00e1s contingentes arribaban al lugar, despu\u00e9s de casi media hora de refriega los estatales y sus municiones quedaron encapsulados, por la marea de maestros que con el alba se levantaba para protestar en contra de la evaluaci\u00f3n punitiva, en momento se contaron por miles, datos conservadores dicen que cinco mil a esa hora, la polic\u00eda estatal termin\u00f3 por replegarse.<\/p>\n<p>Durante y despu\u00e9s de este primer fuego contra las fuerzas del estado, el malestar en los grupos rojos que han negociado desde hace treinta a\u00f1os con el estado y que como tal han sumido en la actual crisis pol\u00edtica organizativa de la secci\u00f3n se incomodaron con la presencia del bloque negro, y como no si esta discrepancia se ha manifestado desde siempre, el libertarismo en s\u00ed mismo se plantea intolerante a la negociaci\u00f3n con el Estado, intolerante con las formas manidas e incongruentes que demostrado corrientes como la uni\u00f3n de trabajadores de la educaci\u00f3n, el frente popular revolucionario, se ha mostrado intolerante con el mercenasgo de las dirigencias.<\/p>\n<p>Del autor de agarren a ese cabr\u00f3n.<\/p>\n<p>Durante la marcha emprendida del mercado de las flores rumbo a Ciudad Administrativa, la idea de que los encapuchados y que el bloque negro era infiltrado fue r\u00e1pidamente distribuida por los grupos de rojos y como no si cuestionar al mismo movimiento pone en riesgo sus intereses y su payola.<\/p>\n<p>Casi un kil\u00f3metro antes de llegar la valla met\u00e1lica donde ya la federal esperaba, Francisco Villalobos quer\u00eda poner la valla de protesta, las bases magisteriales quer\u00edan aproximarla m\u00e1s los \u00e1nimos se tensaron y en ese momento algunos rojos dijeron que era mejor regresar al z\u00f3calo, sin embargo la base magisterial rebas\u00f3 a la dirigencia, la digna rabia de quince mil almas no se contuvo y se enfil\u00f3 hacia el bloque de la polic\u00eda federal.<\/p>\n<p>Iram, uno de los objetivos de el cuerpo de infiltrados de Arafat N\u00e1jera, se desga\u00f1otaba por contener el avance de los maestros, sin embargo la bestia rugi\u00f3 y en el momento en el que la federal inici\u00f3 la provocaci\u00f3n la defensa fue implacable, sin embargo los del bloque repelieron la agresi\u00f3n y peleaban en dos frentes, por un lado en contra de la federal y por el otro en contra del mismo cuerpo de seguridad preparado por Villalobos, que al grito de son infiltrados se encargaban de quitar las piedras y los cohetones de las manos, esta idea de infiltraci\u00f3n apelada a la resistencia civil pac\u00edfica no es m\u00e1s que un discurso gastado que los rojos del seccional utilizan, \u00bfDe qu\u00e9 otra manera pueden funcionar, si son la estructura seccional es la figura intermediaria entre el estado y el maestro?. Alguien gritaba agarren a ese cabr\u00f3n, haciendo recordar a perorata que lanz\u00f3 Villalobos en el 2013 cuando en un enfrentamiento en s\u00bfSan L\u00e1zaro (Ciudad de M\u00e9xico) pidi\u00f3 a su grupo de guardaespaldas que madrearan a un anarquista\u2026<\/p>\n<p>Iram se descubri\u00f3 as\u00ed mismo cuando lo llamaron a negociar en la valla y se acerc\u00f3 solitario a prometer la retirada del contingente.<\/p>\n<p>El dato duro.<\/p>\n<p>Se habla de que la evaluaci\u00f3n en Oaxaca se estimaba para seis mil notificados, sin embargo el mismo vocero del gobierno del estado dijo que siempre no que solo eran tres mil, Televisa dice que cuatro mil, lo cierto es que dice a ciencia cierta estos se evaluaron y con justa raz\u00f3n puesto que no fueron m\u00e1s de dos mil o dos mil quinientos de los cuales se estima que mil doscientos pertenecen a subsistemas de educaci\u00f3n superior, afiliados a sindicatos charros, seiscientos son aspirantes a una plaza, de las cuales s\u00f3lo ciento sesenta y ocho se est\u00e1n concursando, se cuentan doscientos de la 22 y el resto de la secci\u00f3n charra 59, a ciencia cierta no sabemos los n\u00fameros ni los sabremos, esto si aunamos que han corrido versiones que hablan de que fueron polic\u00edas estatales los que se presentaron como dobles en las fotos de los recintos de la evaluaci\u00f3n adem\u00e1s de decir que los espacios donde se llevaron a cabo fueron peque\u00f1os para que no se notara el ausentismo.<\/p>\n<p>Colof\u00f3n<\/p>\n<p>Al final de la jornada nos quedamos con una lectura de lo que pasa en estos momentos en Oaxaca. Por un lado una dirigencia seccional que se tambalea en cuanto a credibilidad se refiere, un doble discurso, el enemigo en la estructura de la 22, por el otro una evaluaci\u00f3n fracasada, a medias y la m\u00e1s costosa de la historia. Al final del d\u00eda de manera personal me quedo con la iniciativa de las bases magisteriales, con el cuestionamiento de la autoridad y con la reaparici\u00f3n del bloque negro que desde del 2013 no hac\u00eda acto abierto y amplio en la lucha libertaria.<\/p>\n<p><a href=\"http:\/\/kaosenlared.net\/mexico-cronica-de-las-bases-magisteriales-en-pie-de-lucha\/\" target=\"_blank\">kaosenlared.net\/mexico-cronica-de-las-bases-magisteriales-en-pie-de-lucha\/<\/a><\/p>\n","protected":false},"excerpt":{"rendered":"<p>Kaos en la Red. Santiago Oseguera, Oaxaca La tarde cubr\u00eda con su negro manto el cielo de la ciudad centenaria de cantera, en el kiosco un modesto aparato de sonido &hellip; <a href=\"https:\/\/www.grieta.org.mx\/index.php\/2015\/11\/30\/mexico-cronica-desde-las-bases-magisteriales-de-oaxaca-en-pie-de-lucha\/\" class=\"more-link\">Leer m\u00e1s<\/a><\/p>\n","protected":false},"author":2,"featured_media":21928,"comment_status":"closed","ping_status":"open","sticky":false,"template":"","format":"standard","meta":{"ngg_post_thumbnail":0,"_jetpack_newsletter_access":"","_jetpack_dont_email_post_to_subs":false,"_jetpack_newsletter_tier_id":0,"_jetpack_memberships_contains_paywalled_content":false,"_jetpack_memberships_contains_paid_content":false,"footnotes":""},"categories":[80,1341,2,25],"tags":[133,93,135,130],"class_list":["post-1991","post","type-post","status-publish","format-standard","has-post-thumbnail","hentry","category-cintillo","category-movilizaciones-contra-la-reforma-educativa-y-evaluacion-magisterial-en-oaxaca","category-noticias-nacionales","category-oaxaca","tag-maestros","tag-oaxaca","tag-reforma-educativa","tag-represion","entry"],"jetpack_featured_media_url":"https:\/\/www.grieta.org.mx\/wp-content\/uploads\/2018\/03\/14524434_1106112876131411_958039263622046936_o.jpg","jetpack_sharing_enabled":true,"jetpack_shortlink":"https:\/\/wp.me\/p7ZJR4-w7","jetpack_likes_enabled":false,"jetpack-related-posts":[{"id":21076,"url":"https:\/\/www.grieta.org.mx\/index.php\/2016\/09\/02\/cierra-seccion-22-plazas-comerciales-de-oaxaca\/","url_meta":{"origin":1991,"position":0},"title":"Cierra secci\u00f3n 22 plazas comerciales de Oaxaca","author":"grieta","date":"2 septiembre, 2016","format":false,"excerpt":"Quadrat\u00edn. Luis Jer\u00f3nimo, Oaxaca.- Maestros de la Secci\u00f3n 22 del Sindicato Nacional de Trabajadores de la Educaci\u00f3n (SNTE) bloquearon los accesos a plazas comerciales de Oaxaca, en protesta contra la reforma educativa. Los docentes tomaron las entradas de la Plaza Oaxaca, Plaza del Valle y Macroplaza, en la que impidieron\u2026","rel":"","context":"En &quot;CINTILLO&quot;","block_context":{"text":"CINTILLO","link":"https:\/\/www.grieta.org.mx\/index.php\/category\/cintillo\/"},"img":{"alt_text":"","src":"https:\/\/i0.wp.com\/www.grieta.org.mx\/wp-content\/uploads\/2018\/03\/14524434_1106112876131411_958039263622046936_o.jpg?resize=350%2C200&ssl=1","width":350,"height":200,"srcset":"https:\/\/i0.wp.com\/www.grieta.org.mx\/wp-content\/uploads\/2018\/03\/14524434_1106112876131411_958039263622046936_o.jpg?resize=350%2C200&ssl=1 1x, https:\/\/i0.wp.com\/www.grieta.org.mx\/wp-content\/uploads\/2018\/03\/14524434_1106112876131411_958039263622046936_o.jpg?resize=525%2C300&ssl=1 1.5x, https:\/\/i0.wp.com\/www.grieta.org.mx\/wp-content\/uploads\/2018\/03\/14524434_1106112876131411_958039263622046936_o.jpg?resize=700%2C400&ssl=1 2x"},"classes":[]},{"id":20512,"url":"https:\/\/www.grieta.org.mx\/index.php\/2016\/08\/29\/acordonan-normalistas-oficinas-del-ieepo-oaxaca\/","url_meta":{"origin":1991,"position":1},"title":"Acordonan normalistas oficinas del IEEPO  (Oaxaca)","author":"grieta","date":"29 agosto, 2016","format":false,"excerpt":"Quadrat\u00edn. Luis Jer\u00f3nimo, Oaxaca.- Normalistas que apoyan las protestas magisteriales realizaron el acordonamiento de las oficinas centrales del Instituto Estatal de Educaci\u00f3n P\u00fablica de Oaxaca. Unos cien normalistas bloquearon los accesos principales al IEEPO, as\u00ed como la puerta de Banjercito y del estacinamiento. Los normalistas colocaron mantas en las que\u2026","rel":"","context":"En &quot;CINTILLO&quot;","block_context":{"text":"CINTILLO","link":"https:\/\/www.grieta.org.mx\/index.php\/category\/cintillo\/"},"img":{"alt_text":"","src":"https:\/\/i0.wp.com\/www.grieta.org.mx\/wp-content\/uploads\/2018\/03\/14524434_1106112876131411_958039263622046936_o.jpg?resize=350%2C200&ssl=1","width":350,"height":200,"srcset":"https:\/\/i0.wp.com\/www.grieta.org.mx\/wp-content\/uploads\/2018\/03\/14524434_1106112876131411_958039263622046936_o.jpg?resize=350%2C200&ssl=1 1x, https:\/\/i0.wp.com\/www.grieta.org.mx\/wp-content\/uploads\/2018\/03\/14524434_1106112876131411_958039263622046936_o.jpg?resize=525%2C300&ssl=1 1.5x, https:\/\/i0.wp.com\/www.grieta.org.mx\/wp-content\/uploads\/2018\/03\/14524434_1106112876131411_958039263622046936_o.jpg?resize=700%2C400&ssl=1 2x"},"classes":[]},{"id":21073,"url":"https:\/\/www.grieta.org.mx\/index.php\/2016\/09\/05\/bloquean-docentes-accesos-a-las-oficinas-centrales-del-ieepo-oaxaca\/","url_meta":{"origin":1991,"position":2},"title":"Bloquean docentes accesos a las oficinas centrales del IEEPO (Oaxaca)","author":"grieta","date":"5 septiembre, 2016","format":false,"excerpt":"Quadrat\u00edn. Ernesto Rojas, Oaxaca.- Un grupo de maestros disidentes de la Secci\u00f3n 22 del SNTE bloquearon este lunes los accesos a las oficinas centrales del Instituto Estatal de Educaci\u00f3n P\u00fablica de Oaxaca (IEEPO). Seg\u00fan la convocatoria de la dirigencia magisterial, correspondi\u00f3 a profesores de los sectores Ca\u00f1ada, Tuxtepec, Istmo, Sierra\u2026","rel":"","context":"En &quot;CINTILLO&quot;","block_context":{"text":"CINTILLO","link":"https:\/\/www.grieta.org.mx\/index.php\/category\/cintillo\/"},"img":{"alt_text":"","src":"https:\/\/i0.wp.com\/www.grieta.org.mx\/wp-content\/uploads\/2018\/03\/14524434_1106112876131411_958039263622046936_o.jpg?resize=350%2C200&ssl=1","width":350,"height":200,"srcset":"https:\/\/i0.wp.com\/www.grieta.org.mx\/wp-content\/uploads\/2018\/03\/14524434_1106112876131411_958039263622046936_o.jpg?resize=350%2C200&ssl=1 1x, https:\/\/i0.wp.com\/www.grieta.org.mx\/wp-content\/uploads\/2018\/03\/14524434_1106112876131411_958039263622046936_o.jpg?resize=525%2C300&ssl=1 1.5x, https:\/\/i0.wp.com\/www.grieta.org.mx\/wp-content\/uploads\/2018\/03\/14524434_1106112876131411_958039263622046936_o.jpg?resize=700%2C400&ssl=1 2x"},"classes":[]},{"id":14857,"url":"https:\/\/www.grieta.org.mx\/index.php\/2016\/06\/20\/toman-universitarios-instalaciones-de-cu-oax-en-apoyo-al-magisterio\/","url_meta":{"origin":1991,"position":3},"title":"Toman universitarios instalaciones de CU en Oaxaca, en apoyo al magisterio","author":"grieta","date":"20 junio, 2016","format":false,"excerpt":"Quadrat\u00edn. Guadalupe Thomas, Oaxaca.- Un grupo de personas que manifestaron ser estudiantes de la Universidad Aut\u00f3noma Benito Ju\u00e1rez de Oaxaca (UABJO) tomaron las instalaciones de Ciudad Universitaria en apoyo a la Secci\u00f3n 22 del Sindicato Nacional de Trabajadores de la Educaci\u00f3n. Manuel Ram\u00edrez, quien se identific\u00f3 como estudiante de la\u2026","rel":"","context":"En &quot;CINTILLO&quot;","block_context":{"text":"CINTILLO","link":"https:\/\/www.grieta.org.mx\/index.php\/category\/cintillo\/"},"img":{"alt_text":"","src":"https:\/\/i0.wp.com\/www.grieta.org.mx\/wp-content\/uploads\/2018\/03\/14524434_1106112876131411_958039263622046936_o.jpg?resize=350%2C200&ssl=1","width":350,"height":200,"srcset":"https:\/\/i0.wp.com\/www.grieta.org.mx\/wp-content\/uploads\/2018\/03\/14524434_1106112876131411_958039263622046936_o.jpg?resize=350%2C200&ssl=1 1x, https:\/\/i0.wp.com\/www.grieta.org.mx\/wp-content\/uploads\/2018\/03\/14524434_1106112876131411_958039263622046936_o.jpg?resize=525%2C300&ssl=1 1.5x, https:\/\/i0.wp.com\/www.grieta.org.mx\/wp-content\/uploads\/2018\/03\/14524434_1106112876131411_958039263622046936_o.jpg?resize=700%2C400&ssl=1 2x"},"classes":[]},{"id":9383,"url":"https:\/\/www.grieta.org.mx\/index.php\/2016\/03\/17\/protestan-maestros-de-educacion-indigena-frente-al-ieepo\/","url_meta":{"origin":1991,"position":4},"title":"Protestan maestros de educaci\u00f3n ind\u00edgena frente al IEEPO","author":"grieta","date":"17 marzo, 2016","format":false,"excerpt":"Luis Jer\u00f3nimo, Oaxaca. OAXACA, Oax., 17 de marzo de 2016.- Maestros de educaci\u00f3n ind\u00edgena de Oaxaca de la Secci\u00f3n 22 del Sindicato Nacional de Trabajadores de la Educaci\u00f3n (SNTE) iniciaron este jueves un mitin frente a las oficinas del Instituto Estatal de Educaci\u00f3n P\u00fablica de Oaxaca (IEEPO) para protestar por\u2026","rel":"","context":"En &quot;CINTILLO&quot;","block_context":{"text":"CINTILLO","link":"https:\/\/www.grieta.org.mx\/index.php\/category\/cintillo\/"},"img":{"alt_text":"","src":"https:\/\/i0.wp.com\/www.grieta.org.mx\/wp-content\/uploads\/2018\/03\/14524434_1106112876131411_958039263622046936_o.jpg?resize=350%2C200&ssl=1","width":350,"height":200,"srcset":"https:\/\/i0.wp.com\/www.grieta.org.mx\/wp-content\/uploads\/2018\/03\/14524434_1106112876131411_958039263622046936_o.jpg?resize=350%2C200&ssl=1 1x, https:\/\/i0.wp.com\/www.grieta.org.mx\/wp-content\/uploads\/2018\/03\/14524434_1106112876131411_958039263622046936_o.jpg?resize=525%2C300&ssl=1 1.5x, https:\/\/i0.wp.com\/www.grieta.org.mx\/wp-content\/uploads\/2018\/03\/14524434_1106112876131411_958039263622046936_o.jpg?resize=700%2C400&ssl=1 2x"},"classes":[]},{"id":5073,"url":"https:\/\/www.grieta.org.mx\/index.php\/2015\/07\/24\/docentes-de-la-cnte-arriban-al-zocalo-de-oaxaca\/","url_meta":{"origin":1991,"position":5},"title":"Docentes de la CNTE arriban al Z\u00f3calo de Oaxaca","author":"grieta","date":"24 julio, 2015","format":false,"excerpt":"Redacci\u00f3n El Informador. OAXACA, OAXACA (24\/JUL\/2015).- \u201c\u00a1El pueblo est\u00e1 despierto! \u00a1El lunes es el d\u00eda decisivo!\u201d, aseguran los maestros al llegar al Z\u00f3calo de la ciudad de Oaxaca. Luego de recorrer las calles principales, el contingente del magisterio de la Coordinadora Nacional de Trabajadores de la Educaci\u00f3n (CNTE) arrib\u00f3 al\u2026","rel":"","context":"En &quot;CINTILLO&quot;","block_context":{"text":"CINTILLO","link":"https:\/\/www.grieta.org.mx\/index.php\/category\/cintillo\/"},"img":{"alt_text":"","src":"https:\/\/i0.wp.com\/www.grieta.org.mx\/wp-content\/uploads\/2018\/03\/14524434_1106112876131411_958039263622046936_o.jpg?resize=350%2C200&ssl=1","width":350,"height":200,"srcset":"https:\/\/i0.wp.com\/www.grieta.org.mx\/wp-content\/uploads\/2018\/03\/14524434_1106112876131411_958039263622046936_o.jpg?resize=350%2C200&ssl=1 1x, https:\/\/i0.wp.com\/www.grieta.org.mx\/wp-content\/uploads\/2018\/03\/14524434_1106112876131411_958039263622046936_o.jpg?resize=525%2C300&ssl=1 1.5x, https:\/\/i0.wp.com\/www.grieta.org.mx\/wp-content\/uploads\/2018\/03\/14524434_1106112876131411_958039263622046936_o.jpg?resize=700%2C400&ssl=1 2x"},"classes":[]}],"_links":{"self":[{"href":"https:\/\/www.grieta.org.mx\/index.php\/wp-json\/wp\/v2\/posts\/1991","targetHints":{"allow":["GET"]}}],"collection":[{"href":"https:\/\/www.grieta.org.mx\/index.php\/wp-json\/wp\/v2\/posts"}],"about":[{"href":"https:\/\/www.grieta.org.mx\/index.php\/wp-json\/wp\/v2\/types\/post"}],"author":[{"embeddable":true,"href":"https:\/\/www.grieta.org.mx\/index.php\/wp-json\/wp\/v2\/users\/2"}],"replies":[{"embeddable":true,"href":"https:\/\/www.grieta.org.mx\/index.php\/wp-json\/wp\/v2\/comments?post=1991"}],"version-history":[{"count":1,"href":"https:\/\/www.grieta.org.mx\/index.php\/wp-json\/wp\/v2\/posts\/1991\/revisions"}],"predecessor-version":[{"id":23834,"href":"https:\/\/www.grieta.org.mx\/index.php\/wp-json\/wp\/v2\/posts\/1991\/revisions\/23834"}],"wp:featuredmedia":[{"embeddable":true,"href":"https:\/\/www.grieta.org.mx\/index.php\/wp-json\/wp\/v2\/media\/21928"}],"wp:attachment":[{"href":"https:\/\/www.grieta.org.mx\/index.php\/wp-json\/wp\/v2\/media?parent=1991"}],"wp:term":[{"taxonomy":"category","embeddable":true,"href":"https:\/\/www.grieta.org.mx\/index.php\/wp-json\/wp\/v2\/categories?post=1991"},{"taxonomy":"post_tag","embeddable":true,"href":"https:\/\/www.grieta.org.mx\/index.php\/wp-json\/wp\/v2\/tags?post=1991"}],"curies":[{"name":"wp","href":"https:\/\/api.w.org\/{rel}","templated":true}]}}