{"id":1990,"date":"2016-01-26T19:10:42","date_gmt":"2016-01-26T19:10:42","guid":{"rendered":"http:\/\/50.22.11.12\/~grietaor\/?p=1990"},"modified":"2016-03-10T21:03:27","modified_gmt":"2016-03-10T21:03:27","slug":"no-deseamos-a-nadie-estar-en-nuestros-zapatos-familiares-de-ayotzinapa","status":"publish","type":"post","link":"https:\/\/www.grieta.org.mx\/index.php\/2016\/01\/26\/no-deseamos-a-nadie-estar-en-nuestros-zapatos-familiares-de-ayotzinapa\/","title":{"rendered":"\u201cNo deseamos a nadie estar en nuestros zapatos\u201d: Familiares de Ayotzinapa"},"content":{"rendered":"<p>Colima, M\u00e9xico, Avanzada (26\/01\/2016).- \u201cA uno como padre le duele el coraz\u00f3n, no deseamos a nadie estar en nuestros zapatos\u201d, dijo Emiliano Navarrete, miembro de la \u201cCaravana Norte de la Indignaci\u00f3n\u201d, formada por familiares de los 43 estudiantes desaparecidos de la Normal de Ayotzinapa.<\/p>\n<p>Acompa\u00f1ado por alumnos de la Normal Rural, el grupo es integrado por alrededor de 30 personas que llegaron este martes a Colima para reunirse con organizaciones sociales y realizar una manifestaci\u00f3n en el Jard\u00edn Libertad, al cumplirse 16 meses del ataque sufrido por los j\u00f3venes normalistas.<\/p>\n<p>\u201cAlgunos sectores de la sociedad quieren que nos quedemos callados, pero se\u00f1ores, yo creo que los padres que tenemos conciencia y queremos a nuestros hijos no vamos a descansar hasta dar con su paradero; yo creo que nadie puede aceptar que el gobierno te calle con dinero sin antes saber la verdad de lo que pas\u00f3; nosotros hasta el d\u00eda de hoy nos mantenemos firmes y as\u00ed seguiremos, en la exigencia de que aparezcan nuestros muchachos\u201d, abund\u00f3 Navarrete, quien es padre del joven Jos\u00e9 \u00c1ngel Navarrete Gonz\u00e1lez, uno de los 43 desaparecidos.<\/p>\n<p>Indic\u00f3 que ante la falta de respuesta de parte de autoridades de diversos niveles, tuvieron que llegar hasta el presidente para que les respondiera por \u201clos actos criminales de su gobierno\u201d, pero se decepcionaron de la clase de gobierno que representa a los mexicanos, que en vez de dar respuesta seria el procurador Jes\u00fas Murillo Karam sale con una \u201cvil mentira\u201d porque no pueden aceptar que los j\u00f3venes hayan sido quemados en el basurero de Cocula porque no hay evidencias.<\/p>\n<p>\u201cNo podemos aceptarlo, somos pobres pero no somos tontos, nuestros hijos nos duelen, queremos respeto, entonces no aceptamos esa supuesta verdad hist\u00f3rica\u201d, sostuvo.<\/p>\n<p>A lo largo de la lucha de los familiares de Ayotzinapa, se\u00f1al\u00f3, han logrado muchas cosas, como la intervenci\u00f3n del grupo de forenses argentinos y de la Comisi\u00f3n Interamericana de Derechos Humanos, con lo que \u201cse le tumb\u00f3 la mentira a Murillo Karam\u201d.<\/p>\n<p>As\u00ed tambi\u00e9n, lograron sacar el caso de la Subprocuradur\u00eda Especializada en Investigaciones sobre la Delincuencia Organizada (SEIDO) y que se canalizara hacia la Subprocuradur\u00eda de Derechos Humanos, donde tienen m\u00e1s confianza porque participan dos expertas analizando que las l\u00edneas de investigaci\u00f3n se sigan como debe hacerse.<\/p>\n<p>Navarrete consider\u00f3 que los familiares de los j\u00f3venes de Ayotzinapa van a \u201cservir de ejemplo\u201d para que las dem\u00e1s personas hagan conciencia, pues \u201ccon lo que est\u00e1 pasando con nosotros muchas personas van a salir beneficiadas\u201d porque muchos casos que est\u00e1n escondidos por ah\u00ed se han levantado, casos de desapariciones que estaban tapados salieron a la luz.<\/p>\n<p>AVANCE M\u00cdNIMO<\/p>\n<p>Melit\u00f3n Ortega Carlos, t\u00edo del normalista Mauricio Ortega Valerio, coment\u00f3 que si bien ya est\u00e1 constituida la unidad especializada para la investigaci\u00f3n sobre el caso Ayotzinapa, hasta ahora ha registrado \u201cun avance m\u00ednimo\u201d, pues algunas recomendaciones del grupo de expertos ya se est\u00e1n llevando a cabo, pero \u201cno son suficientes, no tenemos todav\u00eda la certeza de lo que pas\u00f3 con los estudiantes\u201d.<\/p>\n<p>Subray\u00f3 que una de las exigencias que tienen es que sean entrevistados los militares, porque \u201cellos estuvieron en todo momento durante la agresi\u00f3n y la persecuci\u00f3n de los muchachos; no es por otra cosa, sino que sabemos con certeza por la investigaci\u00f3n de los expertos que ellos tienen la informaci\u00f3n; no es que queramos descalificar a una instituci\u00f3n de car\u00e1cter militar en este pa\u00eds, sino que ellos tienen la evidencia y creemos que como instituci\u00f3n deben brindar lo que se necesita para que este proceso de investigaci\u00f3n se esclarezca y se localice la ubicaci\u00f3n de los estudiantes\u201d.<\/p>\n<p>Ortega Carlos a\u00f1adi\u00f3 que durante el recorrido de la caravana por diversos estados del norte del pa\u00eds han encontrado a personas que tambi\u00e9n buscan a sus hijos, que no han descansado y que han encontrado la indiferencia de las autoridades; hay poco inter\u00e9s de atender a esas familias, ese es el testimonio que hemos escuchado a lo largo de este recorrido, este no solamente es un problema de Ayotzinapa, es un problema nacional.<\/p>\n<p>El prop\u00f3sito de esta caravana, as\u00ed como de la otra que recorre el sur del pa\u00eds, es convocar a todas las organizaciones sociales de M\u00e9xico para que el 5 y el 6 de febrero realicen un encuentro nacional en el local del Sindicato Mexicano de Electricistas en el Distrito Federal, para analizar como primer tema la desaparici\u00f3n forzada de los estudiantes, as\u00ed como otros asuntos, entre ellos las reformas estructurales, con la idea de unificar la lucha a nivel nacional.<\/p>\n<p>En relaci\u00f3n con la posible reuni\u00f3n de los familiares de los normalistas desaparecidos con el Papa Francisco, Melit\u00f3n Ortega dijo que hasta el momento no se les ha notificado de manera oficial.<\/p>\n<p>Se\u00f1al\u00f3 que la mayor\u00eda de los padres y madres est\u00e1 de acuerdo con la reuni\u00f3n, pero \u201cfalta ver cu\u00e1l va a ser la din\u00e1mica, esperemos que se informe en estos d\u00edas de manera formal por parte de las personas que han hecho la labor de enlace\u201d.<\/p>\n<p>De acuerdo con Ortega, un encuentro con el Papa les ayudar\u00eda a difundir este caso de Ayotzinapa ante un jefe de Estado eclesi\u00e1stico, lo que podr\u00eda llevar nuevamente el mensaje a nivel internacional, pues aunque ya hab\u00eda ido una comisi\u00f3n de padres a Estados Unidos a tratar de tener un encuentro con el pont\u00edfice, no se pudo, por lo que esperan que en esta ocasi\u00f3n s\u00ed se logre concretar la reuni\u00f3n.<\/p>\n<p>Indic\u00f3 que como primer caso se abordar\u00eda el tema de los normalistas desaparecidos, pero tambi\u00e9n le expondr\u00edan el problema de os desaparecidos a nivel nacional.<\/p>\n<p><a href=\"http:\/\/www.diarioavanzada.com.mx\/index.php\/locales-movil\/16138-no-deseamos-a-nadie-estar-en-nuestros-zapatos-familiares-de-ayotzinapa\" target=\"_blank\">http:\/\/www.diarioavanzada.com.mx\/index.php\/locales-movil\/16138-no-deseamos-a-nadie-estar-en-nuestros-zapatos-familiares-de-ayotzinapa<\/a><\/p>\n","protected":false},"excerpt":{"rendered":"<p>Colima, M\u00e9xico, Avanzada (26\/01\/2016).- \u201cA uno como padre le duele el coraz\u00f3n, no deseamos a nadie estar en nuestros zapatos\u201d, dijo Emiliano Navarrete, miembro de la \u201cCaravana Norte de la &hellip; <a href=\"https:\/\/www.grieta.org.mx\/index.php\/2016\/01\/26\/no-deseamos-a-nadie-estar-en-nuestros-zapatos-familiares-de-ayotzinapa\/\" class=\"more-link\">Leer m\u00e1s<\/a><\/p>\n","protected":false},"author":2,"featured_media":21928,"comment_status":"closed","ping_status":"open","sticky":false,"template":"","format":"standard","meta":{"ngg_post_thumbnail":0,"_jetpack_newsletter_access":"","_jetpack_dont_email_post_to_subs":false,"_jetpack_newsletter_tier_id":0,"_jetpack_memberships_contains_paywalled_content":false,"_jetpack_memberships_contains_paid_content":false,"footnotes":""},"categories":[80,108],"tags":[229],"class_list":["post-1990","post","type-post","status-publish","format-standard","has-post-thumbnail","hentry","category-cintillo","category-colima","tag-solidaridad-con-ayotzinapa","entry"],"jetpack_featured_media_url":"https:\/\/www.grieta.org.mx\/wp-content\/uploads\/2018\/03\/14524434_1106112876131411_958039263622046936_o.jpg","jetpack_sharing_enabled":true,"jetpack_shortlink":"https:\/\/wp.me\/p7ZJR4-w6","jetpack_likes_enabled":false,"jetpack-related-posts":[{"id":2002,"url":"https:\/\/www.grieta.org.mx\/index.php\/2016\/01\/26\/movilizaciones-por-ayotzinapa-en-colima\/","url_meta":{"origin":1990,"position":0},"title":"Movilizaciones por Ayotzinapa en Colima","author":"grieta","date":"26 enero, 2016","format":false,"excerpt":"26\/01\/16. \u201cNo deseamos a nadie estar en nuestros zapatos\u201d: Familiares de AyotzinapaDiario Avanzada 26\/09\/15. En Colima marchan por Ayotzinapa a un a\u00f1o de la desaparici\u00f3n y asesinato de estudiantesAF Medios 26\/09\/15. Marchan Maestros en Manzanillo Hasta la PGR en Apoyo a los 43Noticias Manzanillo 11\/08\/15. \u201cNo los olviden\u201d piden padres\u2026","rel":"","context":"En &quot;Colima&quot;","block_context":{"text":"Colima","link":"https:\/\/www.grieta.org.mx\/index.php\/category\/noticias-nacionales\/colima\/"},"img":{"alt_text":"","src":"https:\/\/i0.wp.com\/www.grieta.org.mx\/wp-content\/uploads\/2018\/03\/14524434_1106112876131411_958039263622046936_o.jpg?resize=350%2C200&ssl=1","width":350,"height":200,"srcset":"https:\/\/i0.wp.com\/www.grieta.org.mx\/wp-content\/uploads\/2018\/03\/14524434_1106112876131411_958039263622046936_o.jpg?resize=350%2C200&ssl=1 1x, https:\/\/i0.wp.com\/www.grieta.org.mx\/wp-content\/uploads\/2018\/03\/14524434_1106112876131411_958039263622046936_o.jpg?resize=525%2C300&ssl=1 1.5x, https:\/\/i0.wp.com\/www.grieta.org.mx\/wp-content\/uploads\/2018\/03\/14524434_1106112876131411_958039263622046936_o.jpg?resize=700%2C400&ssl=1 2x"},"classes":[]},{"id":2749,"url":"https:\/\/www.grieta.org.mx\/index.php\/2015\/09\/26\/en-colima-marchan-por-ayotzinapa-a-un-ano-de-la-desaparicion-y-asesinato-de-estudiantes\/","url_meta":{"origin":1990,"position":1},"title":"En Colima marchan por Ayotzinapa a un a\u00f1o de la desaparici\u00f3n y asesinato de estudiantes","author":"grieta","date":"26 septiembre, 2015","format":false,"excerpt":"Arnoldo Delgadillo Colima.-A un a\u00f1o de la desaparici\u00f3n de los 43 estudiantes de la Normal Rural de Ayotzinapa, ciudadanos colimenses marcharon y celebraron un evento pol\u00edtico-cultural, uni\u00e9ndose al movimiento global #D\u00edaDeLaIndignaci\u00f3n. La lluvia retras\u00f3 una hora la salida de la marcha, pero se llev\u00f3 a cabo, su exigencia sigue siendo\u2026","rel":"","context":"En &quot;CINTILLO&quot;","block_context":{"text":"CINTILLO","link":"https:\/\/www.grieta.org.mx\/index.php\/category\/cintillo\/"},"img":{"alt_text":"","src":"https:\/\/i0.wp.com\/www.grieta.org.mx\/wp-content\/uploads\/2018\/03\/14524434_1106112876131411_958039263622046936_o.jpg?resize=350%2C200&ssl=1","width":350,"height":200,"srcset":"https:\/\/i0.wp.com\/www.grieta.org.mx\/wp-content\/uploads\/2018\/03\/14524434_1106112876131411_958039263622046936_o.jpg?resize=350%2C200&ssl=1 1x, https:\/\/i0.wp.com\/www.grieta.org.mx\/wp-content\/uploads\/2018\/03\/14524434_1106112876131411_958039263622046936_o.jpg?resize=525%2C300&ssl=1 1.5x, https:\/\/i0.wp.com\/www.grieta.org.mx\/wp-content\/uploads\/2018\/03\/14524434_1106112876131411_958039263622046936_o.jpg?resize=700%2C400&ssl=1 2x"},"classes":[]},{"id":2686,"url":"https:\/\/www.grieta.org.mx\/index.php\/2015\/03\/28\/el-miedo-se-nos-quito-cuando-nuestros-hijos-desaparecieron-madres-de-normalistas-de-ayotzinapa\/","url_meta":{"origin":1990,"position":2},"title":"El miedo se nos quit\u00f3 cuando nuestros hijos desaparecieron: madres de normalistas de Ayotzinapa","author":"grieta","date":"28 marzo, 2015","format":false,"excerpt":"Colima 3.0 Por: Dilva Ch\u00e1vez \/ 28 marzo, 2015 \u201cNosotros no tenemos miedo; el miedo se nos quit\u00f3 cuando nuestros hijos desaparecieron\u201d afirm\u00f3 Mar\u00eda In\u00e9s Abrajam, madre de Ad\u00e1n Abrajam, uno de los 43 estudiantes desaparecidos de Ayotzinapa, Guerrero. En el marco del foro \u201cDefensa del territorio, desapariciones y terrorismo\u2026","rel":"","context":"En &quot;CINTILLO&quot;","block_context":{"text":"CINTILLO","link":"https:\/\/www.grieta.org.mx\/index.php\/category\/cintillo\/"},"img":{"alt_text":"","src":"https:\/\/i0.wp.com\/www.grieta.org.mx\/wp-content\/uploads\/2018\/03\/14524434_1106112876131411_958039263622046936_o.jpg?resize=350%2C200&ssl=1","width":350,"height":200,"srcset":"https:\/\/i0.wp.com\/www.grieta.org.mx\/wp-content\/uploads\/2018\/03\/14524434_1106112876131411_958039263622046936_o.jpg?resize=350%2C200&ssl=1 1x, https:\/\/i0.wp.com\/www.grieta.org.mx\/wp-content\/uploads\/2018\/03\/14524434_1106112876131411_958039263622046936_o.jpg?resize=525%2C300&ssl=1 1.5x, https:\/\/i0.wp.com\/www.grieta.org.mx\/wp-content\/uploads\/2018\/03\/14524434_1106112876131411_958039263622046936_o.jpg?resize=700%2C400&ssl=1 2x"},"classes":[]},{"id":2682,"url":"https:\/\/www.grieta.org.mx\/index.php\/2015\/04\/27\/colima-se-suma-a-la-11-accion-global-por-lo-estudiantes-desaparecidos-de-ayotzinapa-fotonota\/","url_meta":{"origin":1990,"position":3},"title":"Colima se suma a la 11\u00b0 acci\u00f3n global por lo estudiantes desaparecidos de Ayotzinapa # Fotonota","author":"grieta","date":"27 abril, 2015","format":false,"excerpt":"Por: Redacci\u00f3n Colima 3.0 \/ 26 abril, 2015 A 7 meses de la desaparici\u00f3n de los 43 estudiantes de la Escuela Normal de Ayotzinapa, este domingo 26 de abril se efectu\u00f3 en M\u00e9xico y en muchos otros pa\u00edses la 11\u00b0 acci\u00f3n global por Ayotzinapa. Esta tarde en la plancha del\u2026","rel":"","context":"En &quot;CINTILLO&quot;","block_context":{"text":"CINTILLO","link":"https:\/\/www.grieta.org.mx\/index.php\/category\/cintillo\/"},"img":{"alt_text":"","src":"https:\/\/i0.wp.com\/www.grieta.org.mx\/wp-content\/uploads\/2018\/03\/14524434_1106112876131411_958039263622046936_o.jpg?resize=350%2C200&ssl=1","width":350,"height":200,"srcset":"https:\/\/i0.wp.com\/www.grieta.org.mx\/wp-content\/uploads\/2018\/03\/14524434_1106112876131411_958039263622046936_o.jpg?resize=350%2C200&ssl=1 1x, https:\/\/i0.wp.com\/www.grieta.org.mx\/wp-content\/uploads\/2018\/03\/14524434_1106112876131411_958039263622046936_o.jpg?resize=525%2C300&ssl=1 1.5x, https:\/\/i0.wp.com\/www.grieta.org.mx\/wp-content\/uploads\/2018\/03\/14524434_1106112876131411_958039263622046936_o.jpg?resize=700%2C400&ssl=1 2x"},"classes":[]},{"id":55906,"url":"https:\/\/www.grieta.org.mx\/index.php\/2020\/12\/17\/por-que-no-nos-recibe-el-gobernador-a-que-le-teme-red-desaparecidos-en-colima\/","url_meta":{"origin":1990,"position":4},"title":"\u201c\u00bfPor qu\u00e9 no nos recibe el gobernador; a qu\u00e9 le teme?\u201d: Red Desaparecidos en Colima","author":"grieta","date":"17 diciembre, 2020","format":false,"excerpt":"Foto: Diario Avanzada Redacci\u00f3n \/ Diario Avanzada Colima, M\u00e9xico, Avanzada (17\/12\/2020).- \u201c\u00bfPor qu\u00e9 el gobernador de Colima no puede hacer una reuni\u00f3n con nosotros? \u00bfPor qu\u00e9 no nos la da (la audiencia)? \u00bfA qu\u00e9 le teme? \u00bfQu\u00e9 es lo que pasa con \u00e9l? Queremos que nos acepte una reuni\u00f3n. Ya\u2026","rel":"","context":"En &quot;CINTILLO&quot;","block_context":{"text":"CINTILLO","link":"https:\/\/www.grieta.org.mx\/index.php\/category\/cintillo\/"},"img":{"alt_text":"","src":"https:\/\/i0.wp.com\/www.grieta.org.mx\/wp-content\/uploads\/2020\/12\/image-85.png?resize=350%2C200&ssl=1","width":350,"height":200,"srcset":"https:\/\/i0.wp.com\/www.grieta.org.mx\/wp-content\/uploads\/2020\/12\/image-85.png?resize=350%2C200&ssl=1 1x, https:\/\/i0.wp.com\/www.grieta.org.mx\/wp-content\/uploads\/2020\/12\/image-85.png?resize=525%2C300&ssl=1 1.5x"},"classes":[]},{"id":2689,"url":"https:\/\/www.grieta.org.mx\/index.php\/2015\/03\/26\/sobreviviente-de-ayotzinapa-llama-a-estudiantes-colimenses-a-continuar-marchas-de-apoyo\/","url_meta":{"origin":1990,"position":5},"title":"Sobreviviente de Ayotzinapa llama a estudiantes colimenses a continuar marchas de apoyo","author":"grieta","date":"26 marzo, 2015","format":false,"excerpt":"Colima 3.0 Por: Dilva Ch\u00e1vez \/ 26 marzo, 2015 A seis meses del caso Ayotzinapa, Jos\u00e9 Adolfo de la Cruz Vel\u00e1zquez es considerado un sobreviviente. La madrugada del 26 de septiembre de 2014, iba en uno de los camiones que trasportaba a los estudiantes de la escuela normal rural Isidro\u2026","rel":"","context":"En &quot;CINTILLO&quot;","block_context":{"text":"CINTILLO","link":"https:\/\/www.grieta.org.mx\/index.php\/category\/cintillo\/"},"img":{"alt_text":"","src":"https:\/\/i0.wp.com\/www.grieta.org.mx\/wp-content\/uploads\/2018\/03\/14524434_1106112876131411_958039263622046936_o.jpg?resize=350%2C200&ssl=1","width":350,"height":200,"srcset":"https:\/\/i0.wp.com\/www.grieta.org.mx\/wp-content\/uploads\/2018\/03\/14524434_1106112876131411_958039263622046936_o.jpg?resize=350%2C200&ssl=1 1x, https:\/\/i0.wp.com\/www.grieta.org.mx\/wp-content\/uploads\/2018\/03\/14524434_1106112876131411_958039263622046936_o.jpg?resize=525%2C300&ssl=1 1.5x, https:\/\/i0.wp.com\/www.grieta.org.mx\/wp-content\/uploads\/2018\/03\/14524434_1106112876131411_958039263622046936_o.jpg?resize=700%2C400&ssl=1 2x"},"classes":[]}],"_links":{"self":[{"href":"https:\/\/www.grieta.org.mx\/index.php\/wp-json\/wp\/v2\/posts\/1990","targetHints":{"allow":["GET"]}}],"collection":[{"href":"https:\/\/www.grieta.org.mx\/index.php\/wp-json\/wp\/v2\/posts"}],"about":[{"href":"https:\/\/www.grieta.org.mx\/index.php\/wp-json\/wp\/v2\/types\/post"}],"author":[{"embeddable":true,"href":"https:\/\/www.grieta.org.mx\/index.php\/wp-json\/wp\/v2\/users\/2"}],"replies":[{"embeddable":true,"href":"https:\/\/www.grieta.org.mx\/index.php\/wp-json\/wp\/v2\/comments?post=1990"}],"version-history":[{"count":1,"href":"https:\/\/www.grieta.org.mx\/index.php\/wp-json\/wp\/v2\/posts\/1990\/revisions"}],"predecessor-version":[{"id":2047,"href":"https:\/\/www.grieta.org.mx\/index.php\/wp-json\/wp\/v2\/posts\/1990\/revisions\/2047"}],"wp:featuredmedia":[{"embeddable":true,"href":"https:\/\/www.grieta.org.mx\/index.php\/wp-json\/wp\/v2\/media\/21928"}],"wp:attachment":[{"href":"https:\/\/www.grieta.org.mx\/index.php\/wp-json\/wp\/v2\/media?parent=1990"}],"wp:term":[{"taxonomy":"category","embeddable":true,"href":"https:\/\/www.grieta.org.mx\/index.php\/wp-json\/wp\/v2\/categories?post=1990"},{"taxonomy":"post_tag","embeddable":true,"href":"https:\/\/www.grieta.org.mx\/index.php\/wp-json\/wp\/v2\/tags?post=1990"}],"curies":[{"name":"wp","href":"https:\/\/api.w.org\/{rel}","templated":true}]}}