{"id":19839,"date":"2016-07-22T23:53:02","date_gmt":"2016-07-23T04:53:02","guid":{"rendered":"http:\/\/www.grieta.org.mx\/?p=19839"},"modified":"2018-05-06T09:19:42","modified_gmt":"2018-05-06T14:19:42","slug":"en-aguascalientes-mujeres-enfrentan-5-tipos-de-violencia","status":"publish","type":"post","link":"https:\/\/www.grieta.org.mx\/index.php\/2016\/07\/22\/en-aguascalientes-mujeres-enfrentan-5-tipos-de-violencia\/","title":{"rendered":"En Aguascalientes mujeres enfrentan 5 tipos de violencia"},"content":{"rendered":"<p>Gema Villela Valenzuela, Ciudad de M\u00e9xico.<\/p>\n<p>La violencia de g\u00e9nero en Aguascalientes se refleja con desapariciones, feminicidio y reclusi\u00f3n de mujeres por delitos que no cometieron y a quienes les siguen violentando sus derechos, de acuerdo al Observatorio de Violencia Social y de G\u00e9nero (OVSGA) de la entidad.<\/p>\n<p>Conformado desde el 2014 por ciudadanas de diferentes organizaciones como Colectiva Feminista y el Instituto Superior de Educaci\u00f3n Sexual, el OVSGA da seguimiento y genera diagn\u00f3sticos sobre la violencia de g\u00e9nero. Los tipos de violencias que observan son cinco feminicida, sexual, econ\u00f3mica, f\u00edsica e institucional.<\/p>\n<p>El reporte del Observatorio Ciudadano Nacional del Feminicidio (OCNF) 2012-2013, se\u00f1ala que de acuerdo con ONU Mujeres en su informe Violencia Feminicida en M\u00e9xico, la entidad registr\u00f3 un crecimiento de 77.3 por ciento en la tasa de defunciones femeninas con presunci\u00f3n de homicidio de 2007 a 2009, lo que la ubic\u00f3 como una de las entidades que sobrepas\u00f3 la media nacional.<\/p>\n<p>Por su parte, la Encuesta Nacional sobre la Din\u00e1mica de las Relaciones en los Hogares de 2011 (Endireh) report\u00f3 que 189 mil 922 mujeres (45.04 por ciento) de 15 a\u00f1os y m\u00e1s, sufrieron alg\u00fan tipo de violencia a lo largo de su relaci\u00f3n con su \u00faltima pareja, ya sea emocional, econ\u00f3mica, f\u00edsica o sexual.<\/p>\n<p>Respecto a la violencia sexual, en Aguascalientes, en 2012 y 2013 se cometieron 274 violaciones sexuales y 83 homicidios dolosos, seg\u00fan las estad\u00edsticas del Secretariado Ejecutivo del Sistema Nacional de Seguridad P\u00fablica, citados en el mismo informe del OCNF.<\/p>\n<p>Cabe destacar que la Procuradur\u00eda de Justicia de la entidad, no proporcion\u00f3 informaci\u00f3n sobre el n\u00famero de asesinatos dolosos en estos a\u00f1os, por lo que el OCNF no pudo cuantificar cu\u00e1ntos fueron feminicidio.<\/p>\n<p>Aguascalientes public\u00f3 la tipificaci\u00f3n del feminicidio el 18 de febrero de 2013 en el Peri\u00f3dico Oficial del Estado, aunque el delito no es aut\u00f3nomo, sino una modalidad del homicidio calificado, lo sostienen las organizaciones, hace dif\u00edcil de acreditarlo.<\/p>\n<p>Una situaci\u00f3n particular que han registrado en el OVSGA, dijo en entrevista con Cimacnoticias Jazm\u00edn Valtierra, es la situaci\u00f3n de las mujeres en reclusi\u00f3n, quienes adem\u00e1s de vivir violencia institucional son torturadas para obtener informaci\u00f3n, pues muchas de ellas son acusadas por delitos contra la salud.<\/p>\n<p>En la experiencia de Jazm\u00edn Valtierra, quien adem\u00e1s trabaja para la Asociaci\u00f3n Civil Ciencia Forense, la tortura est\u00e1 relacionada en un 70 por ciento a la violencia f\u00edsica y en un 30 por ciento a la violencia sexual.<\/p>\n<p><a href=\"http:\/\/www.cimacnoticias.com.mx\/node\/73245\" target=\"_blank\" rel=\"noopener\">http:\/\/www.cimacnoticias.com.mx\/node\/73245<\/a><\/p>\n","protected":false},"excerpt":{"rendered":"<p>Gema Villela Valenzuela, Ciudad de M\u00e9xico. La violencia de g\u00e9nero en Aguascalientes se refleja con desapariciones, feminicidio y reclusi\u00f3n de mujeres por delitos que no cometieron y a quienes les &hellip; <a href=\"https:\/\/www.grieta.org.mx\/index.php\/2016\/07\/22\/en-aguascalientes-mujeres-enfrentan-5-tipos-de-violencia\/\" class=\"more-link\">Leer m\u00e1s<\/a><\/p>\n","protected":false},"author":2,"featured_media":21928,"comment_status":"closed","ping_status":"closed","sticky":false,"template":"","format":"standard","meta":{"ngg_post_thumbnail":0,"_jetpack_newsletter_access":"","_jetpack_dont_email_post_to_subs":false,"_jetpack_newsletter_tier_id":0,"_jetpack_memberships_contains_paywalled_content":false,"_jetpack_memberships_contains_paid_content":false,"footnotes":""},"categories":[4,80,84,1186,2],"tags":[174,81,325,94],"class_list":["post-19839","post","type-post","status-publish","format-standard","has-post-thumbnail","hentry","category-aguascalientes","category-cintillo","category-feminicidios","category-feminicidios-en-aguascalientes","category-noticias-nacionales","tag-derechos-humanos","tag-feminicidios","tag-tortura","tag-violencia-contra-mujeres","entry"],"jetpack_featured_media_url":"https:\/\/www.grieta.org.mx\/wp-content\/uploads\/2018\/03\/14524434_1106112876131411_958039263622046936_o.jpg","jetpack_sharing_enabled":true,"jetpack_shortlink":"https:\/\/wp.me\/p7ZJR4-59Z","jetpack_likes_enabled":false,"jetpack-related-posts":[{"id":70194,"url":"https:\/\/www.grieta.org.mx\/index.php\/2024\/10\/20\/madres-buscadoras-y-victimas-de-tortura-se-reunen-en-aguascalientes\/","url_meta":{"origin":19839,"position":0},"title":"Madres buscadoras y v\u00edctimas de tortura se re\u00fanen en Aguascalientes","author":"grieta","date":"20 octubre, 2024","format":false,"excerpt":"Dulce Rodr\u00edguez\/Newsweek Espa\u00f1ol 15 octubre 2024 El III Encuentro de Mujeres Buscadoras, Familiares de V\u00edctimas y Sobrevivientes de Tortura o Violencia Sexual comenz\u00f3 el 11 de octubre de 2024 en Aguascalientes. Este evento re\u00fane a 65 mujeres buscadoras, activistas y defensoras de derechos humanos de diferentes estados de M\u00e9xico, como\u2026","rel":"","context":"En &quot;Aguascalientes&quot;","block_context":{"text":"Aguascalientes","link":"https:\/\/www.grieta.org.mx\/index.php\/category\/noticias-nacionales\/aguascalientes\/"},"img":{"alt_text":"","src":"https:\/\/i0.wp.com\/www.grieta.org.mx\/wp-content\/uploads\/2024\/10\/WhatsApp-Image-2024-10-11-at-2.15.05-PM-1140x570-1.jpeg?resize=350%2C200&ssl=1","width":350,"height":200,"srcset":"https:\/\/i0.wp.com\/www.grieta.org.mx\/wp-content\/uploads\/2024\/10\/WhatsApp-Image-2024-10-11-at-2.15.05-PM-1140x570-1.jpeg?resize=350%2C200&ssl=1 1x, https:\/\/i0.wp.com\/www.grieta.org.mx\/wp-content\/uploads\/2024\/10\/WhatsApp-Image-2024-10-11-at-2.15.05-PM-1140x570-1.jpeg?resize=525%2C300&ssl=1 1.5x, https:\/\/i0.wp.com\/www.grieta.org.mx\/wp-content\/uploads\/2024\/10\/WhatsApp-Image-2024-10-11-at-2.15.05-PM-1140x570-1.jpeg?resize=700%2C400&ssl=1 2x, https:\/\/i0.wp.com\/www.grieta.org.mx\/wp-content\/uploads\/2024\/10\/WhatsApp-Image-2024-10-11-at-2.15.05-PM-1140x570-1.jpeg?resize=1050%2C600&ssl=1 3x"},"classes":[]},{"id":43198,"url":"https:\/\/www.grieta.org.mx\/index.php\/2020\/01\/17\/magdalena-tenia-14-anos-y-fue-asesinada-a-golpes-en-aguascalientes\/","url_meta":{"origin":19839,"position":1},"title":"Magdalena ten\u00eda 14 a\u00f1os y fue asesinada a golpes en Aguascalientes","author":"grieta","date":"17 enero, 2020","format":false,"excerpt":"Redacci\u00f3n\/La Silla Rota 17 enero 2020 Magdalena ''N'' de 14 a\u00f1os de edad, fue asesinada a golpes en el municipio de Jes\u00fas Mar\u00eda, en Aguascalientes, inform\u00f3 la Fiscal\u00eda del Estado. Derivado de estos hechos la Vicefiscal\u00eda regional inici\u00f3 las indagatorias con protocolo de feminicidio por la muerte de la menor\u2026","rel":"","context":"En &quot;Aguascalientes&quot;","block_context":{"text":"Aguascalientes","link":"https:\/\/www.grieta.org.mx\/index.php\/category\/noticias-nacionales\/aguascalientes\/"},"img":{"alt_text":"","src":"https:\/\/i0.wp.com\/www.grieta.org.mx\/wp-content\/uploads\/2020\/01\/magadalena.png?resize=350%2C200&ssl=1","width":350,"height":200,"srcset":"https:\/\/i0.wp.com\/www.grieta.org.mx\/wp-content\/uploads\/2020\/01\/magadalena.png?resize=350%2C200&ssl=1 1x, https:\/\/i0.wp.com\/www.grieta.org.mx\/wp-content\/uploads\/2020\/01\/magadalena.png?resize=525%2C300&ssl=1 1.5x, https:\/\/i0.wp.com\/www.grieta.org.mx\/wp-content\/uploads\/2020\/01\/magadalena.png?resize=700%2C400&ssl=1 2x"},"classes":[]},{"id":46211,"url":"https:\/\/www.grieta.org.mx\/index.php\/2020\/03\/10\/mapa-de-feminicidios-en-aguascalientes\/","url_meta":{"origin":19839,"position":2},"title":"MAPA DE FEMINICIDIOS EN AGUASCALIENTES","author":"grieta","date":"10 marzo, 2020","format":false,"excerpt":"Adri\u00e1n Javier Flores Nieves\/La Jornada Aguascalientes 10 marzo 2020 El mapa de feminicidios de M\u00e9xico recopila los feminicidios perpetrados en el pa\u00eds Del 2016 a la fecha, la herramienta report\u00f3 m\u00e1s de 20 feminicidios cometidos en Aguascalientes Las edades de las mujeres asesinadas van desde menores de 2 a\u00f1os hasta\u2026","rel":"","context":"En &quot;Aguascalientes&quot;","block_context":{"text":"Aguascalientes","link":"https:\/\/www.grieta.org.mx\/index.php\/category\/noticias-nacionales\/aguascalientes\/"},"img":{"alt_text":"","src":"https:\/\/i0.wp.com\/www.grieta.org.mx\/wp-content\/uploads\/2020\/03\/40268367353_2e4a3c792b_c.jpg?resize=350%2C200&ssl=1","width":350,"height":200,"srcset":"https:\/\/i0.wp.com\/www.grieta.org.mx\/wp-content\/uploads\/2020\/03\/40268367353_2e4a3c792b_c.jpg?resize=350%2C200&ssl=1 1x, https:\/\/i0.wp.com\/www.grieta.org.mx\/wp-content\/uploads\/2020\/03\/40268367353_2e4a3c792b_c.jpg?resize=525%2C300&ssl=1 1.5x, https:\/\/i0.wp.com\/www.grieta.org.mx\/wp-content\/uploads\/2020\/03\/40268367353_2e4a3c792b_c.jpg?resize=700%2C400&ssl=1 2x"},"classes":[]},{"id":45575,"url":"https:\/\/www.grieta.org.mx\/index.php\/2020\/02\/28\/luego-de-un-amparo-para-investigar-suicidio-como-feminicidio-no-hay-resultados-en-aguascalientes\/","url_meta":{"origin":19839,"position":3},"title":"LUEGO DE UN AMPARO PARA INVESTIGAR SUICIDIO COMO FEMINICIDIO, NO HAY RESULTADOS EN AGUASCALIENTES","author":"grieta","date":"28 febrero, 2020","format":false,"excerpt":"Claudia Rodr\u00edguez Loera\/La Jornada Aguascalientes 28 febrero 2020 Familia de Yovanna Torres interpondr\u00e1 nuevos recursos jur\u00eddicos Fiscal\u00eda, incapacitada para investigar aparentes suicidios Interpondr\u00e1n recursos jur\u00eddicos y sociales para que el caso de Yovanna Torres no sea cerrado como suicidio y exigir que sean subsanadas las irregularidades de la investigaci\u00f3n que\u2026","rel":"","context":"En &quot;Aguascalientes&quot;","block_context":{"text":"Aguascalientes","link":"https:\/\/www.grieta.org.mx\/index.php\/category\/noticias-nacionales\/aguascalientes\/"},"img":{"alt_text":"","src":"https:\/\/i0.wp.com\/www.grieta.org.mx\/wp-content\/uploads\/2020\/02\/magadalena.png?resize=350%2C200&ssl=1","width":350,"height":200,"srcset":"https:\/\/i0.wp.com\/www.grieta.org.mx\/wp-content\/uploads\/2020\/02\/magadalena.png?resize=350%2C200&ssl=1 1x, https:\/\/i0.wp.com\/www.grieta.org.mx\/wp-content\/uploads\/2020\/02\/magadalena.png?resize=525%2C300&ssl=1 1.5x, https:\/\/i0.wp.com\/www.grieta.org.mx\/wp-content\/uploads\/2020\/02\/magadalena.png?resize=700%2C400&ssl=1 2x"},"classes":[]},{"id":41865,"url":"https:\/\/www.grieta.org.mx\/index.php\/2019\/11\/26\/exige-comunidad-feminista-un-aguascalientes-libre-y-seguro\/","url_meta":{"origin":19839,"position":4},"title":"EXIGE COMUNIDAD FEMINISTA UN AGUASCALIENTES LIBRE Y SEGURO","author":"grieta","date":"26 noviembre, 2019","format":false,"excerpt":"Redacci\u00f3n\/La Jornada Aguascalientes 26 noviembre 2019 Este 25 de noviembre, la Comunidad Feminista de Aguascalientes llev\u00f3 a cabo una movilizaci\u00f3n con motivo del D\u00eda Internacional de la Eliminaci\u00f3n de la Violencia contra la Mujer \u201cEs alarmante que en pleno 2019 persista una falta de reconocimiento del Poder Judicial del Estado\u2026","rel":"","context":"En &quot;Aguascalientes&quot;","block_context":{"text":"Aguascalientes","link":"https:\/\/www.grieta.org.mx\/index.php\/category\/noticias-nacionales\/aguascalientes\/"},"img":{"alt_text":"","src":"https:\/\/i0.wp.com\/www.grieta.org.mx\/wp-content\/uploads\/2019\/12\/49125848797_fcaca72bb4_c.jpg?resize=350%2C200&ssl=1","width":350,"height":200,"srcset":"https:\/\/i0.wp.com\/www.grieta.org.mx\/wp-content\/uploads\/2019\/12\/49125848797_fcaca72bb4_c.jpg?resize=350%2C200&ssl=1 1x, https:\/\/i0.wp.com\/www.grieta.org.mx\/wp-content\/uploads\/2019\/12\/49125848797_fcaca72bb4_c.jpg?resize=525%2C300&ssl=1 1.5x, https:\/\/i0.wp.com\/www.grieta.org.mx\/wp-content\/uploads\/2019\/12\/49125848797_fcaca72bb4_c.jpg?resize=700%2C400&ssl=1 2x"},"classes":[]},{"id":46194,"url":"https:\/\/www.grieta.org.mx\/index.php\/2020\/03\/04\/visibilizan-feminicidios-y-casos-de-personas-desaparecidas-en-aguascalientes\/","url_meta":{"origin":19839,"position":5},"title":"VISIBILIZAN FEMINICIDIOS Y CASOS DE PERSONAS DESAPARECIDAS EN AGUASCALIENTES","author":"grieta","date":"4 marzo, 2020","format":false,"excerpt":"Adrian Javier Flores Nieves\/La Jornada Aguascalientes 4 marzo 2020 Se manifiestan a trav\u00e9s de bordado la situaci\u00f3n de feminicidios, homicidios dolosos y personas desaparecidas El bordado colectivo es una actividad de manifestaci\u00f3n pac\u00edfica que se replica en otros pa\u00edses y que invita a la sociedad a participar para generar m\u00e1s\u2026","rel":"","context":"En &quot;Aguascalientes&quot;","block_context":{"text":"Aguascalientes","link":"https:\/\/www.grieta.org.mx\/index.php\/category\/noticias-nacionales\/aguascalientes\/"},"img":{"alt_text":"","src":"https:\/\/i0.wp.com\/www.grieta.org.mx\/wp-content\/uploads\/2020\/03\/49614896327_f265870698_c.jpg?resize=350%2C200&ssl=1","width":350,"height":200,"srcset":"https:\/\/i0.wp.com\/www.grieta.org.mx\/wp-content\/uploads\/2020\/03\/49614896327_f265870698_c.jpg?resize=350%2C200&ssl=1 1x, https:\/\/i0.wp.com\/www.grieta.org.mx\/wp-content\/uploads\/2020\/03\/49614896327_f265870698_c.jpg?resize=525%2C300&ssl=1 1.5x, https:\/\/i0.wp.com\/www.grieta.org.mx\/wp-content\/uploads\/2020\/03\/49614896327_f265870698_c.jpg?resize=700%2C400&ssl=1 2x"},"classes":[]}],"_links":{"self":[{"href":"https:\/\/www.grieta.org.mx\/index.php\/wp-json\/wp\/v2\/posts\/19839","targetHints":{"allow":["GET"]}}],"collection":[{"href":"https:\/\/www.grieta.org.mx\/index.php\/wp-json\/wp\/v2\/posts"}],"about":[{"href":"https:\/\/www.grieta.org.mx\/index.php\/wp-json\/wp\/v2\/types\/post"}],"author":[{"embeddable":true,"href":"https:\/\/www.grieta.org.mx\/index.php\/wp-json\/wp\/v2\/users\/2"}],"replies":[{"embeddable":true,"href":"https:\/\/www.grieta.org.mx\/index.php\/wp-json\/wp\/v2\/comments?post=19839"}],"version-history":[{"count":1,"href":"https:\/\/www.grieta.org.mx\/index.php\/wp-json\/wp\/v2\/posts\/19839\/revisions"}],"predecessor-version":[{"id":22900,"href":"https:\/\/www.grieta.org.mx\/index.php\/wp-json\/wp\/v2\/posts\/19839\/revisions\/22900"}],"wp:featuredmedia":[{"embeddable":true,"href":"https:\/\/www.grieta.org.mx\/index.php\/wp-json\/wp\/v2\/media\/21928"}],"wp:attachment":[{"href":"https:\/\/www.grieta.org.mx\/index.php\/wp-json\/wp\/v2\/media?parent=19839"}],"wp:term":[{"taxonomy":"category","embeddable":true,"href":"https:\/\/www.grieta.org.mx\/index.php\/wp-json\/wp\/v2\/categories?post=19839"},{"taxonomy":"post_tag","embeddable":true,"href":"https:\/\/www.grieta.org.mx\/index.php\/wp-json\/wp\/v2\/tags?post=19839"}],"curies":[{"name":"wp","href":"https:\/\/api.w.org\/{rel}","templated":true}]}}