{"id":19786,"date":"2016-08-16T20:07:57","date_gmt":"2016-08-17T01:07:57","guid":{"rendered":"http:\/\/www.grieta.org.mx\/?p=19786"},"modified":"2016-08-17T20:23:06","modified_gmt":"2016-08-18T01:23:06","slug":"temen-ejidatarios-de-chietla-nuevo-intento-de-desalojo-por-bloqueo-en-mina-la-campa-puebla","status":"publish","type":"post","link":"https:\/\/www.grieta.org.mx\/index.php\/2016\/08\/16\/temen-ejidatarios-de-chietla-nuevo-intento-de-desalojo-por-bloqueo-en-mina-la-campa-puebla\/","title":{"rendered":"Temen ejidatarios de Chietla nuevo intento de desalojo por bloqueo en mina La Campa (Puebla)"},"content":{"rendered":"<p><img loading=\"lazy\" decoding=\"async\" data-attachment-id=\"19788\" data-permalink=\"https:\/\/www.grieta.org.mx\/index.php\/2016\/08\/16\/temen-ejidatarios-de-chietla-nuevo-intento-de-desalojo-por-bloqueo-en-mina-la-campa-puebla\/13912400_1801975886755309_4387645823603246896_n\/\" data-orig-file=\"https:\/\/www.grieta.org.mx\/wp-content\/uploads\/2016\/08\/13912400_1801975886755309_4387645823603246896_n.jpg\" data-orig-size=\"640,426\" data-comments-opened=\"0\" data-image-meta=\"{&quot;aperture&quot;:&quot;0&quot;,&quot;credit&quot;:&quot;&quot;,&quot;camera&quot;:&quot;&quot;,&quot;caption&quot;:&quot;&quot;,&quot;created_timestamp&quot;:&quot;0&quot;,&quot;copyright&quot;:&quot;&quot;,&quot;focal_length&quot;:&quot;0&quot;,&quot;iso&quot;:&quot;0&quot;,&quot;shutter_speed&quot;:&quot;0&quot;,&quot;title&quot;:&quot;&quot;,&quot;orientation&quot;:&quot;1&quot;}\" data-image-title=\"13912400_1801975886755309_4387645823603246896_n\" data-image-description=\"\" data-image-caption=\"\" data-medium-file=\"https:\/\/www.grieta.org.mx\/wp-content\/uploads\/2016\/08\/13912400_1801975886755309_4387645823603246896_n-300x200.jpg\" data-large-file=\"https:\/\/www.grieta.org.mx\/wp-content\/uploads\/2016\/08\/13912400_1801975886755309_4387645823603246896_n.jpg\" src=\"http:\/\/www.grieta.org.mx\/wp-content\/uploads\/2016\/08\/13912400_1801975886755309_4387645823603246896_n.jpg\" alt=\"13912400_1801975886755309_4387645823603246896_n\" width=\"640\" height=\"426\" class=\"aligncenter size-full wp-image-19788\" srcset=\"https:\/\/www.grieta.org.mx\/wp-content\/uploads\/2016\/08\/13912400_1801975886755309_4387645823603246896_n.jpg 640w, https:\/\/www.grieta.org.mx\/wp-content\/uploads\/2016\/08\/13912400_1801975886755309_4387645823603246896_n-300x200.jpg 300w\" sizes=\"auto, (max-width: 640px) 100vw, 640px\" \/><\/p>\n<p>Por Lidchy Cano<\/p>\n<p>Chietla, Pue.- Ejidatarios antorchistas de San Antonio Cuayuca, comunidad de Chietla, temen un nuevo intento de desalojo violento por el bloqueo que mantienen desde el 27 de julio en la mina \u201cLa Campa\u201d, pues exigen exigen el pago por uso de suelo y la entrega de la concesi\u00f3n de la mina.<\/p>\n<p>La representante de los quejosos, Salom\u00e9 Tlaseca N\u00e1jera, exigi\u00f3 al Gobierno del Estado que deje de respaldar a los empresarios mineros y cumpla con la ley, para que as\u00ed se respeten los acuerdos que se firmaron con la empresa en cuesti\u00f3n.<\/p>\n<p>Responsabiliz\u00f3 al subsecretario de gobernaci\u00f3n, Luis Arturo Cornejo Alatorre por lo que pueda ocurrir, pues en lugar de buscar soluciones ha ignorado las demandas de los ejidatarios.<\/p>\n<p>Asimismo, se\u00f1al\u00f3 que Herlinda Vital Bahena ha contratado a grupos de choque provenientes de Morelos para desalojarlos de forma violenta, pues record\u00f3 que el 3 de agosto al menos 150 personas llegaron con machetes, palos y piedras para intentar disolver el bloqueo que mantienen en el acceso de la mina.<\/p>\n<p>En este contexto, Tlaseca N\u00e1jera tambi\u00e9n responsabiliz\u00f3 a la familia Carrillo Vital, \u201cpor su prepotencia y autoritarismo\u201d en contra de los campesinos,<\/p>\n<p>Por \u00faltimo, dijo que los inconformes s\u00f3lo exigen respeto a sus derechos y a la ley, por lo cual piden el pago de lo que adeuda la empresa por la explotaci\u00f3n de aproximadamente 25 hect\u00e1reas del ejido de San Antonio Coayuca.<\/p>\n<p><a href=\"http:\/\/municipiospuebla.mx\/nota\/2016-08-16\/chietla\/temen-ejidatarios-de-chietla-nuevo-intento-de-desalojo-por-bloqueo-en-mina\">http:\/\/municipiospuebla.mx\/nota\/2016-08-16\/chietla\/temen-ejidatarios-de-chietla-nuevo-intento-de-desalojo-por-bloqueo-en-mina<\/a><\/p>\n","protected":false},"excerpt":{"rendered":"<p>Por Lidchy Cano Chietla, Pue.- Ejidatarios antorchistas de San Antonio Cuayuca, comunidad de Chietla, temen un nuevo intento de desalojo violento por el bloqueo que mantienen desde el 27 de &hellip; <a href=\"https:\/\/www.grieta.org.mx\/index.php\/2016\/08\/16\/temen-ejidatarios-de-chietla-nuevo-intento-de-desalojo-por-bloqueo-en-mina-la-campa-puebla\/\" class=\"more-link\">Leer m\u00e1s<\/a><\/p>\n","protected":false},"author":2,"featured_media":21928,"comment_status":"closed","ping_status":"closed","sticky":false,"template":"","format":"standard","meta":{"ngg_post_thumbnail":0,"_jetpack_newsletter_access":"","_jetpack_dont_email_post_to_subs":false,"_jetpack_newsletter_tier_id":0,"_jetpack_memberships_contains_paywalled_content":false,"_jetpack_memberships_contains_paid_content":false,"footnotes":""},"categories":[80,6],"tags":[109],"class_list":["post-19786","post","type-post","status-publish","format-standard","has-post-thumbnail","hentry","category-cintillo","category-mineria","tag-mineria","entry"],"jetpack_featured_media_url":"https:\/\/www.grieta.org.mx\/wp-content\/uploads\/2018\/03\/14524434_1106112876131411_958039263622046936_o.jpg","jetpack_sharing_enabled":true,"jetpack_shortlink":"https:\/\/wp.me\/p7ZJR4-598","jetpack_likes_enabled":false,"jetpack-related-posts":[{"id":20979,"url":"https:\/\/www.grieta.org.mx\/index.php\/2016\/08\/22\/ejidatarios-antorchistas-liberan-acceso-a-mina-la-campa-en-chietla-puebla\/","url_meta":{"origin":19786,"position":0},"title":"Ejidatarios antorchistas liberan acceso a mina La Campa, en Chietla (Puebla)","author":"grieta","date":"22 agosto, 2016","format":false,"excerpt":"Chietla, Pue.- Tras 25 d\u00edas de protesta, ejidatarios afiliados a la organizaci\u00f3n Antorcha Campesina liberaron el acceso a la mina La Campa, en San Antonio Coayuca, comunidad perteneciente al municipio de Chietla. Salom\u00e9 Tlaseca N\u00e1jera, representante de los due\u00f1os del ejido, record\u00f3 que al menos 57 personas mantuvieron un plant\u00f3n\u2026","rel":"","context":"En &quot;CINTILLO&quot;","block_context":{"text":"CINTILLO","link":"https:\/\/www.grieta.org.mx\/index.php\/category\/cintillo\/"},"img":{"alt_text":"","src":"https:\/\/i0.wp.com\/www.grieta.org.mx\/wp-content\/uploads\/2018\/03\/14524434_1106112876131411_958039263622046936_o.jpg?resize=350%2C200&ssl=1","width":350,"height":200,"srcset":"https:\/\/i0.wp.com\/www.grieta.org.mx\/wp-content\/uploads\/2018\/03\/14524434_1106112876131411_958039263622046936_o.jpg?resize=350%2C200&ssl=1 1x, https:\/\/i0.wp.com\/www.grieta.org.mx\/wp-content\/uploads\/2018\/03\/14524434_1106112876131411_958039263622046936_o.jpg?resize=525%2C300&ssl=1 1.5x, https:\/\/i0.wp.com\/www.grieta.org.mx\/wp-content\/uploads\/2018\/03\/14524434_1106112876131411_958039263622046936_o.jpg?resize=700%2C400&ssl=1 2x"},"classes":[]},{"id":18883,"url":"https:\/\/www.grieta.org.mx\/index.php\/2016\/08\/04\/cuayuca-cumplen-8-dias-tomada-la-mina-por-ejidatarios-morelos\/","url_meta":{"origin":19786,"position":1},"title":"Cuayuca: cumplen 8 d\u00edas tomada la mina por ejidatarios (MORELOS)","author":"grieta","date":"4 agosto, 2016","format":false,"excerpt":"Yadira LLaven Anzures, Morelos. Hoy jueves se cumplen ocho d\u00edas del cierre de la mina de yeso \u201cLa Campa\u201d en San Antonio Cuayuca, en el municipio de Chietla, por parte de ejidatarios que exigen el pago por uso de suelo de sus terrenos, por donde se trasladan los camiones que\u2026","rel":"","context":"En &quot;CINTILLO&quot;","block_context":{"text":"CINTILLO","link":"https:\/\/www.grieta.org.mx\/index.php\/category\/cintillo\/"},"img":{"alt_text":"","src":"https:\/\/i0.wp.com\/www.grieta.org.mx\/wp-content\/uploads\/2018\/03\/14524434_1106112876131411_958039263622046936_o.jpg?resize=350%2C200&ssl=1","width":350,"height":200,"srcset":"https:\/\/i0.wp.com\/www.grieta.org.mx\/wp-content\/uploads\/2018\/03\/14524434_1106112876131411_958039263622046936_o.jpg?resize=350%2C200&ssl=1 1x, https:\/\/i0.wp.com\/www.grieta.org.mx\/wp-content\/uploads\/2018\/03\/14524434_1106112876131411_958039263622046936_o.jpg?resize=525%2C300&ssl=1 1.5x, https:\/\/i0.wp.com\/www.grieta.org.mx\/wp-content\/uploads\/2018\/03\/14524434_1106112876131411_958039263622046936_o.jpg?resize=700%2C400&ssl=1 2x"},"classes":[]},{"id":7644,"url":"https:\/\/www.grieta.org.mx\/index.php\/2016\/08\/22\/conflictos-mineros-en-puebla\/","url_meta":{"origin":19786,"position":2},"title":"Conflictos mineros en Puebla","author":"grieta","date":"22 agosto, 2016","format":false,"excerpt":"22\/08\/16. Ejidatarios antorchistas liberan acceso a mina La Campa, en Chietla (Puebla) Municipios Puebla 16\/08\/16. Temen ejidatarios de Chietla nuevo intento de desalojo por bloqueo en mina La Campa (Puebla) Municipios Puebla 06\/01\/16. Puebla, entre los estados con m\u00e1s ataques a ambientalistas Proceso 18\/12\/15. 440 concesiones mineras devastan el 66%\u2026","rel":"","context":"En &quot;Puebla&quot;","block_context":{"text":"Puebla","link":"https:\/\/www.grieta.org.mx\/index.php\/category\/noticias-nacionales\/puebla\/"},"img":{"alt_text":"","src":"https:\/\/i0.wp.com\/www.grieta.org.mx\/wp-content\/uploads\/2018\/03\/14524434_1106112876131411_958039263622046936_o.jpg?resize=350%2C200&ssl=1","width":350,"height":200,"srcset":"https:\/\/i0.wp.com\/www.grieta.org.mx\/wp-content\/uploads\/2018\/03\/14524434_1106112876131411_958039263622046936_o.jpg?resize=350%2C200&ssl=1 1x, https:\/\/i0.wp.com\/www.grieta.org.mx\/wp-content\/uploads\/2018\/03\/14524434_1106112876131411_958039263622046936_o.jpg?resize=525%2C300&ssl=1 1.5x, https:\/\/i0.wp.com\/www.grieta.org.mx\/wp-content\/uploads\/2018\/03\/14524434_1106112876131411_958039263622046936_o.jpg?resize=700%2C400&ssl=1 2x"},"classes":[]},{"id":45570,"url":"https:\/\/www.grieta.org.mx\/index.php\/2020\/03\/04\/ejidatarios-denuncian-proteccion-de-la-gn-a-bailleres-en-mina-dipolos-video-coahuila\/","url_meta":{"origin":19786,"position":3},"title":"Ejidatarios denuncian protecci\u00f3n de la GN a Baill\u00e8res en Mina Dipolos (Video) (Coahuila)","author":"grieta","date":"4 marzo, 2020","format":false,"excerpt":"Juan Alberto Cedillo\/ PROCESO SALTILLO, Coah. (apro).- Ejidatarios de El Baj\u00edo de Caborca, Sonora, mantienen una protesta en la Mina Dipolos para exigir que la Guardia Nacional no se ponga al servicio del empresario Alberto Baill\u00e8res, quien \u2013afirmaron\u2013 mantiene la sustracci\u00f3n ilegal de oro de sus terrenos. Gregorio Meza Mendoza,\u2026","rel":"","context":"En &quot;CINTILLO&quot;","block_context":{"text":"CINTILLO","link":"https:\/\/www.grieta.org.mx\/index.php\/category\/cintillo\/"},"img":{"alt_text":"","src":"https:\/\/i0.wp.com\/www.grieta.org.mx\/wp-content\/uploads\/2020\/03\/estaes.png?resize=350%2C200&ssl=1","width":350,"height":200},"classes":[]},{"id":30074,"url":"https:\/\/www.grieta.org.mx\/index.php\/2018\/09\/06\/chihuahua-denuncian-a-minera-canadiense-por-incumplir-contrato-y-reprimir-a-ejidatarios\/","url_meta":{"origin":19786,"position":4},"title":"Chihuahua: denuncian a minera canadiense por incumplir contrato y reprimir a ejidatarios","author":"grieta","date":"6 septiembre, 2018","format":false,"excerpt":"Berenica Santos\/CONTRAL\u00cdNEA Ejidatarios del municipio Guazapares, ubicado en la Sierra Tarahumara de Chihuahua, exigen a la empresa minera Coeur Mexicana que cumpla con el contrato que firm\u00f3 para la explotaci\u00f3n de plata. Sin embargo, han sido reprimidos. Incluso dos de ellos, Jos\u00e9 Luis Lozano Mosqueda e Ismael Vargas Gonz\u00e1lez, fueron\u2026","rel":"","context":"En &quot;Chihuahua&quot;","block_context":{"text":"Chihuahua","link":"https:\/\/www.grieta.org.mx\/index.php\/category\/noticias-nacionales\/chihuahua\/"},"img":{"alt_text":"","src":"https:\/\/i0.wp.com\/www.grieta.org.mx\/wp-content\/uploads\/2018\/03\/14524434_1106112876131411_958039263622046936_o.jpg?resize=350%2C200&ssl=1","width":350,"height":200,"srcset":"https:\/\/i0.wp.com\/www.grieta.org.mx\/wp-content\/uploads\/2018\/03\/14524434_1106112876131411_958039263622046936_o.jpg?resize=350%2C200&ssl=1 1x, https:\/\/i0.wp.com\/www.grieta.org.mx\/wp-content\/uploads\/2018\/03\/14524434_1106112876131411_958039263622046936_o.jpg?resize=525%2C300&ssl=1 1.5x, https:\/\/i0.wp.com\/www.grieta.org.mx\/wp-content\/uploads\/2018\/03\/14524434_1106112876131411_958039263622046936_o.jpg?resize=700%2C400&ssl=1 2x"},"classes":[]},{"id":1259,"url":"https:\/\/www.grieta.org.mx\/index.php\/2015\/02\/26\/incumple-embajada-canadiense-acusan\/","url_meta":{"origin":19786,"position":5},"title":"Incumple embajada canadiense, acusan","author":"grieta","date":"26 febrero, 2015","format":false,"excerpt":"El Siglo de Durango POR: SA\u00daL MALDONADO TLAHUALILO, DGO. La Embajada de Canad\u00e1 incumpli\u00f3 su obligaci\u00f3n de promover y proteger los derechos humanos de los ejidatarios de la Sierrita ante las violaciones perpetradas por la empresa minera canadiense Excellon Resources Inc., denuncian habitantes de este ejido. A trav\u00e9s del informe\u2026","rel":"","context":"En &quot;CINTILLO&quot;","block_context":{"text":"CINTILLO","link":"https:\/\/www.grieta.org.mx\/index.php\/category\/cintillo\/"},"img":{"alt_text":"","src":"https:\/\/i0.wp.com\/www.grieta.org.mx\/wp-content\/uploads\/2018\/03\/14524434_1106112876131411_958039263622046936_o.jpg?resize=350%2C200&ssl=1","width":350,"height":200,"srcset":"https:\/\/i0.wp.com\/www.grieta.org.mx\/wp-content\/uploads\/2018\/03\/14524434_1106112876131411_958039263622046936_o.jpg?resize=350%2C200&ssl=1 1x, https:\/\/i0.wp.com\/www.grieta.org.mx\/wp-content\/uploads\/2018\/03\/14524434_1106112876131411_958039263622046936_o.jpg?resize=525%2C300&ssl=1 1.5x, https:\/\/i0.wp.com\/www.grieta.org.mx\/wp-content\/uploads\/2018\/03\/14524434_1106112876131411_958039263622046936_o.jpg?resize=700%2C400&ssl=1 2x"},"classes":[]}],"_links":{"self":[{"href":"https:\/\/www.grieta.org.mx\/index.php\/wp-json\/wp\/v2\/posts\/19786","targetHints":{"allow":["GET"]}}],"collection":[{"href":"https:\/\/www.grieta.org.mx\/index.php\/wp-json\/wp\/v2\/posts"}],"about":[{"href":"https:\/\/www.grieta.org.mx\/index.php\/wp-json\/wp\/v2\/types\/post"}],"author":[{"embeddable":true,"href":"https:\/\/www.grieta.org.mx\/index.php\/wp-json\/wp\/v2\/users\/2"}],"replies":[{"embeddable":true,"href":"https:\/\/www.grieta.org.mx\/index.php\/wp-json\/wp\/v2\/comments?post=19786"}],"version-history":[{"count":1,"href":"https:\/\/www.grieta.org.mx\/index.php\/wp-json\/wp\/v2\/posts\/19786\/revisions"}],"predecessor-version":[{"id":19789,"href":"https:\/\/www.grieta.org.mx\/index.php\/wp-json\/wp\/v2\/posts\/19786\/revisions\/19789"}],"wp:featuredmedia":[{"embeddable":true,"href":"https:\/\/www.grieta.org.mx\/index.php\/wp-json\/wp\/v2\/media\/21928"}],"wp:attachment":[{"href":"https:\/\/www.grieta.org.mx\/index.php\/wp-json\/wp\/v2\/media?parent=19786"}],"wp:term":[{"taxonomy":"category","embeddable":true,"href":"https:\/\/www.grieta.org.mx\/index.php\/wp-json\/wp\/v2\/categories?post=19786"},{"taxonomy":"post_tag","embeddable":true,"href":"https:\/\/www.grieta.org.mx\/index.php\/wp-json\/wp\/v2\/tags?post=19786"}],"curies":[{"name":"wp","href":"https:\/\/api.w.org\/{rel}","templated":true}]}}