{"id":1978,"date":"2015-11-27T19:03:07","date_gmt":"2015-11-27T19:03:07","guid":{"rendered":"http:\/\/50.22.11.12\/~grietaor\/?p=1978"},"modified":"2016-03-10T19:04:20","modified_gmt":"2016-03-10T19:04:20","slug":"ni-los-19-mil-policias-intimidan-a-la-s-22-y-reitera-que-la-evaluacion-no-tiene-cabida-en-oaxaca","status":"publish","type":"post","link":"https:\/\/www.grieta.org.mx\/index.php\/2015\/11\/27\/ni-los-19-mil-policias-intimidan-a-la-s-22-y-reitera-que-la-evaluacion-no-tiene-cabida-en-oaxaca\/","title":{"rendered":"Ni los 19 mil polic\u00edas intimidan a la S-22 y reitera que la evaluaci\u00f3n no tiene cabida en Oaxaca"},"content":{"rendered":"<p>Pedro Mat\u00edas, Oaxaca<\/p>\n<p>OAXACA, Oax. (pagina3.mx).- \u201cYa cay\u00f3, ya cay\u00f3, la reforma ya cay\u00f3\u201d, \u201cDe norte a sur, de este a oeste, ganaremos esta lucha cueste lo que cueste\u201d y \u201cOaxaca no es cuartel fuera ej\u00e9rcito de \u00e9l\u201d, fueron las consignas que se corearon cuando el l\u00edder de la Secci\u00f3n 22 del SNTE-CNTE, Rub\u00e9n N\u00fa\u00f1ez Ginez, afirm\u00f3 que la Reforma Educativa naci\u00f3 muerta.<\/p>\n<p>Y agreg\u00f3 que pese a los 19 mil efectivos de la Polic\u00eda Federal y del Ej\u00e9rcito Mexicano que fueron reclutados en Oaxaca, la Secci\u00f3n 22 ha fijado una postura pol\u00edtica, jur\u00eddica pedag\u00f3gica de no acudir a la aplicaci\u00f3n de estos ex\u00e1menes\u201d.<br \/>\nAl contrario, por mandato de la asamblea estatal acordaron realizar jornadas de resistencia pac\u00edfica, organizada porque la evaluaci\u00f3n no tiene cabida en Oaxaca ni en donde tenga presencia la Coordinadora Nacional de Trabajadores de la Educaci\u00f3n (CNTE).<br \/>\nInsisti\u00f3 en que en Oaxaca \u201cha muerto la evaluaci\u00f3n como ha muerto la campa\u00f1a del Secretario de Educaci\u00f3n P\u00fablica, Aurelio Nu\u00f1o Mayer\u201d.<br \/>\nN\u00fa\u00f1ez Ginez manifest\u00f3 que no cejar\u00e1n en su exigencia por la abrogaci\u00f3n al art\u00edculo 3\u00ba y 73 de la Constituci\u00f3n; su rechazo a la evaluaci\u00f3n a docentes que result\u00f3 un fracaso porque los que han ido es por la amenaza de ser despedidos.<br \/>\nHizo hincapi\u00e9 que aunque el gobierno afirma que evaluar\u00e1n a alrededor de cinco mil cuando apenas comunicaron a mil 280 maestros.<\/p>\n<p><a href=\"http:\/\/pagina3.mx\/2015\/11\/ni-los-19-mil-policias-intimidan-a-la-s-22-y-reitera-que-la-evaluacion-no-tiene-cabida-en-oaxaca\/\" target=\"_blank\">pagina3.mx\/2015\/11\/ni-los-19-mil-policias-intimidan-a-la-s-22-y-reitera-que-la-evaluacion-no-tiene-cabida-en-oaxaca\/<\/a><\/p>\n","protected":false},"excerpt":{"rendered":"<p>Pedro Mat\u00edas, Oaxaca OAXACA, Oax. (pagina3.mx).- \u201cYa cay\u00f3, ya cay\u00f3, la reforma ya cay\u00f3\u201d, \u201cDe norte a sur, de este a oeste, ganaremos esta lucha cueste lo que cueste\u201d y &hellip; <a href=\"https:\/\/www.grieta.org.mx\/index.php\/2015\/11\/27\/ni-los-19-mil-policias-intimidan-a-la-s-22-y-reitera-que-la-evaluacion-no-tiene-cabida-en-oaxaca\/\" class=\"more-link\">Leer m\u00e1s<\/a><\/p>\n","protected":false},"author":2,"featured_media":21928,"comment_status":"closed","ping_status":"open","sticky":false,"template":"","format":"standard","meta":{"ngg_post_thumbnail":0,"_jetpack_newsletter_access":"","_jetpack_dont_email_post_to_subs":false,"_jetpack_newsletter_tier_id":0,"_jetpack_memberships_contains_paywalled_content":false,"_jetpack_memberships_contains_paid_content":false,"footnotes":""},"categories":[80],"tags":[134,133,93,135],"class_list":["post-1978","post","type-post","status-publish","format-standard","has-post-thumbnail","hentry","category-cintillo","tag-cnte","tag-maestros","tag-oaxaca","tag-reforma-educativa","entry"],"jetpack_featured_media_url":"https:\/\/www.grieta.org.mx\/wp-content\/uploads\/2018\/03\/14524434_1106112876131411_958039263622046936_o.jpg","jetpack_sharing_enabled":true,"jetpack_shortlink":"https:\/\/wp.me\/p7ZJR4-vU","jetpack_likes_enabled":false,"jetpack-related-posts":[{"id":21076,"url":"https:\/\/www.grieta.org.mx\/index.php\/2016\/09\/02\/cierra-seccion-22-plazas-comerciales-de-oaxaca\/","url_meta":{"origin":1978,"position":0},"title":"Cierra secci\u00f3n 22 plazas comerciales de Oaxaca","author":"grieta","date":"2 septiembre, 2016","format":false,"excerpt":"Quadrat\u00edn. Luis Jer\u00f3nimo, Oaxaca.- Maestros de la Secci\u00f3n 22 del Sindicato Nacional de Trabajadores de la Educaci\u00f3n (SNTE) bloquearon los accesos a plazas comerciales de Oaxaca, en protesta contra la reforma educativa. Los docentes tomaron las entradas de la Plaza Oaxaca, Plaza del Valle y Macroplaza, en la que impidieron\u2026","rel":"","context":"En &quot;CINTILLO&quot;","block_context":{"text":"CINTILLO","link":"https:\/\/www.grieta.org.mx\/index.php\/category\/cintillo\/"},"img":{"alt_text":"","src":"https:\/\/i0.wp.com\/www.grieta.org.mx\/wp-content\/uploads\/2018\/03\/14524434_1106112876131411_958039263622046936_o.jpg?resize=350%2C200&ssl=1","width":350,"height":200,"srcset":"https:\/\/i0.wp.com\/www.grieta.org.mx\/wp-content\/uploads\/2018\/03\/14524434_1106112876131411_958039263622046936_o.jpg?resize=350%2C200&ssl=1 1x, https:\/\/i0.wp.com\/www.grieta.org.mx\/wp-content\/uploads\/2018\/03\/14524434_1106112876131411_958039263622046936_o.jpg?resize=525%2C300&ssl=1 1.5x, https:\/\/i0.wp.com\/www.grieta.org.mx\/wp-content\/uploads\/2018\/03\/14524434_1106112876131411_958039263622046936_o.jpg?resize=700%2C400&ssl=1 2x"},"classes":[]},{"id":14736,"url":"https:\/\/www.grieta.org.mx\/index.php\/2016\/06\/20\/marcha-la-cnte-en-tlaxcala-por-violencia-en-oaxaca\/","url_meta":{"origin":1978,"position":1},"title":"Marcha la CNTE en Tlaxcala por violencia en Oaxaca","author":"grieta","date":"20 junio, 2016","format":false,"excerpt":"Se manifiestan integrantes de la CNTE en repudio a los hechos violentos ocurridos en Oaxaca este domingo que dejaron como saldo seis muertos, los manifestantes, en su mayor\u00eda mujeres, causan problemas de circulaci\u00f3n vehicular en el Centro Hist\u00f3rico de Tlaxcala. La CNTE y los integrantes del Movimiento Magisterial Tlaxcalteca y\u2026","rel":"","context":"En &quot;CINTILLO&quot;","block_context":{"text":"CINTILLO","link":"https:\/\/www.grieta.org.mx\/index.php\/category\/cintillo\/"},"img":{"alt_text":"","src":"https:\/\/i0.wp.com\/www.grieta.org.mx\/wp-content\/uploads\/2018\/03\/14524434_1106112876131411_958039263622046936_o.jpg?resize=350%2C200&ssl=1","width":350,"height":200,"srcset":"https:\/\/i0.wp.com\/www.grieta.org.mx\/wp-content\/uploads\/2018\/03\/14524434_1106112876131411_958039263622046936_o.jpg?resize=350%2C200&ssl=1 1x, https:\/\/i0.wp.com\/www.grieta.org.mx\/wp-content\/uploads\/2018\/03\/14524434_1106112876131411_958039263622046936_o.jpg?resize=525%2C300&ssl=1 1.5x, https:\/\/i0.wp.com\/www.grieta.org.mx\/wp-content\/uploads\/2018\/03\/14524434_1106112876131411_958039263622046936_o.jpg?resize=700%2C400&ssl=1 2x"},"classes":[]},{"id":17091,"url":"https:\/\/www.grieta.org.mx\/index.php\/2016\/07\/09\/marcha-la-cnte-en-sinaloa-en-apoyo-a-maestros-de-oaxaca\/","url_meta":{"origin":1978,"position":2},"title":"Marcha la CNTE en Sinaloa en apoyo a maestros de Oaxaca","author":"grieta","date":"9 julio, 2016","format":false,"excerpt":"Blanca Peinado, Sinaloa. Culiac\u00e1n, Sin.- Maestros pertenecientes a la Coordinadora Nacional de Trabajadores de la Educaci\u00f3n en Sinaloa, marcharon en la capital del estado en apoyo a las v\u00edctimas y presos pol\u00edticos en Oaxaca que sufren los costos de oponerse a la reforma de este sector, declar\u00f3 Victoriano Reyes Rosas.\u2026","rel":"","context":"En &quot;CINTILLO&quot;","block_context":{"text":"CINTILLO","link":"https:\/\/www.grieta.org.mx\/index.php\/category\/cintillo\/"},"img":{"alt_text":"","src":"https:\/\/i0.wp.com\/www.grieta.org.mx\/wp-content\/uploads\/2018\/03\/14524434_1106112876131411_958039263622046936_o.jpg?resize=350%2C200&ssl=1","width":350,"height":200,"srcset":"https:\/\/i0.wp.com\/www.grieta.org.mx\/wp-content\/uploads\/2018\/03\/14524434_1106112876131411_958039263622046936_o.jpg?resize=350%2C200&ssl=1 1x, https:\/\/i0.wp.com\/www.grieta.org.mx\/wp-content\/uploads\/2018\/03\/14524434_1106112876131411_958039263622046936_o.jpg?resize=525%2C300&ssl=1 1.5x, https:\/\/i0.wp.com\/www.grieta.org.mx\/wp-content\/uploads\/2018\/03\/14524434_1106112876131411_958039263622046936_o.jpg?resize=700%2C400&ssl=1 2x"},"classes":[]},{"id":1961,"url":"https:\/\/www.grieta.org.mx\/index.php\/2015\/11\/14\/marcha-seccion-22-vs-evaluacion-docente\/","url_meta":{"origin":1978,"position":3},"title":"Marcha Secci\u00f3n 22 vs evaluaci\u00f3n docente","author":"grieta","date":"14 noviembre, 2015","format":false,"excerpt":"Jazm\u00edn G\u00d3MEZ, Oaxaca OAXACA, (p\u00e1gina3.mx).- Integrantes de la Secci\u00f3n 22 del Sindicato Nacional de Trabajadores de la Educaci\u00f3n (SNTE), adherida a la Coordinadora Nacional de Trabajadores (CNTE) realizaron movilizaciones en la capital del estado y en otras regiones en contra de la evaluaci\u00f3n educativa anunciada para este d\u00eda por la\u2026","rel":"","context":"En &quot;CINTILLO&quot;","block_context":{"text":"CINTILLO","link":"https:\/\/www.grieta.org.mx\/index.php\/category\/cintillo\/"},"img":{"alt_text":"","src":"https:\/\/i0.wp.com\/www.grieta.org.mx\/wp-content\/uploads\/2018\/03\/14524434_1106112876131411_958039263622046936_o.jpg?resize=350%2C200&ssl=1","width":350,"height":200,"srcset":"https:\/\/i0.wp.com\/www.grieta.org.mx\/wp-content\/uploads\/2018\/03\/14524434_1106112876131411_958039263622046936_o.jpg?resize=350%2C200&ssl=1 1x, https:\/\/i0.wp.com\/www.grieta.org.mx\/wp-content\/uploads\/2018\/03\/14524434_1106112876131411_958039263622046936_o.jpg?resize=525%2C300&ssl=1 1.5x, https:\/\/i0.wp.com\/www.grieta.org.mx\/wp-content\/uploads\/2018\/03\/14524434_1106112876131411_958039263622046936_o.jpg?resize=700%2C400&ssl=1 2x"},"classes":[]},{"id":10631,"url":"https:\/\/www.grieta.org.mx\/index.php\/2016\/04\/16\/en-rechazo-a-la-reforma-educativa-la-seccion-22-acciona-en-el-istmo\/","url_meta":{"origin":1978,"position":4},"title":"En rechazo a la reforma educativa la secci\u00f3n 22 acciona en el istmo","author":"grieta","date":"16 abril, 2016","format":false,"excerpt":"Diana Manzo, Oaxaca Juchit\u00e1n 16 abr (#Istmopress) .- Unos 2 mil maestros de la Secci\u00f3n 22 de la CNTE en el Istmo de Tehuantepec encabezaron dos bloqueos carreteros como parte de sus acciones contra la reforma educativa, ley de educaci\u00f3n en Oaxaca y exigencia de la libertad de presos pol\u00edticos.\u2026","rel":"","context":"En &quot;CINTILLO&quot;","block_context":{"text":"CINTILLO","link":"https:\/\/www.grieta.org.mx\/index.php\/category\/cintillo\/"},"img":{"alt_text":"","src":"https:\/\/i0.wp.com\/www.grieta.org.mx\/wp-content\/uploads\/2018\/03\/14524434_1106112876131411_958039263622046936_o.jpg?resize=350%2C200&ssl=1","width":350,"height":200,"srcset":"https:\/\/i0.wp.com\/www.grieta.org.mx\/wp-content\/uploads\/2018\/03\/14524434_1106112876131411_958039263622046936_o.jpg?resize=350%2C200&ssl=1 1x, https:\/\/i0.wp.com\/www.grieta.org.mx\/wp-content\/uploads\/2018\/03\/14524434_1106112876131411_958039263622046936_o.jpg?resize=525%2C300&ssl=1 1.5x, https:\/\/i0.wp.com\/www.grieta.org.mx\/wp-content\/uploads\/2018\/03\/14524434_1106112876131411_958039263622046936_o.jpg?resize=700%2C400&ssl=1 2x"},"classes":[]},{"id":1986,"url":"https:\/\/www.grieta.org.mx\/index.php\/2015\/11\/28\/examen-de-evaluacion-sin-incidentes-gobierno-y-a-500-metros-el-enfrentamiento\/","url_meta":{"origin":1978,"position":5},"title":"Examen de evaluaci\u00f3n \u201csin incidentes\u201d: Gobierno, y a 500 metros, el enfrentamiento","author":"grieta","date":"28 noviembre, 2015","format":false,"excerpt":"P\u00e1gina 3. Pedro Mat\u00edas, Oaxaca.- Pese a que el Gobierno del Estado afirma que la Evaluaci\u00f3n al Desempe\u00f1o Docente se realiza en calma y sin incidentes, alrededor de las 11:00 horas se registr\u00f3 un segundo enfrentamiento entre la Polic\u00eda Federal y los maestros de la Secci\u00f3n 22 del Sindicato Nacional\u2026","rel":"","context":"En &quot;CINTILLO&quot;","block_context":{"text":"CINTILLO","link":"https:\/\/www.grieta.org.mx\/index.php\/category\/cintillo\/"},"img":{"alt_text":"","src":"https:\/\/i0.wp.com\/www.grieta.org.mx\/wp-content\/uploads\/2018\/03\/14524434_1106112876131411_958039263622046936_o.jpg?resize=350%2C200&ssl=1","width":350,"height":200,"srcset":"https:\/\/i0.wp.com\/www.grieta.org.mx\/wp-content\/uploads\/2018\/03\/14524434_1106112876131411_958039263622046936_o.jpg?resize=350%2C200&ssl=1 1x, https:\/\/i0.wp.com\/www.grieta.org.mx\/wp-content\/uploads\/2018\/03\/14524434_1106112876131411_958039263622046936_o.jpg?resize=525%2C300&ssl=1 1.5x, https:\/\/i0.wp.com\/www.grieta.org.mx\/wp-content\/uploads\/2018\/03\/14524434_1106112876131411_958039263622046936_o.jpg?resize=700%2C400&ssl=1 2x"},"classes":[]}],"_links":{"self":[{"href":"https:\/\/www.grieta.org.mx\/index.php\/wp-json\/wp\/v2\/posts\/1978","targetHints":{"allow":["GET"]}}],"collection":[{"href":"https:\/\/www.grieta.org.mx\/index.php\/wp-json\/wp\/v2\/posts"}],"about":[{"href":"https:\/\/www.grieta.org.mx\/index.php\/wp-json\/wp\/v2\/types\/post"}],"author":[{"embeddable":true,"href":"https:\/\/www.grieta.org.mx\/index.php\/wp-json\/wp\/v2\/users\/2"}],"replies":[{"embeddable":true,"href":"https:\/\/www.grieta.org.mx\/index.php\/wp-json\/wp\/v2\/comments?post=1978"}],"version-history":[{"count":1,"href":"https:\/\/www.grieta.org.mx\/index.php\/wp-json\/wp\/v2\/posts\/1978\/revisions"}],"predecessor-version":[{"id":1980,"href":"https:\/\/www.grieta.org.mx\/index.php\/wp-json\/wp\/v2\/posts\/1978\/revisions\/1980"}],"wp:featuredmedia":[{"embeddable":true,"href":"https:\/\/www.grieta.org.mx\/index.php\/wp-json\/wp\/v2\/media\/21928"}],"wp:attachment":[{"href":"https:\/\/www.grieta.org.mx\/index.php\/wp-json\/wp\/v2\/media?parent=1978"}],"wp:term":[{"taxonomy":"category","embeddable":true,"href":"https:\/\/www.grieta.org.mx\/index.php\/wp-json\/wp\/v2\/categories?post=1978"},{"taxonomy":"post_tag","embeddable":true,"href":"https:\/\/www.grieta.org.mx\/index.php\/wp-json\/wp\/v2\/tags?post=1978"}],"curies":[{"name":"wp","href":"https:\/\/api.w.org\/{rel}","templated":true}]}}