{"id":19744,"date":"2016-07-23T00:42:30","date_gmt":"2016-07-23T05:42:30","guid":{"rendered":"http:\/\/www.grieta.org.mx\/?p=19744"},"modified":"2016-08-17T00:44:44","modified_gmt":"2016-08-17T05:44:44","slug":"aprueba-semarnat-cambiar-uso-de-suelo-en-epazoyucan-para-vertedero-de-toxicos","status":"publish","type":"post","link":"https:\/\/www.grieta.org.mx\/index.php\/2016\/07\/23\/aprueba-semarnat-cambiar-uso-de-suelo-en-epazoyucan-para-vertedero-de-toxicos\/","title":{"rendered":"Aprueba Semarnat cambiar uso de suelo en Epazoyucan para vertedero de t\u00f3xicos"},"content":{"rendered":"<p>Juan Ricardo Montoya<\/p>\n<p>Pachuca, Hgo.<\/p>\n<p>La Secretar\u00eda de Medio Ambiente y Recursos Naturales (Semarnat), emiti\u00f3 un fallo favorable a Minera del Norte SA, a su solicitud de cambio de uso de suelo para depositar 90 mil toneladas de jales (desechos contaminantes) de Pachuca y Mineral de la Reforma a un predio de Jometitl\u00e1n, municipio de Epazoyucan, inform\u00f3 el delegado Federico Vera Copca.<\/p>\n<p>Detall\u00f3 que hace un a\u00f1o la Semarnat neg\u00f3 el permiso, pues Mineral del Norte SA hab\u00eda solicitado en su expediente t\u00e9cnico el uso de cambio de uso de suelo con fines industriales y no mineros; adem\u00e1s se hab\u00edan hallado anomal\u00edas de acuerdo con las normas vigentes.<\/p>\n<p>Sin embargo, Vera Copca explic\u00f3 que la tambi\u00e9n subsidiaria de Altos Hornos de M\u00e9xico solicit\u00f3 una revisi\u00f3n del dictamen a las oficinas centrales de Semarnat, donde se dio luz verde al plan, debido a que modific\u00f3 parte del proyecto, al especificar que ser\u00eda para actividad minera.<\/p>\n<p>En agosto la delegaci\u00f3n de Semarnat tendr\u00e1 listo el estudio para otorgar el permiso de cambio de uso de suelo al proyecto Pachuca, el cual implica el traslado de los jales de Pachuca a Epazoyucan. La empresa deber\u00e1 hacer un pago de 3 millones de pesos al Fondo Forestal Mexicano, a mas tardar el 8 de agosto pr\u00f3ximo, dijo.<\/p>\n<p>Agreg\u00f3 que a\u00fan quedan pendientes las autorizaciones de los municipios de Pachuca y Mineral de la Reforma para la instalaci\u00f3n de la tuber\u00eda en la cual los jales ser\u00e1n trasladados a Epazoyucan, adem\u00e1s de las solicitudes de permiso a los propietarios de los predios por donde pasar\u00e1 la instalaci\u00f3n.<\/p>\n<p>Protestan ecologistas<\/p>\n<p>Integrantes de la Comisi\u00f3n Ciudadana Epazoyucan en Defensa de la Tierra reiteraron su oposici\u00f3n al traslado de los jales y adelantaron que efectuar\u00e1n protestas en los pr\u00f3ximos d\u00edas, debido a que los residuos t\u00f3xicos provocan da\u00f1os a la salud de los habitantes y un desastre ecol\u00f3gico en la regi\u00f3n.<\/p>\n<p><a href=\"http:\/\/www.jornada.unam.mx\/2016\/07\/23\/estados\/029n1est?partner=rss\" target=\"_blank\">http:\/\/www.jornada.unam.mx\/2016\/07\/23\/estados\/029n1est?partner=rss<\/a><\/p>\n","protected":false},"excerpt":{"rendered":"<p>Juan Ricardo Montoya Pachuca, Hgo. La Secretar\u00eda de Medio Ambiente y Recursos Naturales (Semarnat), emiti\u00f3 un fallo favorable a Minera del Norte SA, a su solicitud de cambio de uso &hellip; <a href=\"https:\/\/www.grieta.org.mx\/index.php\/2016\/07\/23\/aprueba-semarnat-cambiar-uso-de-suelo-en-epazoyucan-para-vertedero-de-toxicos\/\" class=\"more-link\">Leer m\u00e1s<\/a><\/p>\n","protected":false},"author":2,"featured_media":21928,"comment_status":"closed","ping_status":"closed","sticky":false,"template":"","format":"standard","meta":{"ngg_post_thumbnail":0,"_jetpack_newsletter_access":"","_jetpack_dont_email_post_to_subs":false,"_jetpack_newsletter_tier_id":0,"_jetpack_memberships_contains_paywalled_content":false,"_jetpack_memberships_contains_paid_content":false,"footnotes":""},"categories":[80,129],"tags":[91],"class_list":["post-19744","post","type-post","status-publish","format-standard","has-post-thumbnail","hentry","category-cintillo","category-hidalgo","tag-contaminacion-ambiental","entry"],"jetpack_featured_media_url":"https:\/\/www.grieta.org.mx\/wp-content\/uploads\/2018\/03\/14524434_1106112876131411_958039263622046936_o.jpg","jetpack_sharing_enabled":true,"jetpack_shortlink":"https:\/\/wp.me\/p7ZJR4-58s","jetpack_likes_enabled":false,"jetpack-related-posts":[{"id":17303,"url":"https:\/\/www.grieta.org.mx\/index.php\/2016\/07\/20\/en-agosto-permiso-para-trasladar-jales-a-epazoyucan\/","url_meta":{"origin":19744,"position":0},"title":"En agosto, permiso para trasladar jales a Epazoyucan","author":"grieta","date":"20 julio, 2016","format":false,"excerpt":"Lourdes Naranjo El pr\u00f3ximo mes, la delegaci\u00f3n de Semarnat en Hidalgo tendr\u00e1 listo el estudio para otorgar el permiso de cambio de uso de suelo al Proyecto Pachuca, el cual implica el traslado de los jales de la capital hidalguense a Epazoyucan. Federico Vera Copca, delegado de la Secretar\u00eda de\u2026","rel":"","context":"En &quot;CINTILLO&quot;","block_context":{"text":"CINTILLO","link":"https:\/\/www.grieta.org.mx\/index.php\/category\/cintillo\/"},"img":{"alt_text":"","src":"https:\/\/i0.wp.com\/www.grieta.org.mx\/wp-content\/uploads\/2018\/03\/14524434_1106112876131411_958039263622046936_o.jpg?resize=350%2C200&ssl=1","width":350,"height":200,"srcset":"https:\/\/i0.wp.com\/www.grieta.org.mx\/wp-content\/uploads\/2018\/03\/14524434_1106112876131411_958039263622046936_o.jpg?resize=350%2C200&ssl=1 1x, https:\/\/i0.wp.com\/www.grieta.org.mx\/wp-content\/uploads\/2018\/03\/14524434_1106112876131411_958039263622046936_o.jpg?resize=525%2C300&ssl=1 1.5x, https:\/\/i0.wp.com\/www.grieta.org.mx\/wp-content\/uploads\/2018\/03\/14524434_1106112876131411_958039263622046936_o.jpg?resize=700%2C400&ssl=1 2x"},"classes":[]},{"id":16537,"url":"https:\/\/www.grieta.org.mx\/index.php\/2016\/06\/13\/aprobaran-traslado-de-jales-para-epazoyucan\/","url_meta":{"origin":19744,"position":1},"title":"Aprobar\u00e1n traslado de jales para Epazoyucan","author":"grieta","date":"13 junio, 2016","format":false,"excerpt":"Jorge Mart\u00ednez | Pachuca La objeci\u00f3n presentada por la delegaci\u00f3n de Semarnat a oficinas centrales, de que se trataba de una actividad industrial, fue denegada y corregida, al afirmar legalmente que se tratar\u00e1 de una actividad minera... Antes de finalizar el mes, la Secretar\u00eda del Medio Ambiente y Recursos Naturales\u2026","rel":"","context":"En &quot;CINTILLO&quot;","block_context":{"text":"CINTILLO","link":"https:\/\/www.grieta.org.mx\/index.php\/category\/cintillo\/"},"img":{"alt_text":"","src":"https:\/\/i0.wp.com\/www.grieta.org.mx\/wp-content\/uploads\/2018\/03\/14524434_1106112876131411_958039263622046936_o.jpg?resize=350%2C200&ssl=1","width":350,"height":200,"srcset":"https:\/\/i0.wp.com\/www.grieta.org.mx\/wp-content\/uploads\/2018\/03\/14524434_1106112876131411_958039263622046936_o.jpg?resize=350%2C200&ssl=1 1x, https:\/\/i0.wp.com\/www.grieta.org.mx\/wp-content\/uploads\/2018\/03\/14524434_1106112876131411_958039263622046936_o.jpg?resize=525%2C300&ssl=1 1.5x, https:\/\/i0.wp.com\/www.grieta.org.mx\/wp-content\/uploads\/2018\/03\/14524434_1106112876131411_958039263622046936_o.jpg?resize=700%2C400&ssl=1 2x"},"classes":[]},{"id":17716,"url":"https:\/\/www.grieta.org.mx\/index.php\/2016\/07\/21\/dara-semarnat-permiso-para-traslado-de-jales-tras-pago-de-3-mdp\/","url_meta":{"origin":19744,"position":2},"title":"Dar\u00e1 Semarnat permiso para traslado de jales tras pago de 3 mdp","author":"grieta","date":"21 julio, 2016","format":false,"excerpt":"Oliver Garc\u00eda Antes del aprovechamiento, a\u00fan es necesaria la aprobaci\u00f3n de las alcald\u00edas para la colocaci\u00f3n de los ductos que llevar\u00e1n los residuos de minas a Epazoyucan Tan pronto la empresa Minera del Norte pague tres millones de pesos al Fondo Forestal Mexicano, la delegaci\u00f3n en Hidalgo de la Secretar\u00eda\u2026","rel":"","context":"En &quot;CINTILLO&quot;","block_context":{"text":"CINTILLO","link":"https:\/\/www.grieta.org.mx\/index.php\/category\/cintillo\/"},"img":{"alt_text":"","src":"https:\/\/i0.wp.com\/www.grieta.org.mx\/wp-content\/uploads\/2018\/03\/14524434_1106112876131411_958039263622046936_o.jpg?resize=350%2C200&ssl=1","width":350,"height":200,"srcset":"https:\/\/i0.wp.com\/www.grieta.org.mx\/wp-content\/uploads\/2018\/03\/14524434_1106112876131411_958039263622046936_o.jpg?resize=350%2C200&ssl=1 1x, https:\/\/i0.wp.com\/www.grieta.org.mx\/wp-content\/uploads\/2018\/03\/14524434_1106112876131411_958039263622046936_o.jpg?resize=525%2C300&ssl=1 1.5x, https:\/\/i0.wp.com\/www.grieta.org.mx\/wp-content\/uploads\/2018\/03\/14524434_1106112876131411_958039263622046936_o.jpg?resize=700%2C400&ssl=1 2x"},"classes":[]},{"id":21675,"url":"https:\/\/www.grieta.org.mx\/index.php\/2016\/08\/29\/amenazan-con-impedir-que-maquinas-trasladen-jales-a-epazoyucan\/","url_meta":{"origin":19744,"position":3},"title":"Amenazan con impedir que m\u00e1quinas trasladen jales a Epazoyucan","author":"grieta","date":"29 agosto, 2016","format":false,"excerpt":"Marisol Flores PACHUCA, Hgo., 29 de agosto de 2016.- A d\u00edas de darse a conocer el nuevo dictamen de la Secretar\u00eda del Medio Ambiente y Recursos Naturales (Semarnat) del proyecto de la Minera del Norte S. A, que llevar\u00e1 los jales de Pachuca a Mineral de la Reforma al ejido\u2026","rel":"","context":"En &quot;CINTILLO&quot;","block_context":{"text":"CINTILLO","link":"https:\/\/www.grieta.org.mx\/index.php\/category\/cintillo\/"},"img":{"alt_text":"","src":"https:\/\/i0.wp.com\/www.grieta.org.mx\/wp-content\/uploads\/2018\/03\/14524434_1106112876131411_958039263622046936_o.jpg?resize=350%2C200&ssl=1","width":350,"height":200,"srcset":"https:\/\/i0.wp.com\/www.grieta.org.mx\/wp-content\/uploads\/2018\/03\/14524434_1106112876131411_958039263622046936_o.jpg?resize=350%2C200&ssl=1 1x, https:\/\/i0.wp.com\/www.grieta.org.mx\/wp-content\/uploads\/2018\/03\/14524434_1106112876131411_958039263622046936_o.jpg?resize=525%2C300&ssl=1 1.5x, https:\/\/i0.wp.com\/www.grieta.org.mx\/wp-content\/uploads\/2018\/03\/14524434_1106112876131411_958039263622046936_o.jpg?resize=700%2C400&ssl=1 2x"},"classes":[]},{"id":231,"url":"https:\/\/www.grieta.org.mx\/index.php\/2016\/08\/29\/se-movilizan-contra-traslado-de-jales-a-epazoyucan\/","url_meta":{"origin":19744,"position":4},"title":"Se movilizan contra traslado de jales a Epazoyucan","author":"grieta","date":"29 agosto, 2016","format":false,"excerpt":"29\/08\/16. Amenazan con impedir que m\u00e1quinas trasladen jales a EpazoyucanCuadrat\u00edn Hidalgo 24\/08\/16. Contin\u00faa lucha social por tema de jales Capital Hidalgo 25\/07\/16. Jales mineros afectar\u00e1n flora y jag\u00fcey en Hidalgo, advierten La Jornada 23\/07\/16. Aprueba Semarnat cambiar uso de suelo en Epazoyucan para vertedero de t\u00f3xicos La Jornada 21\/07\/16. Dar\u00e1\u2026","rel":"","context":"En &quot;Hidalgo&quot;","block_context":{"text":"Hidalgo","link":"https:\/\/www.grieta.org.mx\/index.php\/category\/noticias-nacionales\/hidalgo\/"},"img":{"alt_text":"","src":"https:\/\/i0.wp.com\/www.grieta.org.mx\/wp-content\/uploads\/2018\/03\/14524434_1106112876131411_958039263622046936_o.jpg?resize=350%2C200&ssl=1","width":350,"height":200,"srcset":"https:\/\/i0.wp.com\/www.grieta.org.mx\/wp-content\/uploads\/2018\/03\/14524434_1106112876131411_958039263622046936_o.jpg?resize=350%2C200&ssl=1 1x, https:\/\/i0.wp.com\/www.grieta.org.mx\/wp-content\/uploads\/2018\/03\/14524434_1106112876131411_958039263622046936_o.jpg?resize=525%2C300&ssl=1 1.5x, https:\/\/i0.wp.com\/www.grieta.org.mx\/wp-content\/uploads\/2018\/03\/14524434_1106112876131411_958039263622046936_o.jpg?resize=700%2C400&ssl=1 2x"},"classes":[]},{"id":220,"url":"https:\/\/www.grieta.org.mx\/index.php\/2016\/01\/15\/usan-change-org-para-pedir-cancelar-proyecto-de-jales\/","url_meta":{"origin":19744,"position":5},"title":"Usan change.org para pedir cancelar proyecto de jales","author":"grieta","date":"15 enero, 2016","format":false,"excerpt":"Daniel Mart\u00ednez Mart\u00ednez Siguen las acciones contra el proyecto de construcci\u00f3n de metalurgia. Epazoyucan, Hidalgo.- El movimiento No a los Jales en Epazoyucan invit\u00f3 a la poblaci\u00f3n a firmar la petici\u00f3n para cancelar el Proyecto Pachuca a trav\u00e9s del sitio Change. org, ya que de llevarse a cabo, contaminar\u00e1n los\u2026","rel":"","context":"En &quot;CINTILLO&quot;","block_context":{"text":"CINTILLO","link":"https:\/\/www.grieta.org.mx\/index.php\/category\/cintillo\/"},"img":{"alt_text":"","src":"https:\/\/i0.wp.com\/www.grieta.org.mx\/wp-content\/uploads\/2018\/03\/14524434_1106112876131411_958039263622046936_o.jpg?resize=350%2C200&ssl=1","width":350,"height":200,"srcset":"https:\/\/i0.wp.com\/www.grieta.org.mx\/wp-content\/uploads\/2018\/03\/14524434_1106112876131411_958039263622046936_o.jpg?resize=350%2C200&ssl=1 1x, https:\/\/i0.wp.com\/www.grieta.org.mx\/wp-content\/uploads\/2018\/03\/14524434_1106112876131411_958039263622046936_o.jpg?resize=525%2C300&ssl=1 1.5x, https:\/\/i0.wp.com\/www.grieta.org.mx\/wp-content\/uploads\/2018\/03\/14524434_1106112876131411_958039263622046936_o.jpg?resize=700%2C400&ssl=1 2x"},"classes":[]}],"_links":{"self":[{"href":"https:\/\/www.grieta.org.mx\/index.php\/wp-json\/wp\/v2\/posts\/19744","targetHints":{"allow":["GET"]}}],"collection":[{"href":"https:\/\/www.grieta.org.mx\/index.php\/wp-json\/wp\/v2\/posts"}],"about":[{"href":"https:\/\/www.grieta.org.mx\/index.php\/wp-json\/wp\/v2\/types\/post"}],"author":[{"embeddable":true,"href":"https:\/\/www.grieta.org.mx\/index.php\/wp-json\/wp\/v2\/users\/2"}],"replies":[{"embeddable":true,"href":"https:\/\/www.grieta.org.mx\/index.php\/wp-json\/wp\/v2\/comments?post=19744"}],"version-history":[{"count":1,"href":"https:\/\/www.grieta.org.mx\/index.php\/wp-json\/wp\/v2\/posts\/19744\/revisions"}],"predecessor-version":[{"id":19747,"href":"https:\/\/www.grieta.org.mx\/index.php\/wp-json\/wp\/v2\/posts\/19744\/revisions\/19747"}],"wp:featuredmedia":[{"embeddable":true,"href":"https:\/\/www.grieta.org.mx\/index.php\/wp-json\/wp\/v2\/media\/21928"}],"wp:attachment":[{"href":"https:\/\/www.grieta.org.mx\/index.php\/wp-json\/wp\/v2\/media?parent=19744"}],"wp:term":[{"taxonomy":"category","embeddable":true,"href":"https:\/\/www.grieta.org.mx\/index.php\/wp-json\/wp\/v2\/categories?post=19744"},{"taxonomy":"post_tag","embeddable":true,"href":"https:\/\/www.grieta.org.mx\/index.php\/wp-json\/wp\/v2\/tags?post=19744"}],"curies":[{"name":"wp","href":"https:\/\/api.w.org\/{rel}","templated":true}]}}