{"id":19705,"date":"2016-08-09T23:22:37","date_gmt":"2016-08-10T04:22:37","guid":{"rendered":"http:\/\/www.grieta.org.mx\/?p=19705"},"modified":"2016-08-16T11:33:43","modified_gmt":"2016-08-16T16:33:43","slug":"oaxaca-primer-lugar-nacional-en-ataques-a-defensoras-de-dh-suman-648","status":"publish","type":"post","link":"https:\/\/www.grieta.org.mx\/index.php\/2016\/08\/09\/oaxaca-primer-lugar-nacional-en-ataques-a-defensoras-de-dh-suman-648\/","title":{"rendered":"Oaxaca primer lugar nacional en ataques a defensoras de DH; suman 648"},"content":{"rendered":"<p>Pedro Mat\u00edas, Oaxaca.<\/p>\n<p>OAXACA, Oax. (pagina3.mx).- La Iniciativa Mesoamericana de Defensoras de Derechos Humanos Defensoras (IMDefensoras) denunciaron que Oaxaca ocupa el primer lugar de ataques a nivel nacional al sumar 648 casos en el gobierno de Gabino Cu\u00e9 Monteagudo.<\/p>\n<p>Lo m\u00e1s grave es que los ataques contra defensoras sigue en constante aumento y el gobierno estatal incumple con las medidas de protecci\u00f3n expusieron en el cuerpo diplom\u00e1tico de la embajada de Finlandia.<\/p>\n<p>En el marco de la visita a Oaxaca de representantes de la Embajada de Finlandia en M\u00e9xico, diversas defensoras de Derechos Humanos expusieron algunos de los ataques y agresiones que han sufrido como consecuencia de su labor de defensa.<\/p>\n<p>Con base en el Registro de Agresiones a Defensoras de DH en Oaxaca se contabilizaron:<\/p>\n<p>48 ataques en el 2012,<br \/>\n117 ataques en el 2013,<br \/>\n172 ataques en el 2014<br \/>\n211 ataques en el 2015,<br \/>\nM\u00e1s de 100 ataques en 2016.<br \/>\nAlertaron que frente a la ausencia de condiciones de seguridad y protecci\u00f3n para realizar su labor de defensa y ante el incumplimiento de las medidas de protecci\u00f3n de las que son beneficiarias la mayor\u00eda de ellas, las ponen mas vulnerables.<\/p>\n<p>Representantes de la embajada de Finlandia acompa\u00f1ados por integrantes de las organizaciones Consejo Ind\u00edgena Popular de Oaxaca Ricardo Flores Mag\u00f3n (CIPO-RFM), Consorcio Oaxaca y Brigadas Internacionales de Paz realizaron una visita al domicilio de Yolanda P\u00e9rez Cruz, quien es defensora ind\u00edgena originaria de San Isidro Aloapam, amenazada y v\u00edctima de malos tratos por su labor en defensa de su esposo Pablo L\u00f3pez Alavez, defensor ind\u00edgena y preso pol\u00edtico.<\/p>\n<p>La defensora y beneficiaria de medidas cautelares denunci\u00f3 que sigue enfrentando ataques en su domicilio particular.<\/p>\n<p>Representantes de la embajada de Finlandia tambi\u00e9n se reunieron con otras defensoras de DH en situaci\u00f3n de riesgo como Adriana Marcelina Linares Arroyo, Representante General de la Coordinadora Estatal de Madres, Padres de Familia y Tutores en Defensa de la Educaci\u00f3n Laica y Gratuita.<\/p>\n<p>As\u00ed como con Rub\u00ed Jazm\u00edn Cort\u00e9s Salazar, Integrante de la Alianza Multicultural De Mujeres Originarias y Radicadas en Tlaxiaco y presidenta del Comit\u00e9 de Defensa de la Educaci\u00f3n P\u00fablica del Sector 01 Tlaxiaco y Soledad del Roc\u00edo Ramos Mendoza de la Coordinadora de Padres y Madres de Familia en la ciudad de Oaxaca.<\/p>\n<p>Las defensoras expusieron el seguimiento, vigilancia, hostigamiento y amenazas en contra suya y de sus familiares que sufren a ra\u00edz de su labor de defensa del derecho a la educaci\u00f3n.<\/p>\n<p>Consorcio Oaxaca, organizaci\u00f3n feminista, hizo \u00e9nfasis en las diversas difamaciones, allanamientos, hostigamiento y persecuci\u00f3n sufridos por su labor a favor de los derechos de las mujeres y de las defensoras.<\/p>\n<p>De igual forma, expusieron el contexto creciente de violencia feminicida que se vive en el estado.<\/p>\n<p>Dolores Villalobos Cuamazti, integrante del CIPO-RFM denunci\u00f3 la falta de cumplimiento de medidas cautelares de las que es beneficiaria por el alto riesgo que enfrenta como consecuencia de su labor de defensa y como maestra. Dicho incumplimiento pone en riesgo a la defensora y su familia.<\/p>\n<p>Eva Lucero Rivero Ortiz, alert\u00f3 frente a los diversos intentos de asesinato, amenazas y hostigamiento por su labor de defensa del derecho a la autonom\u00eda de los pueblos ind\u00edgenas y afrodescendientes en Pinotepa Nacional.<\/p>\n<p>As\u00ed como por la denuncia de las violaciones a derechos humanos en el caso de su esposo y defensor Librado Ba\u00f1os Rodr\u00edguez detenido arbitrariamente y v\u00edctima de tratos crueles e inhumanos elev\u00e1ndose a grado de tortura durante y despu\u00e9s de su detenci\u00f3n.<\/p>\n<p>A su vez, familiares de Mar\u00eda del Carmen L\u00f3pez V\u00e1squez expusieron la situaci\u00f3n de criminalizaci\u00f3n que enfrentan las maestras de la Secci\u00f3n 22, Mar\u00eda del Carmen L\u00f3pez V\u00e1squez as\u00ed como Norma Cleyver Cruz V\u00e1squez.<\/p>\n<p>Y Victoria Le\u00f3n, esposa del activista y comunicador C\u00e9sar Le\u00f3n Mendoza, detenido arbitrariamente desde el 20 de noviembre del 2015, expuso el hostigamiento que ha sufrido al realizar visitas a su esposo en el penal y al exigir su liberaci\u00f3n.<\/p>\n<p>Las defensoras concluyeron el di\u00e1logo con la embajada de Finlandia enfatizando la importancia de contar con mecanismos que aseguren la debida implementaci\u00f3n de medidas de protecci\u00f3n con perspectiva de g\u00e9nero para mujeres en el estado de Oaxaca.<\/p>\n<p><a href=\"http:\/\/pagina3.mx\/2016\/08\/oaxaca-primer-lugar-nacional-en-ataques-a-defensoras-de-dh-suman-648\/\" target=\"_blank\">http:\/\/pagina3.mx\/2016\/08\/oaxaca-primer-lugar-nacional-en-ataques-a-defensoras-de-dh-suman-648\/<\/a><\/p>\n","protected":false},"excerpt":{"rendered":"<p>Pedro Mat\u00edas, Oaxaca. OAXACA, Oax. (pagina3.mx).- La Iniciativa Mesoamericana de Defensoras de Derechos Humanos Defensoras (IMDefensoras) denunciaron que Oaxaca ocupa el primer lugar de ataques a nivel nacional al sumar &hellip; <a href=\"https:\/\/www.grieta.org.mx\/index.php\/2016\/08\/09\/oaxaca-primer-lugar-nacional-en-ataques-a-defensoras-de-dh-suman-648\/\" class=\"more-link\">Leer m\u00e1s<\/a><\/p>\n","protected":false},"author":2,"featured_media":21928,"comment_status":"closed","ping_status":"closed","sticky":false,"template":"","format":"standard","meta":{"ngg_post_thumbnail":0,"_jetpack_newsletter_access":"","_jetpack_dont_email_post_to_subs":false,"_jetpack_newsletter_tier_id":0,"_jetpack_memberships_contains_paywalled_content":false,"_jetpack_memberships_contains_paid_content":false,"footnotes":""},"categories":[80],"tags":[628,174,130,746],"class_list":["post-19705","post","type-post","status-publish","format-standard","has-post-thumbnail","hentry","category-cintillo","tag-defensa-del-territorio","tag-derechos-humanos","tag-represion","tag-violencia","entry"],"jetpack_featured_media_url":"https:\/\/www.grieta.org.mx\/wp-content\/uploads\/2018\/03\/14524434_1106112876131411_958039263622046936_o.jpg","jetpack_sharing_enabled":true,"jetpack_shortlink":"https:\/\/wp.me\/p7ZJR4-57P","jetpack_likes_enabled":false,"jetpack-related-posts":[{"id":2061,"url":"https:\/\/www.grieta.org.mx\/index.php\/2016\/08\/29\/oaxaca-segundo-lugar-nacional-en-numero-de-ataques-a-defensores-ambientales\/","url_meta":{"origin":19705,"position":0},"title":"Ataques a defensores ambientales y de derechos humanos en Oaxaca","author":"grieta","date":"29 agosto, 2016","format":false,"excerpt":"29\/08\/16. Denuncia defensora de mujeres acoso pol\u00edtico; teme por su vida P\u00e1gina 3 09\/08\/16. Oaxaca primer lugar nacional en ataques a defensoras de DH; suman 648 P\u00e1gina 3 04\/01\/16. Crece el n\u00famero de ataques a defensores ambientales en el gobierno de Pe\u00f1a Nieto Animal Pol\u00edtico","rel":"","context":"En &quot;NOTICIAS NACIONALES&quot;","block_context":{"text":"NOTICIAS NACIONALES","link":"https:\/\/www.grieta.org.mx\/index.php\/category\/noticias-nacionales\/"},"img":{"alt_text":"","src":"https:\/\/i0.wp.com\/www.grieta.org.mx\/wp-content\/uploads\/2018\/03\/14524434_1106112876131411_958039263622046936_o.jpg?resize=350%2C200&ssl=1","width":350,"height":200,"srcset":"https:\/\/i0.wp.com\/www.grieta.org.mx\/wp-content\/uploads\/2018\/03\/14524434_1106112876131411_958039263622046936_o.jpg?resize=350%2C200&ssl=1 1x, https:\/\/i0.wp.com\/www.grieta.org.mx\/wp-content\/uploads\/2018\/03\/14524434_1106112876131411_958039263622046936_o.jpg?resize=525%2C300&ssl=1 1.5x, https:\/\/i0.wp.com\/www.grieta.org.mx\/wp-content\/uploads\/2018\/03\/14524434_1106112876131411_958039263622046936_o.jpg?resize=700%2C400&ssl=1 2x"},"classes":[]},{"id":59245,"url":"https:\/\/www.grieta.org.mx\/index.php\/2021\/04\/28\/oaxaca-primer-lugar-en-agresiones-a-defensores-por-imposicion-de-parques-eolicos-prodesc\/","url_meta":{"origin":19705,"position":1},"title":"Oaxaca, primer lugar en agresiones a defensores por imposici\u00f3n de parques e\u00f3licos: ProDESC","author":"grieta","date":"28 abril, 2021","format":false,"excerpt":"P\u00e1gina 3 \/ Pedro Mat\u00edas. OAXACA, Oax.- La asociaci\u00f3n civil Proyecto de Derechos Econ\u00f3micos, Sociales y Culturales (ProDESC) afirm\u00f3 que Oaxaca ocupa el primer lugar de agresiones contra defensoras y defensores de la tierra y el territorio en M\u00e9xico, mismos que se dieron en un contexto de imposici\u00f3n de parque\u2026","rel":"","context":"En &quot;CINTILLO&quot;","block_context":{"text":"CINTILLO","link":"https:\/\/www.grieta.org.mx\/index.php\/category\/cintillo\/"},"img":{"alt_text":"","src":"https:\/\/i0.wp.com\/www.grieta.org.mx\/wp-content\/uploads\/2021\/05\/1.jpeg?resize=350%2C200&ssl=1","width":350,"height":200,"srcset":"https:\/\/i0.wp.com\/www.grieta.org.mx\/wp-content\/uploads\/2021\/05\/1.jpeg?resize=350%2C200&ssl=1 1x, https:\/\/i0.wp.com\/www.grieta.org.mx\/wp-content\/uploads\/2021\/05\/1.jpeg?resize=525%2C300&ssl=1 1.5x, https:\/\/i0.wp.com\/www.grieta.org.mx\/wp-content\/uploads\/2021\/05\/1.jpeg?resize=700%2C400&ssl=1 2x"},"classes":[]},{"id":69270,"url":"https:\/\/www.grieta.org.mx\/index.php\/2024\/07\/04\/aumenta-letalidad-en-ataques-contra-defensoras-por-imposicion-del-interoceanico-oaxaca\/","url_meta":{"origin":19705,"position":2},"title":"Aumenta letalidad en ataques contra defensoras por imposici\u00f3n del Interoce\u00e1nico (Oaxaca)","author":"grieta","date":"4 julio, 2024","format":false,"excerpt":"Imagen: APIIDTT Un informe publicado por la Misi\u00f3n Civil de Observaci\u00f3n, que conforman 23 organizaciones nacionales e internacionales, registr\u00f3 el contexto de violencia sistem\u00e1tica y en aumento que est\u00e1n viviendo las mujeres que realizan la labor de defensa del territorio en el Istmo de Tehuantepec. Los ataques reportados tienen consecuencias\u2026","rel":"","context":"En &quot;5. Istmo&quot;","block_context":{"text":"5. Istmo","link":"https:\/\/www.grieta.org.mx\/index.php\/category\/espejos-de-la-resistencia\/5-istmo\/"},"img":{"alt_text":"","src":"https:\/\/i0.wp.com\/www.grieta.org.mx\/wp-content\/uploads\/2024\/07\/Defensoras-Istmo2_elMuro.jpg?resize=350%2C200&ssl=1","width":350,"height":200,"srcset":"https:\/\/i0.wp.com\/www.grieta.org.mx\/wp-content\/uploads\/2024\/07\/Defensoras-Istmo2_elMuro.jpg?resize=350%2C200&ssl=1 1x, https:\/\/i0.wp.com\/www.grieta.org.mx\/wp-content\/uploads\/2024\/07\/Defensoras-Istmo2_elMuro.jpg?resize=525%2C300&ssl=1 1.5x, https:\/\/i0.wp.com\/www.grieta.org.mx\/wp-content\/uploads\/2024\/07\/Defensoras-Istmo2_elMuro.jpg?resize=700%2C400&ssl=1 2x"},"classes":[]},{"id":67251,"url":"https:\/\/www.grieta.org.mx\/index.php\/2023\/07\/28\/agresiones-y-violaciones-a-derechos-humanos-en-megaproyecto-del-corredor-interoceanico-alerta-mision-civil-oaxaca\/","url_meta":{"origin":19705,"position":3},"title":"Agresiones y violaciones a derechos humanos en megaproyecto del Corredor Interoce\u00e1nico: Alerta Misi\u00f3n Civil (Oaxaca)","author":"grieta","date":"28 julio, 2023","format":false,"excerpt":"Imagen: Somos El Medio Miranda Chavarr\u00eda \/ Somos El Medio La Misi\u00f3n Civil de Observaci\u00f3n, integrada por 23 organizaciones de la sociedad civil nacionales e internacionales, concluyeron su investigaci\u00f3n en la regi\u00f3n del Istmo de Tehuantepec, en el Estado de Oaxaca. El objetivo de esta misi\u00f3n fue documentar diversas violaciones\u2026","rel":"","context":"En &quot;CINTILLO&quot;","block_context":{"text":"CINTILLO","link":"https:\/\/www.grieta.org.mx\/index.php\/category\/cintillo\/"},"img":{"alt_text":"","src":"https:\/\/i0.wp.com\/www.grieta.org.mx\/wp-content\/uploads\/2023\/07\/363379770_690020123169868_8124757468151930841_n.jpg?resize=350%2C200&ssl=1","width":350,"height":200,"srcset":"https:\/\/i0.wp.com\/www.grieta.org.mx\/wp-content\/uploads\/2023\/07\/363379770_690020123169868_8124757468151930841_n.jpg?resize=350%2C200&ssl=1 1x, https:\/\/i0.wp.com\/www.grieta.org.mx\/wp-content\/uploads\/2023\/07\/363379770_690020123169868_8124757468151930841_n.jpg?resize=525%2C300&ssl=1 1.5x, https:\/\/i0.wp.com\/www.grieta.org.mx\/wp-content\/uploads\/2023\/07\/363379770_690020123169868_8124757468151930841_n.jpg?resize=700%2C400&ssl=1 2x, https:\/\/i0.wp.com\/www.grieta.org.mx\/wp-content\/uploads\/2023\/07\/363379770_690020123169868_8124757468151930841_n.jpg?resize=1050%2C600&ssl=1 3x, https:\/\/i0.wp.com\/www.grieta.org.mx\/wp-content\/uploads\/2023\/07\/363379770_690020123169868_8124757468151930841_n.jpg?resize=1400%2C800&ssl=1 4x"},"classes":[]},{"id":60995,"url":"https:\/\/www.grieta.org.mx\/index.php\/2021\/07\/26\/asesinatos-de-personas-defensoras-en-mexico-evidencian-crisis-politica-oaxaca\/","url_meta":{"origin":19705,"position":4},"title":"Asesinatos de personas defensoras en M\u00e9xico evidencian crisis pol\u00edtica (Oaxaca)","author":"grieta","date":"26 julio, 2021","format":false,"excerpt":"La coperacha \/ Redacci\u00f3n. Foto: Expansi\u00f3n Pol\u00edtica. M\u00e1s de 60 organizaciones y comunidades exigieron justicia ante el \u201calarmante incremento de agresiones\u201d contra personas defensoras en M\u00e9xico, y exigieron justicia ante los asesinatos ocurridos en diferentes estados durante el actual gobierno que evidencia crisis pol\u00edtica. A trav\u00e9s de un comunicado las\u2026","rel":"","context":"En &quot;CINTILLO&quot;","block_context":{"text":"CINTILLO","link":"https:\/\/www.grieta.org.mx\/index.php\/category\/cintillo\/"},"img":{"alt_text":"","src":"https:\/\/i0.wp.com\/www.grieta.org.mx\/wp-content\/uploads\/2021\/08\/X.jpg?resize=350%2C200&ssl=1","width":350,"height":200,"srcset":"https:\/\/i0.wp.com\/www.grieta.org.mx\/wp-content\/uploads\/2021\/08\/X.jpg?resize=350%2C200&ssl=1 1x, https:\/\/i0.wp.com\/www.grieta.org.mx\/wp-content\/uploads\/2021\/08\/X.jpg?resize=525%2C300&ssl=1 1.5x, https:\/\/i0.wp.com\/www.grieta.org.mx\/wp-content\/uploads\/2021\/08\/X.jpg?resize=700%2C400&ssl=1 2x"},"classes":[]},{"id":71701,"url":"https:\/\/www.grieta.org.mx\/index.php\/2025\/04\/23\/las-mujeres-defensoras-en-mexico-las-matan-o-las-desaparecen-oaxaca\/","url_meta":{"origin":19705,"position":5},"title":"Las mujeres defensoras en M\u00e9xico, las matan o las desaparecen; Oaxaca primer lugar de asesinatos contra defensoras","author":"grieta","date":"23 abril, 2025","format":false,"excerpt":"Imagen:\u00a0 P\u00e1gina3 Diana Manzo \/ P\u00e1gina3 El estado sure\u00f1o de Oaxaca se ubica en el primer lugar nacional de los Estados Unidos Mexicanos (M\u00e9xico) de agresiones a personas defensoras. De 2018 a 2024 han asesinado a siete mujeres ind\u00edgenas Dar voz a las mujeres. Cuando y donde no la tienen.\u2026","rel":"","context":"En &quot;CINTILLO&quot;","block_context":{"text":"CINTILLO","link":"https:\/\/www.grieta.org.mx\/index.php\/category\/cintillo\/"},"img":{"alt_text":"","src":"https:\/\/i0.wp.com\/www.grieta.org.mx\/wp-content\/uploads\/2025\/05\/Busqueda-de-Claudia-Uruchurtu-1.png?resize=350%2C200&ssl=1","width":350,"height":200,"srcset":"https:\/\/i0.wp.com\/www.grieta.org.mx\/wp-content\/uploads\/2025\/05\/Busqueda-de-Claudia-Uruchurtu-1.png?resize=350%2C200&ssl=1 1x, https:\/\/i0.wp.com\/www.grieta.org.mx\/wp-content\/uploads\/2025\/05\/Busqueda-de-Claudia-Uruchurtu-1.png?resize=525%2C300&ssl=1 1.5x, https:\/\/i0.wp.com\/www.grieta.org.mx\/wp-content\/uploads\/2025\/05\/Busqueda-de-Claudia-Uruchurtu-1.png?resize=700%2C400&ssl=1 2x"},"classes":[]}],"_links":{"self":[{"href":"https:\/\/www.grieta.org.mx\/index.php\/wp-json\/wp\/v2\/posts\/19705","targetHints":{"allow":["GET"]}}],"collection":[{"href":"https:\/\/www.grieta.org.mx\/index.php\/wp-json\/wp\/v2\/posts"}],"about":[{"href":"https:\/\/www.grieta.org.mx\/index.php\/wp-json\/wp\/v2\/types\/post"}],"author":[{"embeddable":true,"href":"https:\/\/www.grieta.org.mx\/index.php\/wp-json\/wp\/v2\/users\/2"}],"replies":[{"embeddable":true,"href":"https:\/\/www.grieta.org.mx\/index.php\/wp-json\/wp\/v2\/comments?post=19705"}],"version-history":[{"count":1,"href":"https:\/\/www.grieta.org.mx\/index.php\/wp-json\/wp\/v2\/posts\/19705\/revisions"}],"predecessor-version":[{"id":19706,"href":"https:\/\/www.grieta.org.mx\/index.php\/wp-json\/wp\/v2\/posts\/19705\/revisions\/19706"}],"wp:featuredmedia":[{"embeddable":true,"href":"https:\/\/www.grieta.org.mx\/index.php\/wp-json\/wp\/v2\/media\/21928"}],"wp:attachment":[{"href":"https:\/\/www.grieta.org.mx\/index.php\/wp-json\/wp\/v2\/media?parent=19705"}],"wp:term":[{"taxonomy":"category","embeddable":true,"href":"https:\/\/www.grieta.org.mx\/index.php\/wp-json\/wp\/v2\/categories?post=19705"},{"taxonomy":"post_tag","embeddable":true,"href":"https:\/\/www.grieta.org.mx\/index.php\/wp-json\/wp\/v2\/tags?post=19705"}],"curies":[{"name":"wp","href":"https:\/\/api.w.org\/{rel}","templated":true}]}}