{"id":19662,"date":"2016-08-10T14:34:26","date_gmt":"2016-08-10T19:34:26","guid":{"rendered":"http:\/\/www.grieta.org.mx\/?p=19662"},"modified":"2016-08-15T14:44:43","modified_gmt":"2016-08-15T19:44:43","slug":"aumentan-feminicidios-y-violencia-intrafamiliar-sinaloa","status":"publish","type":"post","link":"https:\/\/www.grieta.org.mx\/index.php\/2016\/08\/10\/aumentan-feminicidios-y-violencia-intrafamiliar-sinaloa\/","title":{"rendered":"Aumentan feminicidios y violencia intrafamiliar (Sinaloa)"},"content":{"rendered":"<p>Claudia Beltr\u00e1n<\/p>\n<p>En el gobierno de Mario L\u00f3pez Valdez ha aumentado en un 80 por ciento las denuncias por violencia intrafamiliar y 21 por ciento el n\u00famero de muertes de mujeres.<\/p>\n<p>Teresa Guerra Ocha, directora del Colectivo de Mujeres Activistas Sinaloenses detall\u00f3 que en esta administraci\u00f3n de L\u00f3pez Valdez van 9 mil casos de violencia intrafamiliar denunciados, contra 5 mil, con Jes\u00fas Aguilar Padilla.<\/p>\n<p>Adem\u00e1s en este sexenio, se han cometido 431 muertes de mujeres, contra 356, con Aguilar Padilla, lo que significa un aumento del 21 por ciento en este Gobierno que en 2010 eman\u00f3 del PAN, PRD, PT y Convergencia.<\/p>\n<p>El aumento en los feminicidios se da, pese a las declaratorias que hace el Instituto Sinaloense de las Mujeres y las campa\u00f1as naranjas que se realizan, las cuales, en nada han servido para frenar la violencia.<\/p>\n<p>Si el gobierno no hace la tarea y simula, como se hace en Sinaloa, no atacar\u00e1 este problema, consider\u00f3.<\/p>\n<p>Sinaloa es una entidad altamente riesgosa para las mujeres, indic\u00f3.<\/p>\n<p>&#8220;\u00bfD\u00f3nde est\u00e1n los logros en materia de seguridad de mujeres?, pero no solamente es eso, fueron alrededor de 5 mil denuncias por violencia familiar en el caso de Jes\u00fas Aguilar y con Mario L\u00f3pez Valdez van m\u00e1s de 9 mil presentadas por violencia familiar&#8221;, cuestion\u00f3.<\/p>\n<p>Dentro de las arriba de 9 mil denuncias, el 90 por ciento son mujeres las que hacen el llamado de ayuda.<\/p>\n<p>En las llamadas de emergencia las mujeres refieren que son amenazadas con armas de fuego, golpeadas, familiares drogados agredi\u00e9ndolas y a pesar de la situaci\u00f3n, no se est\u00e1 actuando, dijo.<\/p>\n<p>Las mujeres que acuden al Ministerio P\u00fablico a presentar denuncias, son regresadas, porque les piden las evidencias, abund\u00f3.<\/p>\n<p>&#8220;Ni la Procuradur\u00eda del Estado, ni la Secretar\u00eda de Gobierno, ni el Instituto Sinaloense de las Mujeres, ni el Gobernador, est\u00e1n haciendo la tarea, pese a las recomendaciones que se emitieron&#8221;, destac\u00f3 la activista.<\/p>\n<p>Agreg\u00f3 que en las \u00faltimas semanas han observado un mayor recrudecimiento de la violencia contra las mujeres, donde m\u00e1s familias quedan desprotegidas en un Estado que ni siquiera cuenta con un presupuesto para proteger a las v\u00edctimas.<\/p>\n<p>Guerra Ochoa expuso una autoridad en Sinaloa omisa, que no ve, ni escucha.<\/p>\n<p>El nuevo sistema de justicia penal est\u00e1 generando un mayor nivel de impunidad.<\/p>\n<p>La reforma federal no ha servido en materia de violencia contra mujeres, porque el esquema est\u00e1 hecho para que pisen c\u00e1rcel s\u00f3lo las personas que han cometido delitos graves, abund\u00f3.<\/p>\n<p>Y la violencia familiar, no es delito grave, a pesar de que presentaron en Congreso una iniciativa, a la cual no se le dio lectura.<\/p>\n<p>&#8220;El Congreso se fue, ah\u00ed est\u00e1 la iniciativa para que se tipificara como grave la violencia familiar, no lo hicieron, sigue siendo un delito que no es grave&#8221;, subray\u00f3.<\/p>\n<p>A su vez, Natalia Reyes, integrante del Colectivo lament\u00f3 que la violencia contra las mujeres, lejos de disminuir, va en aumento, y no s\u00f3lo eso, hay sa\u00f1a de por medio.<\/p>\n<p>Cuando solicitaron la Alerta de G\u00e9nero, fue al ver la violencia en incremento, detall\u00f3.<\/p>\n<p>ASESINATOS DE MUJERES<\/p>\n<p>El Colectivo de Mujeres Activistas Sinaloenses denunci\u00f3 incrementos en asesinatos de mujeres :<\/p>\n<p>431 Asesinatos de mujeres se han cometido en este sexenio<\/p>\n<p>356 Se cometieron en el Gobierno de  Jes\u00fas Aguilar Padilla<\/p>\n<p>21% Es el incremento<\/p>\n<p> <a href=\"http:\/\/beta.noroeste.com.mx\/publicaciones\/view\/aumentan-feminicidios-y-violencia-intrafamiliar-1040860\" target=\"_blank\">http:\/\/beta.noroeste.com.mx\/publicaciones\/view\/aumentan-feminicidios-y-violencia-intrafamiliar-1040860<\/a><\/p>\n","protected":false},"excerpt":{"rendered":"<p>Claudia Beltr\u00e1n En el gobierno de Mario L\u00f3pez Valdez ha aumentado en un 80 por ciento las denuncias por violencia intrafamiliar y 21 por ciento el n\u00famero de muertes de &hellip; <a href=\"https:\/\/www.grieta.org.mx\/index.php\/2016\/08\/10\/aumentan-feminicidios-y-violencia-intrafamiliar-sinaloa\/\" class=\"more-link\">Leer m\u00e1s<\/a><\/p>\n","protected":false},"author":2,"featured_media":21928,"comment_status":"closed","ping_status":"closed","sticky":false,"template":"","format":"standard","meta":{"ngg_post_thumbnail":0,"_jetpack_newsletter_access":"","_jetpack_dont_email_post_to_subs":false,"_jetpack_newsletter_tier_id":0,"_jetpack_memberships_contains_paywalled_content":false,"_jetpack_memberships_contains_paid_content":false,"footnotes":""},"categories":[80],"tags":[81],"class_list":["post-19662","post","type-post","status-publish","format-standard","has-post-thumbnail","hentry","category-cintillo","tag-feminicidios","entry"],"jetpack_featured_media_url":"https:\/\/www.grieta.org.mx\/wp-content\/uploads\/2018\/03\/14524434_1106112876131411_958039263622046936_o.jpg","jetpack_sharing_enabled":true,"jetpack_shortlink":"https:\/\/wp.me\/p7ZJR4-578","jetpack_likes_enabled":false,"jetpack-related-posts":[{"id":50621,"url":"https:\/\/www.grieta.org.mx\/index.php\/2020\/05\/20\/la-pandemia-de-mano-de-la-violencia-intrafamiliar-quintana-roo\/","url_meta":{"origin":19662,"position":0},"title":"La pandemia de mano de la violencia intrafamiliar (Quintana Roo)","author":"grieta","date":"20 mayo, 2020","format":false,"excerpt":"RUB\u00c9N TORRES \/ Luces del Siglo Violencia intrafamiliar; supera los mil 770 que tiene Yucat\u00e1n y los mil 800 de Campeche CANC\u00daN, Q. ROO.- La letalidad del Covid-19 va de la mano con el incremento de 23 por ciento de las llamadas de auxilio al 911, sobre violencia familiar en\u2026","rel":"","context":"En &quot;CINTILLO&quot;","block_context":{"text":"CINTILLO","link":"https:\/\/www.grieta.org.mx\/index.php\/category\/cintillo\/"},"img":{"alt_text":"","src":"https:\/\/i0.wp.com\/www.grieta.org.mx\/wp-content\/uploads\/2020\/06\/4A-N2-LLAMADAS-AUXILIO.jpeg?resize=350%2C200&ssl=1","width":350,"height":200,"srcset":"https:\/\/i0.wp.com\/www.grieta.org.mx\/wp-content\/uploads\/2020\/06\/4A-N2-LLAMADAS-AUXILIO.jpeg?resize=350%2C200&ssl=1 1x, https:\/\/i0.wp.com\/www.grieta.org.mx\/wp-content\/uploads\/2020\/06\/4A-N2-LLAMADAS-AUXILIO.jpeg?resize=525%2C300&ssl=1 1.5x"},"classes":[]},{"id":51695,"url":"https:\/\/www.grieta.org.mx\/index.php\/2020\/07\/07\/se-incrementa-en-un-cien-por-ciento-las-denuncias-de-violencia-intrafamiliar-y-contra-las-mujeres-nayarit\/","url_meta":{"origin":19662,"position":1},"title":"Se incrementa en un cien por ciento las denuncias de violencia intrafamiliar y contra las mujeres (Nayarit)","author":"grieta","date":"7 julio, 2020","format":false,"excerpt":"Imagen: Realidades de Nayarit Ver\u00f3nica Ram\u00edrez \/ Realidades de Nayarit Tepic, Nayarit. Martes 07 de julio del 2020.- Se incrementa en un cien por ciento las denuncias de violencia intrafamiliar y contra las mujeres desde que inici\u00f3 la pandemia del Covid-19 en Nayarit. Tan s\u00f3lo este domingo se tuvieron 39\u2026","rel":"","context":"En &quot;CINTILLO&quot;","block_context":{"text":"CINTILLO","link":"https:\/\/www.grieta.org.mx\/index.php\/category\/cintillo\/"},"img":{"alt_text":"","src":"https:\/\/i0.wp.com\/www.grieta.org.mx\/wp-content\/uploads\/2020\/07\/pelea.jpg?resize=350%2C200&ssl=1","width":350,"height":200,"srcset":"https:\/\/i0.wp.com\/www.grieta.org.mx\/wp-content\/uploads\/2020\/07\/pelea.jpg?resize=350%2C200&ssl=1 1x, https:\/\/i0.wp.com\/www.grieta.org.mx\/wp-content\/uploads\/2020\/07\/pelea.jpg?resize=525%2C300&ssl=1 1.5x, https:\/\/i0.wp.com\/www.grieta.org.mx\/wp-content\/uploads\/2020\/07\/pelea.jpg?resize=700%2C400&ssl=1 2x"},"classes":[]},{"id":64102,"url":"https:\/\/www.grieta.org.mx\/index.php\/2022\/04\/30\/posicionan-a-colima-en-primer-lugar-nacional-en-numero-de-feminicidios\/","url_meta":{"origin":19662,"position":2},"title":"Posicionan a Colima en primer lugar nacional en n\u00famero de feminicidios","author":"grieta","date":"30 abril, 2022","format":false,"excerpt":"Foto: Elizabeth Ru\u00edz Edgardo Zamora \/ El Occidental El informe de\u00a0Incidencia Delictiva del Gobierno de M\u00e9xico\u00a0posicion\u00f3 a\u00a0Colima en primer lugar nacional en n\u00famero de feminicidios. De acuerdo al estudio han ocurrido 14 asesinatos de mujeres en los primeros tres meses de 2022. La puntuaci\u00f3n del informe es de 3.45 por\u2026","rel":"","context":"En &quot;CINTILLO&quot;","block_context":{"text":"CINTILLO","link":"https:\/\/www.grieta.org.mx\/index.php\/category\/cintillo\/"},"img":{"alt_text":"","src":"https:\/\/i0.wp.com\/www.grieta.org.mx\/wp-content\/uploads\/2022\/05\/Feministas.jpeg?resize=350%2C200&ssl=1","width":350,"height":200,"srcset":"https:\/\/i0.wp.com\/www.grieta.org.mx\/wp-content\/uploads\/2022\/05\/Feministas.jpeg?resize=350%2C200&ssl=1 1x, https:\/\/i0.wp.com\/www.grieta.org.mx\/wp-content\/uploads\/2022\/05\/Feministas.jpeg?resize=525%2C300&ssl=1 1.5x, https:\/\/i0.wp.com\/www.grieta.org.mx\/wp-content\/uploads\/2022\/05\/Feministas.jpeg?resize=700%2C400&ssl=1 2x"},"classes":[]},{"id":967,"url":"https:\/\/www.grieta.org.mx\/index.php\/2016\/02\/22\/404-mujeres-han-sido-asesinadas-en-sinaloa-en-el-gobierno-de-mario-lopez-valdez\/","url_meta":{"origin":19662,"position":3},"title":"404 mujeres han sido asesinadas en Sinaloa en el gobierno de Mario L\u00f3pez Valdez","author":"grieta","date":"22 febrero, 2016","format":false,"excerpt":"Redacci\u00f3n Revoluci\u00f3n 3.0, Sinaloa (22 de Febrero, 2016).- En el gobierno de Mario L\u00f3pez Valdez, 404 mujeres han sido asesinadas en Sinaloa, de acuerdo con datos de la Procuradur\u00eda General de Justicia del Estado. Teresa Guerra Ochoa, presidenta de la organizaci\u00f3n ciudadana Mujeres Activas, exigi\u00f3 al gobierno estatal declarar la\u2026","rel":"","context":"En &quot;CINTILLO&quot;","block_context":{"text":"CINTILLO","link":"https:\/\/www.grieta.org.mx\/index.php\/category\/cintillo\/"},"img":{"alt_text":"","src":"https:\/\/i0.wp.com\/www.grieta.org.mx\/wp-content\/uploads\/2018\/03\/14524434_1106112876131411_958039263622046936_o.jpg?resize=350%2C200&ssl=1","width":350,"height":200,"srcset":"https:\/\/i0.wp.com\/www.grieta.org.mx\/wp-content\/uploads\/2018\/03\/14524434_1106112876131411_958039263622046936_o.jpg?resize=350%2C200&ssl=1 1x, https:\/\/i0.wp.com\/www.grieta.org.mx\/wp-content\/uploads\/2018\/03\/14524434_1106112876131411_958039263622046936_o.jpg?resize=525%2C300&ssl=1 1.5x, https:\/\/i0.wp.com\/www.grieta.org.mx\/wp-content\/uploads\/2018\/03\/14524434_1106112876131411_958039263622046936_o.jpg?resize=700%2C400&ssl=1 2x"},"classes":[]},{"id":49995,"url":"https:\/\/www.grieta.org.mx\/index.php\/2020\/05\/27\/a-inmunay-no-le-importan-agresiones-a-mujeres-nayarit\/","url_meta":{"origin":19662,"position":4},"title":"A INMUNAY no le importan agresiones a mujeres (Nayarit)","author":"grieta","date":"27 mayo, 2020","format":false,"excerpt":"Foto: Realidades de Nayarit A pesar de los dos feminicidios cometidos en menos de 24 horas, para la titular del INMUNAY es algo que no preocupa porque afirma que la violencia ha aumentado s\u00f3lo un poquito Ver\u00f3nica Ram\u00edrez \/ Realidades de Nayarit Tepic, Nayarit.- Mi\u00e9rcoles 27 de mayo del 2020.-\u2026","rel":"","context":"En &quot;CINTILLO&quot;","block_context":{"text":"CINTILLO","link":"https:\/\/www.grieta.org.mx\/index.php\/category\/cintillo\/"},"img":{"alt_text":"","src":"https:\/\/i0.wp.com\/www.grieta.org.mx\/wp-content\/uploads\/2020\/05\/lourdes-mercado.jpeg?resize=350%2C200&ssl=1","width":350,"height":200,"srcset":"https:\/\/i0.wp.com\/www.grieta.org.mx\/wp-content\/uploads\/2020\/05\/lourdes-mercado.jpeg?resize=350%2C200&ssl=1 1x, https:\/\/i0.wp.com\/www.grieta.org.mx\/wp-content\/uploads\/2020\/05\/lourdes-mercado.jpeg?resize=525%2C300&ssl=1 1.5x, https:\/\/i0.wp.com\/www.grieta.org.mx\/wp-content\/uploads\/2020\/05\/lourdes-mercado.jpeg?resize=700%2C400&ssl=1 2x, https:\/\/i0.wp.com\/www.grieta.org.mx\/wp-content\/uploads\/2020\/05\/lourdes-mercado.jpeg?resize=1050%2C600&ssl=1 3x"},"classes":[]},{"id":974,"url":"https:\/\/www.grieta.org.mx\/index.php\/2016\/08\/28\/974\/","url_meta":{"origin":19662,"position":5},"title":"Feminicidios en Sinaloa","author":"grieta","date":"28 agosto, 2016","format":false,"excerpt":"28\/08\/16. Registra Sinaloa alta \u2018violencia feminicida\u2019 Noroeste 18\/08\/16. \u201cEl feminicidio va ligado a la desaparici\u00f3n\u201d El Debate 10\/08\/16. Aumentan feminicidios y violencia intrafamiliar (Sinaloa) Noroeste 25\/07\/16. Triple invisibilidad de mujeres en Sinaloa La Jornada 11\/07\/16. Impune, 70% de asesinatos de mujeres Noroeste 10\/07\/16. \"Golpea\" a mujeres la cultura machista Noroeste\u2026","rel":"","context":"En &quot;Feminicidios&quot;","block_context":{"text":"Feminicidios","link":"https:\/\/www.grieta.org.mx\/index.php\/category\/temas-nacionales\/feminicidios\/"},"img":{"alt_text":"","src":"https:\/\/i0.wp.com\/www.grieta.org.mx\/wp-content\/uploads\/2018\/03\/14524434_1106112876131411_958039263622046936_o.jpg?resize=350%2C200&ssl=1","width":350,"height":200,"srcset":"https:\/\/i0.wp.com\/www.grieta.org.mx\/wp-content\/uploads\/2018\/03\/14524434_1106112876131411_958039263622046936_o.jpg?resize=350%2C200&ssl=1 1x, https:\/\/i0.wp.com\/www.grieta.org.mx\/wp-content\/uploads\/2018\/03\/14524434_1106112876131411_958039263622046936_o.jpg?resize=525%2C300&ssl=1 1.5x, https:\/\/i0.wp.com\/www.grieta.org.mx\/wp-content\/uploads\/2018\/03\/14524434_1106112876131411_958039263622046936_o.jpg?resize=700%2C400&ssl=1 2x"},"classes":[]}],"_links":{"self":[{"href":"https:\/\/www.grieta.org.mx\/index.php\/wp-json\/wp\/v2\/posts\/19662","targetHints":{"allow":["GET"]}}],"collection":[{"href":"https:\/\/www.grieta.org.mx\/index.php\/wp-json\/wp\/v2\/posts"}],"about":[{"href":"https:\/\/www.grieta.org.mx\/index.php\/wp-json\/wp\/v2\/types\/post"}],"author":[{"embeddable":true,"href":"https:\/\/www.grieta.org.mx\/index.php\/wp-json\/wp\/v2\/users\/2"}],"replies":[{"embeddable":true,"href":"https:\/\/www.grieta.org.mx\/index.php\/wp-json\/wp\/v2\/comments?post=19662"}],"version-history":[{"count":1,"href":"https:\/\/www.grieta.org.mx\/index.php\/wp-json\/wp\/v2\/posts\/19662\/revisions"}],"predecessor-version":[{"id":19663,"href":"https:\/\/www.grieta.org.mx\/index.php\/wp-json\/wp\/v2\/posts\/19662\/revisions\/19663"}],"wp:featuredmedia":[{"embeddable":true,"href":"https:\/\/www.grieta.org.mx\/index.php\/wp-json\/wp\/v2\/media\/21928"}],"wp:attachment":[{"href":"https:\/\/www.grieta.org.mx\/index.php\/wp-json\/wp\/v2\/media?parent=19662"}],"wp:term":[{"taxonomy":"category","embeddable":true,"href":"https:\/\/www.grieta.org.mx\/index.php\/wp-json\/wp\/v2\/categories?post=19662"},{"taxonomy":"post_tag","embeddable":true,"href":"https:\/\/www.grieta.org.mx\/index.php\/wp-json\/wp\/v2\/tags?post=19662"}],"curies":[{"name":"wp","href":"https:\/\/api.w.org\/{rel}","templated":true}]}}