{"id":19654,"date":"2016-08-14T14:06:54","date_gmt":"2016-08-14T19:06:54","guid":{"rendered":"http:\/\/www.grieta.org.mx\/?p=19654"},"modified":"2016-08-15T14:16:50","modified_gmt":"2016-08-15T19:16:50","slug":"desplazados-viven-en-la-ciudad-con-incertidumbre-sinaloa","status":"publish","type":"post","link":"https:\/\/www.grieta.org.mx\/index.php\/2016\/08\/14\/desplazados-viven-en-la-ciudad-con-incertidumbre-sinaloa\/","title":{"rendered":"Desplazados viven en la ciudad con incertidumbre (Sinaloa)"},"content":{"rendered":"<p><img loading=\"lazy\" decoding=\"async\" data-attachment-id=\"19655\" data-permalink=\"https:\/\/www.grieta.org.mx\/index.php\/2016\/08\/14\/desplazados-viven-en-la-ciudad-con-incertidumbre-sinaloa\/pobres-jpg_594723958\/\" data-orig-file=\"https:\/\/www.grieta.org.mx\/wp-content\/uploads\/2016\/08\/pobres.jpg_594723958.jpg\" data-orig-size=\"760,416\" data-comments-opened=\"0\" data-image-meta=\"{&quot;aperture&quot;:&quot;0&quot;,&quot;credit&quot;:&quot;&quot;,&quot;camera&quot;:&quot;&quot;,&quot;caption&quot;:&quot;&quot;,&quot;created_timestamp&quot;:&quot;0&quot;,&quot;copyright&quot;:&quot;&quot;,&quot;focal_length&quot;:&quot;0&quot;,&quot;iso&quot;:&quot;0&quot;,&quot;shutter_speed&quot;:&quot;0&quot;,&quot;title&quot;:&quot;&quot;,&quot;orientation&quot;:&quot;0&quot;}\" data-image-title=\"pobres.jpg_594723958\" data-image-description=\"\" data-image-caption=\"\" data-medium-file=\"https:\/\/www.grieta.org.mx\/wp-content\/uploads\/2016\/08\/pobres.jpg_594723958-300x164.jpg\" data-large-file=\"https:\/\/www.grieta.org.mx\/wp-content\/uploads\/2016\/08\/pobres.jpg_594723958.jpg\" src=\"http:\/\/www.grieta.org.mx\/wp-content\/uploads\/2016\/08\/pobres.jpg_594723958-300x164.jpg\" alt=\"pobres.jpg_594723958\" width=\"300\" height=\"164\" class=\"aligncenter size-medium wp-image-19655\" srcset=\"https:\/\/www.grieta.org.mx\/wp-content\/uploads\/2016\/08\/pobres.jpg_594723958-300x164.jpg 300w, https:\/\/www.grieta.org.mx\/wp-content\/uploads\/2016\/08\/pobres.jpg_594723958.jpg 760w\" sizes=\"auto, (max-width: 300px) 100vw, 300px\" \/><\/p>\n<p>Por: Cecilia Godinez<br \/>\nMazatl\u00e1n, Sinaloa.- Ya no poder vivir en su lugar de origen por temor a ser asesinados u obligados a realizar actividades il\u00edcitas, ha forzado a miles de personas a tener que desplazarse a otros municipios de Sinaloa.<\/p>\n<p>Esto ha generado que las administraciones municipales se vean obligadas a reubicar a familias en invasiones e incluso han creado nuevos espacios para que la poblaci\u00f3n que dej\u00f3 asustada sus pueblos obtengan una mejor calidad de vida.<\/p>\n<p>Sin embargo, la falta de recursos de los ayuntamientos y de una ley reguladora que obtenga un presupuesto acorde a este conflicto social, ha generado que estos ciudadanos vivan con incertidumbre econ\u00f3mica y social.<\/p>\n<p>El Ayuntamiento de Mazatl\u00e1n tiene registradas a 350 familias que habitan en diferentes colonias de la ciudad desde el a\u00f1o 2008.<\/p>\n<p>El director de Bienestar y Desarrollo Social, H\u00e9ctor Garc\u00eda, inform\u00f3 que esta administraci\u00f3n ha podido apoyar a 12 familias en los dos a\u00f1os 8 meses de la actual administraci\u00f3n.<\/p>\n<p>Destac\u00f3 que les pudieron ayudar porque la misma poblaci\u00f3n ha adquirido sus propios terrenos.<\/p>\n<p>Agreg\u00f3 que les apoyaron con recursos para construcci\u00f3n de cuartos.<\/p>\n<p>\u201cNosotros no podemos ayudar a la poblaci\u00f3n que no tiene documentaci\u00f3n oficial, porque los presupuestos de la federaci\u00f3n nos exigen familias que tengan registros de predios\u201d.  <\/p>\n<p>Se\u00f1al\u00f3 que tampoco les pueden entregar hect\u00e1reas porque el municipio no cuenta con reservas para regalar. Loma Bonita, Valles del Ejido, invasi\u00f3n San Antonio, colonia Loma Atravesada, Rinc\u00f3n de Ur\u00edas, Jaripillo y la Jos\u00e9 Mar\u00eda Pino Su\u00e1rez son algunas zonas donde est\u00e1n viviendo estos grupos de personas.<\/p>\n<p>Concordia.<br \/>\nEn Concordia es donde m\u00e1s se han arraigado desplazados del estado de Sinaloa, seg\u00fan informes de la Comisi\u00f3n Nacional de los Derechos Humanos  (CNDH).<\/p>\n<p>Aqu\u00ed la administraci\u00f3n local limpi\u00f3 y abri\u00f3 espacios nuevos para reubicarlos, e incluso sus calles llevan los nombres de sus pueblos.<\/p>\n<p>El alcalde de este municipio, Alfredo Vizcarra, declar\u00f3 que en dos semanas les entregar\u00e1n 140 cuartos dormitorios que se empezaron a construir desde el 2015.<\/p>\n<p>En M\u00e9xico hay 281 mil 418 personas que se han desplazados, informaci\u00f3n publicada por la CNDH.<\/p>\n<p><a href=\"http:\/\/www.debate.com.mx\/mazatlan\/Desplazados-viven-en-la-ciudad-con-incertidumbre-20160814-0067.html\" target=\"_blank\">http:\/\/www.debate.com.mx\/mazatlan\/Desplazados-viven-en-la-ciudad-con-incertidumbre-20160814-0067.html<\/a><\/p>\n","protected":false},"excerpt":{"rendered":"<p>Por: Cecilia Godinez Mazatl\u00e1n, Sinaloa.- Ya no poder vivir en su lugar de origen por temor a ser asesinados u obligados a realizar actividades il\u00edcitas, ha forzado a miles de &hellip; <a href=\"https:\/\/www.grieta.org.mx\/index.php\/2016\/08\/14\/desplazados-viven-en-la-ciudad-con-incertidumbre-sinaloa\/\" class=\"more-link\">Leer m\u00e1s<\/a><\/p>\n","protected":false},"author":2,"featured_media":21928,"comment_status":"closed","ping_status":"closed","sticky":false,"template":"","format":"standard","meta":{"ngg_post_thumbnail":0,"_jetpack_newsletter_access":"","_jetpack_dont_email_post_to_subs":false,"_jetpack_newsletter_tier_id":0,"_jetpack_memberships_contains_paywalled_content":false,"_jetpack_memberships_contains_paid_content":false,"footnotes":""},"categories":[80],"tags":[232],"class_list":["post-19654","post","type-post","status-publish","format-standard","has-post-thumbnail","hentry","category-cintillo","tag-desplazados","entry"],"jetpack_featured_media_url":"https:\/\/www.grieta.org.mx\/wp-content\/uploads\/2018\/03\/14524434_1106112876131411_958039263622046936_o.jpg","jetpack_sharing_enabled":true,"jetpack_shortlink":"https:\/\/wp.me\/p7ZJR4-570","jetpack_likes_enabled":false,"jetpack-related-posts":[{"id":15505,"url":"https:\/\/www.grieta.org.mx\/index.php\/2016\/08\/14\/desplazados-por-violencia-en-sinaloa\/","url_meta":{"origin":19654,"position":0},"title":"Desplazados por violencia en Sinaloa","author":"grieta","date":"14 agosto, 2016","format":false,"excerpt":"14\/08\/16. Desplazados viven en la ciudad con incertidumbre (Sinaloa) El Debate 29\/07\/16. Violencia expulsa de sus estados a m\u00e1s de 281 mil El Financiero 29\/07\/16. Habitantes de la sierra claman por ayuda al Ej\u00e9rcito El Debate 13\/07\/16. Los desplazados de la zona serrana de Sinaloa claman por ayuda El Pa\u00eds\u2026","rel":"","context":"En &quot;NOTICIAS NACIONALES&quot;","block_context":{"text":"NOTICIAS NACIONALES","link":"https:\/\/www.grieta.org.mx\/index.php\/category\/noticias-nacionales\/"},"img":{"alt_text":"","src":"https:\/\/i0.wp.com\/www.grieta.org.mx\/wp-content\/uploads\/2018\/03\/14524434_1106112876131411_958039263622046936_o.jpg?resize=350%2C200&ssl=1","width":350,"height":200,"srcset":"https:\/\/i0.wp.com\/www.grieta.org.mx\/wp-content\/uploads\/2018\/03\/14524434_1106112876131411_958039263622046936_o.jpg?resize=350%2C200&ssl=1 1x, https:\/\/i0.wp.com\/www.grieta.org.mx\/wp-content\/uploads\/2018\/03\/14524434_1106112876131411_958039263622046936_o.jpg?resize=525%2C300&ssl=1 1.5x, https:\/\/i0.wp.com\/www.grieta.org.mx\/wp-content\/uploads\/2018\/03\/14524434_1106112876131411_958039263622046936_o.jpg?resize=700%2C400&ssl=1 2x"},"classes":[]},{"id":35840,"url":"https:\/\/www.grieta.org.mx\/index.php\/2019\/07\/02\/van-mas-de-mil-familias-desplazadas-por-la-violencia-en-sinaloa\/","url_meta":{"origin":19654,"position":1},"title":"Van m\u00e1s de mil familias desplazadas por la violencia en Sinaloa","author":"grieta","date":"2 julio, 2019","format":false,"excerpt":"Foto: Ilustrativa El Debate Redacci\u00f3n \/ El Debate Sinaloa. La Secretar\u00eda de Desarrollo Social de Sinaloa ha registrado a m\u00e1s de mil 100 familias desplazadas por la violencia, luego de un censo reciente. Explic\u00f3 que el censo contin\u00faa, pues los casos no han cesado. Hasta el momento se cont\u00f3 con\u2026","rel":"","context":"En &quot;CINTILLO&quot;","block_context":{"text":"CINTILLO","link":"https:\/\/www.grieta.org.mx\/index.php\/category\/cintillo\/"},"img":{"alt_text":"","src":"https:\/\/i0.wp.com\/www.grieta.org.mx\/wp-content\/uploads\/2019\/07\/van_mxs_de_mil_familias_desplazadas_por_la_violencia_en_sinaloa.jpg_219914347.jpg?resize=350%2C200&ssl=1","width":350,"height":200,"srcset":"https:\/\/i0.wp.com\/www.grieta.org.mx\/wp-content\/uploads\/2019\/07\/van_mxs_de_mil_familias_desplazadas_por_la_violencia_en_sinaloa.jpg_219914347.jpg?resize=350%2C200&ssl=1 1x, https:\/\/i0.wp.com\/www.grieta.org.mx\/wp-content\/uploads\/2019\/07\/van_mxs_de_mil_familias_desplazadas_por_la_violencia_en_sinaloa.jpg_219914347.jpg?resize=525%2C300&ssl=1 1.5x, https:\/\/i0.wp.com\/www.grieta.org.mx\/wp-content\/uploads\/2019\/07\/van_mxs_de_mil_familias_desplazadas_por_la_violencia_en_sinaloa.jpg_219914347.jpg?resize=700%2C400&ssl=1 2x"},"classes":[]},{"id":31640,"url":"https:\/\/www.grieta.org.mx\/index.php\/2019\/04\/02\/por-inseguridad-familias-de-la-sierra-de-rosario-abandonan-sus-hogares-sinaloa\/","url_meta":{"origin":19654,"position":2},"title":"Por inseguridad, familias de la sierra de Rosario abandonan sus hogares (Sinaloa)","author":"grieta","date":"2 abril, 2019","format":false,"excerpt":"Jes\u00fas L\u00f3pez \/ El Sol de Mazatl\u00e1n Rosario, Sin. -\u00a0Ha consecuencias de los\u00a0hechos violentos\u00a0que se han registrado en los \u00faltimos d\u00edas en los cuales han perdido cuatro personas, m\u00e1s de\u00a020 familias de las comunidades\u00a0de la zona serrana del\u00a0municipio\u00a0abandonaron sus hogares esto lo confirm\u00f3 Abd\u00f3n Caravantes Hern\u00e1ndez, director de\u00a0Seguridad P\u00fablica y\u2026","rel":"","context":"En &quot;CINTILLO&quot;","block_context":{"text":"CINTILLO","link":"https:\/\/www.grieta.org.mx\/index.php\/category\/cintillo\/"},"img":{"alt_text":"","src":"https:\/\/i0.wp.com\/www.grieta.org.mx\/wp-content\/uploads\/2018\/03\/14524434_1106112876131411_958039263622046936_o.jpg?resize=350%2C200&ssl=1","width":350,"height":200,"srcset":"https:\/\/i0.wp.com\/www.grieta.org.mx\/wp-content\/uploads\/2018\/03\/14524434_1106112876131411_958039263622046936_o.jpg?resize=350%2C200&ssl=1 1x, https:\/\/i0.wp.com\/www.grieta.org.mx\/wp-content\/uploads\/2018\/03\/14524434_1106112876131411_958039263622046936_o.jpg?resize=525%2C300&ssl=1 1.5x, https:\/\/i0.wp.com\/www.grieta.org.mx\/wp-content\/uploads\/2018\/03\/14524434_1106112876131411_958039263622046936_o.jpg?resize=700%2C400&ssl=1 2x"},"classes":[]},{"id":2130,"url":"https:\/\/www.grieta.org.mx\/index.php\/2015\/10\/16\/siguen-en-cosala-los-desplazados-de-tamazula\/","url_meta":{"origin":19654,"position":3},"title":"Siguen en Cosal\u00e1 los desplazados de Tamazula","author":"grieta","date":"16 octubre, 2015","format":false,"excerpt":"Los desplazados de Tamazula, Durango, a Cosal\u00e1, Sinaloa, permanecen en este segundo municipio; van para cinco d\u00edas y nadie se ha regresado, se\u00f1ala Eduardo Mej\u00eda, secretario del Ayuntamiento del municipio duranguense. En la ciudad sinaloense est\u00e1n con familiares y en el albergue, alrededor de 180 duranguenses que abandonaron sus viviendas\u2026","rel":"","context":"En &quot;CINTILLO&quot;","block_context":{"text":"CINTILLO","link":"https:\/\/www.grieta.org.mx\/index.php\/category\/cintillo\/"},"img":{"alt_text":"","src":"https:\/\/i0.wp.com\/www.grieta.org.mx\/wp-content\/uploads\/2018\/03\/14524434_1106112876131411_958039263622046936_o.jpg?resize=350%2C200&ssl=1","width":350,"height":200,"srcset":"https:\/\/i0.wp.com\/www.grieta.org.mx\/wp-content\/uploads\/2018\/03\/14524434_1106112876131411_958039263622046936_o.jpg?resize=350%2C200&ssl=1 1x, https:\/\/i0.wp.com\/www.grieta.org.mx\/wp-content\/uploads\/2018\/03\/14524434_1106112876131411_958039263622046936_o.jpg?resize=525%2C300&ssl=1 1.5x, https:\/\/i0.wp.com\/www.grieta.org.mx\/wp-content\/uploads\/2018\/03\/14524434_1106112876131411_958039263622046936_o.jpg?resize=700%2C400&ssl=1 2x"},"classes":[]},{"id":19650,"url":"https:\/\/www.grieta.org.mx\/index.php\/2016\/06\/22\/acusan-simulacion-en-atencion-a-desplazados-en-sinaloa\/","url_meta":{"origin":19654,"position":4},"title":"Acusan simulaci\u00f3n en atenci\u00f3n a desplazados en Sinaloa","author":"grieta","date":"22 junio, 2016","format":false,"excerpt":"Marcos Vizcarra En Sinaloa, ninguna de las personas despazadas tiene la certeza de que pueden volver a sus pueblos, asegur\u00f3 Esperanza Hern\u00e1ndez Lugo, al asegurar que el Gobierno del Estado s\u00f3lo ha simulado la atenci\u00f3n ante los m\u00e1s de los 33 mil 770 personas que dejaron sus hogares por la\u2026","rel":"","context":"En &quot;CINTILLO&quot;","block_context":{"text":"CINTILLO","link":"https:\/\/www.grieta.org.mx\/index.php\/category\/cintillo\/"},"img":{"alt_text":"","src":"https:\/\/i0.wp.com\/www.grieta.org.mx\/wp-content\/uploads\/2018\/03\/14524434_1106112876131411_958039263622046936_o.jpg?resize=350%2C200&ssl=1","width":350,"height":200,"srcset":"https:\/\/i0.wp.com\/www.grieta.org.mx\/wp-content\/uploads\/2018\/03\/14524434_1106112876131411_958039263622046936_o.jpg?resize=350%2C200&ssl=1 1x, https:\/\/i0.wp.com\/www.grieta.org.mx\/wp-content\/uploads\/2018\/03\/14524434_1106112876131411_958039263622046936_o.jpg?resize=525%2C300&ssl=1 1.5x, https:\/\/i0.wp.com\/www.grieta.org.mx\/wp-content\/uploads\/2018\/03\/14524434_1106112876131411_958039263622046936_o.jpg?resize=700%2C400&ssl=1 2x"},"classes":[]},{"id":43637,"url":"https:\/\/www.grieta.org.mx\/index.php\/2020\/01\/23\/desplazados-desmienten-a-autoridades-persiste-violencia-en-sierra-del-sur-de-sinaloa\/","url_meta":{"origin":19654,"position":5},"title":"Desplazados desmienten a autoridades: \u2018Persiste violencia en sierra del sur de Sinaloa\u2019","author":"grieta","date":"23 enero, 2020","format":false,"excerpt":"Ricardo Rojas\/L\u00ednea Directa \u00a0 Las familias desplazadas aseguran que es falso lo que han dicho algunas autoridades, como el alcalde de Concordia, respecto a que se ha tranquilizado la situaci\u00f3n en dicha regi\u00f3n El desplazamiento forzado por la violencia est\u00e1 fuerte a\u00fan y es mentira que las familias puedan volver\u2026","rel":"","context":"En &quot;CINTILLO&quot;","block_context":{"text":"CINTILLO","link":"https:\/\/www.grieta.org.mx\/index.php\/category\/cintillo\/"},"img":{"alt_text":"","src":"https:\/\/i0.wp.com\/www.grieta.org.mx\/wp-content\/uploads\/2020\/01\/DESPLAZADOS-11-1024x459.jpg?resize=350%2C200&ssl=1","width":350,"height":200,"srcset":"https:\/\/i0.wp.com\/www.grieta.org.mx\/wp-content\/uploads\/2020\/01\/DESPLAZADOS-11-1024x459.jpg?resize=350%2C200&ssl=1 1x, https:\/\/i0.wp.com\/www.grieta.org.mx\/wp-content\/uploads\/2020\/01\/DESPLAZADOS-11-1024x459.jpg?resize=525%2C300&ssl=1 1.5x, https:\/\/i0.wp.com\/www.grieta.org.mx\/wp-content\/uploads\/2020\/01\/DESPLAZADOS-11-1024x459.jpg?resize=700%2C400&ssl=1 2x"},"classes":[]}],"_links":{"self":[{"href":"https:\/\/www.grieta.org.mx\/index.php\/wp-json\/wp\/v2\/posts\/19654","targetHints":{"allow":["GET"]}}],"collection":[{"href":"https:\/\/www.grieta.org.mx\/index.php\/wp-json\/wp\/v2\/posts"}],"about":[{"href":"https:\/\/www.grieta.org.mx\/index.php\/wp-json\/wp\/v2\/types\/post"}],"author":[{"embeddable":true,"href":"https:\/\/www.grieta.org.mx\/index.php\/wp-json\/wp\/v2\/users\/2"}],"replies":[{"embeddable":true,"href":"https:\/\/www.grieta.org.mx\/index.php\/wp-json\/wp\/v2\/comments?post=19654"}],"version-history":[{"count":1,"href":"https:\/\/www.grieta.org.mx\/index.php\/wp-json\/wp\/v2\/posts\/19654\/revisions"}],"predecessor-version":[{"id":19656,"href":"https:\/\/www.grieta.org.mx\/index.php\/wp-json\/wp\/v2\/posts\/19654\/revisions\/19656"}],"wp:featuredmedia":[{"embeddable":true,"href":"https:\/\/www.grieta.org.mx\/index.php\/wp-json\/wp\/v2\/media\/21928"}],"wp:attachment":[{"href":"https:\/\/www.grieta.org.mx\/index.php\/wp-json\/wp\/v2\/media?parent=19654"}],"wp:term":[{"taxonomy":"category","embeddable":true,"href":"https:\/\/www.grieta.org.mx\/index.php\/wp-json\/wp\/v2\/categories?post=19654"},{"taxonomy":"post_tag","embeddable":true,"href":"https:\/\/www.grieta.org.mx\/index.php\/wp-json\/wp\/v2\/tags?post=19654"}],"curies":[{"name":"wp","href":"https:\/\/api.w.org\/{rel}","templated":true}]}}