{"id":19638,"date":"2016-08-11T13:05:52","date_gmt":"2016-08-11T18:05:52","guid":{"rendered":"http:\/\/www.grieta.org.mx\/?p=19638"},"modified":"2016-08-15T13:08:53","modified_gmt":"2016-08-15T18:08:53","slug":"caso-benton-en-la-paz-ya-esta-resuelto-terreno-pertenece-a-inmobiliaria-gobierno-de-bcs","status":"publish","type":"post","link":"https:\/\/www.grieta.org.mx\/index.php\/2016\/08\/11\/caso-benton-en-la-paz-ya-esta-resuelto-terreno-pertenece-a-inmobiliaria-gobierno-de-bcs\/","title":{"rendered":"Caso Benton en La Paz, ya est\u00e1 resuelto; terreno pertenece a inmobiliaria: Gobierno de BCS"},"content":{"rendered":"<p>a Paz, Baja California Sur (BCS). El Secretario General de Gobierno, \u00c1lvaro de la Pe\u00f1a Angulo  coment\u00f3 que , fungiendo el Gobierno del Estado de Baja California Sur como garante de las leyes, el caso de la familia Benton contra la inmobiliaria Tur\u00edstica Salvatierra fue cerrado y resuelto desde el pasado 22 de julio de 2012, cuando la ley fall\u00f3 a favor de la empresa, quedando \u00e9sta como leg\u00edtima propietaria del terreno.<\/p>\n<p>\u201cCon base en el expediente, la inmobiliaria es su leg\u00edtima propietaria, as\u00ed qued\u00f3 de manifiesto, no s\u00f3lo desde el primer fallo emitido a su favor, por el Juez de Primera Instancia, sino hasta por la misma Suprema Corte de Justicia de la Naci\u00f3n, m\u00e1ximo garante de la justicia en nuestro pa\u00eds, por lo que no podemos avalar acciones que vayan en contra de la Ley\u201d, coment\u00f3 \u00c1lvaro de la Pe\u00f1a.<\/p>\n<p><img loading=\"lazy\" decoding=\"async\" data-attachment-id=\"19639\" data-permalink=\"https:\/\/www.grieta.org.mx\/index.php\/2016\/08\/11\/caso-benton-en-la-paz-ya-esta-resuelto-terreno-pertenece-a-inmobiliaria-gobierno-de-bcs\/alvaro-de-la-pena-angulo-bcs\/\" data-orig-file=\"https:\/\/www.grieta.org.mx\/wp-content\/uploads\/2016\/08\/alvaro-de-la-pena-angulo-bcs.jpg\" data-orig-size=\"1500,1000\" data-comments-opened=\"0\" data-image-meta=\"{&quot;aperture&quot;:&quot;5.8&quot;,&quot;credit&quot;:&quot;&quot;,&quot;camera&quot;:&quot;Canon PowerShot SX40 HS&quot;,&quot;caption&quot;:&quot;&quot;,&quot;created_timestamp&quot;:&quot;1460137390&quot;,&quot;copyright&quot;:&quot;&quot;,&quot;focal_length&quot;:&quot;94.864&quot;,&quot;iso&quot;:&quot;125&quot;,&quot;shutter_speed&quot;:&quot;0.002&quot;,&quot;title&quot;:&quot;&quot;,&quot;orientation&quot;:&quot;0&quot;}\" data-image-title=\"alvaro-de-la-pena-angulo-bcs\" data-image-description=\"\" data-image-caption=\"\" data-medium-file=\"https:\/\/www.grieta.org.mx\/wp-content\/uploads\/2016\/08\/alvaro-de-la-pena-angulo-bcs-300x200.jpg\" data-large-file=\"https:\/\/www.grieta.org.mx\/wp-content\/uploads\/2016\/08\/alvaro-de-la-pena-angulo-bcs-1024x683.jpg\" src=\"http:\/\/www.grieta.org.mx\/wp-content\/uploads\/2016\/08\/alvaro-de-la-pena-angulo-bcs-300x200.jpg\" alt=\"alvaro-de-la-pena-angulo-bcs\" width=\"300\" height=\"200\" class=\"aligncenter size-medium wp-image-19639\" srcset=\"https:\/\/www.grieta.org.mx\/wp-content\/uploads\/2016\/08\/alvaro-de-la-pena-angulo-bcs-300x200.jpg 300w, https:\/\/www.grieta.org.mx\/wp-content\/uploads\/2016\/08\/alvaro-de-la-pena-angulo-bcs-768x512.jpg 768w, https:\/\/www.grieta.org.mx\/wp-content\/uploads\/2016\/08\/alvaro-de-la-pena-angulo-bcs-1024x683.jpg 1024w, https:\/\/www.grieta.org.mx\/wp-content\/uploads\/2016\/08\/alvaro-de-la-pena-angulo-bcs.jpg 1500w\" sizes=\"auto, (max-width: 300px) 100vw, 300px\" \/><\/p>\n<p>Reiter\u00f3 que, en este caso espec\u00edfico, donde los integrantes de la familia Benton pelean una propiedad mayor a las 1,293 hect\u00e1reas, en la zona de la playa El Tecolote en contra de la inmobiliaria, a quien se les fue vendido el terreno por medios ajenos a su conocimiento, el funcionario asegur\u00f3 que \u00e9ste caso fue cerrado desde el mes de julio del a\u00f1o 2012, donde el juzgado Primero de Primera Instancia declar\u00f3 sentencia definitiva en Juicio Ordinario bajo n\u00famero de expediente 272\/2006, a favor de la citada inmobiliaria, quien acredit\u00f3 con escrituras la propiedad de dicho inmueble.<\/p>\n<p>En ese aspecto, coment\u00f3 que en el mes de agosto de ese mismo a\u00f1o, a petici\u00f3n de la actuaria, la inmobiliaria facilit\u00f3 una superficie de terreno a la familia, con el \u00fanico objetivo de resguardar temporalmente sus muebles, de acuerdo al expediente, seg\u00fan refiere la empresa afectada.<\/p>\n<p>Por esta raz\u00f3n, dijo, a la fecha la familia Benton conservan dentro de su posesi\u00f3n esa \u00e1rea, rehus\u00e1ndose a desocuparla, incluso, en agosto de 2014, tomaron posesi\u00f3n de una fracci\u00f3n de terreno distinta al \u00e1rea prestada y de uno de los accesos al predio, coment\u00f3 el Secretario General.<\/p>\n<p>As\u00ed mismo, seg\u00fan refiere la inmobiliaria, la familia instal\u00f3 un camper en dicha zona, por lo que interpusieron la demanda correspondiente.<\/p>\n<p>El 14 de julio de este a\u00f1o, el Ministerio P\u00fablico otorg\u00f3 a Tur\u00edstica Salvatierra la posesi\u00f3n f\u00edsica y jur\u00eddica del \u00e1rea invadida por la familia Benton.<\/p>\n<p>Finalmente, el funcionario agreg\u00f3 que, al acreditar la empresa la posesi\u00f3n de propiedad con documentos leg\u00edtimos, se aplic\u00f3 la ley conforme a derecho, y asegur\u00f3 que las acciones medi\u00e1ticas que est\u00e1 tomando la familia Benton, est\u00e1n fuera de todo marco legal, ya que de acuerdo al expediente, este caso lo perdieron ante los juzgados; por lo que se reitera el compromiso de hacer prevalecer el estado de derecho por un mejor futuro de los sudcalifornianos, asegur\u00f3.<\/p>\n<p><a href=\"http:\/\/www.bcsnoticias.mx\/caso-benton-en-la-paz-ya-esta-resuelto-terreno-pertenece-a-inmobiliaria-gobierno-de-bcs\/\" target=\"_blank\">http:\/\/www.bcsnoticias.mx\/caso-benton-en-la-paz-ya-esta-resuelto-terreno-pertenece-a-inmobiliaria-gobierno-de-bcs\/<\/a><\/p>\n","protected":false},"excerpt":{"rendered":"<p>a Paz, Baja California Sur (BCS). El Secretario General de Gobierno, \u00c1lvaro de la Pe\u00f1a Angulo coment\u00f3 que , fungiendo el Gobierno del Estado de Baja California Sur como garante &hellip; <a href=\"https:\/\/www.grieta.org.mx\/index.php\/2016\/08\/11\/caso-benton-en-la-paz-ya-esta-resuelto-terreno-pertenece-a-inmobiliaria-gobierno-de-bcs\/\" class=\"more-link\">Leer m\u00e1s<\/a><\/p>\n","protected":false},"author":2,"featured_media":21928,"comment_status":"closed","ping_status":"closed","sticky":false,"template":"","format":"standard","meta":{"ngg_post_thumbnail":0,"_jetpack_newsletter_access":"","_jetpack_dont_email_post_to_subs":false,"_jetpack_newsletter_tier_id":0,"_jetpack_memberships_contains_paywalled_content":false,"_jetpack_memberships_contains_paid_content":false,"footnotes":""},"categories":[80],"tags":[184,849],"class_list":["post-19638","post","type-post","status-publish","format-standard","has-post-thumbnail","hentry","category-cintillo","tag-despojo","tag-familia-benton","entry"],"jetpack_featured_media_url":"https:\/\/www.grieta.org.mx\/wp-content\/uploads\/2018\/03\/14524434_1106112876131411_958039263622046936_o.jpg","jetpack_sharing_enabled":true,"jetpack_shortlink":"https:\/\/wp.me\/p7ZJR4-56K","jetpack_likes_enabled":false,"jetpack-related-posts":[{"id":19212,"url":"https:\/\/www.grieta.org.mx\/index.php\/2016\/08\/23\/inmobiliaria-turistica-despoja-rancho-a-familia-con-aval-de-suprema-corte-en-baja-california-sur\/","url_meta":{"origin":19638,"position":0},"title":"Inmobiliaria tur\u00edstica despoja rancho a familia con aval de Suprema Corte en Baja California Sur","author":"grieta","date":"23 agosto, 2016","format":false,"excerpt":"23\/08\/16. Por segunda vez, se manifiesta familia Benton en el Congreso de BCS por supuesto despojo BCS Noticias 11\/08\/16. Caso Benton en La Paz, ya est\u00e1 resuelto; terreno pertenece a inmobiliaria: Gobierno de BCS (VIDEO) BCS Noticias 04\/08\/16. \u00bfD\u00f3nde est\u00e1 la justicia? (VIDEO) Pen\u00ednsula Digital 03\/08\/16. Tras amenaza de despojo\u2026","rel":"","context":"En &quot;Baja California Sur&quot;","block_context":{"text":"Baja California Sur","link":"https:\/\/www.grieta.org.mx\/index.php\/category\/noticias-nacionales\/baja-california-sur\/"},"img":{"alt_text":"","src":"https:\/\/i0.wp.com\/www.grieta.org.mx\/wp-content\/uploads\/2018\/03\/14524434_1106112876131411_958039263622046936_o.jpg?resize=350%2C200&ssl=1","width":350,"height":200,"srcset":"https:\/\/i0.wp.com\/www.grieta.org.mx\/wp-content\/uploads\/2018\/03\/14524434_1106112876131411_958039263622046936_o.jpg?resize=350%2C200&ssl=1 1x, https:\/\/i0.wp.com\/www.grieta.org.mx\/wp-content\/uploads\/2018\/03\/14524434_1106112876131411_958039263622046936_o.jpg?resize=525%2C300&ssl=1 1.5x, https:\/\/i0.wp.com\/www.grieta.org.mx\/wp-content\/uploads\/2018\/03\/14524434_1106112876131411_958039263622046936_o.jpg?resize=700%2C400&ssl=1 2x"},"classes":[]},{"id":21160,"url":"https:\/\/www.grieta.org.mx\/index.php\/2016\/08\/23\/por-segunda-vez-se-manifiesta-familia-benton-en-el-congreso-de-bcs-por-supuesto-despojo\/","url_meta":{"origin":19638,"position":1},"title":"Por segunda vez, se manifiesta familia Benton en el Congreso de BCS por supuesto despojo","author":"grieta","date":"23 agosto, 2016","format":false,"excerpt":"Por segunda vez, m\u00e1s de 20 personas de la familia Benton se manifestaron en el Congreso del Estado, para exigir que no se les despoje del predio ubicado en la carretera a Pichilingue en La Paz, del cual se\u00f1alan que es de su propiedad y no de la inmobiliaria La\u2026","rel":"","context":"En &quot;CINTILLO&quot;","block_context":{"text":"CINTILLO","link":"https:\/\/www.grieta.org.mx\/index.php\/category\/cintillo\/"},"img":{"alt_text":"","src":"https:\/\/i0.wp.com\/www.grieta.org.mx\/wp-content\/uploads\/2018\/03\/14524434_1106112876131411_958039263622046936_o.jpg?resize=350%2C200&ssl=1","width":350,"height":200,"srcset":"https:\/\/i0.wp.com\/www.grieta.org.mx\/wp-content\/uploads\/2018\/03\/14524434_1106112876131411_958039263622046936_o.jpg?resize=350%2C200&ssl=1 1x, https:\/\/i0.wp.com\/www.grieta.org.mx\/wp-content\/uploads\/2018\/03\/14524434_1106112876131411_958039263622046936_o.jpg?resize=525%2C300&ssl=1 1.5x, https:\/\/i0.wp.com\/www.grieta.org.mx\/wp-content\/uploads\/2018\/03\/14524434_1106112876131411_958039263622046936_o.jpg?resize=700%2C400&ssl=1 2x"},"classes":[]},{"id":19197,"url":"https:\/\/www.grieta.org.mx\/index.php\/2016\/08\/03\/tras-amenaza-de-despojo-familia-esta-secuestrada-sin-comida-dentro-de-su-predio-en-la-paz\/","url_meta":{"origin":19638,"position":2},"title":"Tras amenaza de despojo familia est\u00e1 secuestrada, sin comida, dentro de su predio en La Paz","author":"grieta","date":"3 agosto, 2016","format":false,"excerpt":"La Paz, Baja California Sur (BCS). Tras el caso de la familia Benton, quien ten\u00eda un litigio contra Inmobiliaria Tur\u00edstica Salvatierra S.A. de C.V., por un predio de 202 hect\u00e1reas frente en la zona de Pichilingue en La Paz, y en el cual la Suprema Corte de Justicia de la\u2026","rel":"","context":"En &quot;CINTILLO&quot;","block_context":{"text":"CINTILLO","link":"https:\/\/www.grieta.org.mx\/index.php\/category\/cintillo\/"},"img":{"alt_text":"","src":"https:\/\/i0.wp.com\/www.grieta.org.mx\/wp-content\/uploads\/2018\/03\/14524434_1106112876131411_958039263622046936_o.jpg?resize=350%2C200&ssl=1","width":350,"height":200,"srcset":"https:\/\/i0.wp.com\/www.grieta.org.mx\/wp-content\/uploads\/2018\/03\/14524434_1106112876131411_958039263622046936_o.jpg?resize=350%2C200&ssl=1 1x, https:\/\/i0.wp.com\/www.grieta.org.mx\/wp-content\/uploads\/2018\/03\/14524434_1106112876131411_958039263622046936_o.jpg?resize=525%2C300&ssl=1 1.5x, https:\/\/i0.wp.com\/www.grieta.org.mx\/wp-content\/uploads\/2018\/03\/14524434_1106112876131411_958039263622046936_o.jpg?resize=700%2C400&ssl=1 2x"},"classes":[]},{"id":19253,"url":"https:\/\/www.grieta.org.mx\/index.php\/2016\/08\/04\/donde-esta-la-justicia\/","url_meta":{"origin":19638,"position":3},"title":"\u00bfD\u00f3nde est\u00e1 la justicia?","author":"grieta","date":"4 agosto, 2016","format":false,"excerpt":"Hugo Daniel Alvarez 04\/08\/2016 La Paz, Baja California Sur. \u2013Entre l\u00e1grimas y visiblemente desesperada, la se\u00f1ora Irma Yolanda Benton Fiol, narra c\u00f3mo de un d\u00eda para otro su familia se vio despojada de su patrimonio, su integridad f\u00edsica amenazada y con su madre atrapada por la empresa \u201cInmobiliaria Tur\u00edstica Salvatierra\u2026","rel":"","context":"En &quot;CINTILLO&quot;","block_context":{"text":"CINTILLO","link":"https:\/\/www.grieta.org.mx\/index.php\/category\/cintillo\/"},"img":{"alt_text":"","src":"https:\/\/i0.wp.com\/www.grieta.org.mx\/wp-content\/uploads\/2018\/03\/14524434_1106112876131411_958039263622046936_o.jpg?resize=350%2C200&ssl=1","width":350,"height":200,"srcset":"https:\/\/i0.wp.com\/www.grieta.org.mx\/wp-content\/uploads\/2018\/03\/14524434_1106112876131411_958039263622046936_o.jpg?resize=350%2C200&ssl=1 1x, https:\/\/i0.wp.com\/www.grieta.org.mx\/wp-content\/uploads\/2018\/03\/14524434_1106112876131411_958039263622046936_o.jpg?resize=525%2C300&ssl=1 1.5x, https:\/\/i0.wp.com\/www.grieta.org.mx\/wp-content\/uploads\/2018\/03\/14524434_1106112876131411_958039263622046936_o.jpg?resize=700%2C400&ssl=1 2x"},"classes":[]},{"id":21144,"url":"https:\/\/www.grieta.org.mx\/index.php\/2016\/08\/26\/veda-en-golfo-de-ulloa-es-para-establecer-minera-submarina-don-diego-asegura-victor-castro\/","url_meta":{"origin":19638,"position":4},"title":"Veda en golfo de Ulloa es para establecer minera submarina Don Diego, asegura V\u00edctor Castro","author":"grieta","date":"26 agosto, 2016","format":false,"excerpt":"a Paz, Baja California Sur (BCS). El coordinador de Comit\u00e9s Municipales del Movimiento de Regeneraci\u00f3n Nacional (Morena) en Baja California Sur, V\u00edctor Castro Cos\u00edo, asever\u00f3 que el \u00fanico inter\u00e9s de imponer la veda a los pescadores del Golfo de Ulloa es el establecimiento de la minera submarina \u2018Don Diego\u2019. \u201cQuiero\u2026","rel":"","context":"En &quot;CINTILLO&quot;","block_context":{"text":"CINTILLO","link":"https:\/\/www.grieta.org.mx\/index.php\/category\/cintillo\/"},"img":{"alt_text":"","src":"https:\/\/i0.wp.com\/www.grieta.org.mx\/wp-content\/uploads\/2018\/03\/14524434_1106112876131411_958039263622046936_o.jpg?resize=350%2C200&ssl=1","width":350,"height":200,"srcset":"https:\/\/i0.wp.com\/www.grieta.org.mx\/wp-content\/uploads\/2018\/03\/14524434_1106112876131411_958039263622046936_o.jpg?resize=350%2C200&ssl=1 1x, https:\/\/i0.wp.com\/www.grieta.org.mx\/wp-content\/uploads\/2018\/03\/14524434_1106112876131411_958039263622046936_o.jpg?resize=525%2C300&ssl=1 1.5x, https:\/\/i0.wp.com\/www.grieta.org.mx\/wp-content\/uploads\/2018\/03\/14524434_1106112876131411_958039263622046936_o.jpg?resize=700%2C400&ssl=1 2x"},"classes":[]},{"id":19218,"url":"https:\/\/www.grieta.org.mx\/index.php\/2016\/07\/14\/familia-se-defiende-de-guardias-por-un-terreno-en-donde-vivio-mas-de-50-anos-video\/","url_meta":{"origin":19638,"position":5},"title":"Familia se defiende de guardias por un terreno en donde vivi\u00f3 m\u00e1s de 50 a\u00f1os (VIDEO)","author":"grieta","date":"14 julio, 2016","format":false,"excerpt":"Con picos y palas hicieron frente a los uniformados que trabajan para la empresa Fraccionaria Tur\u00edstica Salvatierra en La Paz, BCS; alegan despojo. La Paz, BCS. A pesar de que el proceso judicial para determinar qui\u00e9n es el due\u00f1o de un terreno, la empresa Fraccionaria Tur\u00edstica Salvatierra volvi\u00f3 a hostigar\u2026","rel":"","context":"En &quot;CINTILLO&quot;","block_context":{"text":"CINTILLO","link":"https:\/\/www.grieta.org.mx\/index.php\/category\/cintillo\/"},"img":{"alt_text":"","src":"https:\/\/i0.wp.com\/www.grieta.org.mx\/wp-content\/uploads\/2018\/03\/14524434_1106112876131411_958039263622046936_o.jpg?resize=350%2C200&ssl=1","width":350,"height":200,"srcset":"https:\/\/i0.wp.com\/www.grieta.org.mx\/wp-content\/uploads\/2018\/03\/14524434_1106112876131411_958039263622046936_o.jpg?resize=350%2C200&ssl=1 1x, https:\/\/i0.wp.com\/www.grieta.org.mx\/wp-content\/uploads\/2018\/03\/14524434_1106112876131411_958039263622046936_o.jpg?resize=525%2C300&ssl=1 1.5x, https:\/\/i0.wp.com\/www.grieta.org.mx\/wp-content\/uploads\/2018\/03\/14524434_1106112876131411_958039263622046936_o.jpg?resize=700%2C400&ssl=1 2x"},"classes":[]}],"_links":{"self":[{"href":"https:\/\/www.grieta.org.mx\/index.php\/wp-json\/wp\/v2\/posts\/19638","targetHints":{"allow":["GET"]}}],"collection":[{"href":"https:\/\/www.grieta.org.mx\/index.php\/wp-json\/wp\/v2\/posts"}],"about":[{"href":"https:\/\/www.grieta.org.mx\/index.php\/wp-json\/wp\/v2\/types\/post"}],"author":[{"embeddable":true,"href":"https:\/\/www.grieta.org.mx\/index.php\/wp-json\/wp\/v2\/users\/2"}],"replies":[{"embeddable":true,"href":"https:\/\/www.grieta.org.mx\/index.php\/wp-json\/wp\/v2\/comments?post=19638"}],"version-history":[{"count":1,"href":"https:\/\/www.grieta.org.mx\/index.php\/wp-json\/wp\/v2\/posts\/19638\/revisions"}],"predecessor-version":[{"id":19641,"href":"https:\/\/www.grieta.org.mx\/index.php\/wp-json\/wp\/v2\/posts\/19638\/revisions\/19641"}],"wp:featuredmedia":[{"embeddable":true,"href":"https:\/\/www.grieta.org.mx\/index.php\/wp-json\/wp\/v2\/media\/21928"}],"wp:attachment":[{"href":"https:\/\/www.grieta.org.mx\/index.php\/wp-json\/wp\/v2\/media?parent=19638"}],"wp:term":[{"taxonomy":"category","embeddable":true,"href":"https:\/\/www.grieta.org.mx\/index.php\/wp-json\/wp\/v2\/categories?post=19638"},{"taxonomy":"post_tag","embeddable":true,"href":"https:\/\/www.grieta.org.mx\/index.php\/wp-json\/wp\/v2\/tags?post=19638"}],"curies":[{"name":"wp","href":"https:\/\/api.w.org\/{rel}","templated":true}]}}