{"id":19636,"date":"2016-07-16T13:04:38","date_gmt":"2016-07-16T18:04:38","guid":{"rendered":"http:\/\/www.grieta.org.mx\/?p=19636"},"modified":"2016-08-15T13:20:12","modified_gmt":"2016-08-15T18:20:12","slug":"11-cuerpos-son-sacados-de-fosas-en-mazatlan-y-creen-que-hay-mas-no-exageren-dice-funcionario-sinaloa","status":"publish","type":"post","link":"https:\/\/www.grieta.org.mx\/index.php\/2016\/07\/16\/11-cuerpos-son-sacados-de-fosas-en-mazatlan-y-creen-que-hay-mas-no-exageren-dice-funcionario-sinaloa\/","title":{"rendered":"11 cuerpos son sacados de fosas en Mazatl\u00e1n y creen que hay m\u00e1s; no exageren, dice funcionario (Sinaloa)"},"content":{"rendered":"<p>Ayer, en plena zona urbana, agentes estatales y federales encontraron ocho cuerpos apilados en dos fosas clandestinas en un predio cerca del Fraccionamiento del Sol, Mazatl\u00e1n, Sinaloa, la misma \u00e1rea donde el 23 de junio hab\u00edan hallado ya tres cad\u00e1veres. Los restos presentaban huellas de tortura e impactos de arma de fuego.\u201cEl primer reporte que nosotros tuvimos es que eran 46 (cuerpos) [..]. Yo creo que ah\u00ed la \u2018rumorolog\u00eda\u2019 y la especulaci\u00f3n se magnifica\u201d, se\u00f1al\u00f3 al respecto el Secretario General de Gobierno, Gerardo Vargas Landeros.<\/p>\n<p>Por Sheila Arias<\/p>\n<p>Ciudad de M\u00e9xico, 16 julio (SinEmbargo\/Noroeste).\u2013 Once cuerpos han sido exhumados de una fosa clandestina ubicada dentro de un predio en Mazatl\u00e1n, Sinaloa, sin embargo se tiene el reporte de que m\u00e1s cad\u00e1veres fueron enterrados ah\u00ed.<\/p>\n<p>Apenas ayer, en plena zona urbana, agentes estatales y federales encontraron ocho cuerpos apilados en dos fosas clandestinas en un predio contiguo que se ubica entre los fraccionamientos Puerta del Sol, el Conchi II, la Riviera y la Invasi\u00f3n Presas del Valle, misma \u00e1rea donde el 23 de junio hab\u00edan hallado ya tres cad\u00e1veres. Los restos presentaban huellas de tortura e impactos de arma de fuego.<\/p>\n<p>El operativo de la segunda b\u00fasqueda inici\u00f3 el pasado martes y concluy\u00f3 este viernes. Elementos del Ej\u00e9rcito Mexicano y de la Marina Armada de M\u00e9xico, resguardaron el lugar.<\/p>\n<p>En los \u00faltimos meses familiares de m\u00e1s de 30 desaparecidos han acudido a funerarias del puerto para ver si tienen reportes de sus seres queridos, a quienes siguen buscando.<\/p>\n<p>    Al respecto, H\u00e9ctor Vargas Landeros, Secretario de Gobierno de Sinaloa, explic\u00f3 que \u201cel primer reporte que nosotros tuvimos es que eran 46 [cuerpos] y se han encontrado ocho [para dar un total de 11], yo creo que ah\u00ed la \u2018rumorolog\u00eda\u2019 y la especulaci\u00f3n se magnifica. Hay que esperar a que se haga la revisi\u00f3n completa, hay equipo, hay gente que est\u00e1 haciendo toda la excavaci\u00f3n y tendr\u00e1n qu\u00e9 definir los cuerpos para informarlo\u201d.<\/p>\n<p>El  funcionario asegur\u00f3 que seguir\u00e1n buscando fosas por todo el estado, pues tienen un historial de entre 400 y 500 personas desaparecidas, en muchos casos, esos ciudadanos tambi\u00e9n son rastreados por sus propias familias.<\/p>\n<p>\u201cNosotros tenemos una base de datos que es la que maneja la Procuradur\u00eda General de Justicia del Estado, es un tema que directamente el Gobernador lo trae, de manera mensual atiende al grupo y mesa directiva de la gente que busca desaparecidos. El dato que se tiene a nivel estatal es que se pasa de los 400 \u00f3 500 casos \u201d, dijo.<\/p>\n<p>Los reportes a la autoridad llegaron de los propios vecinos, pues los cuerpos se localizaron en plena zona habitada, un olor a \u201cmuerto\u201d despert\u00f3 la sospecha.<\/p>\n<p>\u201cLo lamentable es que se hayan presentado estos informes, que al final de cuentas nos llevaron a encontrar dos fosas; ya se est\u00e1n haciendo las pruebas para conocer el ADN y subir estos perfiles gen\u00e9ticos a la base de datos de la PGR, para ver si encontramos la familiaridad con alguien con reporte de alg\u00fan familiar desaparecido\u201d, coment\u00f3.<\/p>\n<p>A su vez, el Subprocurador de Justicia en la zona sur, Jos\u00e9 Antonio S\u00e1nchez Sol\u00eds, dijo que las pruebas de ADN se realizar\u00e1n en un laboratorio en Culiac\u00e1n, y tardar\u00e1n de cuatro a cinco d\u00edas en tener los resultados.<\/p>\n<p>Y se\u00f1al\u00f3 que a\u00fan no se puede establecer el que uno de los cuerpos corresponda al de un taxista desaparecido en abril pasado, como se ha informado en algunos medios de comunicaci\u00f3n.<\/p>\n<p>Vargas Landeros pidi\u00f3 esperar el final del operativo de b\u00fasqueda y no especular con el n\u00famero de cuerpos reportados.<\/p>\n<p>Asegur\u00f3 que hay equipo especial ya asignado para seguir buscando fosas por la entidad.<\/p>\n<p>Un d\u00eda despu\u00e9s del hallazgo de los \u00faltimos ocho cuerpos, las autoridades abandonaron la zona, pero por la tarde la reanudaron, sin informar de m\u00e1s hallazgos.<\/p>\n<p>\u2013 \u00bfPor qu\u00e9 parar, por qu\u00e9 no seguir buscando?, se le cuestion\u00f3.<\/p>\n<p>\u201cHay estrategias, la Procuradur\u00eda tiene que coordinarse con todas las fuerzas federales y municipales, una sola no puede hacer eso, pero lo que s\u00ed garantizo es que habr\u00e1 de hacerse excavaciones, y se habr\u00e1 de utilizar el tiempo y el esfuerzo necesario. No es que est\u00e9n parados, el operativo contin\u00faa y por todo el estado\u201d.<\/p>\n<p>\u2013 \u00bfY van a seguir buscando cuerpos?<\/p>\n<p>\u201cD\u00f3nde sea necesario habremos de hacerlo\u201d.<\/p>\n<p><a href=\"http:\/\/www.sinembargo.mx\/16-07-2016\/3067742\" target=\"_blank\">http:\/\/www.sinembargo.mx\/16-07-2016\/3067742<\/a><\/p>\n","protected":false},"excerpt":{"rendered":"<p>Ayer, en plena zona urbana, agentes estatales y federales encontraron ocho cuerpos apilados en dos fosas clandestinas en un predio cerca del Fraccionamiento del Sol, Mazatl\u00e1n, Sinaloa, la misma \u00e1rea &hellip; <a href=\"https:\/\/www.grieta.org.mx\/index.php\/2016\/07\/16\/11-cuerpos-son-sacados-de-fosas-en-mazatlan-y-creen-que-hay-mas-no-exageren-dice-funcionario-sinaloa\/\" class=\"more-link\">Leer m\u00e1s<\/a><\/p>\n","protected":false},"author":2,"featured_media":21928,"comment_status":"closed","ping_status":"closed","sticky":false,"template":"","format":"standard","meta":{"ngg_post_thumbnail":0,"_jetpack_newsletter_access":"","_jetpack_dont_email_post_to_subs":false,"_jetpack_newsletter_tier_id":0,"_jetpack_memberships_contains_paywalled_content":false,"_jetpack_memberships_contains_paid_content":false,"footnotes":""},"categories":[80],"tags":[121],"class_list":["post-19636","post","type-post","status-publish","format-standard","has-post-thumbnail","hentry","category-cintillo","tag-desaparecidos","entry"],"jetpack_featured_media_url":"https:\/\/www.grieta.org.mx\/wp-content\/uploads\/2018\/03\/14524434_1106112876131411_958039263622046936_o.jpg","jetpack_sharing_enabled":true,"jetpack_shortlink":"https:\/\/wp.me\/p7ZJR4-56I","jetpack_likes_enabled":false,"jetpack-related-posts":[{"id":33804,"url":"https:\/\/www.grieta.org.mx\/index.php\/2019\/05\/22\/hallan-cinco-cuerpos-en-fosas-clandestinas-en-mazatlan-sinaloa\/","url_meta":{"origin":19636,"position":0},"title":"Hallan cinco cuerpos en fosas clandestinas en Mazatlan, Sinaloa","author":"grieta","date":"22 mayo, 2019","format":false,"excerpt":"Las rastreadores encontraron los restos humanos, este lunes fueron hallados 6 m\u00e1s en la zona conocida como Cerritos, en el puerto de Mazatl\u00e1n, Sinaloa Ra\u00fal Briones \/ El Debate Mazatl\u00e1n, Sinaloa.- Cinco cuerpos m\u00e1s fueron encontrados en el \u00e1rea del camino viejo a Cerritos, cerca de las v\u00edas del tren,\u2026","rel":"","context":"En &quot;CINTILLO&quot;","block_context":{"text":"CINTILLO","link":"https:\/\/www.grieta.org.mx\/index.php\/category\/cintillo\/"},"img":{"alt_text":"","src":"https:\/\/i0.wp.com\/www.grieta.org.mx\/wp-content\/uploads\/2019\/05\/hallan_restos_humanos_en_fosas_clandestinas_en_mazatlan.jpg_805442109.jpg?resize=350%2C200&ssl=1","width":350,"height":200,"srcset":"https:\/\/i0.wp.com\/www.grieta.org.mx\/wp-content\/uploads\/2019\/05\/hallan_restos_humanos_en_fosas_clandestinas_en_mazatlan.jpg_805442109.jpg?resize=350%2C200&ssl=1 1x, https:\/\/i0.wp.com\/www.grieta.org.mx\/wp-content\/uploads\/2019\/05\/hallan_restos_humanos_en_fosas_clandestinas_en_mazatlan.jpg_805442109.jpg?resize=525%2C300&ssl=1 1.5x"},"classes":[]},{"id":31033,"url":"https:\/\/www.grieta.org.mx\/index.php\/2019\/03\/22\/rastreadoras-hallan-nueva-fosa-clandestina-en-mazatlan-sinaloa\/","url_meta":{"origin":19636,"position":1},"title":"Rastreadoras hallan nueva fosa clandestina en Mazatl\u00e1n (Sinaloa)","author":"grieta","date":"22 marzo, 2019","format":false,"excerpt":"Los trabajos se realizan cerca de la termoel\u00e9ctrica en El Castillo; se han encontrado dos cuerpos Redacci\u00f3n \/ Noroeste MAZATL\u00c1N._ El colectivo de rastreadoras \"Tesoros perdidos hasta encontrarlos\" localiz\u00f3 este viernes una fosa clandestina con dos cuerpos en el Ejido El Castillo, en las inmediaciones de la planta termoel\u00e9ctrica Jos\u00e9\u2026","rel":"","context":"En &quot;CINTILLO&quot;","block_context":{"text":"CINTILLO","link":"https:\/\/www.grieta.org.mx\/index.php\/category\/cintillo\/"},"img":{"alt_text":"","src":"https:\/\/i0.wp.com\/www.grieta.org.mx\/wp-content\/uploads\/2019\/03\/WhatsApp_Image_2019_03_22_at_13_02_42-258036.jpeg?resize=350%2C200&ssl=1","width":350,"height":200,"srcset":"https:\/\/i0.wp.com\/www.grieta.org.mx\/wp-content\/uploads\/2019\/03\/WhatsApp_Image_2019_03_22_at_13_02_42-258036.jpeg?resize=350%2C200&ssl=1 1x, https:\/\/i0.wp.com\/www.grieta.org.mx\/wp-content\/uploads\/2019\/03\/WhatsApp_Image_2019_03_22_at_13_02_42-258036.jpeg?resize=525%2C300&ssl=1 1.5x, https:\/\/i0.wp.com\/www.grieta.org.mx\/wp-content\/uploads\/2019\/03\/WhatsApp_Image_2019_03_22_at_13_02_42-258036.jpeg?resize=700%2C400&ssl=1 2x, https:\/\/i0.wp.com\/www.grieta.org.mx\/wp-content\/uploads\/2019\/03\/WhatsApp_Image_2019_03_22_at_13_02_42-258036.jpeg?resize=1050%2C600&ssl=1 3x, https:\/\/i0.wp.com\/www.grieta.org.mx\/wp-content\/uploads\/2019\/03\/WhatsApp_Image_2019_03_22_at_13_02_42-258036.jpeg?resize=1400%2C800&ssl=1 4x"},"classes":[]},{"id":15510,"url":"https:\/\/www.grieta.org.mx\/index.php\/2016\/06\/25\/la-guerra-se-intensifica-en-sinaloa\/","url_meta":{"origin":19636,"position":2},"title":"La guerra se intensifica en Sinaloa","author":"grieta","date":"25 junio, 2016","format":false,"excerpt":"Jorge Luis Lozano, Sinaloa. Decenas de familias residentes de la sierra desplazadas por el miedo a la violencia, casas baleadas y quemadas en el municipio de Badiraguato, enfrentamientos violentos en la cabecera municipal con el reporte de capos muertos en el municipio de Cosal\u00e1, balaceras a plena luz del d\u00eda\u2026","rel":"","context":"En &quot;CINTILLO&quot;","block_context":{"text":"CINTILLO","link":"https:\/\/www.grieta.org.mx\/index.php\/category\/cintillo\/"},"img":{"alt_text":"","src":"https:\/\/i0.wp.com\/www.grieta.org.mx\/wp-content\/uploads\/2018\/03\/14524434_1106112876131411_958039263622046936_o.jpg?resize=350%2C200&ssl=1","width":350,"height":200,"srcset":"https:\/\/i0.wp.com\/www.grieta.org.mx\/wp-content\/uploads\/2018\/03\/14524434_1106112876131411_958039263622046936_o.jpg?resize=350%2C200&ssl=1 1x, https:\/\/i0.wp.com\/www.grieta.org.mx\/wp-content\/uploads\/2018\/03\/14524434_1106112876131411_958039263622046936_o.jpg?resize=525%2C300&ssl=1 1.5x, https:\/\/i0.wp.com\/www.grieta.org.mx\/wp-content\/uploads\/2018\/03\/14524434_1106112876131411_958039263622046936_o.jpg?resize=700%2C400&ssl=1 2x"},"classes":[]},{"id":17080,"url":"https:\/\/www.grieta.org.mx\/index.php\/2016\/07\/15\/buscan-sin-exito-a-sus-desaparecidos-sinaloa\/","url_meta":{"origin":19636,"position":3},"title":"Buscan, sin \u00e9xito, a \u201csus desaparecidos\u201d (Sinaloa)","author":"grieta","date":"15 julio, 2016","format":false,"excerpt":"Belizario Reyes y Sheila Arias, Sinaloa. Al enterarse del hallazgo de ocho cuerpos en dos fosas clandestinas en un predio al norte del municipio, decenas de personas acudieron ayer al Servicio M\u00e9dico Forense para saber si se trataba de alguno de sus familiares desaparecidos, en su mayor\u00eda privados ilegalmente de\u2026","rel":"","context":"En &quot;CINTILLO&quot;","block_context":{"text":"CINTILLO","link":"https:\/\/www.grieta.org.mx\/index.php\/category\/cintillo\/"},"img":{"alt_text":"","src":"https:\/\/i0.wp.com\/www.grieta.org.mx\/wp-content\/uploads\/2018\/03\/14524434_1106112876131411_958039263622046936_o.jpg?resize=350%2C200&ssl=1","width":350,"height":200,"srcset":"https:\/\/i0.wp.com\/www.grieta.org.mx\/wp-content\/uploads\/2018\/03\/14524434_1106112876131411_958039263622046936_o.jpg?resize=350%2C200&ssl=1 1x, https:\/\/i0.wp.com\/www.grieta.org.mx\/wp-content\/uploads\/2018\/03\/14524434_1106112876131411_958039263622046936_o.jpg?resize=525%2C300&ssl=1 1.5x, https:\/\/i0.wp.com\/www.grieta.org.mx\/wp-content\/uploads\/2018\/03\/14524434_1106112876131411_958039263622046936_o.jpg?resize=700%2C400&ssl=1 2x"},"classes":[]},{"id":37724,"url":"https:\/\/www.grieta.org.mx\/index.php\/2019\/07\/26\/grupo-de-rastreadoras-de-mazatlan-rescata-nuevas-osamentas-sinaloa\/","url_meta":{"origin":19636,"position":4},"title":"Grupo de rastreadoras de Mazatl\u00e1n rescata nuevas osamentas (Sinaloa)","author":"grieta","date":"26 julio, 2019","format":false,"excerpt":"Foto: El Debate Integrantes de Tesoros Perdidos Hasta Encontrarlos \u00a0llevan 4 d\u00edas de b\u00fasqueda consecutiva en el mismo terreno Mazatl\u00e1n, Sinaloa.- En el cuarto d\u00eda de b\u00fasqueda en la zona de El Chilar de Palmillas, al norte del puerto, la Comisi\u00f3n Nacional de B\u00fasqueda y las rastreadoras Tesoros Perdidos hasta\u2026","rel":"","context":"En &quot;CINTILLO&quot;","block_context":{"text":"CINTILLO","link":"https:\/\/www.grieta.org.mx\/index.php\/category\/cintillo\/"},"img":{"alt_text":"","src":"https:\/\/i0.wp.com\/www.grieta.org.mx\/wp-content\/uploads\/2019\/08\/rastreadorasosamentas.jpg_805442109.jpg?resize=350%2C200&ssl=1","width":350,"height":200,"srcset":"https:\/\/i0.wp.com\/www.grieta.org.mx\/wp-content\/uploads\/2019\/08\/rastreadorasosamentas.jpg_805442109.jpg?resize=350%2C200&ssl=1 1x, https:\/\/i0.wp.com\/www.grieta.org.mx\/wp-content\/uploads\/2019\/08\/rastreadorasosamentas.jpg_805442109.jpg?resize=525%2C300&ssl=1 1.5x"},"classes":[]},{"id":35845,"url":"https:\/\/www.grieta.org.mx\/index.php\/2019\/06\/27\/suman-11-quejas-por-desapariciones-forzadas-en-el-sur-de-sinaloa\/","url_meta":{"origin":19636,"position":5},"title":"Suman 11 quejas por desapariciones forzadas en el sur de Sinaloa","author":"grieta","date":"27 junio, 2019","format":false,"excerpt":"En la regi\u00f3n sur se han presentado seis casos en lo que va del a\u00f1o que involucran a corporaciones policiacas y a la Fiscal\u00eda: Visitador Juan Carlos Ram\u00edrez \/ El Sol de Sinaloa Mazatl\u00e1n, Sin. En los \u00faltimos tres a\u00f1os, la Comisi\u00f3n Estatal de los Derechos Humanos ha recibido 11\u2026","rel":"","context":"En &quot;CINTILLO&quot;","block_context":{"text":"CINTILLO","link":"https:\/\/www.grieta.org.mx\/index.php\/category\/cintillo\/"},"img":{"alt_text":"","src":"https:\/\/i0.wp.com\/www.grieta.org.mx\/wp-content\/uploads\/2019\/07\/79fde7e5-b25e-4fdb-ae73-1fc0ebe9ac34.jpg?resize=350%2C200&ssl=1","width":350,"height":200,"srcset":"https:\/\/i0.wp.com\/www.grieta.org.mx\/wp-content\/uploads\/2019\/07\/79fde7e5-b25e-4fdb-ae73-1fc0ebe9ac34.jpg?resize=350%2C200&ssl=1 1x, https:\/\/i0.wp.com\/www.grieta.org.mx\/wp-content\/uploads\/2019\/07\/79fde7e5-b25e-4fdb-ae73-1fc0ebe9ac34.jpg?resize=525%2C300&ssl=1 1.5x, https:\/\/i0.wp.com\/www.grieta.org.mx\/wp-content\/uploads\/2019\/07\/79fde7e5-b25e-4fdb-ae73-1fc0ebe9ac34.jpg?resize=700%2C400&ssl=1 2x"},"classes":[]}],"_links":{"self":[{"href":"https:\/\/www.grieta.org.mx\/index.php\/wp-json\/wp\/v2\/posts\/19636","targetHints":{"allow":["GET"]}}],"collection":[{"href":"https:\/\/www.grieta.org.mx\/index.php\/wp-json\/wp\/v2\/posts"}],"about":[{"href":"https:\/\/www.grieta.org.mx\/index.php\/wp-json\/wp\/v2\/types\/post"}],"author":[{"embeddable":true,"href":"https:\/\/www.grieta.org.mx\/index.php\/wp-json\/wp\/v2\/users\/2"}],"replies":[{"embeddable":true,"href":"https:\/\/www.grieta.org.mx\/index.php\/wp-json\/wp\/v2\/comments?post=19636"}],"version-history":[{"count":1,"href":"https:\/\/www.grieta.org.mx\/index.php\/wp-json\/wp\/v2\/posts\/19636\/revisions"}],"predecessor-version":[{"id":19647,"href":"https:\/\/www.grieta.org.mx\/index.php\/wp-json\/wp\/v2\/posts\/19636\/revisions\/19647"}],"wp:featuredmedia":[{"embeddable":true,"href":"https:\/\/www.grieta.org.mx\/index.php\/wp-json\/wp\/v2\/media\/21928"}],"wp:attachment":[{"href":"https:\/\/www.grieta.org.mx\/index.php\/wp-json\/wp\/v2\/media?parent=19636"}],"wp:term":[{"taxonomy":"category","embeddable":true,"href":"https:\/\/www.grieta.org.mx\/index.php\/wp-json\/wp\/v2\/categories?post=19636"},{"taxonomy":"post_tag","embeddable":true,"href":"https:\/\/www.grieta.org.mx\/index.php\/wp-json\/wp\/v2\/tags?post=19636"}],"curies":[{"name":"wp","href":"https:\/\/api.w.org\/{rel}","templated":true}]}}