{"id":19620,"date":"2016-08-10T12:36:29","date_gmt":"2016-08-10T17:36:29","guid":{"rendered":"http:\/\/www.grieta.org.mx\/?p=19620"},"modified":"2016-08-15T12:39:08","modified_gmt":"2016-08-15T17:39:08","slug":"libera-inm-al-grupo-de-migrantes-detenidos-en-mexicali","status":"publish","type":"post","link":"https:\/\/www.grieta.org.mx\/index.php\/2016\/08\/10\/libera-inm-al-grupo-de-migrantes-detenidos-en-mexicali\/","title":{"rendered":"Libera INM al grupo de migrantes detenidos en Mexicali"},"content":{"rendered":"<p><img loading=\"lazy\" decoding=\"async\" data-attachment-id=\"19621\" data-permalink=\"https:\/\/www.grieta.org.mx\/index.php\/2016\/08\/10\/libera-inm-al-grupo-de-migrantes-detenidos-en-mexicali\/w704-41\/\" data-orig-file=\"https:\/\/www.grieta.org.mx\/wp-content\/uploads\/2016\/08\/w704-7.jpg\" data-orig-size=\"660,440\" data-comments-opened=\"0\" data-image-meta=\"{&quot;aperture&quot;:&quot;0&quot;,&quot;credit&quot;:&quot;&quot;,&quot;camera&quot;:&quot;&quot;,&quot;caption&quot;:&quot;&quot;,&quot;created_timestamp&quot;:&quot;0&quot;,&quot;copyright&quot;:&quot;&quot;,&quot;focal_length&quot;:&quot;0&quot;,&quot;iso&quot;:&quot;0&quot;,&quot;shutter_speed&quot;:&quot;0&quot;,&quot;title&quot;:&quot;&quot;,&quot;orientation&quot;:&quot;0&quot;}\" data-image-title=\"w704\" data-image-description=\"\" data-image-caption=\"\" data-medium-file=\"https:\/\/www.grieta.org.mx\/wp-content\/uploads\/2016\/08\/w704-7-300x200.jpg\" data-large-file=\"https:\/\/www.grieta.org.mx\/wp-content\/uploads\/2016\/08\/w704-7.jpg\" src=\"http:\/\/www.grieta.org.mx\/wp-content\/uploads\/2016\/08\/w704-7-300x200.jpg\" alt=\"w704\" width=\"300\" height=\"200\" class=\"aligncenter size-medium wp-image-19621\" srcset=\"https:\/\/www.grieta.org.mx\/wp-content\/uploads\/2016\/08\/w704-7-300x200.jpg 300w, https:\/\/www.grieta.org.mx\/wp-content\/uploads\/2016\/08\/w704-7.jpg 660w\" sizes=\"auto, (max-width: 300px) 100vw, 300px\" \/><\/p>\n<p>Mexicali, 10 de agosto.- Los 50 migrantes africanos que fueron detenidos por 24 horas en las instalaciones del Instituto Nacional de Migraci\u00f3n (INM) de Mexicali, fueron liberados la ma\u00f1ana de este mi\u00e9rcoles y podr\u00edan arribar a Tijuana este mismo d\u00eda para pedir asilo pol\u00edtico al gobierno estadunidense en la garita de San Ysidro.<\/p>\n<p>El autoridad migratoria dependiente de la Secretar\u00eda de Gobernaci\u00f3n inform\u00f3 que el medio centenar de migrantes presentaron un permiso de estancia legal en el pa\u00eds con vigencia de 30 d\u00edas, el cual fue expedido en Tapachula, Chiapas.<\/p>\n<p>Conformado por hombres, mujeres y ni\u00f1os: 46 personas de El Congo; dos de Ghana; uno de Costa de Marfil; uno de Togo, y un hombre guatemalteco acompa\u00f1ado de sus tres hijos menores de edad originarios de M\u00e9xico, el grupo que viajaba en al menos dos camiones.<\/p>\n<p>Transitaron m\u00e1s de tres mil 700 kil\u00f3metros sin ning\u00fan contratiempo, hasta que fueron detenidos el martes en el punto de inspecci\u00f3n militar y federal Miguel Alem\u00e1n, ubicado en los primeros metros de la capital del estado, tras cruzar el puente de San Luis R\u00edo Colorado, Sonora.<\/p>\n<p>El medio centenar de africanos se suman a los dos grupos del mismo continente que han arribado a Baja California desde el mes de mayo en buscar de refugio en Estados Unidos por los conflictos armados y hambruna que hay en sus pa\u00edses.<\/p>\n<p>Por su parte, el delegado de la Secretar\u00eda de Gobernaci\u00f3n, Jos\u00e9 Luis Hern\u00e1ndez Ibarra se\u00f1al\u00f3 dio a conocer que fueron tres camiones en los que viajaban personas originarias de \u00c1frica, pero que solamente se revis\u00f3 a uno de ellos.<\/p>\n<p>Declar\u00f3 que la Segob inici\u00f3 una averiguaci\u00f3n previa para conocer los detalles de la forma en que viajaron y quienes eran.<\/p>\n<p>Hern\u00e1ndez Ibarra se\u00f1al\u00f3 que est\u00e1n rastreando a los otros dos camiones para verificar la procedencia de las unidades y la identidad de sus pasajeros.<\/p>\n<p><a href=\"http:\/\/jornadabc.mx\/tijuana\/10-08-2016\/libera-inm-al-grupo-de-migrantes-detenidos-en-mexicali\" target=\"_blank\">http:\/\/jornadabc.mx\/tijuana\/10-08-2016\/libera-inm-al-grupo-de-migrantes-detenidos-en-mexicali<\/a><\/p>\n","protected":false},"excerpt":{"rendered":"<p>Mexicali, 10 de agosto.- Los 50 migrantes africanos que fueron detenidos por 24 horas en las instalaciones del Instituto Nacional de Migraci\u00f3n (INM) de Mexicali, fueron liberados la ma\u00f1ana de &hellip; <a href=\"https:\/\/www.grieta.org.mx\/index.php\/2016\/08\/10\/libera-inm-al-grupo-de-migrantes-detenidos-en-mexicali\/\" class=\"more-link\">Leer m\u00e1s<\/a><\/p>\n","protected":false},"author":2,"featured_media":21928,"comment_status":"closed","ping_status":"closed","sticky":false,"template":"","format":"standard","meta":{"ngg_post_thumbnail":0,"_jetpack_newsletter_access":"","_jetpack_dont_email_post_to_subs":false,"_jetpack_newsletter_tier_id":0,"_jetpack_memberships_contains_paywalled_content":false,"_jetpack_memberships_contains_paid_content":false,"footnotes":""},"categories":[80,86],"tags":[158,847],"class_list":["post-19620","post","type-post","status-publish","format-standard","has-post-thumbnail","hentry","category-cintillo","category-migrantes","tag-migrantes","tag-tijuana","entry"],"jetpack_featured_media_url":"https:\/\/www.grieta.org.mx\/wp-content\/uploads\/2018\/03\/14524434_1106112876131411_958039263622046936_o.jpg","jetpack_sharing_enabled":true,"jetpack_shortlink":"https:\/\/wp.me\/p7ZJR4-56s","jetpack_likes_enabled":false,"jetpack-related-posts":[{"id":19616,"url":"https:\/\/www.grieta.org.mx\/index.php\/2016\/08\/10\/detienen-en-mexicali-a-convoy-de-migrantes-africanos-con-rumbo-a-tijuana\/","url_meta":{"origin":19620,"position":0},"title":"Detienen en Mexicali a convoy de migrantes africanos con rumbo a Tijuana","author":"grieta","date":"10 agosto, 2016","format":false,"excerpt":"Mexicali, 10 de agosto.- M\u00e1s de 50 personas originarias de \u00c1frica que se dirig\u00edan a Tijuana fueron detenidos en un ret\u00e9n militar de Mexicali y trasladados a las oficinas del Instituto Nacional de Migraci\u00f3n (INM) con el objetivo de revisar su situaci\u00f3n migratoria. La ma\u00f1ana de este martes, dos camiones\u2026","rel":"","context":"En &quot;CINTILLO&quot;","block_context":{"text":"CINTILLO","link":"https:\/\/www.grieta.org.mx\/index.php\/category\/cintillo\/"},"img":{"alt_text":"","src":"https:\/\/i0.wp.com\/www.grieta.org.mx\/wp-content\/uploads\/2018\/03\/14524434_1106112876131411_958039263622046936_o.jpg?resize=350%2C200&ssl=1","width":350,"height":200,"srcset":"https:\/\/i0.wp.com\/www.grieta.org.mx\/wp-content\/uploads\/2018\/03\/14524434_1106112876131411_958039263622046936_o.jpg?resize=350%2C200&ssl=1 1x, https:\/\/i0.wp.com\/www.grieta.org.mx\/wp-content\/uploads\/2018\/03\/14524434_1106112876131411_958039263622046936_o.jpg?resize=525%2C300&ssl=1 1.5x, https:\/\/i0.wp.com\/www.grieta.org.mx\/wp-content\/uploads\/2018\/03\/14524434_1106112876131411_958039263622046936_o.jpg?resize=700%2C400&ssl=1 2x"},"classes":[]},{"id":8700,"url":"https:\/\/www.grieta.org.mx\/index.php\/2016\/08\/31\/secuestro-de-migrantes-en-bc\/","url_meta":{"origin":19620,"position":1},"title":"Migrantes inundan Baja California","author":"grieta","date":"31 agosto, 2016","format":false,"excerpt":"31\/08\/16. Contin\u00faa llegada de migrantes extranjeros y mexicanos que buscan asilo en EU La Jornada Baja California 20\/08\/16. A la baja llegada de migrantes a BC que quieren asilo en EU El Sol de Puebla 10\/08\/16. Libera INM al grupo de migrantes detenidos en Mexicali La Jornada Baja California 10\/08\/16.\u2026","rel":"","context":"En &quot;Baja California&quot;","block_context":{"text":"Baja California","link":"https:\/\/www.grieta.org.mx\/index.php\/category\/noticias-nacionales\/baja-california\/"},"img":{"alt_text":"","src":"https:\/\/i0.wp.com\/www.grieta.org.mx\/wp-content\/uploads\/2018\/03\/14524434_1106112876131411_958039263622046936_o.jpg?resize=350%2C200&ssl=1","width":350,"height":200,"srcset":"https:\/\/i0.wp.com\/www.grieta.org.mx\/wp-content\/uploads\/2018\/03\/14524434_1106112876131411_958039263622046936_o.jpg?resize=350%2C200&ssl=1 1x, https:\/\/i0.wp.com\/www.grieta.org.mx\/wp-content\/uploads\/2018\/03\/14524434_1106112876131411_958039263622046936_o.jpg?resize=525%2C300&ssl=1 1.5x, https:\/\/i0.wp.com\/www.grieta.org.mx\/wp-content\/uploads\/2018\/03\/14524434_1106112876131411_958039263622046936_o.jpg?resize=700%2C400&ssl=1 2x"},"classes":[]},{"id":30357,"url":"https:\/\/www.grieta.org.mx\/index.php\/2019\/03\/06\/arriba-grupo-de-400-migrantes-a-mexicali-38-son-ninos-baja-california\/","url_meta":{"origin":19620,"position":2},"title":"Arriba grupo de 400 migrantes a Mexicali; 38 son ni\u00f1os (Baja California)","author":"grieta","date":"6 marzo, 2019","format":false,"excerpt":"Zeta Tijuana. Eduardo Villa Lugo, Un grupo de alrededor de 400 centroamericanos arrib\u00f3 a Mexicali la madrugada de este mi\u00e9rcoles, confirm\u00f3 el director de Atenci\u00f3n a Migrantes, Gustavo Magallanes Cort\u00e9s. El funcionario indic\u00f3 que el grupo est\u00e1 conformado por 223 hombres, con 96 mujeres y un total de 38 ni\u00f1os,\u2026","rel":"","context":"En &quot;Baja California&quot;","block_context":{"text":"Baja California","link":"https:\/\/www.grieta.org.mx\/index.php\/category\/noticias-nacionales\/baja-california\/"},"img":{"alt_text":"","src":"https:\/\/i0.wp.com\/www.grieta.org.mx\/wp-content\/uploads\/2019\/03\/migrantes-4.jpg?resize=350%2C200&ssl=1","width":350,"height":200,"srcset":"https:\/\/i0.wp.com\/www.grieta.org.mx\/wp-content\/uploads\/2019\/03\/migrantes-4.jpg?resize=350%2C200&ssl=1 1x, https:\/\/i0.wp.com\/www.grieta.org.mx\/wp-content\/uploads\/2019\/03\/migrantes-4.jpg?resize=525%2C300&ssl=1 1.5x"},"classes":[]},{"id":27614,"url":"https:\/\/www.grieta.org.mx\/index.php\/2018\/11\/16\/crece-la-concentracion-de-migrantes-centroamericanos-en-tijuana-y-mexicali-llenan-albergues-y-refugios-en-bc\/","url_meta":{"origin":19620,"position":3},"title":"Crece la concentraci\u00f3n de migrantes centroamericanos en Tijuana y Mexicali; llenan albergues y refugios en BC","author":"grieta","date":"16 noviembre, 2018","format":false,"excerpt":"Antonio Heras Mexicali.- En las ciudades fronterizas de Baja California se concentraron 4 mil 757 migrantes pertenecientes a la Caravana del Migrante, de los cuales 3 mil 223 hondure\u00f1os, salvadore\u00f1os y guatemaltecos se encuentran en Tijuana y mil 534 en Mexicali. La mayor parte de los migrantes que permanecen en\u2026","rel":"","context":"En &quot;Baja California&quot;","block_context":{"text":"Baja California","link":"https:\/\/www.grieta.org.mx\/index.php\/category\/noticias-nacionales\/baja-california\/"},"img":{"alt_text":"","src":"https:\/\/i0.wp.com\/www.grieta.org.mx\/wp-content\/uploads\/2018\/11\/20181116_0940434234066610610159544.jpg?resize=350%2C200&ssl=1","width":350,"height":200,"srcset":"https:\/\/i0.wp.com\/www.grieta.org.mx\/wp-content\/uploads\/2018\/11\/20181116_0940434234066610610159544.jpg?resize=350%2C200&ssl=1 1x, https:\/\/i0.wp.com\/www.grieta.org.mx\/wp-content\/uploads\/2018\/11\/20181116_0940434234066610610159544.jpg?resize=525%2C300&ssl=1 1.5x"},"classes":[]},{"id":35724,"url":"https:\/\/www.grieta.org.mx\/index.php\/2019\/06\/30\/quedan-varados-49-migrantes-afroamericanos-en-carretera-slrc-mexicali-baja-california\/","url_meta":{"origin":19620,"position":4},"title":"Quedan varados 49 migrantes afroamericanos en carretera SLRC-Mexicali (Baja California)","author":"grieta","date":"30 junio, 2019","format":false,"excerpt":"Antonio Heras \/ Lindero Norte. Mexicali.- Medio centenar de migrantes afroamericanos quedaron varados en la carretera a Mexicali despu\u00e9s de cruzar el puente de peaje de San Lu\u00eds R\u00edo Colorado, Sonora. De manera inicial se report\u00f3 un accidente carretero la tarde de este s\u00e1bado, alredeor de las 17.30 horas, a\u2026","rel":"","context":"En &quot;Baja California&quot;","block_context":{"text":"Baja California","link":"https:\/\/www.grieta.org.mx\/index.php\/category\/noticias-nacionales\/baja-california\/"},"img":{"alt_text":"","src":"https:\/\/i0.wp.com\/www.grieta.org.mx\/wp-content\/uploads\/2019\/07\/IMG-20190629-WA0028.jpg?resize=350%2C200&ssl=1","width":350,"height":200,"srcset":"https:\/\/i0.wp.com\/www.grieta.org.mx\/wp-content\/uploads\/2019\/07\/IMG-20190629-WA0028.jpg?resize=350%2C200&ssl=1 1x, https:\/\/i0.wp.com\/www.grieta.org.mx\/wp-content\/uploads\/2019\/07\/IMG-20190629-WA0028.jpg?resize=525%2C300&ssl=1 1.5x, https:\/\/i0.wp.com\/www.grieta.org.mx\/wp-content\/uploads\/2019\/07\/IMG-20190629-WA0028.jpg?resize=700%2C400&ssl=1 2x"},"classes":[]},{"id":14684,"url":"https:\/\/www.grieta.org.mx\/index.php\/2016\/05\/03\/caen-dos-secuestradores-liberan-a-13-migrantes-en-mexicali\/","url_meta":{"origin":19620,"position":5},"title":"Caen dos secuestradores, liberan a 13 migrantes en Mexicali","author":"grieta","date":"3 mayo, 2016","format":false,"excerpt":"Once hombres y dos mujeres originarios de diversos estados del pa\u00eds y uno de ellos de El Salvador, fueron liberados tras permanecer secuestrados por varios d\u00edas y en donde relatan haber sido golpeados y amenazados por sus captores. En los hechos, ocurridos en Mexicali fueron detenidos dos presuntos responsables. De\u2026","rel":"","context":"En &quot;CINTILLO&quot;","block_context":{"text":"CINTILLO","link":"https:\/\/www.grieta.org.mx\/index.php\/category\/cintillo\/"},"img":{"alt_text":"","src":"https:\/\/i0.wp.com\/www.grieta.org.mx\/wp-content\/uploads\/2018\/03\/14524434_1106112876131411_958039263622046936_o.jpg?resize=350%2C200&ssl=1","width":350,"height":200,"srcset":"https:\/\/i0.wp.com\/www.grieta.org.mx\/wp-content\/uploads\/2018\/03\/14524434_1106112876131411_958039263622046936_o.jpg?resize=350%2C200&ssl=1 1x, https:\/\/i0.wp.com\/www.grieta.org.mx\/wp-content\/uploads\/2018\/03\/14524434_1106112876131411_958039263622046936_o.jpg?resize=525%2C300&ssl=1 1.5x, https:\/\/i0.wp.com\/www.grieta.org.mx\/wp-content\/uploads\/2018\/03\/14524434_1106112876131411_958039263622046936_o.jpg?resize=700%2C400&ssl=1 2x"},"classes":[]}],"_links":{"self":[{"href":"https:\/\/www.grieta.org.mx\/index.php\/wp-json\/wp\/v2\/posts\/19620","targetHints":{"allow":["GET"]}}],"collection":[{"href":"https:\/\/www.grieta.org.mx\/index.php\/wp-json\/wp\/v2\/posts"}],"about":[{"href":"https:\/\/www.grieta.org.mx\/index.php\/wp-json\/wp\/v2\/types\/post"}],"author":[{"embeddable":true,"href":"https:\/\/www.grieta.org.mx\/index.php\/wp-json\/wp\/v2\/users\/2"}],"replies":[{"embeddable":true,"href":"https:\/\/www.grieta.org.mx\/index.php\/wp-json\/wp\/v2\/comments?post=19620"}],"version-history":[{"count":1,"href":"https:\/\/www.grieta.org.mx\/index.php\/wp-json\/wp\/v2\/posts\/19620\/revisions"}],"predecessor-version":[{"id":19623,"href":"https:\/\/www.grieta.org.mx\/index.php\/wp-json\/wp\/v2\/posts\/19620\/revisions\/19623"}],"wp:featuredmedia":[{"embeddable":true,"href":"https:\/\/www.grieta.org.mx\/index.php\/wp-json\/wp\/v2\/media\/21928"}],"wp:attachment":[{"href":"https:\/\/www.grieta.org.mx\/index.php\/wp-json\/wp\/v2\/media?parent=19620"}],"wp:term":[{"taxonomy":"category","embeddable":true,"href":"https:\/\/www.grieta.org.mx\/index.php\/wp-json\/wp\/v2\/categories?post=19620"},{"taxonomy":"post_tag","embeddable":true,"href":"https:\/\/www.grieta.org.mx\/index.php\/wp-json\/wp\/v2\/tags?post=19620"}],"curies":[{"name":"wp","href":"https:\/\/api.w.org\/{rel}","templated":true}]}}