{"id":19616,"date":"2016-08-10T12:32:25","date_gmt":"2016-08-10T17:32:25","guid":{"rendered":"http:\/\/www.grieta.org.mx\/?p=19616"},"modified":"2016-08-15T12:35:07","modified_gmt":"2016-08-15T17:35:07","slug":"detienen-en-mexicali-a-convoy-de-migrantes-africanos-con-rumbo-a-tijuana","status":"publish","type":"post","link":"https:\/\/www.grieta.org.mx\/index.php\/2016\/08\/10\/detienen-en-mexicali-a-convoy-de-migrantes-africanos-con-rumbo-a-tijuana\/","title":{"rendered":"Detienen en Mexicali a convoy de migrantes africanos con rumbo a Tijuana"},"content":{"rendered":"<p><img loading=\"lazy\" decoding=\"async\" data-attachment-id=\"19617\" data-permalink=\"https:\/\/www.grieta.org.mx\/index.php\/2016\/08\/10\/detienen-en-mexicali-a-convoy-de-migrantes-africanos-con-rumbo-a-tijuana\/w704-40\/\" data-orig-file=\"https:\/\/www.grieta.org.mx\/wp-content\/uploads\/2016\/08\/w704-6.jpg\" data-orig-size=\"660,440\" data-comments-opened=\"0\" data-image-meta=\"{&quot;aperture&quot;:&quot;0&quot;,&quot;credit&quot;:&quot;&quot;,&quot;camera&quot;:&quot;&quot;,&quot;caption&quot;:&quot;&quot;,&quot;created_timestamp&quot;:&quot;0&quot;,&quot;copyright&quot;:&quot;&quot;,&quot;focal_length&quot;:&quot;0&quot;,&quot;iso&quot;:&quot;0&quot;,&quot;shutter_speed&quot;:&quot;0&quot;,&quot;title&quot;:&quot;&quot;,&quot;orientation&quot;:&quot;0&quot;}\" data-image-title=\"w704\" data-image-description=\"\" data-image-caption=\"\" data-medium-file=\"https:\/\/www.grieta.org.mx\/wp-content\/uploads\/2016\/08\/w704-6-300x200.jpg\" data-large-file=\"https:\/\/www.grieta.org.mx\/wp-content\/uploads\/2016\/08\/w704-6.jpg\" src=\"http:\/\/www.grieta.org.mx\/wp-content\/uploads\/2016\/08\/w704-6-300x200.jpg\" alt=\"w704\" width=\"300\" height=\"200\" class=\"aligncenter size-medium wp-image-19617\" srcset=\"https:\/\/www.grieta.org.mx\/wp-content\/uploads\/2016\/08\/w704-6-300x200.jpg 300w, https:\/\/www.grieta.org.mx\/wp-content\/uploads\/2016\/08\/w704-6.jpg 660w\" sizes=\"auto, (max-width: 300px) 100vw, 300px\" \/><\/p>\n<p>Mexicali, 10 de agosto.- M\u00e1s de 50 personas originarias de \u00c1frica que se dirig\u00edan a Tijuana fueron detenidos en un ret\u00e9n militar de Mexicali y trasladados a las oficinas del Instituto Nacional de Migraci\u00f3n (INM) con el objetivo de revisar su situaci\u00f3n migratoria.<\/p>\n<p>La ma\u00f1ana de este martes, dos camiones de pasajeros procedentes de la frontera sur del pa\u00eds fueron inspeccionados por militares y personal del INM ya que en ellos viajaban al menos 52 migrantes, entre ellos mujeres y ni\u00f1os, que declararon ser oriundos de El Congo.<\/p>\n<p>Aunque mostraron identificaciones y un permiso de libre tr\u00e1nsito expedido en la garita de Tapachula, Chiapas, los africanos fueron llevados al puerto fronterizo de la Zona Centro de Mexicali, en donde se ubican las oficinas migratorias, para revisar su documentaci\u00f3n.<\/p>\n<p>Autoridades migratorias dieron a conocer que no todos los migrantes contaban con el documento marcado como \u201choja de salida\u201d, el cual les permite transitar por el pa\u00eds por 10 d\u00edas con una posible ampliaci\u00f3n de hasta tres meses.<\/p>\n<p>El INM confirm\u00f3 que despu\u00e9s de 24 horas revisi\u00f3n, los dos camiones fue liberado pero no se inform\u00f3 cuantos africanos viajaban en cada unidad.<\/p>\n<p>A finales de mayo y junio m\u00e1s de 200 de africanos originarios de Ghana, Guinea y Angola arribaron a la ciudad de Tijuana con la intenci\u00f3n de pedir asilo pol\u00edtico a Estados Unidos por la garita de San Ysidro.<\/p>\n<p>Los m\u00e1s de 50 africanos detenidos este martes manifestaron a las autoridades migratorias que solicitar\u00edan refugio a la uni\u00f3n americana por la situaci\u00f3n de hambruna y conflictos armados que se viven en sus pa\u00edses de origen.<\/p>\n<p><a href=\"http:\/\/jornadabc.mx\/tijuana\/10-08-2016\/detienen-en-mexicali-convoy-de-migrantes-africanos-con-rumbo-tijuana\" target=\"_blank\">http:\/\/jornadabc.mx\/tijuana\/10-08-2016\/detienen-en-mexicali-convoy-de-migrantes-africanos-con-rumbo-tijuana<\/a><\/p>\n","protected":false},"excerpt":{"rendered":"<p>Mexicali, 10 de agosto.- M\u00e1s de 50 personas originarias de \u00c1frica que se dirig\u00edan a Tijuana fueron detenidos en un ret\u00e9n militar de Mexicali y trasladados a las oficinas del &hellip; <a href=\"https:\/\/www.grieta.org.mx\/index.php\/2016\/08\/10\/detienen-en-mexicali-a-convoy-de-migrantes-africanos-con-rumbo-a-tijuana\/\" class=\"more-link\">Leer m\u00e1s<\/a><\/p>\n","protected":false},"author":2,"featured_media":21928,"comment_status":"closed","ping_status":"closed","sticky":false,"template":"","format":"standard","meta":{"ngg_post_thumbnail":0,"_jetpack_newsletter_access":"","_jetpack_dont_email_post_to_subs":false,"_jetpack_newsletter_tier_id":0,"_jetpack_memberships_contains_paywalled_content":false,"_jetpack_memberships_contains_paid_content":false,"footnotes":""},"categories":[80,86],"tags":[158,847],"class_list":["post-19616","post","type-post","status-publish","format-standard","has-post-thumbnail","hentry","category-cintillo","category-migrantes","tag-migrantes","tag-tijuana","entry"],"jetpack_featured_media_url":"https:\/\/www.grieta.org.mx\/wp-content\/uploads\/2018\/03\/14524434_1106112876131411_958039263622046936_o.jpg","jetpack_sharing_enabled":true,"jetpack_shortlink":"https:\/\/wp.me\/p7ZJR4-56o","jetpack_likes_enabled":false,"jetpack-related-posts":[{"id":19620,"url":"https:\/\/www.grieta.org.mx\/index.php\/2016\/08\/10\/libera-inm-al-grupo-de-migrantes-detenidos-en-mexicali\/","url_meta":{"origin":19616,"position":0},"title":"Libera INM al grupo de migrantes detenidos en Mexicali","author":"grieta","date":"10 agosto, 2016","format":false,"excerpt":"Mexicali, 10 de agosto.- Los 50 migrantes africanos que fueron detenidos por 24 horas en las instalaciones del Instituto Nacional de Migraci\u00f3n (INM) de Mexicali, fueron liberados la ma\u00f1ana de este mi\u00e9rcoles y podr\u00edan arribar a Tijuana este mismo d\u00eda para pedir asilo pol\u00edtico al gobierno estadunidense en la garita\u2026","rel":"","context":"En &quot;CINTILLO&quot;","block_context":{"text":"CINTILLO","link":"https:\/\/www.grieta.org.mx\/index.php\/category\/cintillo\/"},"img":{"alt_text":"","src":"https:\/\/i0.wp.com\/www.grieta.org.mx\/wp-content\/uploads\/2018\/03\/14524434_1106112876131411_958039263622046936_o.jpg?resize=350%2C200&ssl=1","width":350,"height":200,"srcset":"https:\/\/i0.wp.com\/www.grieta.org.mx\/wp-content\/uploads\/2018\/03\/14524434_1106112876131411_958039263622046936_o.jpg?resize=350%2C200&ssl=1 1x, https:\/\/i0.wp.com\/www.grieta.org.mx\/wp-content\/uploads\/2018\/03\/14524434_1106112876131411_958039263622046936_o.jpg?resize=525%2C300&ssl=1 1.5x, https:\/\/i0.wp.com\/www.grieta.org.mx\/wp-content\/uploads\/2018\/03\/14524434_1106112876131411_958039263622046936_o.jpg?resize=700%2C400&ssl=1 2x"},"classes":[]},{"id":8700,"url":"https:\/\/www.grieta.org.mx\/index.php\/2016\/08\/31\/secuestro-de-migrantes-en-bc\/","url_meta":{"origin":19616,"position":1},"title":"Migrantes inundan Baja California","author":"grieta","date":"31 agosto, 2016","format":false,"excerpt":"31\/08\/16. Contin\u00faa llegada de migrantes extranjeros y mexicanos que buscan asilo en EU La Jornada Baja California 20\/08\/16. A la baja llegada de migrantes a BC que quieren asilo en EU El Sol de Puebla 10\/08\/16. Libera INM al grupo de migrantes detenidos en Mexicali La Jornada Baja California 10\/08\/16.\u2026","rel":"","context":"En &quot;Baja California&quot;","block_context":{"text":"Baja California","link":"https:\/\/www.grieta.org.mx\/index.php\/category\/noticias-nacionales\/baja-california\/"},"img":{"alt_text":"","src":"https:\/\/i0.wp.com\/www.grieta.org.mx\/wp-content\/uploads\/2018\/03\/14524434_1106112876131411_958039263622046936_o.jpg?resize=350%2C200&ssl=1","width":350,"height":200,"srcset":"https:\/\/i0.wp.com\/www.grieta.org.mx\/wp-content\/uploads\/2018\/03\/14524434_1106112876131411_958039263622046936_o.jpg?resize=350%2C200&ssl=1 1x, https:\/\/i0.wp.com\/www.grieta.org.mx\/wp-content\/uploads\/2018\/03\/14524434_1106112876131411_958039263622046936_o.jpg?resize=525%2C300&ssl=1 1.5x, https:\/\/i0.wp.com\/www.grieta.org.mx\/wp-content\/uploads\/2018\/03\/14524434_1106112876131411_958039263622046936_o.jpg?resize=700%2C400&ssl=1 2x"},"classes":[]},{"id":27614,"url":"https:\/\/www.grieta.org.mx\/index.php\/2018\/11\/16\/crece-la-concentracion-de-migrantes-centroamericanos-en-tijuana-y-mexicali-llenan-albergues-y-refugios-en-bc\/","url_meta":{"origin":19616,"position":2},"title":"Crece la concentraci\u00f3n de migrantes centroamericanos en Tijuana y Mexicali; llenan albergues y refugios en BC","author":"grieta","date":"16 noviembre, 2018","format":false,"excerpt":"Antonio Heras Mexicali.- En las ciudades fronterizas de Baja California se concentraron 4 mil 757 migrantes pertenecientes a la Caravana del Migrante, de los cuales 3 mil 223 hondure\u00f1os, salvadore\u00f1os y guatemaltecos se encuentran en Tijuana y mil 534 en Mexicali. La mayor parte de los migrantes que permanecen en\u2026","rel":"","context":"En &quot;Baja California&quot;","block_context":{"text":"Baja California","link":"https:\/\/www.grieta.org.mx\/index.php\/category\/noticias-nacionales\/baja-california\/"},"img":{"alt_text":"","src":"https:\/\/i0.wp.com\/www.grieta.org.mx\/wp-content\/uploads\/2018\/11\/20181116_0940434234066610610159544.jpg?resize=350%2C200&ssl=1","width":350,"height":200,"srcset":"https:\/\/i0.wp.com\/www.grieta.org.mx\/wp-content\/uploads\/2018\/11\/20181116_0940434234066610610159544.jpg?resize=350%2C200&ssl=1 1x, https:\/\/i0.wp.com\/www.grieta.org.mx\/wp-content\/uploads\/2018\/11\/20181116_0940434234066610610159544.jpg?resize=525%2C300&ssl=1 1.5x"},"classes":[]},{"id":30357,"url":"https:\/\/www.grieta.org.mx\/index.php\/2019\/03\/06\/arriba-grupo-de-400-migrantes-a-mexicali-38-son-ninos-baja-california\/","url_meta":{"origin":19616,"position":3},"title":"Arriba grupo de 400 migrantes a Mexicali; 38 son ni\u00f1os (Baja California)","author":"grieta","date":"6 marzo, 2019","format":false,"excerpt":"Zeta Tijuana. Eduardo Villa Lugo, Un grupo de alrededor de 400 centroamericanos arrib\u00f3 a Mexicali la madrugada de este mi\u00e9rcoles, confirm\u00f3 el director de Atenci\u00f3n a Migrantes, Gustavo Magallanes Cort\u00e9s. El funcionario indic\u00f3 que el grupo est\u00e1 conformado por 223 hombres, con 96 mujeres y un total de 38 ni\u00f1os,\u2026","rel":"","context":"En &quot;Baja California&quot;","block_context":{"text":"Baja California","link":"https:\/\/www.grieta.org.mx\/index.php\/category\/noticias-nacionales\/baja-california\/"},"img":{"alt_text":"","src":"https:\/\/i0.wp.com\/www.grieta.org.mx\/wp-content\/uploads\/2019\/03\/migrantes-4.jpg?resize=350%2C200&ssl=1","width":350,"height":200,"srcset":"https:\/\/i0.wp.com\/www.grieta.org.mx\/wp-content\/uploads\/2019\/03\/migrantes-4.jpg?resize=350%2C200&ssl=1 1x, https:\/\/i0.wp.com\/www.grieta.org.mx\/wp-content\/uploads\/2019\/03\/migrantes-4.jpg?resize=525%2C300&ssl=1 1.5x"},"classes":[]},{"id":35724,"url":"https:\/\/www.grieta.org.mx\/index.php\/2019\/06\/30\/quedan-varados-49-migrantes-afroamericanos-en-carretera-slrc-mexicali-baja-california\/","url_meta":{"origin":19616,"position":4},"title":"Quedan varados 49 migrantes afroamericanos en carretera SLRC-Mexicali (Baja California)","author":"grieta","date":"30 junio, 2019","format":false,"excerpt":"Antonio Heras \/ Lindero Norte. Mexicali.- Medio centenar de migrantes afroamericanos quedaron varados en la carretera a Mexicali despu\u00e9s de cruzar el puente de peaje de San Lu\u00eds R\u00edo Colorado, Sonora. De manera inicial se report\u00f3 un accidente carretero la tarde de este s\u00e1bado, alredeor de las 17.30 horas, a\u2026","rel":"","context":"En &quot;Baja California&quot;","block_context":{"text":"Baja California","link":"https:\/\/www.grieta.org.mx\/index.php\/category\/noticias-nacionales\/baja-california\/"},"img":{"alt_text":"","src":"https:\/\/i0.wp.com\/www.grieta.org.mx\/wp-content\/uploads\/2019\/07\/IMG-20190629-WA0028.jpg?resize=350%2C200&ssl=1","width":350,"height":200,"srcset":"https:\/\/i0.wp.com\/www.grieta.org.mx\/wp-content\/uploads\/2019\/07\/IMG-20190629-WA0028.jpg?resize=350%2C200&ssl=1 1x, https:\/\/i0.wp.com\/www.grieta.org.mx\/wp-content\/uploads\/2019\/07\/IMG-20190629-WA0028.jpg?resize=525%2C300&ssl=1 1.5x, https:\/\/i0.wp.com\/www.grieta.org.mx\/wp-content\/uploads\/2019\/07\/IMG-20190629-WA0028.jpg?resize=700%2C400&ssl=1 2x"},"classes":[]},{"id":27645,"url":"https:\/\/www.grieta.org.mx\/index.php\/2018\/11\/19\/llegan-mil-500-integrantes-de-la-caravana-del-migrante-al-centro-de-mexicali-baja-california\/","url_meta":{"origin":19616,"position":5},"title":"Llegan mil 500 integrantes de la caravana del migrante al centro de Mexicali (Baja California)","author":"grieta","date":"19 noviembre, 2018","format":false,"excerpt":"Antonio Heras Mexicali.-Un contingente de mil 500 migrantes, la mayoria hondure\u00f1os, llegaron al centro de Mexicali donde anunciaron que permaneceran dos dias. Integrantes de la Caravana del Migrante arribaron a esta frontera durante el domingo donde permanecieron en un albergue improvisado en la colonia Abasolo en el Valle de Mexicali.\u2026","rel":"","context":"En &quot;Baja California&quot;","block_context":{"text":"Baja California","link":"https:\/\/www.grieta.org.mx\/index.php\/category\/noticias-nacionales\/baja-california\/"},"img":{"alt_text":"","src":"https:\/\/i0.wp.com\/www.grieta.org.mx\/wp-content\/uploads\/2018\/11\/img-20181119-wa00227479176288765151818.jpg?resize=350%2C200&ssl=1","width":350,"height":200,"srcset":"https:\/\/i0.wp.com\/www.grieta.org.mx\/wp-content\/uploads\/2018\/11\/img-20181119-wa00227479176288765151818.jpg?resize=350%2C200&ssl=1 1x, https:\/\/i0.wp.com\/www.grieta.org.mx\/wp-content\/uploads\/2018\/11\/img-20181119-wa00227479176288765151818.jpg?resize=525%2C300&ssl=1 1.5x"},"classes":[]}],"_links":{"self":[{"href":"https:\/\/www.grieta.org.mx\/index.php\/wp-json\/wp\/v2\/posts\/19616","targetHints":{"allow":["GET"]}}],"collection":[{"href":"https:\/\/www.grieta.org.mx\/index.php\/wp-json\/wp\/v2\/posts"}],"about":[{"href":"https:\/\/www.grieta.org.mx\/index.php\/wp-json\/wp\/v2\/types\/post"}],"author":[{"embeddable":true,"href":"https:\/\/www.grieta.org.mx\/index.php\/wp-json\/wp\/v2\/users\/2"}],"replies":[{"embeddable":true,"href":"https:\/\/www.grieta.org.mx\/index.php\/wp-json\/wp\/v2\/comments?post=19616"}],"version-history":[{"count":1,"href":"https:\/\/www.grieta.org.mx\/index.php\/wp-json\/wp\/v2\/posts\/19616\/revisions"}],"predecessor-version":[{"id":19618,"href":"https:\/\/www.grieta.org.mx\/index.php\/wp-json\/wp\/v2\/posts\/19616\/revisions\/19618"}],"wp:featuredmedia":[{"embeddable":true,"href":"https:\/\/www.grieta.org.mx\/index.php\/wp-json\/wp\/v2\/media\/21928"}],"wp:attachment":[{"href":"https:\/\/www.grieta.org.mx\/index.php\/wp-json\/wp\/v2\/media?parent=19616"}],"wp:term":[{"taxonomy":"category","embeddable":true,"href":"https:\/\/www.grieta.org.mx\/index.php\/wp-json\/wp\/v2\/categories?post=19616"},{"taxonomy":"post_tag","embeddable":true,"href":"https:\/\/www.grieta.org.mx\/index.php\/wp-json\/wp\/v2\/tags?post=19616"}],"curies":[{"name":"wp","href":"https:\/\/api.w.org\/{rel}","templated":true}]}}