{"id":1961,"date":"2015-11-14T18:45:34","date_gmt":"2015-11-14T18:45:34","guid":{"rendered":"http:\/\/50.22.11.12\/~grietaor\/?p=1961"},"modified":"2016-03-10T18:46:57","modified_gmt":"2016-03-10T18:46:57","slug":"marcha-seccion-22-vs-evaluacion-docente","status":"publish","type":"post","link":"https:\/\/www.grieta.org.mx\/index.php\/2015\/11\/14\/marcha-seccion-22-vs-evaluacion-docente\/","title":{"rendered":"Marcha Secci\u00f3n 22 vs evaluaci\u00f3n docente"},"content":{"rendered":"<p>Jazm\u00edn G\u00d3MEZ, Oaxaca<\/p>\n<p>OAXACA, (p\u00e1gina3.mx).- Integrantes de la Secci\u00f3n 22 del Sindicato Nacional de Trabajadores de la Educaci\u00f3n (SNTE), adherida a la Coordinadora Nacional de Trabajadores (CNTE) realizaron movilizaciones en la capital del estado y en otras regiones en contra de la evaluaci\u00f3n educativa anunciada para este d\u00eda por la Secretar\u00eda de Educaci\u00f3n P\u00fablica (SEP) y pospuesta para dentro de dos semanas.<br \/>\nRumbo al Monumento a Ju\u00e1rez, los mentores rompieron vidrios del Instituto de Evaluaci\u00f3n del IEEPO y realizaron pintas con leyendas como \u201cabajo la Reforma Educativa\u201d.<br \/>\nEl secretario general, Rub\u00e9n N\u00fa\u00f1ez Gin\u00e9s, dijo que el acuerdo de la asamblea estatal es accionar estos dos d\u00edas, s\u00e1bado y domingo, en el marco de la farsa de la SEP de aplicar el examen a las y los docentes.<br \/>\n\u201cLas acciones se est\u00e1n acordando a partir de la asamblea estatal, en caso de haber otras acciones en la capital lo tendr\u00e1 que definir valles centrales\u201d, dijo el dirigente.<\/p>\n<p>Insisti\u00f3 en que no acudir\u00e1n a ning\u00fan llamado a la evaluaci\u00f3n, y seguir\u00e1n en exigencia de la aprobaci\u00f3n delPlan por la Transformaci\u00f3n de la Educaci\u00f3n (PTEO).<br \/>\nSe\u00f1al\u00f3 que no hay temor a represalias debido a que cuentan con el apoyo de padres y madres de familia en su lucha magisterial, pero adem\u00e1s porque est\u00e1n conscientes de ser un gran movimiento.<br \/>\nFinalmente, expres\u00f3 que est\u00e1n en la misma postura de incitar un paro indefinido de labores si hay descuentos a profesores que se resisten a la \u201cfalsa\u201d evaluaci\u00f3n docente que deriva de la Reforma Educativa.<\/p>\n<p><a href=\"http:\/\/pagina3.mx\/2015\/11\/marcha-seccion-22-vs-evaluacion-docente\/\" target=\"_blank\">pagina3.mx\/2015\/11\/marcha-seccion-22-vs-evaluacion-docente\/<\/a><\/p>\n","protected":false},"excerpt":{"rendered":"<p>Jazm\u00edn G\u00d3MEZ, Oaxaca OAXACA, (p\u00e1gina3.mx).- Integrantes de la Secci\u00f3n 22 del Sindicato Nacional de Trabajadores de la Educaci\u00f3n (SNTE), adherida a la Coordinadora Nacional de Trabajadores (CNTE) realizaron movilizaciones en &hellip; <a href=\"https:\/\/www.grieta.org.mx\/index.php\/2015\/11\/14\/marcha-seccion-22-vs-evaluacion-docente\/\" class=\"more-link\">Leer m\u00e1s<\/a><\/p>\n","protected":false},"author":2,"featured_media":21928,"comment_status":"closed","ping_status":"open","sticky":false,"template":"","format":"standard","meta":{"ngg_post_thumbnail":0,"_jetpack_newsletter_access":"","_jetpack_dont_email_post_to_subs":false,"_jetpack_newsletter_tier_id":0,"_jetpack_memberships_contains_paywalled_content":false,"_jetpack_memberships_contains_paid_content":false,"footnotes":""},"categories":[80],"tags":[134,133,93,135],"class_list":["post-1961","post","type-post","status-publish","format-standard","has-post-thumbnail","hentry","category-cintillo","tag-cnte","tag-maestros","tag-oaxaca","tag-reforma-educativa","entry"],"jetpack_featured_media_url":"https:\/\/www.grieta.org.mx\/wp-content\/uploads\/2018\/03\/14524434_1106112876131411_958039263622046936_o.jpg","jetpack_sharing_enabled":true,"jetpack_shortlink":"https:\/\/wp.me\/p7ZJR4-vD","jetpack_likes_enabled":false,"jetpack-related-posts":[{"id":1978,"url":"https:\/\/www.grieta.org.mx\/index.php\/2015\/11\/27\/ni-los-19-mil-policias-intimidan-a-la-s-22-y-reitera-que-la-evaluacion-no-tiene-cabida-en-oaxaca\/","url_meta":{"origin":1961,"position":0},"title":"Ni los 19 mil polic\u00edas intimidan a la S-22 y reitera que la evaluaci\u00f3n no tiene cabida en Oaxaca","author":"grieta","date":"27 noviembre, 2015","format":false,"excerpt":"Pedro Mat\u00edas, Oaxaca OAXACA, Oax. (pagina3.mx).- \u201cYa cay\u00f3, ya cay\u00f3, la reforma ya cay\u00f3\u201d, \u201cDe norte a sur, de este a oeste, ganaremos esta lucha cueste lo que cueste\u201d y \u201cOaxaca no es cuartel fuera ej\u00e9rcito de \u00e9l\u201d, fueron las consignas que se corearon cuando el l\u00edder de la Secci\u00f3n\u2026","rel":"","context":"En &quot;CINTILLO&quot;","block_context":{"text":"CINTILLO","link":"https:\/\/www.grieta.org.mx\/index.php\/category\/cintillo\/"},"img":{"alt_text":"","src":"https:\/\/i0.wp.com\/www.grieta.org.mx\/wp-content\/uploads\/2018\/03\/14524434_1106112876131411_958039263622046936_o.jpg?resize=350%2C200&ssl=1","width":350,"height":200,"srcset":"https:\/\/i0.wp.com\/www.grieta.org.mx\/wp-content\/uploads\/2018\/03\/14524434_1106112876131411_958039263622046936_o.jpg?resize=350%2C200&ssl=1 1x, https:\/\/i0.wp.com\/www.grieta.org.mx\/wp-content\/uploads\/2018\/03\/14524434_1106112876131411_958039263622046936_o.jpg?resize=525%2C300&ssl=1 1.5x, https:\/\/i0.wp.com\/www.grieta.org.mx\/wp-content\/uploads\/2018\/03\/14524434_1106112876131411_958039263622046936_o.jpg?resize=700%2C400&ssl=1 2x"},"classes":[]},{"id":21076,"url":"https:\/\/www.grieta.org.mx\/index.php\/2016\/09\/02\/cierra-seccion-22-plazas-comerciales-de-oaxaca\/","url_meta":{"origin":1961,"position":1},"title":"Cierra secci\u00f3n 22 plazas comerciales de Oaxaca","author":"grieta","date":"2 septiembre, 2016","format":false,"excerpt":"Quadrat\u00edn. Luis Jer\u00f3nimo, Oaxaca.- Maestros de la Secci\u00f3n 22 del Sindicato Nacional de Trabajadores de la Educaci\u00f3n (SNTE) bloquearon los accesos a plazas comerciales de Oaxaca, en protesta contra la reforma educativa. Los docentes tomaron las entradas de la Plaza Oaxaca, Plaza del Valle y Macroplaza, en la que impidieron\u2026","rel":"","context":"En &quot;CINTILLO&quot;","block_context":{"text":"CINTILLO","link":"https:\/\/www.grieta.org.mx\/index.php\/category\/cintillo\/"},"img":{"alt_text":"","src":"https:\/\/i0.wp.com\/www.grieta.org.mx\/wp-content\/uploads\/2018\/03\/14524434_1106112876131411_958039263622046936_o.jpg?resize=350%2C200&ssl=1","width":350,"height":200,"srcset":"https:\/\/i0.wp.com\/www.grieta.org.mx\/wp-content\/uploads\/2018\/03\/14524434_1106112876131411_958039263622046936_o.jpg?resize=350%2C200&ssl=1 1x, https:\/\/i0.wp.com\/www.grieta.org.mx\/wp-content\/uploads\/2018\/03\/14524434_1106112876131411_958039263622046936_o.jpg?resize=525%2C300&ssl=1 1.5x, https:\/\/i0.wp.com\/www.grieta.org.mx\/wp-content\/uploads\/2018\/03\/14524434_1106112876131411_958039263622046936_o.jpg?resize=700%2C400&ssl=1 2x"},"classes":[]},{"id":15919,"url":"https:\/\/www.grieta.org.mx\/index.php\/2016\/07\/01\/marchan-cnte-y-la-disidencia-contra-reforma\/","url_meta":{"origin":1961,"position":2},"title":"Marchan CNTE y la disidencia contra reforma","author":"grieta","date":"1 julio, 2016","format":false,"excerpt":"Jos\u00e9 Antonio Alcaraz I Pachuca Dos contingentes tomaron calles y avenidas para exigir la renuncia de Aurelio Nu\u00f1o, titular de la SEP Maestros pertenecientes a la Coordinadora Nacional de Trabaja-dores de la Educaci\u00f3n (CNTE) y al Movimiento de Bases de Hidalgo marcharon la tarde de ayer, por separado, para exigir\u2026","rel":"","context":"En &quot;CINTILLO&quot;","block_context":{"text":"CINTILLO","link":"https:\/\/www.grieta.org.mx\/index.php\/category\/cintillo\/"},"img":{"alt_text":"","src":"https:\/\/i0.wp.com\/www.grieta.org.mx\/wp-content\/uploads\/2018\/03\/14524434_1106112876131411_958039263622046936_o.jpg?resize=350%2C200&ssl=1","width":350,"height":200,"srcset":"https:\/\/i0.wp.com\/www.grieta.org.mx\/wp-content\/uploads\/2018\/03\/14524434_1106112876131411_958039263622046936_o.jpg?resize=350%2C200&ssl=1 1x, https:\/\/i0.wp.com\/www.grieta.org.mx\/wp-content\/uploads\/2018\/03\/14524434_1106112876131411_958039263622046936_o.jpg?resize=525%2C300&ssl=1 1.5x, https:\/\/i0.wp.com\/www.grieta.org.mx\/wp-content\/uploads\/2018\/03\/14524434_1106112876131411_958039263622046936_o.jpg?resize=700%2C400&ssl=1 2x"},"classes":[]},{"id":10631,"url":"https:\/\/www.grieta.org.mx\/index.php\/2016\/04\/16\/en-rechazo-a-la-reforma-educativa-la-seccion-22-acciona-en-el-istmo\/","url_meta":{"origin":1961,"position":3},"title":"En rechazo a la reforma educativa la secci\u00f3n 22 acciona en el istmo","author":"grieta","date":"16 abril, 2016","format":false,"excerpt":"Diana Manzo, Oaxaca Juchit\u00e1n 16 abr (#Istmopress) .- Unos 2 mil maestros de la Secci\u00f3n 22 de la CNTE en el Istmo de Tehuantepec encabezaron dos bloqueos carreteros como parte de sus acciones contra la reforma educativa, ley de educaci\u00f3n en Oaxaca y exigencia de la libertad de presos pol\u00edticos.\u2026","rel":"","context":"En &quot;CINTILLO&quot;","block_context":{"text":"CINTILLO","link":"https:\/\/www.grieta.org.mx\/index.php\/category\/cintillo\/"},"img":{"alt_text":"","src":"https:\/\/i0.wp.com\/www.grieta.org.mx\/wp-content\/uploads\/2018\/03\/14524434_1106112876131411_958039263622046936_o.jpg?resize=350%2C200&ssl=1","width":350,"height":200,"srcset":"https:\/\/i0.wp.com\/www.grieta.org.mx\/wp-content\/uploads\/2018\/03\/14524434_1106112876131411_958039263622046936_o.jpg?resize=350%2C200&ssl=1 1x, https:\/\/i0.wp.com\/www.grieta.org.mx\/wp-content\/uploads\/2018\/03\/14524434_1106112876131411_958039263622046936_o.jpg?resize=525%2C300&ssl=1 1.5x, https:\/\/i0.wp.com\/www.grieta.org.mx\/wp-content\/uploads\/2018\/03\/14524434_1106112876131411_958039263622046936_o.jpg?resize=700%2C400&ssl=1 2x"},"classes":[]},{"id":6274,"url":"https:\/\/www.grieta.org.mx\/index.php\/2015\/06\/30\/maestros-marchan-en-tabasco-contra-evaluacion-docente\/","url_meta":{"origin":1961,"position":4},"title":"Maestros marchan en Tabasco contra evaluaci\u00f3n docente","author":"grieta","date":"30 junio, 2015","format":false,"excerpt":"Juan Manuel Diego VILLAHERMOSA, TABASCO (30\/JUN\/2015).- Luego de un conato de enfrentamiento contra integrantes de la secci\u00f3n 29 del Sindicato Nacional de Trabajadores de la Educaci\u00f3n (SNTE), maestros disidentes del Sindicato Independiente de Trabajadores de la Educaci\u00f3n de Tabasco (SITET) marcharon contra la reforma educativa que contempla la evaluaci\u00f3n docente.\u2026","rel":"","context":"En &quot;CINTILLO&quot;","block_context":{"text":"CINTILLO","link":"https:\/\/www.grieta.org.mx\/index.php\/category\/cintillo\/"},"img":{"alt_text":"","src":"https:\/\/i0.wp.com\/www.grieta.org.mx\/wp-content\/uploads\/2018\/03\/14524434_1106112876131411_958039263622046936_o.jpg?resize=350%2C200&ssl=1","width":350,"height":200,"srcset":"https:\/\/i0.wp.com\/www.grieta.org.mx\/wp-content\/uploads\/2018\/03\/14524434_1106112876131411_958039263622046936_o.jpg?resize=350%2C200&ssl=1 1x, https:\/\/i0.wp.com\/www.grieta.org.mx\/wp-content\/uploads\/2018\/03\/14524434_1106112876131411_958039263622046936_o.jpg?resize=525%2C300&ssl=1 1.5x, https:\/\/i0.wp.com\/www.grieta.org.mx\/wp-content\/uploads\/2018\/03\/14524434_1106112876131411_958039263622046936_o.jpg?resize=700%2C400&ssl=1 2x"},"classes":[]},{"id":17226,"url":"https:\/\/www.grieta.org.mx\/index.php\/2016\/07\/19\/llega-caravana-por-nochixtlan-a-amilcingo-morelos\/","url_meta":{"origin":1961,"position":5},"title":"Llega &#8220;Caravana por Nochixtl\u00e1n&#8221; a Amilcingo (MORELOS)","author":"grieta","date":"19 julio, 2016","format":false,"excerpt":"Emmanuel Ruiz, Morelos. Autobuses, ambulancias, veh\u00edculos particulares y del gobierno de Oaxaca llegaron llenos de maestros, autoridades y habitantes de ese estado a la comunidad de Amilcingo, en el municipio de Temoac, Morelos, como parte de la \"Caravana Motorizada Oaxaca-M\u00e9xico\", en oposici\u00f3n a la reforma educativa, tras las muertes registradas\u2026","rel":"","context":"En &quot;CINTILLO&quot;","block_context":{"text":"CINTILLO","link":"https:\/\/www.grieta.org.mx\/index.php\/category\/cintillo\/"},"img":{"alt_text":"","src":"https:\/\/i0.wp.com\/www.grieta.org.mx\/wp-content\/uploads\/2018\/03\/14524434_1106112876131411_958039263622046936_o.jpg?resize=350%2C200&ssl=1","width":350,"height":200,"srcset":"https:\/\/i0.wp.com\/www.grieta.org.mx\/wp-content\/uploads\/2018\/03\/14524434_1106112876131411_958039263622046936_o.jpg?resize=350%2C200&ssl=1 1x, https:\/\/i0.wp.com\/www.grieta.org.mx\/wp-content\/uploads\/2018\/03\/14524434_1106112876131411_958039263622046936_o.jpg?resize=525%2C300&ssl=1 1.5x, https:\/\/i0.wp.com\/www.grieta.org.mx\/wp-content\/uploads\/2018\/03\/14524434_1106112876131411_958039263622046936_o.jpg?resize=700%2C400&ssl=1 2x"},"classes":[]}],"_links":{"self":[{"href":"https:\/\/www.grieta.org.mx\/index.php\/wp-json\/wp\/v2\/posts\/1961","targetHints":{"allow":["GET"]}}],"collection":[{"href":"https:\/\/www.grieta.org.mx\/index.php\/wp-json\/wp\/v2\/posts"}],"about":[{"href":"https:\/\/www.grieta.org.mx\/index.php\/wp-json\/wp\/v2\/types\/post"}],"author":[{"embeddable":true,"href":"https:\/\/www.grieta.org.mx\/index.php\/wp-json\/wp\/v2\/users\/2"}],"replies":[{"embeddable":true,"href":"https:\/\/www.grieta.org.mx\/index.php\/wp-json\/wp\/v2\/comments?post=1961"}],"version-history":[{"count":1,"href":"https:\/\/www.grieta.org.mx\/index.php\/wp-json\/wp\/v2\/posts\/1961\/revisions"}],"predecessor-version":[{"id":1962,"href":"https:\/\/www.grieta.org.mx\/index.php\/wp-json\/wp\/v2\/posts\/1961\/revisions\/1962"}],"wp:featuredmedia":[{"embeddable":true,"href":"https:\/\/www.grieta.org.mx\/index.php\/wp-json\/wp\/v2\/media\/21928"}],"wp:attachment":[{"href":"https:\/\/www.grieta.org.mx\/index.php\/wp-json\/wp\/v2\/media?parent=1961"}],"wp:term":[{"taxonomy":"category","embeddable":true,"href":"https:\/\/www.grieta.org.mx\/index.php\/wp-json\/wp\/v2\/categories?post=1961"},{"taxonomy":"post_tag","embeddable":true,"href":"https:\/\/www.grieta.org.mx\/index.php\/wp-json\/wp\/v2\/tags?post=1961"}],"curies":[{"name":"wp","href":"https:\/\/api.w.org\/{rel}","templated":true}]}}