{"id":19605,"date":"2016-08-03T01:18:57","date_gmt":"2016-08-03T06:18:57","guid":{"rendered":"http:\/\/www.grieta.org.mx\/?p=19605"},"modified":"2019-03-03T23:32:29","modified_gmt":"2019-03-04T05:32:29","slug":"maestros-se-manifiestan-pacificamente-en-la-caseta-de-palmillas","status":"publish","type":"post","link":"https:\/\/www.grieta.org.mx\/index.php\/2016\/08\/03\/maestros-se-manifiestan-pacificamente-en-la-caseta-de-palmillas\/","title":{"rendered":"Maestros se manifiestan pac\u00edficamente en la caseta de Palmillas"},"content":{"rendered":"<p>Alma C\u00f3rdova\/AM Quer\u00e9taro<\/p>\n<blockquote><p>Los maestros, que se manifiestan en la caseta de Palmillas, permitieron el paso libre de los veh\u00edculos sin pago de peaje en la carretera M\u00e9xico-Quer\u00e9taro\n<\/p><\/blockquote>\n<p>Alrededor de 70 profesores de los estados de Quer\u00e9taro, Hidalgo y Estado de M\u00e9xico afiliados a la Coordinadora Nacional de Trabajadores de la Educaci\u00f3n (CNTE) se manifestaron en la caseta de Palmillas, en San Juan del R\u00edo, por lo que durante dos horas hubo paso libre de veh\u00edculos; de acuerdo con los manifestantes, esta movilizaci\u00f3n se sum\u00f3 a otras que se realizaron en diversos puntos del pa\u00eds ante la aprehensi\u00f3n de uno de los l\u00edderes de la CNTE en Oaxaca. Adem\u00e1s de los profesores, participaron algunos integrantes de la Uni\u00f3n Felipe Carrillo Puerto.<br \/>\n<img loading=\"lazy\" decoding=\"async\" data-attachment-id=\"19606\" data-permalink=\"https:\/\/www.grieta.org.mx\/index.php\/2016\/08\/03\/maestros-se-manifiestan-pacificamente-en-la-caseta-de-palmillas\/qro1\/\" data-orig-file=\"https:\/\/www.grieta.org.mx\/wp-content\/uploads\/2016\/08\/qro1.jpg\" data-orig-size=\"1293,862\" data-comments-opened=\"0\" data-image-meta=\"{&quot;aperture&quot;:&quot;0&quot;,&quot;credit&quot;:&quot;&quot;,&quot;camera&quot;:&quot;&quot;,&quot;caption&quot;:&quot;&quot;,&quot;created_timestamp&quot;:&quot;0&quot;,&quot;copyright&quot;:&quot;&quot;,&quot;focal_length&quot;:&quot;0&quot;,&quot;iso&quot;:&quot;0&quot;,&quot;shutter_speed&quot;:&quot;0&quot;,&quot;title&quot;:&quot;&quot;,&quot;orientation&quot;:&quot;0&quot;}\" data-image-title=\"qro1\" data-image-description=\"\" data-image-caption=\"\" data-medium-file=\"https:\/\/www.grieta.org.mx\/wp-content\/uploads\/2016\/08\/qro1-300x200.jpg\" data-large-file=\"https:\/\/www.grieta.org.mx\/wp-content\/uploads\/2016\/08\/qro1-1024x683.jpg\" src=\"http:\/\/www.grieta.org.mx\/wp-content\/uploads\/2016\/08\/qro1-300x200.jpg\" alt=\"qro1\" width=\"300\" height=\"200\" class=\"aligncenter size-medium wp-image-19606\" srcset=\"https:\/\/www.grieta.org.mx\/wp-content\/uploads\/2016\/08\/qro1-300x200.jpg 300w, https:\/\/www.grieta.org.mx\/wp-content\/uploads\/2016\/08\/qro1-768x512.jpg 768w, https:\/\/www.grieta.org.mx\/wp-content\/uploads\/2016\/08\/qro1-1024x683.jpg 1024w, https:\/\/www.grieta.org.mx\/wp-content\/uploads\/2016\/08\/qro1.jpg 1293w\" sizes=\"auto, (max-width: 300px) 100vw, 300px\" \/><\/p>\n<p><img loading=\"lazy\" decoding=\"async\" data-attachment-id=\"19607\" data-permalink=\"https:\/\/www.grieta.org.mx\/index.php\/2016\/08\/03\/maestros-se-manifiestan-pacificamente-en-la-caseta-de-palmillas\/qro2\/\" data-orig-file=\"https:\/\/www.grieta.org.mx\/wp-content\/uploads\/2016\/08\/qro2.jpg\" data-orig-size=\"1293,862\" data-comments-opened=\"0\" data-image-meta=\"{&quot;aperture&quot;:&quot;0&quot;,&quot;credit&quot;:&quot;&quot;,&quot;camera&quot;:&quot;&quot;,&quot;caption&quot;:&quot;&quot;,&quot;created_timestamp&quot;:&quot;0&quot;,&quot;copyright&quot;:&quot;&quot;,&quot;focal_length&quot;:&quot;0&quot;,&quot;iso&quot;:&quot;0&quot;,&quot;shutter_speed&quot;:&quot;0&quot;,&quot;title&quot;:&quot;&quot;,&quot;orientation&quot;:&quot;0&quot;}\" data-image-title=\"qro2\" data-image-description=\"\" data-image-caption=\"\" data-medium-file=\"https:\/\/www.grieta.org.mx\/wp-content\/uploads\/2016\/08\/qro2-300x200.jpg\" data-large-file=\"https:\/\/www.grieta.org.mx\/wp-content\/uploads\/2016\/08\/qro2-1024x683.jpg\" src=\"http:\/\/www.grieta.org.mx\/wp-content\/uploads\/2016\/08\/qro2-300x200.jpg\" alt=\"qro2\" width=\"300\" height=\"200\" class=\"aligncenter size-medium wp-image-19607\" srcset=\"https:\/\/www.grieta.org.mx\/wp-content\/uploads\/2016\/08\/qro2-300x200.jpg 300w, https:\/\/www.grieta.org.mx\/wp-content\/uploads\/2016\/08\/qro2-768x512.jpg 768w, https:\/\/www.grieta.org.mx\/wp-content\/uploads\/2016\/08\/qro2-1024x683.jpg 1024w, https:\/\/www.grieta.org.mx\/wp-content\/uploads\/2016\/08\/qro2.jpg 1293w\" sizes=\"auto, (max-width: 300px) 100vw, 300px\" \/><\/p>\n<p><img loading=\"lazy\" decoding=\"async\" data-attachment-id=\"19608\" data-permalink=\"https:\/\/www.grieta.org.mx\/index.php\/2016\/08\/03\/maestros-se-manifiestan-pacificamente-en-la-caseta-de-palmillas\/qro3\/\" data-orig-file=\"https:\/\/www.grieta.org.mx\/wp-content\/uploads\/2016\/08\/qro3.jpg\" data-orig-size=\"1293,862\" data-comments-opened=\"0\" data-image-meta=\"{&quot;aperture&quot;:&quot;0&quot;,&quot;credit&quot;:&quot;&quot;,&quot;camera&quot;:&quot;&quot;,&quot;caption&quot;:&quot;&quot;,&quot;created_timestamp&quot;:&quot;0&quot;,&quot;copyright&quot;:&quot;&quot;,&quot;focal_length&quot;:&quot;0&quot;,&quot;iso&quot;:&quot;0&quot;,&quot;shutter_speed&quot;:&quot;0&quot;,&quot;title&quot;:&quot;&quot;,&quot;orientation&quot;:&quot;0&quot;}\" data-image-title=\"qro3\" data-image-description=\"\" data-image-caption=\"\" data-medium-file=\"https:\/\/www.grieta.org.mx\/wp-content\/uploads\/2016\/08\/qro3-300x200.jpg\" data-large-file=\"https:\/\/www.grieta.org.mx\/wp-content\/uploads\/2016\/08\/qro3-1024x683.jpg\" src=\"http:\/\/www.grieta.org.mx\/wp-content\/uploads\/2016\/08\/qro3-300x200.jpg\" alt=\"qro3\" width=\"300\" height=\"200\" class=\"aligncenter size-medium wp-image-19608\" srcset=\"https:\/\/www.grieta.org.mx\/wp-content\/uploads\/2016\/08\/qro3-300x200.jpg 300w, https:\/\/www.grieta.org.mx\/wp-content\/uploads\/2016\/08\/qro3-768x512.jpg 768w, https:\/\/www.grieta.org.mx\/wp-content\/uploads\/2016\/08\/qro3-1024x683.jpg 1024w, https:\/\/www.grieta.org.mx\/wp-content\/uploads\/2016\/08\/qro3.jpg 1293w\" sizes=\"auto, (max-width: 300px) 100vw, 300px\" \/><\/p>\n<p><a href=\"http:\/\/amqueretaro.com\/queretaro\/2016\/08\/03\/maestros-se-manifiestan-pacificamente-en-la-caseta-de-palmillas\" target=\"_blank\">http:\/\/amqueretaro.com\/queretaro\/2016\/08\/03\/maestros-se-manifiestan-pacificamente-en-la-caseta-de-palmillas<\/a><\/p>\n","protected":false},"excerpt":{"rendered":"<p>Alma C\u00f3rdova\/AM Quer\u00e9taro Los maestros, que se manifiestan en la caseta de Palmillas, permitieron el paso libre de los veh\u00edculos sin pago de peaje en la carretera M\u00e9xico-Quer\u00e9taro Alrededor de &hellip; <a href=\"https:\/\/www.grieta.org.mx\/index.php\/2016\/08\/03\/maestros-se-manifiestan-pacificamente-en-la-caseta-de-palmillas\/\" class=\"more-link\">Leer m\u00e1s<\/a><\/p>\n","protected":false},"author":2,"featured_media":21928,"comment_status":"closed","ping_status":"closed","sticky":false,"template":"","format":"standard","meta":{"ngg_post_thumbnail":0,"_jetpack_newsletter_access":"","_jetpack_dont_email_post_to_subs":false,"_jetpack_newsletter_tier_id":0,"_jetpack_memberships_contains_paywalled_content":false,"_jetpack_memberships_contains_paid_content":false,"footnotes":""},"categories":[80,27,2241],"tags":[480,135,294],"class_list":["post-19605","post","type-post","status-publish","format-standard","has-post-thumbnail","hentry","category-cintillo","category-queretaro","category-reforma-educativa-y-evaluacion-al-desempeno-en-queretaro","tag-evaluacion-magisterial","tag-reforma-educativa","tag-reforma-laboral","entry"],"jetpack_featured_media_url":"https:\/\/www.grieta.org.mx\/wp-content\/uploads\/2018\/03\/14524434_1106112876131411_958039263622046936_o.jpg","jetpack_sharing_enabled":true,"jetpack_shortlink":"https:\/\/wp.me\/p7ZJR4-56d","jetpack_likes_enabled":false,"jetpack-related-posts":[{"id":5221,"url":"https:\/\/www.grieta.org.mx\/index.php\/2016\/08\/23\/reforma-educativa-y-evaluacion-al-desempeno-en-queretaro\/","url_meta":{"origin":19605,"position":0},"title":"Reforma educativa y evaluaci\u00f3n al desempe\u00f1o en Quer\u00e9taro","author":"grieta","date":"23 agosto, 2016","format":false,"excerpt":"23\/08\/16. Sancionan a 100 maestros de Quer\u00e9taro por unirse a paro nacional UnoTv 13\/08\/16. USEBEQ, sin justificar cese de maestros AM Quer\u00e9taro 03\/08\/16. Maestros se manifiestan pac\u00edficamente en la caseta de Palmillas AM Quer\u00e9taro 02\/06\/16. Quer\u00e9taro: Profesores exigen respeto a sus derechos afuera de la oficina del gobernador Libertad de\u2026","rel":"","context":"En &quot;NOTICIAS NACIONALES&quot;","block_context":{"text":"NOTICIAS NACIONALES","link":"https:\/\/www.grieta.org.mx\/index.php\/category\/noticias-nacionales\/"},"img":{"alt_text":"","src":"https:\/\/i0.wp.com\/www.grieta.org.mx\/wp-content\/uploads\/2018\/03\/14524434_1106112876131411_958039263622046936_o.jpg?resize=350%2C200&ssl=1","width":350,"height":200,"srcset":"https:\/\/i0.wp.com\/www.grieta.org.mx\/wp-content\/uploads\/2018\/03\/14524434_1106112876131411_958039263622046936_o.jpg?resize=350%2C200&ssl=1 1x, https:\/\/i0.wp.com\/www.grieta.org.mx\/wp-content\/uploads\/2018\/03\/14524434_1106112876131411_958039263622046936_o.jpg?resize=525%2C300&ssl=1 1.5x, https:\/\/i0.wp.com\/www.grieta.org.mx\/wp-content\/uploads\/2018\/03\/14524434_1106112876131411_958039263622046936_o.jpg?resize=700%2C400&ssl=1 2x"},"classes":[]},{"id":12792,"url":"https:\/\/www.grieta.org.mx\/index.php\/2016\/05\/23\/profesores-cesados-en-queretaro-se-unen-a-la-movilizacion-nacional\/","url_meta":{"origin":19605,"position":1},"title":"Profesores cesados en Quer\u00e9taro se unen a la movilizaci\u00f3n nacional","author":"grieta","date":"23 mayo, 2016","format":false,"excerpt":"Cecilia Conde\/AM Quer\u00e9taro Roberto Aparicio, integrante del CNTE, se\u00f1al\u00f3 que 26 maestros fueron cesados o \u2018congelados\u2019 por no presentar la evaluaci\u00f3n docente Simpatizantes de la Coordinadora Nacional de Trabajadores de la Educaci\u00f3n (CNTE) en Quer\u00e9taro se manifestaron contra la Reforma Educativa en tres municipios del Estado, esto el marco del\u2026","rel":"","context":"En &quot;CINTILLO&quot;","block_context":{"text":"CINTILLO","link":"https:\/\/www.grieta.org.mx\/index.php\/category\/cintillo\/"},"img":{"alt_text":"","src":"https:\/\/i0.wp.com\/www.grieta.org.mx\/wp-content\/uploads\/2018\/03\/14524434_1106112876131411_958039263622046936_o.jpg?resize=350%2C200&ssl=1","width":350,"height":200,"srcset":"https:\/\/i0.wp.com\/www.grieta.org.mx\/wp-content\/uploads\/2018\/03\/14524434_1106112876131411_958039263622046936_o.jpg?resize=350%2C200&ssl=1 1x, https:\/\/i0.wp.com\/www.grieta.org.mx\/wp-content\/uploads\/2018\/03\/14524434_1106112876131411_958039263622046936_o.jpg?resize=525%2C300&ssl=1 1.5x, https:\/\/i0.wp.com\/www.grieta.org.mx\/wp-content\/uploads\/2018\/03\/14524434_1106112876131411_958039263622046936_o.jpg?resize=700%2C400&ssl=1 2x"},"classes":[]},{"id":21217,"url":"https:\/\/www.grieta.org.mx\/index.php\/2016\/08\/23\/sancionan-a-100-maestros-de-queretaro-por-unirse-a-paro-nacional\/","url_meta":{"origin":19605,"position":2},"title":"Sancionan a 100 maestros de Quer\u00e9taro por unirse a paro nacional","author":"grieta","date":"23 agosto, 2016","format":false,"excerpt":"\u00c1ngel Zohar Ram\u00edrez\/UnoTv Los profesores que no acudieron a impartir clase en el inicio del ciclo escolar 2016-2017 ser\u00e1n sancionados con el descuento de un d\u00eda de trabajo, inform\u00f3 la Unidad de Servicios para la Educaci\u00f3n B\u00e1sica en el Estado de Quer\u00e9taro (USEBEQ). En total son 100 docentes que en\u2026","rel":"","context":"En &quot;CINTILLO&quot;","block_context":{"text":"CINTILLO","link":"https:\/\/www.grieta.org.mx\/index.php\/category\/cintillo\/"},"img":{"alt_text":"","src":"https:\/\/i0.wp.com\/www.grieta.org.mx\/wp-content\/uploads\/2018\/03\/14524434_1106112876131411_958039263622046936_o.jpg?resize=350%2C200&ssl=1","width":350,"height":200,"srcset":"https:\/\/i0.wp.com\/www.grieta.org.mx\/wp-content\/uploads\/2018\/03\/14524434_1106112876131411_958039263622046936_o.jpg?resize=350%2C200&ssl=1 1x, https:\/\/i0.wp.com\/www.grieta.org.mx\/wp-content\/uploads\/2018\/03\/14524434_1106112876131411_958039263622046936_o.jpg?resize=525%2C300&ssl=1 1.5x, https:\/\/i0.wp.com\/www.grieta.org.mx\/wp-content\/uploads\/2018\/03\/14524434_1106112876131411_958039263622046936_o.jpg?resize=700%2C400&ssl=1 2x"},"classes":[]},{"id":17504,"url":"https:\/\/www.grieta.org.mx\/index.php\/2016\/07\/20\/oman-maestros-caseta-en-la-autopista-del-sol-morelos\/","url_meta":{"origin":19605,"position":3},"title":"Toman maestros caseta en la Autopista del Sol (MORELOS)","author":"grieta","date":"20 julio, 2016","format":false,"excerpt":"Karina Ortega, Morelos Integrantes de la Coordinadora Nacional de Trabajadores de la Educaci\u00f3n (CNTE) tomaron la caseta de cobro de la Autopista del Sol a la altura de Ahuehuetzingo y permiten el libre paso de los automovilistas, como muestra de rechazo a la Reforma Educativa. Por m\u00e1s de dos horas,\u2026","rel":"","context":"En &quot;CINTILLO&quot;","block_context":{"text":"CINTILLO","link":"https:\/\/www.grieta.org.mx\/index.php\/category\/cintillo\/"},"img":{"alt_text":"","src":"https:\/\/i0.wp.com\/www.grieta.org.mx\/wp-content\/uploads\/2018\/03\/14524434_1106112876131411_958039263622046936_o.jpg?resize=350%2C200&ssl=1","width":350,"height":200,"srcset":"https:\/\/i0.wp.com\/www.grieta.org.mx\/wp-content\/uploads\/2018\/03\/14524434_1106112876131411_958039263622046936_o.jpg?resize=350%2C200&ssl=1 1x, https:\/\/i0.wp.com\/www.grieta.org.mx\/wp-content\/uploads\/2018\/03\/14524434_1106112876131411_958039263622046936_o.jpg?resize=525%2C300&ssl=1 1.5x, https:\/\/i0.wp.com\/www.grieta.org.mx\/wp-content\/uploads\/2018\/03\/14524434_1106112876131411_958039263622046936_o.jpg?resize=700%2C400&ssl=1 2x"},"classes":[]},{"id":16654,"url":"https:\/\/www.grieta.org.mx\/index.php\/2016\/07\/09\/protestan-en-el-estado-de-mexico-a-favor-de-la-cnte\/","url_meta":{"origin":19605,"position":4},"title":"Protestan en el Estado de M\u00e9xico a favor de la CNTE","author":"grieta","date":"9 julio, 2016","format":false,"excerpt":"CHALCO, ESTADO DE M\u00c9XICO (09\/JUL\/2016).- Integrantes de la Coordinadora Nacional de Trabajadores de la Educaci\u00f3n (CNTE) liberaron las plumas de la caseta de cobro de la autopista M\u00e9xico-Puebla, en San Marcos Huixtoco, y en Naucalpan se movilizaron contra la Reforma Educativa. Desde las 08:00 horas de este s\u00e1bado, unos 70\u2026","rel":"","context":"En &quot;CINTILLO&quot;","block_context":{"text":"CINTILLO","link":"https:\/\/www.grieta.org.mx\/index.php\/category\/cintillo\/"},"img":{"alt_text":"","src":"https:\/\/i0.wp.com\/www.grieta.org.mx\/wp-content\/uploads\/2018\/03\/14524434_1106112876131411_958039263622046936_o.jpg?resize=350%2C200&ssl=1","width":350,"height":200,"srcset":"https:\/\/i0.wp.com\/www.grieta.org.mx\/wp-content\/uploads\/2018\/03\/14524434_1106112876131411_958039263622046936_o.jpg?resize=350%2C200&ssl=1 1x, https:\/\/i0.wp.com\/www.grieta.org.mx\/wp-content\/uploads\/2018\/03\/14524434_1106112876131411_958039263622046936_o.jpg?resize=525%2C300&ssl=1 1.5x, https:\/\/i0.wp.com\/www.grieta.org.mx\/wp-content\/uploads\/2018\/03\/14524434_1106112876131411_958039263622046936_o.jpg?resize=700%2C400&ssl=1 2x"},"classes":[]},{"id":17538,"url":"https:\/\/www.grieta.org.mx\/index.php\/2016\/07\/20\/maestros-toman-caseta\/","url_meta":{"origin":19605,"position":5},"title":"Maestros &#8216;toman&#8217; caseta","author":"grieta","date":"20 julio, 2016","format":false,"excerpt":"TORRE\u00d3N, COAH.- PROTESTAN POR LA REFORMA EDUCATIVA Acompa\u00f1ados de una pi\u00f1ata en forma de \"burro\", para hacer alusi\u00f3n al presidente de M\u00e9xico, Enrique Pe\u00f1a Nieto, fue como maestros laguneros tomaron ayer la caseta de cobro Torre\u00f3n-San Pedro para protestar en contra de la Reforma Educativa. A un mes del enfrentamiento\u2026","rel":"","context":"En &quot;CINTILLO&quot;","block_context":{"text":"CINTILLO","link":"https:\/\/www.grieta.org.mx\/index.php\/category\/cintillo\/"},"img":{"alt_text":"","src":"https:\/\/i0.wp.com\/www.grieta.org.mx\/wp-content\/uploads\/2018\/03\/14524434_1106112876131411_958039263622046936_o.jpg?resize=350%2C200&ssl=1","width":350,"height":200,"srcset":"https:\/\/i0.wp.com\/www.grieta.org.mx\/wp-content\/uploads\/2018\/03\/14524434_1106112876131411_958039263622046936_o.jpg?resize=350%2C200&ssl=1 1x, https:\/\/i0.wp.com\/www.grieta.org.mx\/wp-content\/uploads\/2018\/03\/14524434_1106112876131411_958039263622046936_o.jpg?resize=525%2C300&ssl=1 1.5x, https:\/\/i0.wp.com\/www.grieta.org.mx\/wp-content\/uploads\/2018\/03\/14524434_1106112876131411_958039263622046936_o.jpg?resize=700%2C400&ssl=1 2x"},"classes":[]}],"_links":{"self":[{"href":"https:\/\/www.grieta.org.mx\/index.php\/wp-json\/wp\/v2\/posts\/19605","targetHints":{"allow":["GET"]}}],"collection":[{"href":"https:\/\/www.grieta.org.mx\/index.php\/wp-json\/wp\/v2\/posts"}],"about":[{"href":"https:\/\/www.grieta.org.mx\/index.php\/wp-json\/wp\/v2\/types\/post"}],"author":[{"embeddable":true,"href":"https:\/\/www.grieta.org.mx\/index.php\/wp-json\/wp\/v2\/users\/2"}],"replies":[{"embeddable":true,"href":"https:\/\/www.grieta.org.mx\/index.php\/wp-json\/wp\/v2\/comments?post=19605"}],"version-history":[{"count":1,"href":"https:\/\/www.grieta.org.mx\/index.php\/wp-json\/wp\/v2\/posts\/19605\/revisions"}],"predecessor-version":[{"id":19609,"href":"https:\/\/www.grieta.org.mx\/index.php\/wp-json\/wp\/v2\/posts\/19605\/revisions\/19609"}],"wp:featuredmedia":[{"embeddable":true,"href":"https:\/\/www.grieta.org.mx\/index.php\/wp-json\/wp\/v2\/media\/21928"}],"wp:attachment":[{"href":"https:\/\/www.grieta.org.mx\/index.php\/wp-json\/wp\/v2\/media?parent=19605"}],"wp:term":[{"taxonomy":"category","embeddable":true,"href":"https:\/\/www.grieta.org.mx\/index.php\/wp-json\/wp\/v2\/categories?post=19605"},{"taxonomy":"post_tag","embeddable":true,"href":"https:\/\/www.grieta.org.mx\/index.php\/wp-json\/wp\/v2\/tags?post=19605"}],"curies":[{"name":"wp","href":"https:\/\/api.w.org\/{rel}","templated":true}]}}