{"id":19602,"date":"2016-08-13T01:14:53","date_gmt":"2016-08-13T06:14:53","guid":{"rendered":"http:\/\/www.grieta.org.mx\/?p=19602"},"modified":"2019-03-03T23:30:56","modified_gmt":"2019-03-04T05:30:56","slug":"usebeq-sin-justificar-cese-de-maestros","status":"publish","type":"post","link":"https:\/\/www.grieta.org.mx\/index.php\/2016\/08\/13\/usebeq-sin-justificar-cese-de-maestros\/","title":{"rendered":"USEBEQ, sin justificar cese de maestros"},"content":{"rendered":"<p>M\u00f3nica Gordillo\/AM Quer\u00e9taro<\/p>\n<blockquote><p>Denunciaron que en el estado ha continuado la represi\u00f3n, por parte de las autoridades educativas, en contra de los maestros que participan en el movimiento<\/p><\/blockquote>\n<p>Integrantes de la Coordinadora Nacional de Trabajadores de la Educaci\u00f3n (CNTE) en el estado, en compa\u00f1\u00eda de la Uni\u00f3n C\u00edvica Felipe Carrillo Puerto, exigieron que sea reinstalada la mesa de negociaci\u00f3n con Gobierno federal, en la que exig\u00edan la derogaci\u00f3n de la Reforma Educativa y la liberaci\u00f3n de los presos pol\u00edticos.<\/p>\n<p>    \u201cTenemos los elementos y (\u2026) el posicionamiento real de los verdaderos investigadores, de los verdaderos acad\u00e9micos que (\u2026) han hecho una aportaci\u00f3n completa (\u2026) al respecto, para dar a conocer que la reforma que pretende aplicar el Estado mexicano no tiene nada que ver con las cuestiones de tipo pedag\u00f3gico\u201d, se\u00f1al\u00f3 Roberto Aparicio, representante en Quer\u00e9taro de la Comisi\u00f3n \u00danica  Negociadora del CNTE.<\/p>\n<p>Denunciaron que en el estado ha continuado la represi\u00f3n, por parte de las autoridades educativas, en contra de los maestros que participan en el movimiento. Aseguraron que en la entidad se ha cesado de sus labores a 10 docentes, sin el respaldo de un documento oficial; quienes a\u00fan aparecen como activos ante el Instituto de Seguridad y Servicios Sociales de los Trabajadores del Estado (ISSSTE).<\/p>\n<p>Adem\u00e1s, se\u00f1alaron que la Unidad de Servicios para la Educaci\u00f3n B\u00e1sica en el estado de Quer\u00e9taro (USEBEQ) se ha negado a entregar a los 10 maestros el documento de cese, aunque algunos de ellos lo requieran presentar a un juez para justificar la falta de pago de pensi\u00f3n alimenticia.<\/p>\n<p>     \u201cNosotros conocemos las maneras que utilizan tanto la USEBEQ, el SNTE Secci\u00f3n 24 como tambi\u00e9n Gobierno del estado, en el asunto de la intimidaci\u00f3n hacia los compa\u00f1eros que participan\u201d,<br \/>\n    manifestaron.<\/p>\n<p>De igual manera, subrayaron que la postura de los empresarios, respecto al movimiento de la CNTE, est\u00e1 dividida, ya que aunque algunos argumentan que han registrado p\u00e9rdidas econ\u00f3micas por los bloqueos en algunos estados,  otros hacen el llamado a Gobierno federal, para que contin\u00fae con las mesas de<br \/>\nnegociaci\u00f3n.<\/p>\n<p>    \u201cSi a ellos (los empresarios) les interesan sus inversiones, deben tener un pa\u00eds en orden, pero con justicia. Notros, los maestros, tambi\u00e9n hemos tenido p\u00e9rdidas. Los compa\u00f1eros que han estado en plant\u00f3n en M\u00e9xico est\u00e1n endeudados\u201d, enfatizaron.<\/p>\n<p><a href=\"http:\/\/amqueretaro.com\/periodico-hoy\/2016\/08\/13\/usebeq-sin-justificar-cese-de-maestros\" target=\"_blank\">http:\/\/amqueretaro.com\/periodico-hoy\/2016\/08\/13\/usebeq-sin-justificar-cese-de-maestros<\/a><\/p>\n","protected":false},"excerpt":{"rendered":"<p>M\u00f3nica Gordillo\/AM Quer\u00e9taro Denunciaron que en el estado ha continuado la represi\u00f3n, por parte de las autoridades educativas, en contra de los maestros que participan en el movimiento Integrantes de &hellip; <a href=\"https:\/\/www.grieta.org.mx\/index.php\/2016\/08\/13\/usebeq-sin-justificar-cese-de-maestros\/\" class=\"more-link\">Leer m\u00e1s<\/a><\/p>\n","protected":false},"author":2,"featured_media":21928,"comment_status":"closed","ping_status":"closed","sticky":false,"template":"","format":"standard","meta":{"ngg_post_thumbnail":0,"_jetpack_newsletter_access":"","_jetpack_dont_email_post_to_subs":false,"_jetpack_newsletter_tier_id":0,"_jetpack_memberships_contains_paywalled_content":false,"_jetpack_memberships_contains_paid_content":false,"footnotes":""},"categories":[80,27,2241],"tags":[480,135,294],"class_list":["post-19602","post","type-post","status-publish","format-standard","has-post-thumbnail","hentry","category-cintillo","category-queretaro","category-reforma-educativa-y-evaluacion-al-desempeno-en-queretaro","tag-evaluacion-magisterial","tag-reforma-educativa","tag-reforma-laboral","entry"],"jetpack_featured_media_url":"https:\/\/www.grieta.org.mx\/wp-content\/uploads\/2018\/03\/14524434_1106112876131411_958039263622046936_o.jpg","jetpack_sharing_enabled":true,"jetpack_shortlink":"https:\/\/wp.me\/p7ZJR4-56a","jetpack_likes_enabled":false,"jetpack-related-posts":[{"id":5221,"url":"https:\/\/www.grieta.org.mx\/index.php\/2016\/08\/23\/reforma-educativa-y-evaluacion-al-desempeno-en-queretaro\/","url_meta":{"origin":19602,"position":0},"title":"Reforma educativa y evaluaci\u00f3n al desempe\u00f1o en Quer\u00e9taro","author":"grieta","date":"23 agosto, 2016","format":false,"excerpt":"23\/08\/16. Sancionan a 100 maestros de Quer\u00e9taro por unirse a paro nacional UnoTv 13\/08\/16. USEBEQ, sin justificar cese de maestros AM Quer\u00e9taro 03\/08\/16. Maestros se manifiestan pac\u00edficamente en la caseta de Palmillas AM Quer\u00e9taro 02\/06\/16. Quer\u00e9taro: Profesores exigen respeto a sus derechos afuera de la oficina del gobernador Libertad de\u2026","rel":"","context":"En &quot;NOTICIAS NACIONALES&quot;","block_context":{"text":"NOTICIAS NACIONALES","link":"https:\/\/www.grieta.org.mx\/index.php\/category\/noticias-nacionales\/"},"img":{"alt_text":"","src":"https:\/\/i0.wp.com\/www.grieta.org.mx\/wp-content\/uploads\/2018\/03\/14524434_1106112876131411_958039263622046936_o.jpg?resize=350%2C200&ssl=1","width":350,"height":200,"srcset":"https:\/\/i0.wp.com\/www.grieta.org.mx\/wp-content\/uploads\/2018\/03\/14524434_1106112876131411_958039263622046936_o.jpg?resize=350%2C200&ssl=1 1x, https:\/\/i0.wp.com\/www.grieta.org.mx\/wp-content\/uploads\/2018\/03\/14524434_1106112876131411_958039263622046936_o.jpg?resize=525%2C300&ssl=1 1.5x, https:\/\/i0.wp.com\/www.grieta.org.mx\/wp-content\/uploads\/2018\/03\/14524434_1106112876131411_958039263622046936_o.jpg?resize=700%2C400&ssl=1 2x"},"classes":[]},{"id":5218,"url":"https:\/\/www.grieta.org.mx\/index.php\/2015\/08\/26\/maestros-de-queretaro-anuncian-movilizaciones-contra-reforma-educativa\/","url_meta":{"origin":19602,"position":1},"title":"Maestros de Quer\u00e9taro anuncian movilizaciones contra reforma educativa","author":"grieta","date":"26 agosto, 2015","format":false,"excerpt":"Rafael Camacho\/C\u00f3dice Informativo Instalar\u00e1n un campamento permanente frente a los juzgados federales Ante la falta de apertura al di\u00e1logo tanto de las autoridades educativas estatales como federales, el pr\u00f3ximo viernes continuar\u00e1n con las manifestaciones, campamentos y hasta eventuales paros contra la Reforma Educativa, advirti\u00f3 Rosa Mar\u00eda C\u00f3rdoba, maestra vocera de\u2026","rel":"","context":"En &quot;CINTILLO&quot;","block_context":{"text":"CINTILLO","link":"https:\/\/www.grieta.org.mx\/index.php\/category\/cintillo\/"},"img":{"alt_text":"","src":"https:\/\/i0.wp.com\/www.grieta.org.mx\/wp-content\/uploads\/2018\/03\/14524434_1106112876131411_958039263622046936_o.jpg?resize=350%2C200&ssl=1","width":350,"height":200,"srcset":"https:\/\/i0.wp.com\/www.grieta.org.mx\/wp-content\/uploads\/2018\/03\/14524434_1106112876131411_958039263622046936_o.jpg?resize=350%2C200&ssl=1 1x, https:\/\/i0.wp.com\/www.grieta.org.mx\/wp-content\/uploads\/2018\/03\/14524434_1106112876131411_958039263622046936_o.jpg?resize=525%2C300&ssl=1 1.5x, https:\/\/i0.wp.com\/www.grieta.org.mx\/wp-content\/uploads\/2018\/03\/14524434_1106112876131411_958039263622046936_o.jpg?resize=700%2C400&ssl=1 2x"},"classes":[]},{"id":21217,"url":"https:\/\/www.grieta.org.mx\/index.php\/2016\/08\/23\/sancionan-a-100-maestros-de-queretaro-por-unirse-a-paro-nacional\/","url_meta":{"origin":19602,"position":2},"title":"Sancionan a 100 maestros de Quer\u00e9taro por unirse a paro nacional","author":"grieta","date":"23 agosto, 2016","format":false,"excerpt":"\u00c1ngel Zohar Ram\u00edrez\/UnoTv Los profesores que no acudieron a impartir clase en el inicio del ciclo escolar 2016-2017 ser\u00e1n sancionados con el descuento de un d\u00eda de trabajo, inform\u00f3 la Unidad de Servicios para la Educaci\u00f3n B\u00e1sica en el Estado de Quer\u00e9taro (USEBEQ). En total son 100 docentes que en\u2026","rel":"","context":"En &quot;CINTILLO&quot;","block_context":{"text":"CINTILLO","link":"https:\/\/www.grieta.org.mx\/index.php\/category\/cintillo\/"},"img":{"alt_text":"","src":"https:\/\/i0.wp.com\/www.grieta.org.mx\/wp-content\/uploads\/2018\/03\/14524434_1106112876131411_958039263622046936_o.jpg?resize=350%2C200&ssl=1","width":350,"height":200,"srcset":"https:\/\/i0.wp.com\/www.grieta.org.mx\/wp-content\/uploads\/2018\/03\/14524434_1106112876131411_958039263622046936_o.jpg?resize=350%2C200&ssl=1 1x, https:\/\/i0.wp.com\/www.grieta.org.mx\/wp-content\/uploads\/2018\/03\/14524434_1106112876131411_958039263622046936_o.jpg?resize=525%2C300&ssl=1 1.5x, https:\/\/i0.wp.com\/www.grieta.org.mx\/wp-content\/uploads\/2018\/03\/14524434_1106112876131411_958039263622046936_o.jpg?resize=700%2C400&ssl=1 2x"},"classes":[]},{"id":19605,"url":"https:\/\/www.grieta.org.mx\/index.php\/2016\/08\/03\/maestros-se-manifiestan-pacificamente-en-la-caseta-de-palmillas\/","url_meta":{"origin":19602,"position":3},"title":"Maestros se manifiestan pac\u00edficamente en la caseta de Palmillas","author":"grieta","date":"3 agosto, 2016","format":false,"excerpt":"Alma C\u00f3rdova\/AM Quer\u00e9taro Los maestros, que se manifiestan en la caseta de Palmillas, permitieron el paso libre de los veh\u00edculos sin pago de peaje en la carretera M\u00e9xico-Quer\u00e9taro Alrededor de 70 profesores de los estados de Quer\u00e9taro, Hidalgo y Estado de M\u00e9xico afiliados a la Coordinadora Nacional de Trabajadores de\u2026","rel":"","context":"En &quot;CINTILLO&quot;","block_context":{"text":"CINTILLO","link":"https:\/\/www.grieta.org.mx\/index.php\/category\/cintillo\/"},"img":{"alt_text":"","src":"https:\/\/i0.wp.com\/www.grieta.org.mx\/wp-content\/uploads\/2018\/03\/14524434_1106112876131411_958039263622046936_o.jpg?resize=350%2C200&ssl=1","width":350,"height":200,"srcset":"https:\/\/i0.wp.com\/www.grieta.org.mx\/wp-content\/uploads\/2018\/03\/14524434_1106112876131411_958039263622046936_o.jpg?resize=350%2C200&ssl=1 1x, https:\/\/i0.wp.com\/www.grieta.org.mx\/wp-content\/uploads\/2018\/03\/14524434_1106112876131411_958039263622046936_o.jpg?resize=525%2C300&ssl=1 1.5x, https:\/\/i0.wp.com\/www.grieta.org.mx\/wp-content\/uploads\/2018\/03\/14524434_1106112876131411_958039263622046936_o.jpg?resize=700%2C400&ssl=1 2x"},"classes":[]},{"id":5220,"url":"https:\/\/www.grieta.org.mx\/index.php\/2015\/08\/21\/marchan-maestros-y-asociaciones-en-protesta-contra-las-reformas\/","url_meta":{"origin":19602,"position":4},"title":"Marchan maestros y asociaciones en protesta contra las reformas (Quer\u00e9taro)","author":"grieta","date":"21 agosto, 2015","format":false,"excerpt":"Alejandro Nieto\/C\u00f3dice Informativo Cientos de maestros marchan en Quer\u00e9taro la tarde de este viernes en protesta por las reformas estructurales, concretamente por la reforma educativa. Esta manifestaci\u00f3n convoc\u00f3 el gremio en los 18 municipios, donde llegaron para partir desde puntos como la Universidad Cuauht\u00e9moc, el Monumento al Maestro, el ISSSTE,\u2026","rel":"","context":"En &quot;CINTILLO&quot;","block_context":{"text":"CINTILLO","link":"https:\/\/www.grieta.org.mx\/index.php\/category\/cintillo\/"},"img":{"alt_text":"","src":"https:\/\/i0.wp.com\/www.grieta.org.mx\/wp-content\/uploads\/2018\/03\/14524434_1106112876131411_958039263622046936_o.jpg?resize=350%2C200&ssl=1","width":350,"height":200,"srcset":"https:\/\/i0.wp.com\/www.grieta.org.mx\/wp-content\/uploads\/2018\/03\/14524434_1106112876131411_958039263622046936_o.jpg?resize=350%2C200&ssl=1 1x, https:\/\/i0.wp.com\/www.grieta.org.mx\/wp-content\/uploads\/2018\/03\/14524434_1106112876131411_958039263622046936_o.jpg?resize=525%2C300&ssl=1 1.5x, https:\/\/i0.wp.com\/www.grieta.org.mx\/wp-content\/uploads\/2018\/03\/14524434_1106112876131411_958039263622046936_o.jpg?resize=700%2C400&ssl=1 2x"},"classes":[]},{"id":12792,"url":"https:\/\/www.grieta.org.mx\/index.php\/2016\/05\/23\/profesores-cesados-en-queretaro-se-unen-a-la-movilizacion-nacional\/","url_meta":{"origin":19602,"position":5},"title":"Profesores cesados en Quer\u00e9taro se unen a la movilizaci\u00f3n nacional","author":"grieta","date":"23 mayo, 2016","format":false,"excerpt":"Cecilia Conde\/AM Quer\u00e9taro Roberto Aparicio, integrante del CNTE, se\u00f1al\u00f3 que 26 maestros fueron cesados o \u2018congelados\u2019 por no presentar la evaluaci\u00f3n docente Simpatizantes de la Coordinadora Nacional de Trabajadores de la Educaci\u00f3n (CNTE) en Quer\u00e9taro se manifestaron contra la Reforma Educativa en tres municipios del Estado, esto el marco del\u2026","rel":"","context":"En &quot;CINTILLO&quot;","block_context":{"text":"CINTILLO","link":"https:\/\/www.grieta.org.mx\/index.php\/category\/cintillo\/"},"img":{"alt_text":"","src":"https:\/\/i0.wp.com\/www.grieta.org.mx\/wp-content\/uploads\/2018\/03\/14524434_1106112876131411_958039263622046936_o.jpg?resize=350%2C200&ssl=1","width":350,"height":200,"srcset":"https:\/\/i0.wp.com\/www.grieta.org.mx\/wp-content\/uploads\/2018\/03\/14524434_1106112876131411_958039263622046936_o.jpg?resize=350%2C200&ssl=1 1x, https:\/\/i0.wp.com\/www.grieta.org.mx\/wp-content\/uploads\/2018\/03\/14524434_1106112876131411_958039263622046936_o.jpg?resize=525%2C300&ssl=1 1.5x, https:\/\/i0.wp.com\/www.grieta.org.mx\/wp-content\/uploads\/2018\/03\/14524434_1106112876131411_958039263622046936_o.jpg?resize=700%2C400&ssl=1 2x"},"classes":[]}],"_links":{"self":[{"href":"https:\/\/www.grieta.org.mx\/index.php\/wp-json\/wp\/v2\/posts\/19602","targetHints":{"allow":["GET"]}}],"collection":[{"href":"https:\/\/www.grieta.org.mx\/index.php\/wp-json\/wp\/v2\/posts"}],"about":[{"href":"https:\/\/www.grieta.org.mx\/index.php\/wp-json\/wp\/v2\/types\/post"}],"author":[{"embeddable":true,"href":"https:\/\/www.grieta.org.mx\/index.php\/wp-json\/wp\/v2\/users\/2"}],"replies":[{"embeddable":true,"href":"https:\/\/www.grieta.org.mx\/index.php\/wp-json\/wp\/v2\/comments?post=19602"}],"version-history":[{"count":1,"href":"https:\/\/www.grieta.org.mx\/index.php\/wp-json\/wp\/v2\/posts\/19602\/revisions"}],"predecessor-version":[{"id":19603,"href":"https:\/\/www.grieta.org.mx\/index.php\/wp-json\/wp\/v2\/posts\/19602\/revisions\/19603"}],"wp:featuredmedia":[{"embeddable":true,"href":"https:\/\/www.grieta.org.mx\/index.php\/wp-json\/wp\/v2\/media\/21928"}],"wp:attachment":[{"href":"https:\/\/www.grieta.org.mx\/index.php\/wp-json\/wp\/v2\/media?parent=19602"}],"wp:term":[{"taxonomy":"category","embeddable":true,"href":"https:\/\/www.grieta.org.mx\/index.php\/wp-json\/wp\/v2\/categories?post=19602"},{"taxonomy":"post_tag","embeddable":true,"href":"https:\/\/www.grieta.org.mx\/index.php\/wp-json\/wp\/v2\/tags?post=19602"}],"curies":[{"name":"wp","href":"https:\/\/api.w.org\/{rel}","templated":true}]}}