{"id":19570,"date":"2016-08-14T11:10:43","date_gmt":"2016-08-14T16:10:43","guid":{"rendered":"http:\/\/www.grieta.org.mx\/?p=19570"},"modified":"2016-08-14T11:10:43","modified_gmt":"2016-08-14T16:10:43","slug":"palabras-del-subcomandante-moises-en-la-clausura-del-comparte-en-el-caracol-de-roberto-barrios-audio","status":"publish","type":"post","link":"https:\/\/www.grieta.org.mx\/index.php\/2016\/08\/14\/palabras-del-subcomandante-moises-en-la-clausura-del-comparte-en-el-caracol-de-roberto-barrios-audio\/","title":{"rendered":"Palabras del Subcomandante Moises en la clausura del CompArte en el Caracol de Roberto Barrios (Audio)"},"content":{"rendered":"<p><iframe loading=\"lazy\" title=\"Palabras del Subcomandante Moises en la clausura del CompArte en el Caracol de Roberto Barrios by Centro De Medios Libres\" width=\"1170\" height=\"400\" scrolling=\"no\" frameborder=\"no\" src=\"https:\/\/w.soundcloud.com\/player\/?visual=true&#038;url=https%3A%2F%2Fapi.soundcloud.com%2Ftracks%2F278160760&#038;show_artwork=true&#038;maxwidth=1170&#038;maxheight=1000&#038;dnt=1\"><\/iframe><\/p>\n","protected":false},"excerpt":{"rendered":"","protected":false},"author":2,"featured_media":21928,"comment_status":"closed","ping_status":"closed","sticky":false,"template":"","format":"standard","meta":{"ngg_post_thumbnail":0,"_jetpack_newsletter_access":"","_jetpack_dont_email_post_to_subs":false,"_jetpack_newsletter_tier_id":0,"_jetpack_memberships_contains_paywalled_content":false,"_jetpack_memberships_contains_paid_content":false,"footnotes":""},"categories":[80,817],"tags":[818],"class_list":["post-19570","post","type-post","status-publish","format-standard","has-post-thumbnail","hentry","category-cintillo","category-festival-comparte-por-la-humanidad","tag-festival-comparte","entry"],"jetpack_featured_media_url":"https:\/\/www.grieta.org.mx\/wp-content\/uploads\/2018\/03\/14524434_1106112876131411_958039263622046936_o.jpg","jetpack_sharing_enabled":true,"jetpack_shortlink":"https:\/\/wp.me\/p7ZJR4-55E","jetpack_likes_enabled":false,"jetpack-related-posts":[{"id":18523,"url":"https:\/\/www.grieta.org.mx\/index.php\/2016\/07\/31\/mensaje-de-despedida-del-subcomandante-insurgente-moises-al-concluir-el-festival-comparte\/","url_meta":{"origin":19570,"position":0},"title":"Mensaje de despedida del Subcomandante Insurgente Mois\u00e9s al concluir el festival CompArte","author":"grieta","date":"31 julio, 2016","format":false,"excerpt":"Al concluir el festival ?#?CompArte? por la humanidad en el caracol de ?#?Oventik? el d\u00eda de ayer 29 de julio, el Subcomandante Insurgente Mois\u00e9s comparti\u00f3 unas palabras de agradecimiento y de reflexi\u00f3n acerca de lo que el arte de solidaridad representa en nuestras vidas, como uno de los motores primordiales\u2026","rel":"","context":"En &quot;Festival Comparte por la Humanidad&quot;","block_context":{"text":"Festival Comparte por la Humanidad","link":"https:\/\/www.grieta.org.mx\/index.php\/category\/ezln-2\/eventos\/festival-comparte-por-la-humanidad\/"},"img":{"alt_text":"","src":"https:\/\/i0.wp.com\/www.grieta.org.mx\/wp-content\/uploads\/2018\/03\/14524434_1106112876131411_958039263622046936_o.jpg?resize=350%2C200&ssl=1","width":350,"height":200,"srcset":"https:\/\/i0.wp.com\/www.grieta.org.mx\/wp-content\/uploads\/2018\/03\/14524434_1106112876131411_958039263622046936_o.jpg?resize=350%2C200&ssl=1 1x, https:\/\/i0.wp.com\/www.grieta.org.mx\/wp-content\/uploads\/2018\/03\/14524434_1106112876131411_958039263622046936_o.jpg?resize=525%2C300&ssl=1 1.5x, https:\/\/i0.wp.com\/www.grieta.org.mx\/wp-content\/uploads\/2018\/03\/14524434_1106112876131411_958039263622046936_o.jpg?resize=700%2C400&ssl=1 2x"},"classes":[]},{"id":19976,"url":"https:\/\/www.grieta.org.mx\/index.php\/2016\/08\/16\/clausura-del-festival-comparte-por-la-humanidad-en-el-caracol-de-roberto-barrios\/","url_meta":{"origin":19570,"position":1},"title":"Clausura del Festival Comparte por la humanidad en el Caracol de Roberto Barrios","author":"grieta","date":"16 agosto, 2016","format":false,"excerpt":"A las 9 am de este 12 de agosto su realiz\u00f3 el comparte en el Caracol de Roberto Barrios Zona Norte, con cientos de artistas que compartieron poes\u00eda, m\u00fasica, teatro, pintura, danza, dando por concluida esta etapa que recorri\u00f3 los cinco caracoles, donde los compa\u00f1eros bases de apoyo zapatista nos\u2026","rel":"","context":"En &quot;CINTILLO&quot;","block_context":{"text":"CINTILLO","link":"https:\/\/www.grieta.org.mx\/index.php\/category\/cintillo\/"},"img":{"alt_text":"","src":"https:\/\/i0.wp.com\/www.grieta.org.mx\/wp-content\/uploads\/2018\/03\/14524434_1106112876131411_958039263622046936_o.jpg?resize=350%2C200&ssl=1","width":350,"height":200,"srcset":"https:\/\/i0.wp.com\/www.grieta.org.mx\/wp-content\/uploads\/2018\/03\/14524434_1106112876131411_958039263622046936_o.jpg?resize=350%2C200&ssl=1 1x, https:\/\/i0.wp.com\/www.grieta.org.mx\/wp-content\/uploads\/2018\/03\/14524434_1106112876131411_958039263622046936_o.jpg?resize=525%2C300&ssl=1 1.5x, https:\/\/i0.wp.com\/www.grieta.org.mx\/wp-content\/uploads\/2018\/03\/14524434_1106112876131411_958039263622046936_o.jpg?resize=700%2C400&ssl=1 2x"},"classes":[]},{"id":19548,"url":"https:\/\/www.grieta.org.mx\/index.php\/2016\/08\/12\/festival-comparte-caracol-zapatista-roberto-barrios\/","url_meta":{"origin":19570,"position":2},"title":"Festival CompArte, Caracol zapatista Roberto Barrios.","author":"grieta","date":"12 agosto, 2016","format":false,"excerpt":"POZOL COLECTIVO Palenque Chiapas. 12 de agosto. Caracol de Roberto Barrios. Artistas base de apoyo zapatistas del festival CompArte y artistas de la sexta nacional e internacional, al ritmo de las voces, el tambor, la jarana, la guitarra y los aplausos, comenzaron a expresar su Arte, su historia, su autonom\u00eda,\u2026","rel":"","context":"En &quot;CINTILLO&quot;","block_context":{"text":"CINTILLO","link":"https:\/\/www.grieta.org.mx\/index.php\/category\/cintillo\/"},"img":{"alt_text":"","src":"https:\/\/i0.wp.com\/www.grieta.org.mx\/wp-content\/uploads\/2018\/03\/14524434_1106112876131411_958039263622046936_o.jpg?resize=350%2C200&ssl=1","width":350,"height":200,"srcset":"https:\/\/i0.wp.com\/www.grieta.org.mx\/wp-content\/uploads\/2018\/03\/14524434_1106112876131411_958039263622046936_o.jpg?resize=350%2C200&ssl=1 1x, https:\/\/i0.wp.com\/www.grieta.org.mx\/wp-content\/uploads\/2018\/03\/14524434_1106112876131411_958039263622046936_o.jpg?resize=525%2C300&ssl=1 1.5x, https:\/\/i0.wp.com\/www.grieta.org.mx\/wp-content\/uploads\/2018\/03\/14524434_1106112876131411_958039263622046936_o.jpg?resize=700%2C400&ssl=1 2x"},"classes":[]},{"id":19933,"url":"https:\/\/www.grieta.org.mx\/index.php\/2016\/08\/17\/dia-12-comparte-por-la-humanidad-caracol-de-roberto-barrios-12-de-agosto-audios\/","url_meta":{"origin":19570,"position":3},"title":"D\u00eda 12 \u2013 CompARTE por la humanidad \u2013 Caracol de Roberto Barrios (12 de agosto) (Audios)","author":"grieta","date":"17 agosto, 2016","format":false,"excerpt":"Festival CompARTE por la humanidad 12 de agosto de 2016 Caracol de Roberto Barrios, Chiapas Les presentamos los materiales recogidos en este V Caracol, de Roberto Barrios, en el d\u00eda 12 del #CompArte y del mes de agosto. Con las presentaciones de esta Zona Norte las y los compa\u00f1eros del\u2026","rel":"","context":"En &quot;CINTILLO&quot;","block_context":{"text":"CINTILLO","link":"https:\/\/www.grieta.org.mx\/index.php\/category\/cintillo\/"},"img":{"alt_text":"","src":"https:\/\/i0.wp.com\/www.grieta.org.mx\/wp-content\/uploads\/2018\/03\/14524434_1106112876131411_958039263622046936_o.jpg?resize=350%2C200&ssl=1","width":350,"height":200,"srcset":"https:\/\/i0.wp.com\/www.grieta.org.mx\/wp-content\/uploads\/2018\/03\/14524434_1106112876131411_958039263622046936_o.jpg?resize=350%2C200&ssl=1 1x, https:\/\/i0.wp.com\/www.grieta.org.mx\/wp-content\/uploads\/2018\/03\/14524434_1106112876131411_958039263622046936_o.jpg?resize=525%2C300&ssl=1 1.5x, https:\/\/i0.wp.com\/www.grieta.org.mx\/wp-content\/uploads\/2018\/03\/14524434_1106112876131411_958039263622046936_o.jpg?resize=700%2C400&ssl=1 2x"},"classes":[]},{"id":19557,"url":"https:\/\/www.grieta.org.mx\/index.php\/2016\/08\/12\/participaciones-del-ezln-en-el-festival-comparte-9-de-agosto-morelia\/","url_meta":{"origin":19570,"position":4},"title":"Participaciones del EZLN en el festival CompArte. 9 de agosto, Morelia","author":"grieta","date":"12 agosto, 2016","format":false,"excerpt":"Palabras de inauguraci\u00f3n del CompArte zapatista del Caracol de Morelia El 9 de agosto de 2016, al cumplirse 13 a\u00f1os de la fundaci\u00f3n de las Juntas de Buen Gobierno Zapatistas, se realiz\u00f3 el CompArte zapatista del Caracol de Morelia, estas son las palabras de inauguraci\u00f3n. Festejando la Resistencia. El Festival\u2026","rel":"","context":"En &quot;CINTILLO&quot;","block_context":{"text":"CINTILLO","link":"https:\/\/www.grieta.org.mx\/index.php\/category\/cintillo\/"},"img":{"alt_text":"","src":"https:\/\/i0.wp.com\/www.grieta.org.mx\/wp-content\/uploads\/2018\/03\/14524434_1106112876131411_958039263622046936_o.jpg?resize=350%2C200&ssl=1","width":350,"height":200,"srcset":"https:\/\/i0.wp.com\/www.grieta.org.mx\/wp-content\/uploads\/2018\/03\/14524434_1106112876131411_958039263622046936_o.jpg?resize=350%2C200&ssl=1 1x, https:\/\/i0.wp.com\/www.grieta.org.mx\/wp-content\/uploads\/2018\/03\/14524434_1106112876131411_958039263622046936_o.jpg?resize=525%2C300&ssl=1 1.5x, https:\/\/i0.wp.com\/www.grieta.org.mx\/wp-content\/uploads\/2018\/03\/14524434_1106112876131411_958039263622046936_o.jpg?resize=700%2C400&ssl=1 2x"},"classes":[]},{"id":17814,"url":"https:\/\/www.grieta.org.mx\/index.php\/2016\/07\/26\/ezln-confirma-y-extiende-su-participacion-en-el-comparte\/","url_meta":{"origin":19570,"position":5},"title":"EZLN CONFIRMA Y EXTIENDE SU PARTICIPACI\u00d3N EN EL CompARTE","author":"grieta","date":"26 julio, 2016","format":false,"excerpt":"EJ\u00c9RCITO ZAPATISTA DE LIBERACI\u00d3N NACIONAL. M\u00c9XICO. 26 de Julio del 2016. A l@s participantes y asistentes al CompArte: A la Sexta Nacional e Internacional: Compa\u00f1eros, compa\u00f1eras, compa\u00f1eroas: A pesar de que no pudimos reponer la paga para la alimentaci\u00f3n y transporte de nuestra comunidad art\u00edstica, como zapatistas que de por\u2026","rel":"","context":"En &quot;Comunicados&quot;","block_context":{"text":"Comunicados","link":"https:\/\/www.grieta.org.mx\/index.php\/category\/ezln-2\/ezln\/"},"img":{"alt_text":"","src":"https:\/\/i0.wp.com\/www.grieta.org.mx\/wp-content\/uploads\/2018\/03\/14524434_1106112876131411_958039263622046936_o.jpg?resize=350%2C200&ssl=1","width":350,"height":200,"srcset":"https:\/\/i0.wp.com\/www.grieta.org.mx\/wp-content\/uploads\/2018\/03\/14524434_1106112876131411_958039263622046936_o.jpg?resize=350%2C200&ssl=1 1x, https:\/\/i0.wp.com\/www.grieta.org.mx\/wp-content\/uploads\/2018\/03\/14524434_1106112876131411_958039263622046936_o.jpg?resize=525%2C300&ssl=1 1.5x, https:\/\/i0.wp.com\/www.grieta.org.mx\/wp-content\/uploads\/2018\/03\/14524434_1106112876131411_958039263622046936_o.jpg?resize=700%2C400&ssl=1 2x"},"classes":[]}],"_links":{"self":[{"href":"https:\/\/www.grieta.org.mx\/index.php\/wp-json\/wp\/v2\/posts\/19570","targetHints":{"allow":["GET"]}}],"collection":[{"href":"https:\/\/www.grieta.org.mx\/index.php\/wp-json\/wp\/v2\/posts"}],"about":[{"href":"https:\/\/www.grieta.org.mx\/index.php\/wp-json\/wp\/v2\/types\/post"}],"author":[{"embeddable":true,"href":"https:\/\/www.grieta.org.mx\/index.php\/wp-json\/wp\/v2\/users\/2"}],"replies":[{"embeddable":true,"href":"https:\/\/www.grieta.org.mx\/index.php\/wp-json\/wp\/v2\/comments?post=19570"}],"version-history":[{"count":1,"href":"https:\/\/www.grieta.org.mx\/index.php\/wp-json\/wp\/v2\/posts\/19570\/revisions"}],"predecessor-version":[{"id":19571,"href":"https:\/\/www.grieta.org.mx\/index.php\/wp-json\/wp\/v2\/posts\/19570\/revisions\/19571"}],"wp:featuredmedia":[{"embeddable":true,"href":"https:\/\/www.grieta.org.mx\/index.php\/wp-json\/wp\/v2\/media\/21928"}],"wp:attachment":[{"href":"https:\/\/www.grieta.org.mx\/index.php\/wp-json\/wp\/v2\/media?parent=19570"}],"wp:term":[{"taxonomy":"category","embeddable":true,"href":"https:\/\/www.grieta.org.mx\/index.php\/wp-json\/wp\/v2\/categories?post=19570"},{"taxonomy":"post_tag","embeddable":true,"href":"https:\/\/www.grieta.org.mx\/index.php\/wp-json\/wp\/v2\/tags?post=19570"}],"curies":[{"name":"wp","href":"https:\/\/api.w.org\/{rel}","templated":true}]}}