{"id":19543,"date":"2016-08-12T12:30:47","date_gmt":"2016-08-12T17:30:47","guid":{"rendered":"http:\/\/www.grieta.org.mx\/?p=19543"},"modified":"2016-08-13T12:32:35","modified_gmt":"2016-08-13T17:32:35","slug":"protestan-jubilados-de-pemex-ante-recortes-tabasco","status":"publish","type":"post","link":"https:\/\/www.grieta.org.mx\/index.php\/2016\/08\/12\/protestan-jubilados-de-pemex-ante-recortes-tabasco\/","title":{"rendered":"Protestan jubilados de Pemex ante recortes (Tabasco)"},"content":{"rendered":"<p>Omar Policroniades<\/p>\n<p>Villahermosa, Tab., 12 de agosto del 2016.-  Una treintena de jubilados protest\u00f3 este viernes en la Pir\u00e1mide de Pemex por los recortes a sus pensiones y en reclamo de un mejor servicio m\u00e9dico que se ha visto afectado por ajustes presupuestales, reflej\u00e1ndose en el desabasto de medicamentos. Con pancartas en mano y lanzando consignas, denunciaron presuntas violaciones al Contrato Colectivo de Trabajo por parte de Petr\u00f3leos Mexicanos,  por ello demandaron su nulidad. <\/p>\n<p>    Desde la semana pasada, los ex trabajadores se han manifestado en el Hospital General y en la Pir\u00e1mide de Pemex, pues aseguran que  son m\u00e1s de 12 mil 500 los jubilados de las secciones 26 de C\u00e1rdenas, 29 de Comalcalco, 50 en Para\u00edso, 14 de Ciudad Pemex, as\u00ed como la 44 y 48 del STPRM afectados por la pol\u00edtica de la empresa con los recortes a servicios m\u00e9dicos y pago incompleto de jubilaciones.<br \/>\n    \u201cEstamos exigiendo la nulidad del Contrato Colectivo de Trabajo, que firma Carlos Romero Deschamps con Pemex, traicionando el anterior contrato, donde nos quitan m\u00e1s de mil 350 pesos de apoyo de gasolina cada 14 d\u00edas, adem\u00e1s nos est\u00e1n dando un p\u00e9simo servicio m\u00e9dico, sin medicinas, sin operaciones y los casos de negligencia abundan\u201d, denunci\u00f3 Ra\u00fal Drouaillet Pati\u00f1o en la protesta del viernes pasado.<br \/>\n    De acuerdo a los inconformes, Petr\u00f3leos Mexicanos ignora lo reclamos de los trabajadores jubilados mientras que la dirigencia del STPRM tampoco mueve un dedo para defenderlos.<br \/>\n    \u201cHay una violaci\u00f3n a la cl\u00e1usula 89 en el cap\u00edtulo m\u00e9dico del Contrato Colectivo de Trabajo, que dice que Pemex no escatimar\u00e1 en erogaci\u00f3n alguna para preservar la salud de sus trabajadores y derecho habientes\u201d, afirmaron.<\/p>\n<p><a href=\"http:\/\/www.la-verdad.com.mx\/protestan-jubilados-pemex-ante-recortes-69974.html\" target=\"_blank\">http:\/\/www.la-verdad.com.mx\/protestan-jubilados-pemex-ante-recortes-69974.html<\/a><\/p>\n","protected":false},"excerpt":{"rendered":"<p>Omar Policroniades Villahermosa, Tab., 12 de agosto del 2016.- Una treintena de jubilados protest\u00f3 este viernes en la Pir\u00e1mide de Pemex por los recortes a sus pensiones y en reclamo &hellip; <a href=\"https:\/\/www.grieta.org.mx\/index.php\/2016\/08\/12\/protestan-jubilados-de-pemex-ante-recortes-tabasco\/\" class=\"more-link\">Leer m\u00e1s<\/a><\/p>\n","protected":false},"author":2,"featured_media":21928,"comment_status":"closed","ping_status":"closed","sticky":false,"template":"","format":"standard","meta":{"ngg_post_thumbnail":0,"_jetpack_newsletter_access":"","_jetpack_dont_email_post_to_subs":false,"_jetpack_newsletter_tier_id":0,"_jetpack_memberships_contains_paywalled_content":false,"_jetpack_memberships_contains_paid_content":false,"footnotes":""},"categories":[80,415],"tags":[125,203],"class_list":["post-19543","post","type-post","status-publish","format-standard","has-post-thumbnail","hentry","category-cintillo","category-tabasco","tag-pemex","tag-pensionados","entry"],"jetpack_featured_media_url":"https:\/\/www.grieta.org.mx\/wp-content\/uploads\/2018\/03\/14524434_1106112876131411_958039263622046936_o.jpg","jetpack_sharing_enabled":true,"jetpack_shortlink":"https:\/\/wp.me\/p7ZJR4-55d","jetpack_likes_enabled":false,"jetpack-related-posts":[{"id":19546,"url":"https:\/\/www.grieta.org.mx\/index.php\/2016\/08\/12\/protesta-de-jubilados-petroleros-de-tabasco-por-recortes-en-pensiones-y-servicios-medicos\/","url_meta":{"origin":19543,"position":0},"title":"Protesta de jubilados petroleros de Tabasco por recortes en pensiones y servicios m\u00e9dicos","author":"grieta","date":"12 agosto, 2016","format":false,"excerpt":"12\/08\/16. Protestan jubilados de Pemex ante recortesLa Verdad","rel":"","context":"En &quot;NOTICIAS NACIONALES&quot;","block_context":{"text":"NOTICIAS NACIONALES","link":"https:\/\/www.grieta.org.mx\/index.php\/category\/noticias-nacionales\/"},"img":{"alt_text":"","src":"https:\/\/i0.wp.com\/www.grieta.org.mx\/wp-content\/uploads\/2018\/03\/14524434_1106112876131411_958039263622046936_o.jpg?resize=350%2C200&ssl=1","width":350,"height":200,"srcset":"https:\/\/i0.wp.com\/www.grieta.org.mx\/wp-content\/uploads\/2018\/03\/14524434_1106112876131411_958039263622046936_o.jpg?resize=350%2C200&ssl=1 1x, https:\/\/i0.wp.com\/www.grieta.org.mx\/wp-content\/uploads\/2018\/03\/14524434_1106112876131411_958039263622046936_o.jpg?resize=525%2C300&ssl=1 1.5x, https:\/\/i0.wp.com\/www.grieta.org.mx\/wp-content\/uploads\/2018\/03\/14524434_1106112876131411_958039263622046936_o.jpg?resize=700%2C400&ssl=1 2x"},"classes":[]},{"id":65353,"url":"https:\/\/www.grieta.org.mx\/index.php\/2022\/09\/13\/jubilados-de-pemex-protestan-frente-a-la-embajada-de-eu-en-merida-exigen-atencion-medica-yucatan\/","url_meta":{"origin":19543,"position":1},"title":"Jubilados de Pemex protestan frente a la Embajada de EU en M\u00e9rida; exigen atenci\u00f3n m\u00e9dica (Yucat\u00e1n)","author":"grieta","date":"13 septiembre, 2022","format":false,"excerpt":"Por Esto! Un grupo de manifestantes se dieron cita en la calle 60 (esquina con calle 31), en M\u00e9rida, en protesta al incumplimiento de un contrato colectivo que les ha imposibilitado recibir atenci\u00f3n m\u00e9dica. Los inconformes, personas de la tercera edad, se\u00f1alan a la representante legal de la Empresa Productiva\u2026","rel":"","context":"En &quot;CINTILLO&quot;","block_context":{"text":"CINTILLO","link":"https:\/\/www.grieta.org.mx\/index.php\/category\/cintillo\/"},"img":{"alt_text":"","src":"https:\/\/i0.wp.com\/www.grieta.org.mx\/wp-content\/uploads\/2022\/10\/JubiladosPemex-e1664675095529.jpg?resize=350%2C200&ssl=1","width":350,"height":200,"srcset":"https:\/\/i0.wp.com\/www.grieta.org.mx\/wp-content\/uploads\/2022\/10\/JubiladosPemex-e1664675095529.jpg?resize=350%2C200&ssl=1 1x, https:\/\/i0.wp.com\/www.grieta.org.mx\/wp-content\/uploads\/2022\/10\/JubiladosPemex-e1664675095529.jpg?resize=525%2C300&ssl=1 1.5x, https:\/\/i0.wp.com\/www.grieta.org.mx\/wp-content\/uploads\/2022\/10\/JubiladosPemex-e1664675095529.jpg?resize=700%2C400&ssl=1 2x"},"classes":[]},{"id":56616,"url":"https:\/\/www.grieta.org.mx\/index.php\/2021\/01\/28\/se-manifiestan-trabajadores-jubilados-y-pensionados-de-pemex-colima\/","url_meta":{"origin":19543,"position":2},"title":"Se manifiestan trabajadores jubilados y pensionados de Pemex (Colima)","author":"grieta","date":"28 enero, 2021","format":false,"excerpt":"Imagen: Colima Noticias Oscar Cervantes \/ Colima Noticias Colima, Col.-\u00a0Un grupo de trabajadores jubilados y pensionados de Petr\u00f3leos Mexicanos (PEMEX), se manifestaron pac\u00edficamente para exigir el respeto a sus derechos laborales y que de inmediato se reactive su acceso a servicios m\u00e9dicos integrales. A las afueras de las instalaciones de\u2026","rel":"","context":"En &quot;CINTILLO&quot;","block_context":{"text":"CINTILLO","link":"https:\/\/www.grieta.org.mx\/index.php\/category\/cintillo\/"},"img":{"alt_text":"","src":"https:\/\/i0.wp.com\/www.grieta.org.mx\/wp-content\/uploads\/2018\/03\/14524434_1106112876131411_958039263622046936_o.jpg?resize=350%2C200&ssl=1","width":350,"height":200,"srcset":"https:\/\/i0.wp.com\/www.grieta.org.mx\/wp-content\/uploads\/2018\/03\/14524434_1106112876131411_958039263622046936_o.jpg?resize=350%2C200&ssl=1 1x, https:\/\/i0.wp.com\/www.grieta.org.mx\/wp-content\/uploads\/2018\/03\/14524434_1106112876131411_958039263622046936_o.jpg?resize=525%2C300&ssl=1 1.5x, https:\/\/i0.wp.com\/www.grieta.org.mx\/wp-content\/uploads\/2018\/03\/14524434_1106112876131411_958039263622046936_o.jpg?resize=700%2C400&ssl=1 2x"},"classes":[]},{"id":37021,"url":"https:\/\/www.grieta.org.mx\/index.php\/2019\/07\/24\/jubilados-de-pemex-bloquen-accesos-a-terminales-de-almacenamiento-en-yucatan\/","url_meta":{"origin":19543,"position":3},"title":"Jubilados de Pemex bloquen accesos a terminales de almacenamiento en Yucat\u00e1n","author":"grieta","date":"24 julio, 2019","format":false,"excerpt":"Rosa Santana\/Proceso M\u00c9RIDA, Yuc. (apro).- Jubilados y pensionados de Petr\u00f3leos Mexicanos (Pemex) bloquearon este mi\u00e9rcoles los accesos a las terminales de almacenamiento y reparto de combustible ubicadas en los municipios de Um\u00e1n y Progreso, para protestar por la suspensi\u00f3n de prestaciones m\u00e9dicas a las que tienen derecho. Este es el\u2026","rel":"","context":"En &quot;CINTILLO&quot;","block_context":{"text":"CINTILLO","link":"https:\/\/www.grieta.org.mx\/index.php\/category\/cintillo\/"},"img":{"alt_text":"","src":"https:\/\/i0.wp.com\/www.grieta.org.mx\/wp-content\/uploads\/2018\/03\/14524434_1106112876131411_958039263622046936_o.jpg?resize=350%2C200&ssl=1","width":350,"height":200,"srcset":"https:\/\/i0.wp.com\/www.grieta.org.mx\/wp-content\/uploads\/2018\/03\/14524434_1106112876131411_958039263622046936_o.jpg?resize=350%2C200&ssl=1 1x, https:\/\/i0.wp.com\/www.grieta.org.mx\/wp-content\/uploads\/2018\/03\/14524434_1106112876131411_958039263622046936_o.jpg?resize=525%2C300&ssl=1 1.5x, https:\/\/i0.wp.com\/www.grieta.org.mx\/wp-content\/uploads\/2018\/03\/14524434_1106112876131411_958039263622046936_o.jpg?resize=700%2C400&ssl=1 2x"},"classes":[]},{"id":46266,"url":"https:\/\/www.grieta.org.mx\/index.php\/2020\/03\/12\/con-ataudes-jubilados-de-pemex-protestan-contra-amlo-yucatan\/","url_meta":{"origin":19543,"position":4},"title":"Con ata\u00fades, jubilados de Pemex protestan contra AMLO (Yucat\u00e1n)","author":"grieta","date":"12 marzo, 2020","format":false,"excerpt":"Reporteros Hoy M\u00e8rida, Yucat\u00e0n; (ACOM).- Un grupo de jubilados y pensionados de Petr\u00f3leos Mexicanos (Pemex), pertenecientes al grupo \u201cLuchando por mi salud\u201d protestaron contra el presidente Andr\u00e9s Manuel L\u00f3pez Obrador, a quien acusaron de mentir debido a que no ha mejorado los servicios de salud para quienes dieron su vida\u2026","rel":"","context":"En &quot;CINTILLO&quot;","block_context":{"text":"CINTILLO","link":"https:\/\/www.grieta.org.mx\/index.php\/category\/cintillo\/"},"img":{"alt_text":"","src":"https:\/\/i0.wp.com\/www.grieta.org.mx\/wp-content\/uploads\/2020\/03\/JubiladosPemex-e1584501210159.png?resize=350%2C200&ssl=1","width":350,"height":200,"srcset":"https:\/\/i0.wp.com\/www.grieta.org.mx\/wp-content\/uploads\/2020\/03\/JubiladosPemex-e1584501210159.png?resize=350%2C200&ssl=1 1x, https:\/\/i0.wp.com\/www.grieta.org.mx\/wp-content\/uploads\/2020\/03\/JubiladosPemex-e1584501210159.png?resize=525%2C300&ssl=1 1.5x, https:\/\/i0.wp.com\/www.grieta.org.mx\/wp-content\/uploads\/2020\/03\/JubiladosPemex-e1584501210159.png?resize=700%2C400&ssl=1 2x"},"classes":[]},{"id":50918,"url":"https:\/\/www.grieta.org.mx\/index.php\/2020\/06\/11\/jubilados-de-pemex-exigen-ser-atendidos-en-el-issste-de-merida\/","url_meta":{"origin":19543,"position":5},"title":"Jubilados de Pemex exigen ser atendidos en el ISSSTE de M\u00e9rida","author":"grieta","date":"11 junio, 2020","format":false,"excerpt":"Jubilados de Pemex protestaron frente al Consulado de Estados Unidos en M\u00e9rida. Foto: Tomada de video Peninsular Punto Medio Rosa Santana \/ Proceso M\u00c9RIDA, Yuc. (apro).- Jubilados y derechohabientes de Petr\u00f3leos Mexicanos (Pemex) de Yucat\u00e1n se plantaron este jueves frente al consulado de Estados Unidos para denunciar corrupci\u00f3n en los\u2026","rel":"","context":"En &quot;CINTILLO&quot;","block_context":{"text":"CINTILLO","link":"https:\/\/www.grieta.org.mx\/index.php\/category\/cintillo\/"},"img":{"alt_text":"","src":"https:\/\/i0.wp.com\/www.grieta.org.mx\/wp-content\/uploads\/2020\/06\/JubiladosPemex.png?resize=350%2C200&ssl=1","width":350,"height":200,"srcset":"https:\/\/i0.wp.com\/www.grieta.org.mx\/wp-content\/uploads\/2020\/06\/JubiladosPemex.png?resize=350%2C200&ssl=1 1x, https:\/\/i0.wp.com\/www.grieta.org.mx\/wp-content\/uploads\/2020\/06\/JubiladosPemex.png?resize=525%2C300&ssl=1 1.5x, https:\/\/i0.wp.com\/www.grieta.org.mx\/wp-content\/uploads\/2020\/06\/JubiladosPemex.png?resize=700%2C400&ssl=1 2x"},"classes":[]}],"_links":{"self":[{"href":"https:\/\/www.grieta.org.mx\/index.php\/wp-json\/wp\/v2\/posts\/19543","targetHints":{"allow":["GET"]}}],"collection":[{"href":"https:\/\/www.grieta.org.mx\/index.php\/wp-json\/wp\/v2\/posts"}],"about":[{"href":"https:\/\/www.grieta.org.mx\/index.php\/wp-json\/wp\/v2\/types\/post"}],"author":[{"embeddable":true,"href":"https:\/\/www.grieta.org.mx\/index.php\/wp-json\/wp\/v2\/users\/2"}],"replies":[{"embeddable":true,"href":"https:\/\/www.grieta.org.mx\/index.php\/wp-json\/wp\/v2\/comments?post=19543"}],"version-history":[{"count":1,"href":"https:\/\/www.grieta.org.mx\/index.php\/wp-json\/wp\/v2\/posts\/19543\/revisions"}],"predecessor-version":[{"id":19544,"href":"https:\/\/www.grieta.org.mx\/index.php\/wp-json\/wp\/v2\/posts\/19543\/revisions\/19544"}],"wp:featuredmedia":[{"embeddable":true,"href":"https:\/\/www.grieta.org.mx\/index.php\/wp-json\/wp\/v2\/media\/21928"}],"wp:attachment":[{"href":"https:\/\/www.grieta.org.mx\/index.php\/wp-json\/wp\/v2\/media?parent=19543"}],"wp:term":[{"taxonomy":"category","embeddable":true,"href":"https:\/\/www.grieta.org.mx\/index.php\/wp-json\/wp\/v2\/categories?post=19543"},{"taxonomy":"post_tag","embeddable":true,"href":"https:\/\/www.grieta.org.mx\/index.php\/wp-json\/wp\/v2\/tags?post=19543"}],"curies":[{"name":"wp","href":"https:\/\/api.w.org\/{rel}","templated":true}]}}