{"id":19516,"date":"2016-08-09T12:37:20","date_gmt":"2016-08-09T17:37:20","guid":{"rendered":"http:\/\/www.grieta.org.mx\/?p=19516"},"modified":"2016-08-12T12:39:03","modified_gmt":"2016-08-12T17:39:03","slug":"inmujeres-y-asociaciones-critican-fallida-estrategia-contra-la-violencia-de-genero-en-slp","status":"publish","type":"post","link":"https:\/\/www.grieta.org.mx\/index.php\/2016\/08\/09\/inmujeres-y-asociaciones-critican-fallida-estrategia-contra-la-violencia-de-genero-en-slp\/","title":{"rendered":"Inmujeres y asociaciones critican fallida estrategia contra la violencia de g\u00e9nero en SLP"},"content":{"rendered":"<p>La Jornada San Luis<br \/>\nSamuel Estrada<\/p>\n<p>El Consejo Social del Instituto Nacional de las Mujeres (Inmujeres), as\u00ed como asociaciones civiles en defensa de los derechos de las mujeres de todo el pa\u00eds, lamentaron la fallida estrategia para el levantamiento de alertas de g\u00e9nero a nivel rep\u00fablica, por lo que s\u00f3lo se est\u00e1 tratando de una especie de simulaci\u00f3n de que interesa el tema a las autoridades, cuando no es as\u00ed.<\/p>\n<p>Ante los procesos de solicitudes y declaratorias de alertas de violencia de g\u00e9nero contra las mujeres en todo el pa\u00eds, reunidas organizaciones de la sociedad civil de los estados de Colima, Sonora, Jalisco, Sinaloa, Michoac\u00e1n, Quer\u00e9taro, Nuevo Le\u00f3n, Guerrero, Guanajuato, Nayarit, Estado de M\u00e9xico, Puebla y representantes de las Comisiones Estatales Derechos Humanos de San Luis Potos\u00ed y Colima, en la ciudad de Guadalajara, Jalisco, en el primer Encuentro Nacional con organismos solicitantes de alerta de violencia de g\u00e9nero con el Consejo Social del Inmujeres, Arely Torres Miranda, consejera nacional del instituto en San Luis Potos\u00ed, extern\u00f3 que se tuvieron que hacer varias consideraciones.<\/p>\n<p>Explic\u00f3 que la realidad es que falta much\u00edsimo por avanzar y en la mayor\u00eda de los estados los grupos de investigaci\u00f3n no se conformaron con la transparencia debida, que las personas que conforman los mismos no tienen una real perspectiva de g\u00e9nero ni una formaci\u00f3n adecuada en el tema, aunado a que no hay recursos etiquetados para la sociedad civil, que es la que promueve y es la que debiera dar acompa\u00f1amiento a estos procesos.<\/p>\n<p>Indic\u00f3 que hay una gran preocupaci\u00f3n a nivel nacional porque todos estos procesos para buscar las alertas de g\u00e9nero terminen siendo una simulaci\u00f3n m\u00e1s del Estado mexicano y no ayudar\u00e1n en nada para que las mujeres de cada uno de los estados dejen de correr peligro, puesto que falta mucha vinculaci\u00f3n entre quienes buscan dar seguimiento a las recomendaciones de la Conavim y la propia sociedad civil.<\/p>\n<p>Por \u00faltimo, Torres Miranda recalc\u00f3 que, por el contrario, ha habido casos de hostigamiento en contra de quienes encabezan las asociaciones civiles que denuncian el estatus de la violencia de g\u00e9nero en cada una de las entidades, y exigi\u00f3 que se tome el tema de la violencia de g\u00e9nero como un tema de seguridad nacional entre otras cosas.<\/p>\n<blockquote class=\"wp-embedded-content\" data-secret=\"snxTHK121Q\"><p><a href=\"https:\/\/lajornadasanluis.com.mx\/politica-y-sociedad\/inmujeres-asociaciones-critican-fallida-estrategia-la-violencia-genero\/\">Inmujeres y asociaciones critican fallida estrategia contra la violencia de g\u00e9nero<\/a><\/p><\/blockquote>\n<p><iframe loading=\"lazy\" class=\"wp-embedded-content\" sandbox=\"allow-scripts\" security=\"restricted\" style=\"position: absolute; clip: rect(1px, 1px, 1px, 1px);\" title=\"\u00abInmujeres y asociaciones critican fallida estrategia contra la violencia de g\u00e9nero\u00bb \u2014 La Jornada de San Luis\" src=\"https:\/\/lajornadasanluis.com.mx\/politica-y-sociedad\/inmujeres-asociaciones-critican-fallida-estrategia-la-violencia-genero\/embed\/#?secret=snxTHK121Q\" data-secret=\"snxTHK121Q\" width=\"600\" height=\"338\" frameborder=\"0\" marginwidth=\"0\" marginheight=\"0\" scrolling=\"no\"><\/iframe><\/p>\n","protected":false},"excerpt":{"rendered":"<p>La Jornada San Luis Samuel Estrada El Consejo Social del Instituto Nacional de las Mujeres (Inmujeres), as\u00ed como asociaciones civiles en defensa de los derechos de las mujeres de todo &hellip; <a href=\"https:\/\/www.grieta.org.mx\/index.php\/2016\/08\/09\/inmujeres-y-asociaciones-critican-fallida-estrategia-contra-la-violencia-de-genero-en-slp\/\" class=\"more-link\">Leer m\u00e1s<\/a><\/p>\n","protected":false},"author":2,"featured_media":21928,"comment_status":"closed","ping_status":"closed","sticky":false,"template":"","format":"standard","meta":{"ngg_post_thumbnail":0,"_jetpack_newsletter_access":"","_jetpack_dont_email_post_to_subs":false,"_jetpack_newsletter_tier_id":0,"_jetpack_memberships_contains_paywalled_content":false,"_jetpack_memberships_contains_paid_content":false,"footnotes":""},"categories":[80,141],"tags":[81],"class_list":["post-19516","post","type-post","status-publish","format-standard","has-post-thumbnail","hentry","category-cintillo","category-san-luis-potosi","tag-feminicidios","entry"],"jetpack_featured_media_url":"https:\/\/www.grieta.org.mx\/wp-content\/uploads\/2018\/03\/14524434_1106112876131411_958039263622046936_o.jpg","jetpack_sharing_enabled":true,"jetpack_shortlink":"https:\/\/wp.me\/p7ZJR4-54M","jetpack_likes_enabled":false,"jetpack-related-posts":[{"id":8751,"url":"https:\/\/www.grieta.org.mx\/index.php\/2016\/08\/10\/feminicidios-en-san-luis-potosi\/","url_meta":{"origin":19516,"position":0},"title":"Feminicidios en San Luis Potos\u00ed","author":"grieta","date":"10 agosto, 2016","format":false,"excerpt":"09\/08\/16. Inmujeres y asociaciones critican fallida estrategia contra la violencia de g\u00e9nero en SLPLa Jornada San Luis 20\/06\/16. Violencia contra la mujer en SLPPlano Informativo 10\/05\/16. En San Luis Potos\u00ed. 171 feminicidios en 5 a\u00f1osAstrolabio 18\/01\/16. Feminicidio en Alaquines Plano Informativo 13\/11\/15. Feminicidios en SLP: Ausencia de protocolos, casos olvidados,\u2026","rel":"","context":"En &quot;Feminicidios&quot;","block_context":{"text":"Feminicidios","link":"https:\/\/www.grieta.org.mx\/index.php\/category\/temas-nacionales\/feminicidios\/"},"img":{"alt_text":"","src":"https:\/\/i0.wp.com\/www.grieta.org.mx\/wp-content\/uploads\/2018\/03\/14524434_1106112876131411_958039263622046936_o.jpg?resize=350%2C200&ssl=1","width":350,"height":200,"srcset":"https:\/\/i0.wp.com\/www.grieta.org.mx\/wp-content\/uploads\/2018\/03\/14524434_1106112876131411_958039263622046936_o.jpg?resize=350%2C200&ssl=1 1x, https:\/\/i0.wp.com\/www.grieta.org.mx\/wp-content\/uploads\/2018\/03\/14524434_1106112876131411_958039263622046936_o.jpg?resize=525%2C300&ssl=1 1.5x, https:\/\/i0.wp.com\/www.grieta.org.mx\/wp-content\/uploads\/2018\/03\/14524434_1106112876131411_958039263622046936_o.jpg?resize=700%2C400&ssl=1 2x"},"classes":[]},{"id":17604,"url":"https:\/\/www.grieta.org.mx\/index.php\/2016\/07\/06\/en-slp-no-se-ven-avances-contra-la-violencia-contra-las-mujeres-inmujeres\/","url_meta":{"origin":19516,"position":1},"title":"En SLP, \u201cno se ven\u201d avances contra la violencia contra las mujeres: Inmujeres","author":"grieta","date":"6 julio, 2016","format":false,"excerpt":"La Jornada San Luis Jorge Torres San Luis Potos\u00ed est\u00e1 entre las 12 entidades que tienen problemas para garantizar una vida libre de violencia a las mujeres, de acuerdo con la Comisi\u00f3n Nacional para Prevenir y Erradicar la Violencia Contra las Mujeres (Conavim), dependencia que ha emitido ocho recomendaciones que\u2026","rel":"","context":"En &quot;CINTILLO&quot;","block_context":{"text":"CINTILLO","link":"https:\/\/www.grieta.org.mx\/index.php\/category\/cintillo\/"},"img":{"alt_text":"","src":"https:\/\/i0.wp.com\/www.grieta.org.mx\/wp-content\/uploads\/2018\/03\/14524434_1106112876131411_958039263622046936_o.jpg?resize=350%2C200&ssl=1","width":350,"height":200,"srcset":"https:\/\/i0.wp.com\/www.grieta.org.mx\/wp-content\/uploads\/2018\/03\/14524434_1106112876131411_958039263622046936_o.jpg?resize=350%2C200&ssl=1 1x, https:\/\/i0.wp.com\/www.grieta.org.mx\/wp-content\/uploads\/2018\/03\/14524434_1106112876131411_958039263622046936_o.jpg?resize=525%2C300&ssl=1 1.5x, https:\/\/i0.wp.com\/www.grieta.org.mx\/wp-content\/uploads\/2018\/03\/14524434_1106112876131411_958039263622046936_o.jpg?resize=700%2C400&ssl=1 2x"},"classes":[]},{"id":29551,"url":"https:\/\/www.grieta.org.mx\/index.php\/2019\/02\/24\/otro-recorte-ahora-afectara-a-refugios-para-mujeres-san-luis-potosi\/","url_meta":{"origin":19516,"position":2},"title":"Otro recorte, ahora afectar\u00e1 a refugios para mujeres (San Luis Potos\u00ed)","author":"grieta","date":"24 febrero, 2019","format":false,"excerpt":"Jorge Torres \/ Plano Informativo El refugio que existe en SLP que maneja la asociaci\u00f3n civil Otra Oportunidad. San Luis Potos\u00ed, SLP.- \"Es verdaderamente grave la ceguera de g\u00e9nero que tiene este Gobierno Federal al querer coartar, limitar y hacer un retroceso inconcebible en los Derechos Humanos de las mujeres\",\u2026","rel":"","context":"En &quot;CINTILLO&quot;","block_context":{"text":"CINTILLO","link":"https:\/\/www.grieta.org.mx\/index.php\/category\/cintillo\/"},"img":{"alt_text":"","src":"https:\/\/i0.wp.com\/www.grieta.org.mx\/wp-content\/uploads\/2019\/02\/Otro-recorte-ahora-afectar%C3%A1-a-refugios-para-mujeres-slp-feb.jpg?resize=350%2C200&ssl=1","width":350,"height":200,"srcset":"https:\/\/i0.wp.com\/www.grieta.org.mx\/wp-content\/uploads\/2019\/02\/Otro-recorte-ahora-afectar%C3%A1-a-refugios-para-mujeres-slp-feb.jpg?resize=350%2C200&ssl=1 1x, https:\/\/i0.wp.com\/www.grieta.org.mx\/wp-content\/uploads\/2019\/02\/Otro-recorte-ahora-afectar%C3%A1-a-refugios-para-mujeres-slp-feb.jpg?resize=525%2C300&ssl=1 1.5x, https:\/\/i0.wp.com\/www.grieta.org.mx\/wp-content\/uploads\/2019\/02\/Otro-recorte-ahora-afectar%C3%A1-a-refugios-para-mujeres-slp-feb.jpg?resize=700%2C400&ssl=1 2x"},"classes":[]},{"id":11512,"url":"https:\/\/www.grieta.org.mx\/index.php\/2016\/07\/20\/movilizacion-contra-la-violencia-hacia-las-mujeres-en-san-luis-potosi\/","url_meta":{"origin":19516,"position":3},"title":"Movilizaci\u00f3n contra la violencia hacia las mujeres en San Luis Potosi","author":"grieta","date":"20 julio, 2016","format":false,"excerpt":"07\/07\/16. En SLP, \u201cno se ven\u201d avances contra la violencia contra las mujeres: InmujeresLa Jornada San Luis 25\/05\/16. Mujeres de SL, en marcha contra la violencia machistaLa jornada 25\/05\/16. Realizan marcha contra la violencia machistaEl Sol de San Luis","rel":"","context":"En &quot;San Luis Potos\u00ed&quot;","block_context":{"text":"San Luis Potos\u00ed","link":"https:\/\/www.grieta.org.mx\/index.php\/category\/noticias-nacionales\/san-luis-potosi\/"},"img":{"alt_text":"","src":"https:\/\/i0.wp.com\/www.grieta.org.mx\/wp-content\/uploads\/2018\/03\/14524434_1106112876131411_958039263622046936_o.jpg?resize=350%2C200&ssl=1","width":350,"height":200,"srcset":"https:\/\/i0.wp.com\/www.grieta.org.mx\/wp-content\/uploads\/2018\/03\/14524434_1106112876131411_958039263622046936_o.jpg?resize=350%2C200&ssl=1 1x, https:\/\/i0.wp.com\/www.grieta.org.mx\/wp-content\/uploads\/2018\/03\/14524434_1106112876131411_958039263622046936_o.jpg?resize=525%2C300&ssl=1 1.5x, https:\/\/i0.wp.com\/www.grieta.org.mx\/wp-content\/uploads\/2018\/03\/14524434_1106112876131411_958039263622046936_o.jpg?resize=700%2C400&ssl=1 2x"},"classes":[]},{"id":30469,"url":"https:\/\/www.grieta.org.mx\/index.php\/2019\/03\/08\/estados-ponen-el-pie-a-las-alertas-de-genero-no-pueden-frenar-los-feminicidios\/","url_meta":{"origin":19516,"position":4},"title":"Estados ponen el pie a las alertas de g\u00e9nero; no pueden frenar los feminicidios","author":"grieta","date":"8 marzo, 2019","format":false,"excerpt":"An\u00edbal Mart\u00ednez\/Excelsior Expertos explican que s\u00ed funciona el mecanismo; sin embargo, los gobiernos fallan en la estrategia para frenar y prevenir la violencia contra las mujeres CIUDAD DE M\u00c9XICO. La mala aplicaci\u00f3n de la justicia o el desinter\u00e9s de los estados y municipios para frenar los altos \u00edndices de feminicidios\u2026","rel":"","context":"En &quot;Campeche&quot;","block_context":{"text":"Campeche","link":"https:\/\/www.grieta.org.mx\/index.php\/category\/noticias-nacionales\/campeche\/"},"img":{"alt_text":"","src":"https:\/\/i0.wp.com\/www.grieta.org.mx\/wp-content\/uploads\/2019\/03\/2111149.jpg?resize=350%2C200&ssl=1","width":350,"height":200,"srcset":"https:\/\/i0.wp.com\/www.grieta.org.mx\/wp-content\/uploads\/2019\/03\/2111149.jpg?resize=350%2C200&ssl=1 1x, https:\/\/i0.wp.com\/www.grieta.org.mx\/wp-content\/uploads\/2019\/03\/2111149.jpg?resize=525%2C300&ssl=1 1.5x"},"classes":[]},{"id":39994,"url":"https:\/\/www.grieta.org.mx\/index.php\/2019\/10\/01\/alertas-de-genero-han-sido-poco-efectivas-jalisco\/","url_meta":{"origin":19516,"position":5},"title":"Alertas de g\u00e9nero han sido poco efectivas (Jalisco)","author":"grieta","date":"1 octubre, 2019","format":false,"excerpt":"Foto: Grisel Pajarito Dario Pereira \/ El Diario NTR De poco han servido las alertas de violencia de g\u00e9nero para Jalisco que han emitido los gobiernos estatal y federal, pues en la entidad los \u00edndices de agresiones contra mujeres siguen estando entre los m\u00e1s altos del pa\u00eds, lamentaron investigadores de\u2026","rel":"","context":"En &quot;CINTILLO&quot;","block_context":{"text":"CINTILLO","link":"https:\/\/www.grieta.org.mx\/index.php\/category\/cintillo\/"},"img":{"alt_text":"","src":"https:\/\/i0.wp.com\/www.grieta.org.mx\/wp-content\/uploads\/2019\/10\/2019-09-30_11-09-50___2603.jpg?resize=350%2C200&ssl=1","width":350,"height":200,"srcset":"https:\/\/i0.wp.com\/www.grieta.org.mx\/wp-content\/uploads\/2019\/10\/2019-09-30_11-09-50___2603.jpg?resize=350%2C200&ssl=1 1x, https:\/\/i0.wp.com\/www.grieta.org.mx\/wp-content\/uploads\/2019\/10\/2019-09-30_11-09-50___2603.jpg?resize=525%2C300&ssl=1 1.5x, https:\/\/i0.wp.com\/www.grieta.org.mx\/wp-content\/uploads\/2019\/10\/2019-09-30_11-09-50___2603.jpg?resize=700%2C400&ssl=1 2x"},"classes":[]}],"_links":{"self":[{"href":"https:\/\/www.grieta.org.mx\/index.php\/wp-json\/wp\/v2\/posts\/19516","targetHints":{"allow":["GET"]}}],"collection":[{"href":"https:\/\/www.grieta.org.mx\/index.php\/wp-json\/wp\/v2\/posts"}],"about":[{"href":"https:\/\/www.grieta.org.mx\/index.php\/wp-json\/wp\/v2\/types\/post"}],"author":[{"embeddable":true,"href":"https:\/\/www.grieta.org.mx\/index.php\/wp-json\/wp\/v2\/users\/2"}],"replies":[{"embeddable":true,"href":"https:\/\/www.grieta.org.mx\/index.php\/wp-json\/wp\/v2\/comments?post=19516"}],"version-history":[{"count":1,"href":"https:\/\/www.grieta.org.mx\/index.php\/wp-json\/wp\/v2\/posts\/19516\/revisions"}],"predecessor-version":[{"id":19517,"href":"https:\/\/www.grieta.org.mx\/index.php\/wp-json\/wp\/v2\/posts\/19516\/revisions\/19517"}],"wp:featuredmedia":[{"embeddable":true,"href":"https:\/\/www.grieta.org.mx\/index.php\/wp-json\/wp\/v2\/media\/21928"}],"wp:attachment":[{"href":"https:\/\/www.grieta.org.mx\/index.php\/wp-json\/wp\/v2\/media?parent=19516"}],"wp:term":[{"taxonomy":"category","embeddable":true,"href":"https:\/\/www.grieta.org.mx\/index.php\/wp-json\/wp\/v2\/categories?post=19516"},{"taxonomy":"post_tag","embeddable":true,"href":"https:\/\/www.grieta.org.mx\/index.php\/wp-json\/wp\/v2\/tags?post=19516"}],"curies":[{"name":"wp","href":"https:\/\/api.w.org\/{rel}","templated":true}]}}