{"id":19507,"date":"2016-08-06T12:25:55","date_gmt":"2016-08-06T17:25:55","guid":{"rendered":"http:\/\/www.grieta.org.mx\/?p=19507"},"modified":"2016-08-12T12:27:38","modified_gmt":"2016-08-12T17:27:38","slug":"denuncian-trata-de-personas-en-la-sierra-de-chihuahua","status":"publish","type":"post","link":"https:\/\/www.grieta.org.mx\/index.php\/2016\/08\/06\/denuncian-trata-de-personas-en-la-sierra-de-chihuahua\/","title":{"rendered":"Denuncian trata de personas en la sierra de Chihuahua"},"content":{"rendered":"<p>El Diario<br \/>\nManuel Salcedo<\/p>\n<p>Cuauht\u00e9moc.- Leticia Salinas Aguirre, Predidenta del Consejo Ciudadano de Seguridad y Justicia de Chihuahua, A.C. coment\u00f3 el conocimiento de una red de trata de personas que opera en la zona serrana con migrantes para emplearlos de manera forzada en el cultivo y el trasiego de la droga.<\/p>\n<p>La l\u00ednea de atenci\u00f3n *2232 ha recibido en los \u00faltimos15 d\u00edas, un total de 10 denuncias de varios puntos en donde se comienza con una desaparici\u00f3n de personas y se ha llegado a la ubicaci\u00f3n de personas ejerciendo el comercio carnal de manera forzada.<\/p>\n<p>En las denuncias, se ha establecido que algunos migrantes que transitan por la zona serrana, son secuestrados y empleados en la siembra, cosecha, trasiego y venta de drogas en la parte occidente del estado.<\/p>\n<p>Municipios como Guazapares y Urique son entre otros los lugares en donde se han recibido los reportes sobre este tipo de acontecimientos tipificados bajo el delito de trata de personas.<\/p>\n<p>http:\/\/eldiariodechihuahua.mx\/Cuauhtemoc\/2016\/08\/05\/denuncian-trata-de-personas-en-la-sierra-de-chihuahua\/<\/p>\n","protected":false},"excerpt":{"rendered":"<p>El Diario Manuel Salcedo Cuauht\u00e9moc.- Leticia Salinas Aguirre, Predidenta del Consejo Ciudadano de Seguridad y Justicia de Chihuahua, A.C. coment\u00f3 el conocimiento de una red de trata de personas que &hellip; <a href=\"https:\/\/www.grieta.org.mx\/index.php\/2016\/08\/06\/denuncian-trata-de-personas-en-la-sierra-de-chihuahua\/\" class=\"more-link\">Leer m\u00e1s<\/a><\/p>\n","protected":false},"author":2,"featured_media":21928,"comment_status":"closed","ping_status":"closed","sticky":false,"template":"","format":"standard","meta":{"ngg_post_thumbnail":0,"_jetpack_newsletter_access":"","_jetpack_dont_email_post_to_subs":false,"_jetpack_newsletter_tier_id":0,"_jetpack_memberships_contains_paywalled_content":false,"_jetpack_memberships_contains_paid_content":false,"footnotes":""},"categories":[122,80],"tags":[158],"class_list":["post-19507","post","type-post","status-publish","format-standard","has-post-thumbnail","hentry","category-chihuahua","category-cintillo","tag-migrantes","entry"],"jetpack_featured_media_url":"https:\/\/www.grieta.org.mx\/wp-content\/uploads\/2018\/03\/14524434_1106112876131411_958039263622046936_o.jpg","jetpack_sharing_enabled":true,"jetpack_shortlink":"https:\/\/wp.me\/p7ZJR4-54D","jetpack_likes_enabled":false,"jetpack-related-posts":[{"id":19504,"url":"https:\/\/www.grieta.org.mx\/index.php\/2016\/08\/18\/abuso-a-migrantes-en-chihuahua\/","url_meta":{"origin":19507,"position":0},"title":"Abuso a migrantes en Chihuahua","author":"grieta","date":"18 agosto, 2016","format":false,"excerpt":"15\/08\/16. Denuncian a retenes \u2018antimigrantes\u2019; despojan a migrantes de sus pertenencias en ChihuahuaEl Z\u00f3calo de Saltillo 06\/07\/16. Denuncian trata de personas en la sierra de ChihuahuaEl Diario","rel":"","context":"En &quot;Chihuahua&quot;","block_context":{"text":"Chihuahua","link":"https:\/\/www.grieta.org.mx\/index.php\/category\/noticias-nacionales\/chihuahua\/"},"img":{"alt_text":"","src":"https:\/\/i0.wp.com\/www.grieta.org.mx\/wp-content\/uploads\/2018\/03\/14524434_1106112876131411_958039263622046936_o.jpg?resize=350%2C200&ssl=1","width":350,"height":200,"srcset":"https:\/\/i0.wp.com\/www.grieta.org.mx\/wp-content\/uploads\/2018\/03\/14524434_1106112876131411_958039263622046936_o.jpg?resize=350%2C200&ssl=1 1x, https:\/\/i0.wp.com\/www.grieta.org.mx\/wp-content\/uploads\/2018\/03\/14524434_1106112876131411_958039263622046936_o.jpg?resize=525%2C300&ssl=1 1.5x, https:\/\/i0.wp.com\/www.grieta.org.mx\/wp-content\/uploads\/2018\/03\/14524434_1106112876131411_958039263622046936_o.jpg?resize=700%2C400&ssl=1 2x"},"classes":[]},{"id":22920,"url":"https:\/\/www.grieta.org.mx\/index.php\/2017\/12\/05\/criminalizacion-y-caceria-de-migrantes-en-chihuahua\/","url_meta":{"origin":19507,"position":1},"title":"Criminalizaci\u00f3n y cacer\u00eda de migrantes en Chihuahua","author":"grieta","date":"5 diciembre, 2017","format":false,"excerpt":"La Casa del Migrante en Chihuahua. Foto: Especial CHIHUAHUA, Chih. (apro).- Adem\u00e1s de los riesgos de ser reclutados de manera forzada por grupos delictivos y falta de protecci\u00f3n, los migrantes centroamericanos y mexicanos que pasan por Chihuahua, son v\u00edctimas de discriminaci\u00f3n y persecuci\u00f3n de las autoridades municipales de la capital.\u2026","rel":"","context":"En &quot;chihuahua&quot;","block_context":{"text":"chihuahua","link":"https:\/\/www.grieta.org.mx\/index.php\/category\/chihuahua\/"},"img":{"alt_text":"","src":"https:\/\/i0.wp.com\/www.grieta.org.mx\/wp-content\/uploads\/2018\/05\/Migrante-hermano.jpg?resize=350%2C200&ssl=1","width":350,"height":200,"srcset":"https:\/\/i0.wp.com\/www.grieta.org.mx\/wp-content\/uploads\/2018\/05\/Migrante-hermano.jpg?resize=350%2C200&ssl=1 1x, https:\/\/i0.wp.com\/www.grieta.org.mx\/wp-content\/uploads\/2018\/05\/Migrante-hermano.jpg?resize=525%2C300&ssl=1 1.5x, https:\/\/i0.wp.com\/www.grieta.org.mx\/wp-content\/uploads\/2018\/05\/Migrante-hermano.jpg?resize=700%2C400&ssl=1 2x"},"classes":[]},{"id":44459,"url":"https:\/\/www.grieta.org.mx\/index.php\/2020\/02\/09\/desaparecen-esposas-e-hijas-de-migrantes\/","url_meta":{"origin":19507,"position":2},"title":"Desaparecen esposas e hijas de migrantes","author":"grieta","date":"9 febrero, 2020","format":false,"excerpt":"Bertha Escalante\/El Sol de San Luis 9 febrero 2020 No se ha detectado la operaci\u00f3n de alguna banda que se dedique a la trata de personas en la entidad potosina, sin embargo se da seguimiento a los casos que se han detectado: comandante En San Luis Potos\u00ed no se ha\u2026","rel":"","context":"En &quot;CINTILLO&quot;","block_context":{"text":"CINTILLO","link":"https:\/\/www.grieta.org.mx\/index.php\/category\/cintillo\/"},"img":{"alt_text":"","src":"https:\/\/i0.wp.com\/www.grieta.org.mx\/wp-content\/uploads\/2020\/02\/migrantes-5.jpg?resize=350%2C200&ssl=1","width":350,"height":200,"srcset":"https:\/\/i0.wp.com\/www.grieta.org.mx\/wp-content\/uploads\/2020\/02\/migrantes-5.jpg?resize=350%2C200&ssl=1 1x, https:\/\/i0.wp.com\/www.grieta.org.mx\/wp-content\/uploads\/2020\/02\/migrantes-5.jpg?resize=525%2C300&ssl=1 1.5x, https:\/\/i0.wp.com\/www.grieta.org.mx\/wp-content\/uploads\/2020\/02\/migrantes-5.jpg?resize=700%2C400&ssl=1 2x"},"classes":[]},{"id":20135,"url":"https:\/\/www.grieta.org.mx\/index.php\/2016\/08\/15\/denuncian-a-retenes-antimigrantes-despojan-a-migrantes-de-sus-pertenencias-en-chihuahua\/","url_meta":{"origin":19507,"position":3},"title":"Denuncian a retenes \u2018antimigrantes\u2019; despojan a migrantes de sus pertenencias en Chihuahua","author":"grieta","date":"15 agosto, 2016","format":false,"excerpt":"El Z\u00f3calo de Saltillo Chihuahua.- El presb\u00edtero Francisco Javier Calvillo de la Casa de Migrante en Ciudad Ju\u00e1rez denunci\u00f3 la instalaci\u00f3n de retenes en el estado de Chihuahua donde los migrantes son asaltados, desconociendo si estos bloqueos son implementados por corporaciones en la entidad chihuahuense. Una cadena televisiva internacional inform\u00f3\u2026","rel":"","context":"En &quot;CINTILLO&quot;","block_context":{"text":"CINTILLO","link":"https:\/\/www.grieta.org.mx\/index.php\/category\/cintillo\/"},"img":{"alt_text":"","src":"https:\/\/i0.wp.com\/www.grieta.org.mx\/wp-content\/uploads\/2018\/03\/14524434_1106112876131411_958039263622046936_o.jpg?resize=350%2C200&ssl=1","width":350,"height":200,"srcset":"https:\/\/i0.wp.com\/www.grieta.org.mx\/wp-content\/uploads\/2018\/03\/14524434_1106112876131411_958039263622046936_o.jpg?resize=350%2C200&ssl=1 1x, https:\/\/i0.wp.com\/www.grieta.org.mx\/wp-content\/uploads\/2018\/03\/14524434_1106112876131411_958039263622046936_o.jpg?resize=525%2C300&ssl=1 1.5x, https:\/\/i0.wp.com\/www.grieta.org.mx\/wp-content\/uploads\/2018\/03\/14524434_1106112876131411_958039263622046936_o.jpg?resize=700%2C400&ssl=1 2x"},"classes":[]},{"id":62911,"url":"https:\/\/www.grieta.org.mx\/index.php\/2021\/12\/17\/familiares-de-migrantes-desaparecidos-en-chihuahua-exigen-intervencion-federal-en-la-busqueda\/","url_meta":{"origin":19507,"position":4},"title":"Familiares de migrantes desaparecidos en Chihuahua exigen intervenci\u00f3n federal en la b\u00fasqueda","author":"grieta","date":"17 diciembre, 2021","format":false,"excerpt":"En los \u00faltimos seis meses, el desierto de Chihuahua ha sido testigo de la desaparici\u00f3n de al menos 30 personas migrantes; los operativos de b\u00fasqueda estatales no han sido exitosos y solo una vez se ha recurrido a la b\u00fasqueda por helic\u00f3ptero. \u00d3SCAR ROSALES \/ RA\u00cdCHALI Familiares de un grupo\u2026","rel":"","context":"En &quot;Chihuahua&quot;","block_context":{"text":"Chihuahua","link":"https:\/\/www.grieta.org.mx\/index.php\/category\/noticias-nacionales\/chihuahua\/"},"img":{"alt_text":"","src":"https:\/\/i0.wp.com\/www.grieta.org.mx\/wp-content\/uploads\/2021\/12\/Familiares-de-migrantes-desaparecidos-01_Rai%CC%81chali-e1639749541211.jpeg?resize=350%2C200&ssl=1","width":350,"height":200,"srcset":"https:\/\/i0.wp.com\/www.grieta.org.mx\/wp-content\/uploads\/2021\/12\/Familiares-de-migrantes-desaparecidos-01_Rai%CC%81chali-e1639749541211.jpeg?resize=350%2C200&ssl=1 1x, https:\/\/i0.wp.com\/www.grieta.org.mx\/wp-content\/uploads\/2021\/12\/Familiares-de-migrantes-desaparecidos-01_Rai%CC%81chali-e1639749541211.jpeg?resize=525%2C300&ssl=1 1.5x, https:\/\/i0.wp.com\/www.grieta.org.mx\/wp-content\/uploads\/2021\/12\/Familiares-de-migrantes-desaparecidos-01_Rai%CC%81chali-e1639749541211.jpeg?resize=700%2C400&ssl=1 2x, https:\/\/i0.wp.com\/www.grieta.org.mx\/wp-content\/uploads\/2021\/12\/Familiares-de-migrantes-desaparecidos-01_Rai%CC%81chali-e1639749541211.jpeg?resize=1050%2C600&ssl=1 3x"},"classes":[]},{"id":39378,"url":"https:\/\/www.grieta.org.mx\/index.php\/2019\/08\/28\/denuncian-discriminacion-por-caceria-contra-migrantes-en-los-hoteles-del-centro-chihuahua\/","url_meta":{"origin":19507,"position":5},"title":"Denuncian discriminaci\u00f3n por \u00abcacer\u00eda\u00bb contra migrantes en los hoteles del centro (Chihuahua)","author":"grieta","date":"28 agosto, 2019","format":false,"excerpt":"RA\u00cdCHALI Chihuahua.- Los operativos de revisi\u00f3n y detenci\u00f3n a migrantes en por lo menos cuatro hoteles y moteles del centro de la ciudad, incumplieron con los est\u00e1ndares m\u00ednimos que marca la Ley de Migraci\u00f3n, denunci\u00f3 la organizaci\u00f3n Uno de Siete Migrando. Durante la ma\u00f1ana de este mi\u00e9rcoles, decenas de efectivos\u2026","rel":"","context":"En &quot;Chihuahua&quot;","block_context":{"text":"Chihuahua","link":"https:\/\/www.grieta.org.mx\/index.php\/category\/noticias-nacionales\/chihuahua\/"},"img":{"alt_text":"","src":"https:\/\/i0.wp.com\/www.grieta.org.mx\/wp-content\/uploads\/2019\/09\/Sin-t%C3%ADtulo.jpg?resize=350%2C200&ssl=1","width":350,"height":200,"srcset":"https:\/\/i0.wp.com\/www.grieta.org.mx\/wp-content\/uploads\/2019\/09\/Sin-t%C3%ADtulo.jpg?resize=350%2C200&ssl=1 1x, https:\/\/i0.wp.com\/www.grieta.org.mx\/wp-content\/uploads\/2019\/09\/Sin-t%C3%ADtulo.jpg?resize=525%2C300&ssl=1 1.5x, https:\/\/i0.wp.com\/www.grieta.org.mx\/wp-content\/uploads\/2019\/09\/Sin-t%C3%ADtulo.jpg?resize=700%2C400&ssl=1 2x"},"classes":[]}],"_links":{"self":[{"href":"https:\/\/www.grieta.org.mx\/index.php\/wp-json\/wp\/v2\/posts\/19507","targetHints":{"allow":["GET"]}}],"collection":[{"href":"https:\/\/www.grieta.org.mx\/index.php\/wp-json\/wp\/v2\/posts"}],"about":[{"href":"https:\/\/www.grieta.org.mx\/index.php\/wp-json\/wp\/v2\/types\/post"}],"author":[{"embeddable":true,"href":"https:\/\/www.grieta.org.mx\/index.php\/wp-json\/wp\/v2\/users\/2"}],"replies":[{"embeddable":true,"href":"https:\/\/www.grieta.org.mx\/index.php\/wp-json\/wp\/v2\/comments?post=19507"}],"version-history":[{"count":1,"href":"https:\/\/www.grieta.org.mx\/index.php\/wp-json\/wp\/v2\/posts\/19507\/revisions"}],"predecessor-version":[{"id":19509,"href":"https:\/\/www.grieta.org.mx\/index.php\/wp-json\/wp\/v2\/posts\/19507\/revisions\/19509"}],"wp:featuredmedia":[{"embeddable":true,"href":"https:\/\/www.grieta.org.mx\/index.php\/wp-json\/wp\/v2\/media\/21928"}],"wp:attachment":[{"href":"https:\/\/www.grieta.org.mx\/index.php\/wp-json\/wp\/v2\/media?parent=19507"}],"wp:term":[{"taxonomy":"category","embeddable":true,"href":"https:\/\/www.grieta.org.mx\/index.php\/wp-json\/wp\/v2\/categories?post=19507"},{"taxonomy":"post_tag","embeddable":true,"href":"https:\/\/www.grieta.org.mx\/index.php\/wp-json\/wp\/v2\/tags?post=19507"}],"curies":[{"name":"wp","href":"https:\/\/api.w.org\/{rel}","templated":true}]}}