{"id":19485,"date":"2016-08-12T11:58:48","date_gmt":"2016-08-12T16:58:48","guid":{"rendered":"http:\/\/www.grieta.org.mx\/?p=19485"},"modified":"2016-08-12T11:58:48","modified_gmt":"2016-08-12T16:58:48","slug":"nueva-area-protegida-desata-ventarron-en-el-caribe-mexicano","status":"publish","type":"post","link":"https:\/\/www.grieta.org.mx\/index.php\/2016\/08\/12\/nueva-area-protegida-desata-ventarron-en-el-caribe-mexicano\/","title":{"rendered":"Nueva \u00e1rea protegida desata ventarr\u00f3n en el Caribe Mexicano"},"content":{"rendered":"<p><img loading=\"lazy\" decoding=\"async\" data-attachment-id=\"19490\" data-permalink=\"https:\/\/www.grieta.org.mx\/index.php\/2016\/08\/12\/nueva-area-protegida-desata-ventarron-en-el-caribe-mexicano\/urb_int_mapa_120816\/\" data-orig-file=\"https:\/\/www.grieta.org.mx\/wp-content\/uploads\/2016\/08\/urb_int_mapa_120816.png\" data-orig-size=\"536,539\" data-comments-opened=\"0\" data-image-meta=\"{&quot;aperture&quot;:&quot;0&quot;,&quot;credit&quot;:&quot;&quot;,&quot;camera&quot;:&quot;&quot;,&quot;caption&quot;:&quot;&quot;,&quot;created_timestamp&quot;:&quot;0&quot;,&quot;copyright&quot;:&quot;&quot;,&quot;focal_length&quot;:&quot;0&quot;,&quot;iso&quot;:&quot;0&quot;,&quot;shutter_speed&quot;:&quot;0&quot;,&quot;title&quot;:&quot;&quot;,&quot;orientation&quot;:&quot;0&quot;}\" data-image-title=\"urb_int_mapa_120816\" data-image-description=\"\" data-image-caption=\"\" data-medium-file=\"https:\/\/www.grieta.org.mx\/wp-content\/uploads\/2016\/08\/urb_int_mapa_120816-298x300.png\" data-large-file=\"https:\/\/www.grieta.org.mx\/wp-content\/uploads\/2016\/08\/urb_int_mapa_120816.png\" src=\"http:\/\/www.grieta.org.mx\/wp-content\/uploads\/2016\/08\/urb_int_mapa_120816-298x300.png\" alt=\"urb_int_mapa_120816\" width=\"298\" height=\"300\" class=\"aligncenter size-medium wp-image-19490\" srcset=\"https:\/\/www.grieta.org.mx\/wp-content\/uploads\/2016\/08\/urb_int_mapa_120816-298x300.png 298w, https:\/\/www.grieta.org.mx\/wp-content\/uploads\/2016\/08\/urb_int_mapa_120816-150x150.png 150w, https:\/\/www.grieta.org.mx\/wp-content\/uploads\/2016\/08\/urb_int_mapa_120816.png 536w\" sizes=\"auto, (max-width: 298px) 100vw, 298px\" \/><\/p>\n<p>Canc\u00fan, QR. La creaci\u00f3n del \u00c1rea Natural Protegida (ANP) Caribe Mexicano s\u00ed contempla el cobro de derechos para la obtenci\u00f3n de recursos. Los cobros ser\u00edan a trav\u00e9s de la colocaci\u00f3n de brazaletes a los turistas, tal como ya se realiza en los parques marinos que existen en el estado, reconoci\u00f3 el director de la Comisi\u00f3n Nacional de \u00c1reas Naturales Protegidas (Conanp) para la Pen\u00ednsula de Yucat\u00e1n y el Caribe Mexicano, Ricardo G\u00f3mez Lozano.<\/p>\n<p>La iniciativa para declarar esta zona como ANP en la categor\u00eda de reserva de la bi\u00f3sfera se encuentra desde el pasado 22 de abril en periodo de recepci\u00f3n de opiniones y posturas de universidades, sociedad civil y empresarios para que los diferentes actores involucrados en este emprendimiento puedan opinar acerca del tema; sin embargo, los hoteleros de la entidad han invocado la intervenci\u00f3n presidencial para detener la iniciativa.<\/p>\n<p>Desde el pasado 18 de mayo, el gobierno federal est\u00e1 proponiendo declarar \u00c1rea Natural Protegida un total de 5,662 hect\u00e1reas localizadas en el Caribe Mexicano; de las cuales 5,546 son superficie marina, mientras que el resto (116,783 hect\u00e1reas) corresponde a superficie costera-terrestre.<\/p>\n<p>Carlos Gosselin Maurel, dirigente de la Asociaci\u00f3n de Hoteles de Canc\u00fan (AHC), ha asegurado que solamente en Puerto Morelos est\u00e1n previstas 13,000 habitaciones para los siguientes 10 a\u00f1os; otros 8,000 cuartos en Solidaridad, 3,000 m\u00e1s en Canc\u00fan y otras 8,000 en la zona continental de Isla Mujeres, lo cual representa uno de los mayores crecimientos de infraestructura tur\u00edstica del pa\u00eds, que se ver\u00eda en riesgo si se crease esta nueva ANP. Ante este riesgo, dijo que ya han enviado una misiva al titular de la Secretar\u00eda de Medio Ambiente y Recursos Naturales (Semarnat), con copia al presidente de la Rep\u00fablica, para solicitarle que desistan de esta iniciativa conservacionista.<br \/>\nCobro para cuidar las ANP<\/p>\n<p>El director de la Conanp para la pen\u00ednsula de Yucat\u00e1n y el Caribe Mexicano reconoci\u00f3 que el tema de los recursos de los que dispondr\u00e1 la nueva ANP es trascendental en el an\u00e1lisis. La Conanp analiza diversos esquemas mediante los cuales \u00e9sta podr\u00eda allegarse de recursos, ya sea en el cobro de derechos, mediante brazalete o por el cobro anualizado a los prestadores de servicios. Por brazalete se le cobrar\u00eda a un turista hasta 35 pesos por ingresar.<\/p>\n<p>Detall\u00f3 que se elaboran esquemas de colaboraci\u00f3n con la Secretar\u00eda de Marina, con la Procuradur\u00eda Federal de Protecci\u00f3n al Ambiente (Profepa) y la Secretar\u00eda de Agricultura, Ganader\u00eda, Desarrollo Rural, Pesca y Alimentaci\u00f3n (Sagarpa), para que haya un proceso distinto de atenci\u00f3n, y que incluso la gendarmer\u00eda ambiental trabaja para atender la porci\u00f3n terrestre del estado de Quintana Roo, la cual abarca 1.6 millones de hect\u00e1reas marinas y terrestres protegidas.<\/p>\n<p>G\u00f3mez Lozano refiri\u00f3 que no s\u00f3lo se piensa en la recaudaci\u00f3n de los recursos para el cuidado de las \u00e1reas, sino en reestructurar el funcionamiento de las \u00e1reas protegidas de la pen\u00ednsula de Yucat\u00e1n.<\/p>\n<p>\u201cSe tienen una serie de elementos que se pueden tomar como base para visualizar cu\u00e1l ser\u00eda el costo de operaci\u00f3n de la nueva \u00c1rea Natural Protegida Caribe Mexicano, afirm\u00f3.<\/p>\n<p>Propuesta consensuada<\/p>\n<p>El funcionario de la Comisi\u00f3n Nacional de \u00c1reas Naturales Protegidas asegur\u00f3 que de crear la reserva consultar\u00e1n la iniciativa con los diversos actores interesados, buscando crear una propuesta mucho m\u00e1s consensuada que genere beneficios antes que enfrentamientos u oposiciones. Explic\u00f3 que la consulta y el proceso est\u00e1n abiertos hasta que se queden tranquilos hoteleros e inversionistas de los procesos que se hacen y sepan cu\u00e1les son los alcances, pero los hoteleros rechazaron la creaci\u00f3n del \u00e1rea, ya que inhibir\u00e1 la construcci\u00f3n de al menos 20,000 cuartos en los pr\u00f3ximos a\u00f1os.<\/p>\n<p><a href=\"http:\/\/eleconomista.com.mx\/estados\/2016\/08\/12\/nueva-area-protegida-desata-ventarron-caribe-mexicano\" target=\"_blank\">http:\/\/eleconomista.com.mx\/estados\/2016\/08\/12\/nueva-area-protegida-desata-ventarron-caribe-mexicano<\/a><\/p>\n","protected":false},"excerpt":{"rendered":"<p>Canc\u00fan, QR. La creaci\u00f3n del \u00c1rea Natural Protegida (ANP) Caribe Mexicano s\u00ed contempla el cobro de derechos para la obtenci\u00f3n de recursos. Los cobros ser\u00edan a trav\u00e9s de la colocaci\u00f3n &hellip; <a href=\"https:\/\/www.grieta.org.mx\/index.php\/2016\/08\/12\/nueva-area-protegida-desata-ventarron-en-el-caribe-mexicano\/\" class=\"more-link\">Leer m\u00e1s<\/a><\/p>\n","protected":false},"author":2,"featured_media":21928,"comment_status":"closed","ping_status":"closed","sticky":false,"template":"","format":"standard","meta":{"ngg_post_thumbnail":0,"_jetpack_newsletter_access":"","_jetpack_dont_email_post_to_subs":false,"_jetpack_newsletter_tier_id":0,"_jetpack_memberships_contains_paywalled_content":false,"_jetpack_memberships_contains_paid_content":false,"footnotes":""},"categories":[80,151],"tags":[154],"class_list":["post-19485","post","type-post","status-publish","format-standard","has-post-thumbnail","hentry","category-cintillo","category-quintana-roo","tag-areas-naturales-protegidas","entry"],"jetpack_featured_media_url":"https:\/\/www.grieta.org.mx\/wp-content\/uploads\/2018\/03\/14524434_1106112876131411_958039263622046936_o.jpg","jetpack_sharing_enabled":true,"jetpack_shortlink":"https:\/\/wp.me\/p7ZJR4-54h","jetpack_likes_enabled":false,"jetpack-related-posts":[{"id":13247,"url":"https:\/\/www.grieta.org.mx\/index.php\/2016\/08\/12\/oposicion-a-la-creacion-de-la-reserva-de-la-biosfera-del-caribe-mexicano\/","url_meta":{"origin":19485,"position":0},"title":"Oposici\u00f3n a la creaci\u00f3n de la Reserva de la Bi\u00f3sfera del Caribe Mexicano","author":"grieta","date":"12 agosto, 2016","format":false,"excerpt":"12\/08\/16. Nueva \u00e1rea protegida desata ventarr\u00f3n en el Caribe Mexicano El Economista 30\/05\/16. Frente com\u00fan contra la RBCM (Quintana Roo) Por esto","rel":"","context":"En &quot;\u00c1reas naturales protegidas&quot;","block_context":{"text":"\u00c1reas naturales protegidas","link":"https:\/\/www.grieta.org.mx\/index.php\/category\/megaproyectos\/areas-naturales-protegidas\/"},"img":{"alt_text":"","src":"https:\/\/i0.wp.com\/www.grieta.org.mx\/wp-content\/uploads\/2018\/03\/14524434_1106112876131411_958039263622046936_o.jpg?resize=350%2C200&ssl=1","width":350,"height":200,"srcset":"https:\/\/i0.wp.com\/www.grieta.org.mx\/wp-content\/uploads\/2018\/03\/14524434_1106112876131411_958039263622046936_o.jpg?resize=350%2C200&ssl=1 1x, https:\/\/i0.wp.com\/www.grieta.org.mx\/wp-content\/uploads\/2018\/03\/14524434_1106112876131411_958039263622046936_o.jpg?resize=525%2C300&ssl=1 1.5x, https:\/\/i0.wp.com\/www.grieta.org.mx\/wp-content\/uploads\/2018\/03\/14524434_1106112876131411_958039263622046936_o.jpg?resize=700%2C400&ssl=1 2x"},"classes":[]},{"id":50509,"url":"https:\/\/www.grieta.org.mx\/index.php\/2020\/06\/05\/en-riesgo-mas-de-8-millones-de-hectareas-de-areas-naturales-protegidas-en-yucatan-y-qr-por-reduccion-presupuestal-de-conanp\/","url_meta":{"origin":19485,"position":1},"title":"En riesgo m\u00e1s de 8 millones de hect\u00e1reas de \u00c1reas Naturales Protegidas en Yucat\u00e1n y QR por reducci\u00f3n presupuestal de Conanp","author":"grieta","date":"5 junio, 2020","format":false,"excerpt":"Itzel Chan \/ Noticaribe M\u00c9RIDA, MX.- La Comisi\u00f3n Nacional de \u00c1reas Naturales Protegidas (Conanp) administra actualmente 182 \u00e1reas naturales divididas en nueve Direcciones Regionales, de las cuales 25 est\u00e1n en la Pen\u00ednsula de Yucat\u00e1n y el Caribe Mexicano, las cuales se ver\u00edan afectadas hasta en un ocho millones 562 mil\u2026","rel":"","context":"En &quot;CINTILLO&quot;","block_context":{"text":"CINTILLO","link":"https:\/\/www.grieta.org.mx\/index.php\/category\/cintillo\/"},"img":{"alt_text":"","src":"https:\/\/i0.wp.com\/www.grieta.org.mx\/wp-content\/uploads\/2020\/06\/EnRiesgoANP-e1591574386734.png?resize=350%2C200&ssl=1","width":350,"height":200,"srcset":"https:\/\/i0.wp.com\/www.grieta.org.mx\/wp-content\/uploads\/2020\/06\/EnRiesgoANP-e1591574386734.png?resize=350%2C200&ssl=1 1x, https:\/\/i0.wp.com\/www.grieta.org.mx\/wp-content\/uploads\/2020\/06\/EnRiesgoANP-e1591574386734.png?resize=525%2C300&ssl=1 1.5x, https:\/\/i0.wp.com\/www.grieta.org.mx\/wp-content\/uploads\/2020\/06\/EnRiesgoANP-e1591574386734.png?resize=700%2C400&ssl=1 2x"},"classes":[]},{"id":25658,"url":"https:\/\/www.grieta.org.mx\/index.php\/2018\/07\/21\/pretenden-declarar-todo-el-litoral-de-bcs-area-protegida\/","url_meta":{"origin":19485,"position":2},"title":"Pretenden declarar todo el litoral de BCS \u00e1rea protegida","author":"grieta","date":"21 julio, 2018","format":false,"excerpt":"Dicen los pescadores que no se ocupa declarar una ANP para restringir la entrada a embarcaciones de otros estados. (Cortes\u00eda). El\u00edas Medina P. La Paz, Baja California Sur.- El dirigente de la Federaci\u00f3n Los Indios de Baja California Sur, Miguel M\u00e9ndez (Cotole) y m\u00e1s de 60 cooperativistas de tres organizaciones\u2026","rel":"","context":"En &quot;\u00c1reas Naturales Protegidas an\u00e1lisis&quot;","block_context":{"text":"\u00c1reas Naturales Protegidas an\u00e1lisis","link":"https:\/\/www.grieta.org.mx\/index.php\/category\/megaproyectos\/areas-naturales-protegidas-analisis\/"},"img":{"alt_text":"","src":"https:\/\/i0.wp.com\/www.grieta.org.mx\/wp-content\/uploads\/2018\/08\/pescadores.jpg?resize=350%2C200&ssl=1","width":350,"height":200,"srcset":"https:\/\/i0.wp.com\/www.grieta.org.mx\/wp-content\/uploads\/2018\/08\/pescadores.jpg?resize=350%2C200&ssl=1 1x, https:\/\/i0.wp.com\/www.grieta.org.mx\/wp-content\/uploads\/2018\/08\/pescadores.jpg?resize=525%2C300&ssl=1 1.5x"},"classes":[]},{"id":25662,"url":"https:\/\/www.grieta.org.mx\/index.php\/2018\/08\/18\/continua-proyecto-de-decretar-litoral-de-bcs-area-natural-protegida-semarnat\/","url_meta":{"origin":19485,"position":3},"title":"Continua proyecto de decretar litoral de BCS \u00e1rea natural protegida: Semarnat","author":"grieta","date":"18 agosto, 2018","format":false,"excerpt":"El\u00edas Medina P. La Paz, Baja California Sur.- El proyecto para decretar todo el litoral del Golfo de California y del Pac\u00edfico como \u00c1rea Natural Protegida seguir\u00e1 su curso, inform\u00f3 el delegado de la Secretar\u00eda de Medio Ambiente y Recursos Naturales (Semarnat), Axel Sotelo Espinoza de los Monteros. Lo anterior,\u2026","rel":"","context":"En &quot;\u00c1reas naturales protegidas&quot;","block_context":{"text":"\u00c1reas naturales protegidas","link":"https:\/\/www.grieta.org.mx\/index.php\/category\/megaproyectos\/areas-naturales-protegidas\/"},"img":{"alt_text":"","src":"https:\/\/i0.wp.com\/www.grieta.org.mx\/wp-content\/uploads\/2018\/08\/Litoral.jpg?resize=350%2C200&ssl=1","width":350,"height":200,"srcset":"https:\/\/i0.wp.com\/www.grieta.org.mx\/wp-content\/uploads\/2018\/08\/Litoral.jpg?resize=350%2C200&ssl=1 1x, https:\/\/i0.wp.com\/www.grieta.org.mx\/wp-content\/uploads\/2018\/08\/Litoral.jpg?resize=525%2C300&ssl=1 1.5x"},"classes":[]},{"id":71727,"url":"https:\/\/www.grieta.org.mx\/index.php\/2025\/05\/16\/ejidatarios-rechazan-intento-de-imponer-area-natural-protegida-en-bacalar-quintana-roo\/","url_meta":{"origin":19485,"position":4},"title":"Ejidatarios rechazan intento de imponer \u00e1rea natural protegida en Bacalar (Quintana Roo)","author":"grieta","date":"16 mayo, 2025","format":false,"excerpt":"Efra\u00edn Castro \/ El Heraldo de M\u00e9xico QUINTANA ROO Se\u00f1alan antecedentes similares en Sian Ka\u2019an y acusan que este tipo de medidas frena el desarrollo econ\u00f3mico y desplaza a los habitantes locales bajo el pretexto de la conservaci\u00f3n ambiental. Representantes ejidales y organizaciones comunitarias del sur de Quintana Roo alertaron\u2026","rel":"","context":"En &quot;\u00c1reas naturales protegidas&quot;","block_context":{"text":"\u00c1reas naturales protegidas","link":"https:\/\/www.grieta.org.mx\/index.php\/category\/megaproyectos\/areas-naturales-protegidas\/"},"img":{"alt_text":"","src":"https:\/\/i0.wp.com\/www.grieta.org.mx\/wp-content\/uploads\/2025\/05\/Ejidos-e1747658089111.jpg?resize=350%2C200&ssl=1","width":350,"height":200,"srcset":"https:\/\/i0.wp.com\/www.grieta.org.mx\/wp-content\/uploads\/2025\/05\/Ejidos-e1747658089111.jpg?resize=350%2C200&ssl=1 1x, https:\/\/i0.wp.com\/www.grieta.org.mx\/wp-content\/uploads\/2025\/05\/Ejidos-e1747658089111.jpg?resize=525%2C300&ssl=1 1.5x, https:\/\/i0.wp.com\/www.grieta.org.mx\/wp-content\/uploads\/2025\/05\/Ejidos-e1747658089111.jpg?resize=700%2C400&ssl=1 2x"},"classes":[]},{"id":50055,"url":"https:\/\/www.grieta.org.mx\/index.php\/2020\/05\/30\/una-mansion-y-la-tala-de-palma-en-hotel-de-palazuelos-amenazan-area-protegida-en-tulum-acusan\/","url_meta":{"origin":19485,"position":5},"title":"Una mansi\u00f3n y la tala de palma en hotel de Palazuelos amenazan \u00e1rea protegida en Tulum, acusan","author":"grieta","date":"30 mayo, 2020","format":false,"excerpt":"Dulce Olvera \/ Sin Embargo La temporada de anidaci\u00f3n de tortugas en el Caribe finaliz\u00f3 en noviembre del 2019, cuando guardaparques de la Comisi\u00f3n Nacional de \u00c1reas Naturales Protegidas encontraron una obra negra en construcci\u00f3n, pese a estar prohibido. Lo denunciaron ante la Profepa y la Fiscal\u00eda. A finales de\u2026","rel":"","context":"En &quot;CINTILLO&quot;","block_context":{"text":"CINTILLO","link":"https:\/\/www.grieta.org.mx\/index.php\/category\/cintillo\/"},"img":{"alt_text":"","src":"https:\/\/i0.wp.com\/www.grieta.org.mx\/wp-content\/uploads\/2020\/05\/tulum_protegida-e1590969810263.jpg?resize=350%2C200&ssl=1","width":350,"height":200,"srcset":"https:\/\/i0.wp.com\/www.grieta.org.mx\/wp-content\/uploads\/2020\/05\/tulum_protegida-e1590969810263.jpg?resize=350%2C200&ssl=1 1x, https:\/\/i0.wp.com\/www.grieta.org.mx\/wp-content\/uploads\/2020\/05\/tulum_protegida-e1590969810263.jpg?resize=525%2C300&ssl=1 1.5x, https:\/\/i0.wp.com\/www.grieta.org.mx\/wp-content\/uploads\/2020\/05\/tulum_protegida-e1590969810263.jpg?resize=700%2C400&ssl=1 2x"},"classes":[]}],"_links":{"self":[{"href":"https:\/\/www.grieta.org.mx\/index.php\/wp-json\/wp\/v2\/posts\/19485","targetHints":{"allow":["GET"]}}],"collection":[{"href":"https:\/\/www.grieta.org.mx\/index.php\/wp-json\/wp\/v2\/posts"}],"about":[{"href":"https:\/\/www.grieta.org.mx\/index.php\/wp-json\/wp\/v2\/types\/post"}],"author":[{"embeddable":true,"href":"https:\/\/www.grieta.org.mx\/index.php\/wp-json\/wp\/v2\/users\/2"}],"replies":[{"embeddable":true,"href":"https:\/\/www.grieta.org.mx\/index.php\/wp-json\/wp\/v2\/comments?post=19485"}],"version-history":[{"count":1,"href":"https:\/\/www.grieta.org.mx\/index.php\/wp-json\/wp\/v2\/posts\/19485\/revisions"}],"predecessor-version":[{"id":19491,"href":"https:\/\/www.grieta.org.mx\/index.php\/wp-json\/wp\/v2\/posts\/19485\/revisions\/19491"}],"wp:featuredmedia":[{"embeddable":true,"href":"https:\/\/www.grieta.org.mx\/index.php\/wp-json\/wp\/v2\/media\/21928"}],"wp:attachment":[{"href":"https:\/\/www.grieta.org.mx\/index.php\/wp-json\/wp\/v2\/media?parent=19485"}],"wp:term":[{"taxonomy":"category","embeddable":true,"href":"https:\/\/www.grieta.org.mx\/index.php\/wp-json\/wp\/v2\/categories?post=19485"},{"taxonomy":"post_tag","embeddable":true,"href":"https:\/\/www.grieta.org.mx\/index.php\/wp-json\/wp\/v2\/tags?post=19485"}],"curies":[{"name":"wp","href":"https:\/\/api.w.org\/{rel}","templated":true}]}}