{"id":19414,"date":"2016-08-11T10:29:41","date_gmt":"2016-08-11T15:29:41","guid":{"rendered":"http:\/\/www.grieta.org.mx\/?p=19414"},"modified":"2016-08-12T10:59:28","modified_gmt":"2016-08-12T15:59:28","slug":"dia-11-comparte-por-la-humanidad-caracol-de-morelia-9-de-agosto","status":"publish","type":"post","link":"https:\/\/www.grieta.org.mx\/index.php\/2016\/08\/11\/dia-11-comparte-por-la-humanidad-caracol-de-morelia-9-de-agosto\/","title":{"rendered":"D\u00eda 11 \u2013 CompARTE por la humanidad \u2013 Caracol de Morelia (9 de agosto) (Audios)"},"content":{"rendered":"<p>Festival CompARTE por la humanidad<br \/>\n9 de agosto de 2016<br \/>\nCaracol de Morelia, Chiapas<\/p>\n<div data-carousel-extra='{&quot;blog_id&quot;:1,&quot;permalink&quot;:&quot;https:\/\/www.grieta.org.mx\/index.php\/2016\/08\/11\/dia-11-comparte-por-la-humanidad-caracol-de-morelia-9-de-agosto\/&quot;}' id='gallery-1' class='gallery galleryid-19414 gallery-columns-3 gallery-size-medium'><figure class='gallery-item'>\n\t\t\t<div class='gallery-icon landscape'>\n\t\t\t\t<a href='https:\/\/www.grieta.org.mx\/index.php\/2016\/08\/11\/dia-11-comparte-por-la-humanidad-caracol-de-morelia-9-de-agosto\/mg_0026-800x400\/'><img loading=\"lazy\" decoding=\"async\" width=\"300\" height=\"150\" src=\"https:\/\/www.grieta.org.mx\/wp-content\/uploads\/2016\/08\/MG_0026-800x400-300x150.jpg\" class=\"attachment-medium size-medium\" alt=\"\" srcset=\"https:\/\/www.grieta.org.mx\/wp-content\/uploads\/2016\/08\/MG_0026-800x400-300x150.jpg 300w, https:\/\/www.grieta.org.mx\/wp-content\/uploads\/2016\/08\/MG_0026-800x400-768x384.jpg 768w, https:\/\/www.grieta.org.mx\/wp-content\/uploads\/2016\/08\/MG_0026-800x400.jpg 800w\" sizes=\"auto, (max-width: 300px) 100vw, 300px\" data-attachment-id=\"19415\" data-permalink=\"https:\/\/www.grieta.org.mx\/index.php\/2016\/08\/11\/dia-11-comparte-por-la-humanidad-caracol-de-morelia-9-de-agosto\/mg_0026-800x400\/\" data-orig-file=\"https:\/\/www.grieta.org.mx\/wp-content\/uploads\/2016\/08\/MG_0026-800x400.jpg\" data-orig-size=\"800,400\" data-comments-opened=\"0\" data-image-meta=\"{&quot;aperture&quot;:&quot;0&quot;,&quot;credit&quot;:&quot;&quot;,&quot;camera&quot;:&quot;&quot;,&quot;caption&quot;:&quot;&quot;,&quot;created_timestamp&quot;:&quot;0&quot;,&quot;copyright&quot;:&quot;&quot;,&quot;focal_length&quot;:&quot;0&quot;,&quot;iso&quot;:&quot;0&quot;,&quot;shutter_speed&quot;:&quot;0&quot;,&quot;title&quot;:&quot;&quot;,&quot;orientation&quot;:&quot;0&quot;}\" data-image-title=\"MG_0026-800&amp;#215;400\" data-image-description=\"\" data-image-caption=\"\" data-medium-file=\"https:\/\/www.grieta.org.mx\/wp-content\/uploads\/2016\/08\/MG_0026-800x400-300x150.jpg\" data-large-file=\"https:\/\/www.grieta.org.mx\/wp-content\/uploads\/2016\/08\/MG_0026-800x400.jpg\" \/><\/a>\n\t\t\t<\/div><\/figure><figure class='gallery-item'>\n\t\t\t<div class='gallery-icon landscape'>\n\t\t\t\t<a href='https:\/\/www.grieta.org.mx\/index.php\/2016\/08\/11\/dia-11-comparte-por-la-humanidad-caracol-de-morelia-9-de-agosto\/mg_0028-800x400\/'><img loading=\"lazy\" decoding=\"async\" width=\"300\" height=\"150\" src=\"https:\/\/www.grieta.org.mx\/wp-content\/uploads\/2016\/08\/MG_0028-800x400-300x150.jpg\" class=\"attachment-medium size-medium\" alt=\"\" srcset=\"https:\/\/www.grieta.org.mx\/wp-content\/uploads\/2016\/08\/MG_0028-800x400-300x150.jpg 300w, https:\/\/www.grieta.org.mx\/wp-content\/uploads\/2016\/08\/MG_0028-800x400-768x384.jpg 768w, https:\/\/www.grieta.org.mx\/wp-content\/uploads\/2016\/08\/MG_0028-800x400.jpg 800w\" sizes=\"auto, (max-width: 300px) 100vw, 300px\" data-attachment-id=\"19416\" data-permalink=\"https:\/\/www.grieta.org.mx\/index.php\/2016\/08\/11\/dia-11-comparte-por-la-humanidad-caracol-de-morelia-9-de-agosto\/mg_0028-800x400\/\" data-orig-file=\"https:\/\/www.grieta.org.mx\/wp-content\/uploads\/2016\/08\/MG_0028-800x400.jpg\" data-orig-size=\"800,400\" data-comments-opened=\"0\" data-image-meta=\"{&quot;aperture&quot;:&quot;0&quot;,&quot;credit&quot;:&quot;&quot;,&quot;camera&quot;:&quot;&quot;,&quot;caption&quot;:&quot;&quot;,&quot;created_timestamp&quot;:&quot;0&quot;,&quot;copyright&quot;:&quot;&quot;,&quot;focal_length&quot;:&quot;0&quot;,&quot;iso&quot;:&quot;0&quot;,&quot;shutter_speed&quot;:&quot;0&quot;,&quot;title&quot;:&quot;&quot;,&quot;orientation&quot;:&quot;0&quot;}\" data-image-title=\"MG_0028-800&amp;#215;400\" data-image-description=\"\" data-image-caption=\"\" data-medium-file=\"https:\/\/www.grieta.org.mx\/wp-content\/uploads\/2016\/08\/MG_0028-800x400-300x150.jpg\" data-large-file=\"https:\/\/www.grieta.org.mx\/wp-content\/uploads\/2016\/08\/MG_0028-800x400.jpg\" \/><\/a>\n\t\t\t<\/div><\/figure><figure class='gallery-item'>\n\t\t\t<div class='gallery-icon landscape'>\n\t\t\t\t<a href='https:\/\/www.grieta.org.mx\/index.php\/2016\/08\/11\/dia-11-comparte-por-la-humanidad-caracol-de-morelia-9-de-agosto\/mg_0036-800x400\/'><img loading=\"lazy\" decoding=\"async\" width=\"300\" height=\"150\" src=\"https:\/\/www.grieta.org.mx\/wp-content\/uploads\/2016\/08\/MG_0036-800x400-300x150.jpg\" class=\"attachment-medium size-medium\" alt=\"\" srcset=\"https:\/\/www.grieta.org.mx\/wp-content\/uploads\/2016\/08\/MG_0036-800x400-300x150.jpg 300w, https:\/\/www.grieta.org.mx\/wp-content\/uploads\/2016\/08\/MG_0036-800x400-768x384.jpg 768w, https:\/\/www.grieta.org.mx\/wp-content\/uploads\/2016\/08\/MG_0036-800x400.jpg 800w\" sizes=\"auto, (max-width: 300px) 100vw, 300px\" data-attachment-id=\"19417\" data-permalink=\"https:\/\/www.grieta.org.mx\/index.php\/2016\/08\/11\/dia-11-comparte-por-la-humanidad-caracol-de-morelia-9-de-agosto\/mg_0036-800x400\/\" data-orig-file=\"https:\/\/www.grieta.org.mx\/wp-content\/uploads\/2016\/08\/MG_0036-800x400.jpg\" data-orig-size=\"800,400\" data-comments-opened=\"0\" data-image-meta=\"{&quot;aperture&quot;:&quot;0&quot;,&quot;credit&quot;:&quot;&quot;,&quot;camera&quot;:&quot;&quot;,&quot;caption&quot;:&quot;&quot;,&quot;created_timestamp&quot;:&quot;0&quot;,&quot;copyright&quot;:&quot;&quot;,&quot;focal_length&quot;:&quot;0&quot;,&quot;iso&quot;:&quot;0&quot;,&quot;shutter_speed&quot;:&quot;0&quot;,&quot;title&quot;:&quot;&quot;,&quot;orientation&quot;:&quot;0&quot;}\" data-image-title=\"MG_0036-800&amp;#215;400\" data-image-description=\"\" data-image-caption=\"\" data-medium-file=\"https:\/\/www.grieta.org.mx\/wp-content\/uploads\/2016\/08\/MG_0036-800x400-300x150.jpg\" data-large-file=\"https:\/\/www.grieta.org.mx\/wp-content\/uploads\/2016\/08\/MG_0036-800x400.jpg\" \/><\/a>\n\t\t\t<\/div><\/figure><figure class='gallery-item'>\n\t\t\t<div class='gallery-icon landscape'>\n\t\t\t\t<a href='https:\/\/www.grieta.org.mx\/index.php\/2016\/08\/11\/dia-11-comparte-por-la-humanidad-caracol-de-morelia-9-de-agosto\/mg_0040-800x400\/'><img loading=\"lazy\" decoding=\"async\" width=\"300\" height=\"150\" src=\"https:\/\/www.grieta.org.mx\/wp-content\/uploads\/2016\/08\/MG_0040-800x400-300x150.jpg\" class=\"attachment-medium size-medium\" alt=\"\" srcset=\"https:\/\/www.grieta.org.mx\/wp-content\/uploads\/2016\/08\/MG_0040-800x400-300x150.jpg 300w, https:\/\/www.grieta.org.mx\/wp-content\/uploads\/2016\/08\/MG_0040-800x400-768x384.jpg 768w, https:\/\/www.grieta.org.mx\/wp-content\/uploads\/2016\/08\/MG_0040-800x400.jpg 800w\" sizes=\"auto, (max-width: 300px) 100vw, 300px\" data-attachment-id=\"19418\" data-permalink=\"https:\/\/www.grieta.org.mx\/index.php\/2016\/08\/11\/dia-11-comparte-por-la-humanidad-caracol-de-morelia-9-de-agosto\/mg_0040-800x400\/\" data-orig-file=\"https:\/\/www.grieta.org.mx\/wp-content\/uploads\/2016\/08\/MG_0040-800x400.jpg\" data-orig-size=\"800,400\" data-comments-opened=\"0\" data-image-meta=\"{&quot;aperture&quot;:&quot;0&quot;,&quot;credit&quot;:&quot;&quot;,&quot;camera&quot;:&quot;&quot;,&quot;caption&quot;:&quot;&quot;,&quot;created_timestamp&quot;:&quot;0&quot;,&quot;copyright&quot;:&quot;&quot;,&quot;focal_length&quot;:&quot;0&quot;,&quot;iso&quot;:&quot;0&quot;,&quot;shutter_speed&quot;:&quot;0&quot;,&quot;title&quot;:&quot;&quot;,&quot;orientation&quot;:&quot;0&quot;}\" data-image-title=\"MG_0040-800&amp;#215;400\" data-image-description=\"\" data-image-caption=\"\" data-medium-file=\"https:\/\/www.grieta.org.mx\/wp-content\/uploads\/2016\/08\/MG_0040-800x400-300x150.jpg\" data-large-file=\"https:\/\/www.grieta.org.mx\/wp-content\/uploads\/2016\/08\/MG_0040-800x400.jpg\" \/><\/a>\n\t\t\t<\/div><\/figure><figure class='gallery-item'>\n\t\t\t<div class='gallery-icon landscape'>\n\t\t\t\t<a href='https:\/\/www.grieta.org.mx\/index.php\/2016\/08\/11\/dia-11-comparte-por-la-humanidad-caracol-de-morelia-9-de-agosto\/mg_0049-800x400\/'><img loading=\"lazy\" decoding=\"async\" width=\"300\" height=\"150\" src=\"https:\/\/www.grieta.org.mx\/wp-content\/uploads\/2016\/08\/MG_0049-800x400-300x150.jpg\" class=\"attachment-medium size-medium\" alt=\"\" srcset=\"https:\/\/www.grieta.org.mx\/wp-content\/uploads\/2016\/08\/MG_0049-800x400-300x150.jpg 300w, https:\/\/www.grieta.org.mx\/wp-content\/uploads\/2016\/08\/MG_0049-800x400-768x384.jpg 768w, https:\/\/www.grieta.org.mx\/wp-content\/uploads\/2016\/08\/MG_0049-800x400.jpg 800w\" sizes=\"auto, (max-width: 300px) 100vw, 300px\" data-attachment-id=\"19419\" data-permalink=\"https:\/\/www.grieta.org.mx\/index.php\/2016\/08\/11\/dia-11-comparte-por-la-humanidad-caracol-de-morelia-9-de-agosto\/mg_0049-800x400\/\" data-orig-file=\"https:\/\/www.grieta.org.mx\/wp-content\/uploads\/2016\/08\/MG_0049-800x400.jpg\" data-orig-size=\"800,400\" data-comments-opened=\"0\" data-image-meta=\"{&quot;aperture&quot;:&quot;0&quot;,&quot;credit&quot;:&quot;&quot;,&quot;camera&quot;:&quot;&quot;,&quot;caption&quot;:&quot;&quot;,&quot;created_timestamp&quot;:&quot;0&quot;,&quot;copyright&quot;:&quot;&quot;,&quot;focal_length&quot;:&quot;0&quot;,&quot;iso&quot;:&quot;0&quot;,&quot;shutter_speed&quot;:&quot;0&quot;,&quot;title&quot;:&quot;&quot;,&quot;orientation&quot;:&quot;0&quot;}\" data-image-title=\"MG_0049-800&amp;#215;400\" data-image-description=\"\" data-image-caption=\"\" data-medium-file=\"https:\/\/www.grieta.org.mx\/wp-content\/uploads\/2016\/08\/MG_0049-800x400-300x150.jpg\" data-large-file=\"https:\/\/www.grieta.org.mx\/wp-content\/uploads\/2016\/08\/MG_0049-800x400.jpg\" \/><\/a>\n\t\t\t<\/div><\/figure><figure class='gallery-item'>\n\t\t\t<div class='gallery-icon landscape'>\n\t\t\t\t<a href='https:\/\/www.grieta.org.mx\/index.php\/2016\/08\/11\/dia-11-comparte-por-la-humanidad-caracol-de-morelia-9-de-agosto\/mg_0050-800x400\/'><img loading=\"lazy\" decoding=\"async\" width=\"300\" height=\"150\" src=\"https:\/\/www.grieta.org.mx\/wp-content\/uploads\/2016\/08\/MG_0050-800x400-300x150.jpg\" class=\"attachment-medium size-medium\" alt=\"\" srcset=\"https:\/\/www.grieta.org.mx\/wp-content\/uploads\/2016\/08\/MG_0050-800x400-300x150.jpg 300w, https:\/\/www.grieta.org.mx\/wp-content\/uploads\/2016\/08\/MG_0050-800x400-768x384.jpg 768w, https:\/\/www.grieta.org.mx\/wp-content\/uploads\/2016\/08\/MG_0050-800x400.jpg 800w\" sizes=\"auto, (max-width: 300px) 100vw, 300px\" data-attachment-id=\"19420\" data-permalink=\"https:\/\/www.grieta.org.mx\/index.php\/2016\/08\/11\/dia-11-comparte-por-la-humanidad-caracol-de-morelia-9-de-agosto\/mg_0050-800x400\/\" data-orig-file=\"https:\/\/www.grieta.org.mx\/wp-content\/uploads\/2016\/08\/MG_0050-800x400.jpg\" data-orig-size=\"800,400\" data-comments-opened=\"0\" data-image-meta=\"{&quot;aperture&quot;:&quot;0&quot;,&quot;credit&quot;:&quot;&quot;,&quot;camera&quot;:&quot;&quot;,&quot;caption&quot;:&quot;&quot;,&quot;created_timestamp&quot;:&quot;0&quot;,&quot;copyright&quot;:&quot;&quot;,&quot;focal_length&quot;:&quot;0&quot;,&quot;iso&quot;:&quot;0&quot;,&quot;shutter_speed&quot;:&quot;0&quot;,&quot;title&quot;:&quot;&quot;,&quot;orientation&quot;:&quot;0&quot;}\" data-image-title=\"MG_0050-800&amp;#215;400\" data-image-description=\"\" data-image-caption=\"\" data-medium-file=\"https:\/\/www.grieta.org.mx\/wp-content\/uploads\/2016\/08\/MG_0050-800x400-300x150.jpg\" data-large-file=\"https:\/\/www.grieta.org.mx\/wp-content\/uploads\/2016\/08\/MG_0050-800x400.jpg\" \/><\/a>\n\t\t\t<\/div><\/figure><figure class='gallery-item'>\n\t\t\t<div class='gallery-icon landscape'>\n\t\t\t\t<a href='https:\/\/www.grieta.org.mx\/index.php\/2016\/08\/11\/dia-11-comparte-por-la-humanidad-caracol-de-morelia-9-de-agosto\/mg_0052-800x400\/'><img loading=\"lazy\" decoding=\"async\" width=\"300\" height=\"150\" src=\"https:\/\/www.grieta.org.mx\/wp-content\/uploads\/2016\/08\/MG_0052-800x400-300x150.jpg\" class=\"attachment-medium size-medium\" alt=\"\" srcset=\"https:\/\/www.grieta.org.mx\/wp-content\/uploads\/2016\/08\/MG_0052-800x400-300x150.jpg 300w, https:\/\/www.grieta.org.mx\/wp-content\/uploads\/2016\/08\/MG_0052-800x400-768x384.jpg 768w, https:\/\/www.grieta.org.mx\/wp-content\/uploads\/2016\/08\/MG_0052-800x400.jpg 800w\" sizes=\"auto, (max-width: 300px) 100vw, 300px\" data-attachment-id=\"19421\" data-permalink=\"https:\/\/www.grieta.org.mx\/index.php\/2016\/08\/11\/dia-11-comparte-por-la-humanidad-caracol-de-morelia-9-de-agosto\/mg_0052-800x400\/\" data-orig-file=\"https:\/\/www.grieta.org.mx\/wp-content\/uploads\/2016\/08\/MG_0052-800x400.jpg\" data-orig-size=\"800,400\" data-comments-opened=\"0\" data-image-meta=\"{&quot;aperture&quot;:&quot;0&quot;,&quot;credit&quot;:&quot;&quot;,&quot;camera&quot;:&quot;&quot;,&quot;caption&quot;:&quot;&quot;,&quot;created_timestamp&quot;:&quot;0&quot;,&quot;copyright&quot;:&quot;&quot;,&quot;focal_length&quot;:&quot;0&quot;,&quot;iso&quot;:&quot;0&quot;,&quot;shutter_speed&quot;:&quot;0&quot;,&quot;title&quot;:&quot;&quot;,&quot;orientation&quot;:&quot;0&quot;}\" data-image-title=\"MG_0052-800&amp;#215;400\" data-image-description=\"\" data-image-caption=\"\" data-medium-file=\"https:\/\/www.grieta.org.mx\/wp-content\/uploads\/2016\/08\/MG_0052-800x400-300x150.jpg\" data-large-file=\"https:\/\/www.grieta.org.mx\/wp-content\/uploads\/2016\/08\/MG_0052-800x400.jpg\" \/><\/a>\n\t\t\t<\/div><\/figure><figure class='gallery-item'>\n\t\t\t<div class='gallery-icon landscape'>\n\t\t\t\t<a href='https:\/\/www.grieta.org.mx\/index.php\/2016\/08\/11\/dia-11-comparte-por-la-humanidad-caracol-de-morelia-9-de-agosto\/mg_0059-800x400\/'><img loading=\"lazy\" decoding=\"async\" width=\"300\" height=\"150\" src=\"https:\/\/www.grieta.org.mx\/wp-content\/uploads\/2016\/08\/MG_0059-800x400-300x150.jpg\" class=\"attachment-medium size-medium\" alt=\"\" srcset=\"https:\/\/www.grieta.org.mx\/wp-content\/uploads\/2016\/08\/MG_0059-800x400-300x150.jpg 300w, https:\/\/www.grieta.org.mx\/wp-content\/uploads\/2016\/08\/MG_0059-800x400-768x384.jpg 768w, https:\/\/www.grieta.org.mx\/wp-content\/uploads\/2016\/08\/MG_0059-800x400.jpg 800w\" sizes=\"auto, (max-width: 300px) 100vw, 300px\" data-attachment-id=\"19422\" data-permalink=\"https:\/\/www.grieta.org.mx\/index.php\/2016\/08\/11\/dia-11-comparte-por-la-humanidad-caracol-de-morelia-9-de-agosto\/mg_0059-800x400\/\" data-orig-file=\"https:\/\/www.grieta.org.mx\/wp-content\/uploads\/2016\/08\/MG_0059-800x400.jpg\" data-orig-size=\"800,400\" data-comments-opened=\"0\" data-image-meta=\"{&quot;aperture&quot;:&quot;0&quot;,&quot;credit&quot;:&quot;&quot;,&quot;camera&quot;:&quot;&quot;,&quot;caption&quot;:&quot;&quot;,&quot;created_timestamp&quot;:&quot;0&quot;,&quot;copyright&quot;:&quot;&quot;,&quot;focal_length&quot;:&quot;0&quot;,&quot;iso&quot;:&quot;0&quot;,&quot;shutter_speed&quot;:&quot;0&quot;,&quot;title&quot;:&quot;&quot;,&quot;orientation&quot;:&quot;0&quot;}\" data-image-title=\"MG_0059-800&amp;#215;400\" data-image-description=\"\" data-image-caption=\"\" data-medium-file=\"https:\/\/www.grieta.org.mx\/wp-content\/uploads\/2016\/08\/MG_0059-800x400-300x150.jpg\" data-large-file=\"https:\/\/www.grieta.org.mx\/wp-content\/uploads\/2016\/08\/MG_0059-800x400.jpg\" \/><\/a>\n\t\t\t<\/div><\/figure><figure class='gallery-item'>\n\t\t\t<div class='gallery-icon landscape'>\n\t\t\t\t<a href='https:\/\/www.grieta.org.mx\/index.php\/2016\/08\/11\/dia-11-comparte-por-la-humanidad-caracol-de-morelia-9-de-agosto\/mg_0065-800x400\/'><img loading=\"lazy\" decoding=\"async\" width=\"300\" height=\"150\" src=\"https:\/\/www.grieta.org.mx\/wp-content\/uploads\/2016\/08\/MG_0065-800x400-300x150.jpg\" class=\"attachment-medium size-medium\" alt=\"\" srcset=\"https:\/\/www.grieta.org.mx\/wp-content\/uploads\/2016\/08\/MG_0065-800x400-300x150.jpg 300w, https:\/\/www.grieta.org.mx\/wp-content\/uploads\/2016\/08\/MG_0065-800x400-768x384.jpg 768w, https:\/\/www.grieta.org.mx\/wp-content\/uploads\/2016\/08\/MG_0065-800x400.jpg 800w\" sizes=\"auto, (max-width: 300px) 100vw, 300px\" data-attachment-id=\"19423\" data-permalink=\"https:\/\/www.grieta.org.mx\/index.php\/2016\/08\/11\/dia-11-comparte-por-la-humanidad-caracol-de-morelia-9-de-agosto\/mg_0065-800x400\/\" data-orig-file=\"https:\/\/www.grieta.org.mx\/wp-content\/uploads\/2016\/08\/MG_0065-800x400.jpg\" data-orig-size=\"800,400\" data-comments-opened=\"0\" data-image-meta=\"{&quot;aperture&quot;:&quot;0&quot;,&quot;credit&quot;:&quot;&quot;,&quot;camera&quot;:&quot;&quot;,&quot;caption&quot;:&quot;&quot;,&quot;created_timestamp&quot;:&quot;0&quot;,&quot;copyright&quot;:&quot;&quot;,&quot;focal_length&quot;:&quot;0&quot;,&quot;iso&quot;:&quot;0&quot;,&quot;shutter_speed&quot;:&quot;0&quot;,&quot;title&quot;:&quot;&quot;,&quot;orientation&quot;:&quot;0&quot;}\" data-image-title=\"MG_0065-800&amp;#215;400\" data-image-description=\"\" data-image-caption=\"\" data-medium-file=\"https:\/\/www.grieta.org.mx\/wp-content\/uploads\/2016\/08\/MG_0065-800x400-300x150.jpg\" data-large-file=\"https:\/\/www.grieta.org.mx\/wp-content\/uploads\/2016\/08\/MG_0065-800x400.jpg\" \/><\/a>\n\t\t\t<\/div><\/figure><figure class='gallery-item'>\n\t\t\t<div class='gallery-icon landscape'>\n\t\t\t\t<a href='https:\/\/www.grieta.org.mx\/index.php\/2016\/08\/11\/dia-11-comparte-por-la-humanidad-caracol-de-morelia-9-de-agosto\/mg_0074-800x400\/'><img loading=\"lazy\" decoding=\"async\" width=\"300\" height=\"150\" src=\"https:\/\/www.grieta.org.mx\/wp-content\/uploads\/2016\/08\/MG_0074-800x400-300x150.jpg\" class=\"attachment-medium size-medium\" alt=\"\" srcset=\"https:\/\/www.grieta.org.mx\/wp-content\/uploads\/2016\/08\/MG_0074-800x400-300x150.jpg 300w, https:\/\/www.grieta.org.mx\/wp-content\/uploads\/2016\/08\/MG_0074-800x400-768x384.jpg 768w, https:\/\/www.grieta.org.mx\/wp-content\/uploads\/2016\/08\/MG_0074-800x400.jpg 800w\" sizes=\"auto, (max-width: 300px) 100vw, 300px\" data-attachment-id=\"19424\" data-permalink=\"https:\/\/www.grieta.org.mx\/index.php\/2016\/08\/11\/dia-11-comparte-por-la-humanidad-caracol-de-morelia-9-de-agosto\/mg_0074-800x400\/\" data-orig-file=\"https:\/\/www.grieta.org.mx\/wp-content\/uploads\/2016\/08\/MG_0074-800x400.jpg\" data-orig-size=\"800,400\" data-comments-opened=\"0\" data-image-meta=\"{&quot;aperture&quot;:&quot;0&quot;,&quot;credit&quot;:&quot;&quot;,&quot;camera&quot;:&quot;&quot;,&quot;caption&quot;:&quot;&quot;,&quot;created_timestamp&quot;:&quot;0&quot;,&quot;copyright&quot;:&quot;&quot;,&quot;focal_length&quot;:&quot;0&quot;,&quot;iso&quot;:&quot;0&quot;,&quot;shutter_speed&quot;:&quot;0&quot;,&quot;title&quot;:&quot;&quot;,&quot;orientation&quot;:&quot;0&quot;}\" data-image-title=\"MG_0074-800&amp;#215;400\" data-image-description=\"\" data-image-caption=\"\" data-medium-file=\"https:\/\/www.grieta.org.mx\/wp-content\/uploads\/2016\/08\/MG_0074-800x400-300x150.jpg\" data-large-file=\"https:\/\/www.grieta.org.mx\/wp-content\/uploads\/2016\/08\/MG_0074-800x400.jpg\" \/><\/a>\n\t\t\t<\/div><\/figure><figure class='gallery-item'>\n\t\t\t<div class='gallery-icon landscape'>\n\t\t\t\t<a href='https:\/\/www.grieta.org.mx\/index.php\/2016\/08\/11\/dia-11-comparte-por-la-humanidad-caracol-de-morelia-9-de-agosto\/mg_0081-800x400\/'><img loading=\"lazy\" decoding=\"async\" width=\"300\" height=\"150\" src=\"https:\/\/www.grieta.org.mx\/wp-content\/uploads\/2016\/08\/MG_0081-800x400-300x150.jpg\" class=\"attachment-medium size-medium\" alt=\"\" srcset=\"https:\/\/www.grieta.org.mx\/wp-content\/uploads\/2016\/08\/MG_0081-800x400-300x150.jpg 300w, https:\/\/www.grieta.org.mx\/wp-content\/uploads\/2016\/08\/MG_0081-800x400-768x384.jpg 768w, https:\/\/www.grieta.org.mx\/wp-content\/uploads\/2016\/08\/MG_0081-800x400.jpg 800w\" sizes=\"auto, (max-width: 300px) 100vw, 300px\" data-attachment-id=\"19425\" data-permalink=\"https:\/\/www.grieta.org.mx\/index.php\/2016\/08\/11\/dia-11-comparte-por-la-humanidad-caracol-de-morelia-9-de-agosto\/mg_0081-800x400\/\" data-orig-file=\"https:\/\/www.grieta.org.mx\/wp-content\/uploads\/2016\/08\/MG_0081-800x400.jpg\" data-orig-size=\"800,400\" data-comments-opened=\"0\" data-image-meta=\"{&quot;aperture&quot;:&quot;0&quot;,&quot;credit&quot;:&quot;&quot;,&quot;camera&quot;:&quot;&quot;,&quot;caption&quot;:&quot;&quot;,&quot;created_timestamp&quot;:&quot;0&quot;,&quot;copyright&quot;:&quot;&quot;,&quot;focal_length&quot;:&quot;0&quot;,&quot;iso&quot;:&quot;0&quot;,&quot;shutter_speed&quot;:&quot;0&quot;,&quot;title&quot;:&quot;&quot;,&quot;orientation&quot;:&quot;0&quot;}\" data-image-title=\"MG_0081-800&amp;#215;400\" data-image-description=\"\" data-image-caption=\"\" data-medium-file=\"https:\/\/www.grieta.org.mx\/wp-content\/uploads\/2016\/08\/MG_0081-800x400-300x150.jpg\" data-large-file=\"https:\/\/www.grieta.org.mx\/wp-content\/uploads\/2016\/08\/MG_0081-800x400.jpg\" \/><\/a>\n\t\t\t<\/div><\/figure><figure class='gallery-item'>\n\t\t\t<div class='gallery-icon landscape'>\n\t\t\t\t<a href='https:\/\/www.grieta.org.mx\/index.php\/2016\/08\/11\/dia-11-comparte-por-la-humanidad-caracol-de-morelia-9-de-agosto\/mg_0087-800x400\/'><img loading=\"lazy\" decoding=\"async\" width=\"300\" height=\"150\" src=\"https:\/\/www.grieta.org.mx\/wp-content\/uploads\/2016\/08\/MG_0087-800x400-300x150.jpg\" class=\"attachment-medium size-medium\" alt=\"\" srcset=\"https:\/\/www.grieta.org.mx\/wp-content\/uploads\/2016\/08\/MG_0087-800x400-300x150.jpg 300w, https:\/\/www.grieta.org.mx\/wp-content\/uploads\/2016\/08\/MG_0087-800x400-768x384.jpg 768w, https:\/\/www.grieta.org.mx\/wp-content\/uploads\/2016\/08\/MG_0087-800x400.jpg 800w\" sizes=\"auto, (max-width: 300px) 100vw, 300px\" data-attachment-id=\"19426\" data-permalink=\"https:\/\/www.grieta.org.mx\/index.php\/2016\/08\/11\/dia-11-comparte-por-la-humanidad-caracol-de-morelia-9-de-agosto\/mg_0087-800x400\/\" data-orig-file=\"https:\/\/www.grieta.org.mx\/wp-content\/uploads\/2016\/08\/MG_0087-800x400.jpg\" data-orig-size=\"800,400\" data-comments-opened=\"0\" data-image-meta=\"{&quot;aperture&quot;:&quot;0&quot;,&quot;credit&quot;:&quot;&quot;,&quot;camera&quot;:&quot;&quot;,&quot;caption&quot;:&quot;&quot;,&quot;created_timestamp&quot;:&quot;0&quot;,&quot;copyright&quot;:&quot;&quot;,&quot;focal_length&quot;:&quot;0&quot;,&quot;iso&quot;:&quot;0&quot;,&quot;shutter_speed&quot;:&quot;0&quot;,&quot;title&quot;:&quot;&quot;,&quot;orientation&quot;:&quot;0&quot;}\" data-image-title=\"MG_0087-800&amp;#215;400\" data-image-description=\"\" data-image-caption=\"\" data-medium-file=\"https:\/\/www.grieta.org.mx\/wp-content\/uploads\/2016\/08\/MG_0087-800x400-300x150.jpg\" data-large-file=\"https:\/\/www.grieta.org.mx\/wp-content\/uploads\/2016\/08\/MG_0087-800x400.jpg\" \/><\/a>\n\t\t\t<\/div><\/figure><figure class='gallery-item'>\n\t\t\t<div class='gallery-icon landscape'>\n\t\t\t\t<a href='https:\/\/www.grieta.org.mx\/index.php\/2016\/08\/11\/dia-11-comparte-por-la-humanidad-caracol-de-morelia-9-de-agosto\/mg_0091-800x400\/'><img loading=\"lazy\" decoding=\"async\" width=\"300\" height=\"150\" src=\"https:\/\/www.grieta.org.mx\/wp-content\/uploads\/2016\/08\/MG_0091-800x400-300x150.jpg\" class=\"attachment-medium size-medium\" alt=\"\" srcset=\"https:\/\/www.grieta.org.mx\/wp-content\/uploads\/2016\/08\/MG_0091-800x400-300x150.jpg 300w, https:\/\/www.grieta.org.mx\/wp-content\/uploads\/2016\/08\/MG_0091-800x400-768x384.jpg 768w, https:\/\/www.grieta.org.mx\/wp-content\/uploads\/2016\/08\/MG_0091-800x400.jpg 800w\" sizes=\"auto, (max-width: 300px) 100vw, 300px\" data-attachment-id=\"19427\" data-permalink=\"https:\/\/www.grieta.org.mx\/index.php\/2016\/08\/11\/dia-11-comparte-por-la-humanidad-caracol-de-morelia-9-de-agosto\/mg_0091-800x400\/\" data-orig-file=\"https:\/\/www.grieta.org.mx\/wp-content\/uploads\/2016\/08\/MG_0091-800x400.jpg\" data-orig-size=\"800,400\" data-comments-opened=\"0\" data-image-meta=\"{&quot;aperture&quot;:&quot;0&quot;,&quot;credit&quot;:&quot;&quot;,&quot;camera&quot;:&quot;&quot;,&quot;caption&quot;:&quot;&quot;,&quot;created_timestamp&quot;:&quot;0&quot;,&quot;copyright&quot;:&quot;&quot;,&quot;focal_length&quot;:&quot;0&quot;,&quot;iso&quot;:&quot;0&quot;,&quot;shutter_speed&quot;:&quot;0&quot;,&quot;title&quot;:&quot;&quot;,&quot;orientation&quot;:&quot;0&quot;}\" data-image-title=\"MG_0091-800&amp;#215;400\" data-image-description=\"\" data-image-caption=\"\" data-medium-file=\"https:\/\/www.grieta.org.mx\/wp-content\/uploads\/2016\/08\/MG_0091-800x400-300x150.jpg\" data-large-file=\"https:\/\/www.grieta.org.mx\/wp-content\/uploads\/2016\/08\/MG_0091-800x400.jpg\" \/><\/a>\n\t\t\t<\/div><\/figure><figure class='gallery-item'>\n\t\t\t<div class='gallery-icon landscape'>\n\t\t\t\t<a href='https:\/\/www.grieta.org.mx\/index.php\/2016\/08\/11\/dia-11-comparte-por-la-humanidad-caracol-de-morelia-9-de-agosto\/mg_0103-800x400\/'><img loading=\"lazy\" decoding=\"async\" width=\"300\" height=\"150\" src=\"https:\/\/www.grieta.org.mx\/wp-content\/uploads\/2016\/08\/MG_0103-800x400-300x150.jpg\" class=\"attachment-medium size-medium\" alt=\"\" srcset=\"https:\/\/www.grieta.org.mx\/wp-content\/uploads\/2016\/08\/MG_0103-800x400-300x150.jpg 300w, https:\/\/www.grieta.org.mx\/wp-content\/uploads\/2016\/08\/MG_0103-800x400-768x384.jpg 768w, https:\/\/www.grieta.org.mx\/wp-content\/uploads\/2016\/08\/MG_0103-800x400.jpg 800w\" sizes=\"auto, (max-width: 300px) 100vw, 300px\" data-attachment-id=\"19428\" data-permalink=\"https:\/\/www.grieta.org.mx\/index.php\/2016\/08\/11\/dia-11-comparte-por-la-humanidad-caracol-de-morelia-9-de-agosto\/mg_0103-800x400\/\" data-orig-file=\"https:\/\/www.grieta.org.mx\/wp-content\/uploads\/2016\/08\/MG_0103-800x400.jpg\" data-orig-size=\"800,400\" data-comments-opened=\"0\" data-image-meta=\"{&quot;aperture&quot;:&quot;0&quot;,&quot;credit&quot;:&quot;&quot;,&quot;camera&quot;:&quot;&quot;,&quot;caption&quot;:&quot;&quot;,&quot;created_timestamp&quot;:&quot;0&quot;,&quot;copyright&quot;:&quot;&quot;,&quot;focal_length&quot;:&quot;0&quot;,&quot;iso&quot;:&quot;0&quot;,&quot;shutter_speed&quot;:&quot;0&quot;,&quot;title&quot;:&quot;&quot;,&quot;orientation&quot;:&quot;0&quot;}\" data-image-title=\"MG_0103-800&amp;#215;400\" data-image-description=\"\" data-image-caption=\"\" data-medium-file=\"https:\/\/www.grieta.org.mx\/wp-content\/uploads\/2016\/08\/MG_0103-800x400-300x150.jpg\" data-large-file=\"https:\/\/www.grieta.org.mx\/wp-content\/uploads\/2016\/08\/MG_0103-800x400.jpg\" \/><\/a>\n\t\t\t<\/div><\/figure><figure class='gallery-item'>\n\t\t\t<div class='gallery-icon landscape'>\n\t\t\t\t<a href='https:\/\/www.grieta.org.mx\/index.php\/2016\/08\/11\/dia-11-comparte-por-la-humanidad-caracol-de-morelia-9-de-agosto\/mg_0109-800x400\/'><img loading=\"lazy\" decoding=\"async\" width=\"300\" height=\"150\" src=\"https:\/\/www.grieta.org.mx\/wp-content\/uploads\/2016\/08\/MG_0109-800x400-300x150.jpg\" class=\"attachment-medium size-medium\" alt=\"\" srcset=\"https:\/\/www.grieta.org.mx\/wp-content\/uploads\/2016\/08\/MG_0109-800x400-300x150.jpg 300w, https:\/\/www.grieta.org.mx\/wp-content\/uploads\/2016\/08\/MG_0109-800x400-768x384.jpg 768w, https:\/\/www.grieta.org.mx\/wp-content\/uploads\/2016\/08\/MG_0109-800x400.jpg 800w\" sizes=\"auto, (max-width: 300px) 100vw, 300px\" data-attachment-id=\"19429\" data-permalink=\"https:\/\/www.grieta.org.mx\/index.php\/2016\/08\/11\/dia-11-comparte-por-la-humanidad-caracol-de-morelia-9-de-agosto\/mg_0109-800x400\/\" data-orig-file=\"https:\/\/www.grieta.org.mx\/wp-content\/uploads\/2016\/08\/MG_0109-800x400.jpg\" data-orig-size=\"800,400\" data-comments-opened=\"0\" data-image-meta=\"{&quot;aperture&quot;:&quot;0&quot;,&quot;credit&quot;:&quot;&quot;,&quot;camera&quot;:&quot;&quot;,&quot;caption&quot;:&quot;&quot;,&quot;created_timestamp&quot;:&quot;0&quot;,&quot;copyright&quot;:&quot;&quot;,&quot;focal_length&quot;:&quot;0&quot;,&quot;iso&quot;:&quot;0&quot;,&quot;shutter_speed&quot;:&quot;0&quot;,&quot;title&quot;:&quot;&quot;,&quot;orientation&quot;:&quot;0&quot;}\" data-image-title=\"MG_0109-800&amp;#215;400\" data-image-description=\"\" data-image-caption=\"\" data-medium-file=\"https:\/\/www.grieta.org.mx\/wp-content\/uploads\/2016\/08\/MG_0109-800x400-300x150.jpg\" data-large-file=\"https:\/\/www.grieta.org.mx\/wp-content\/uploads\/2016\/08\/MG_0109-800x400.jpg\" \/><\/a>\n\t\t\t<\/div><\/figure><figure class='gallery-item'>\n\t\t\t<div class='gallery-icon landscape'>\n\t\t\t\t<a href='https:\/\/www.grieta.org.mx\/index.php\/2016\/08\/11\/dia-11-comparte-por-la-humanidad-caracol-de-morelia-9-de-agosto\/mg_0115-800x400\/'><img loading=\"lazy\" decoding=\"async\" width=\"300\" height=\"150\" src=\"https:\/\/www.grieta.org.mx\/wp-content\/uploads\/2016\/08\/MG_0115-800x400-300x150.jpg\" class=\"attachment-medium size-medium\" alt=\"\" srcset=\"https:\/\/www.grieta.org.mx\/wp-content\/uploads\/2016\/08\/MG_0115-800x400-300x150.jpg 300w, https:\/\/www.grieta.org.mx\/wp-content\/uploads\/2016\/08\/MG_0115-800x400-768x384.jpg 768w, https:\/\/www.grieta.org.mx\/wp-content\/uploads\/2016\/08\/MG_0115-800x400.jpg 800w\" sizes=\"auto, (max-width: 300px) 100vw, 300px\" data-attachment-id=\"19430\" data-permalink=\"https:\/\/www.grieta.org.mx\/index.php\/2016\/08\/11\/dia-11-comparte-por-la-humanidad-caracol-de-morelia-9-de-agosto\/mg_0115-800x400\/\" data-orig-file=\"https:\/\/www.grieta.org.mx\/wp-content\/uploads\/2016\/08\/MG_0115-800x400.jpg\" data-orig-size=\"800,400\" data-comments-opened=\"0\" data-image-meta=\"{&quot;aperture&quot;:&quot;0&quot;,&quot;credit&quot;:&quot;&quot;,&quot;camera&quot;:&quot;&quot;,&quot;caption&quot;:&quot;&quot;,&quot;created_timestamp&quot;:&quot;0&quot;,&quot;copyright&quot;:&quot;&quot;,&quot;focal_length&quot;:&quot;0&quot;,&quot;iso&quot;:&quot;0&quot;,&quot;shutter_speed&quot;:&quot;0&quot;,&quot;title&quot;:&quot;&quot;,&quot;orientation&quot;:&quot;0&quot;}\" data-image-title=\"MG_0115-800&amp;#215;400\" data-image-description=\"\" data-image-caption=\"\" data-medium-file=\"https:\/\/www.grieta.org.mx\/wp-content\/uploads\/2016\/08\/MG_0115-800x400-300x150.jpg\" data-large-file=\"https:\/\/www.grieta.org.mx\/wp-content\/uploads\/2016\/08\/MG_0115-800x400.jpg\" \/><\/a>\n\t\t\t<\/div><\/figure><figure class='gallery-item'>\n\t\t\t<div class='gallery-icon landscape'>\n\t\t\t\t<a href='https:\/\/www.grieta.org.mx\/index.php\/2016\/08\/11\/dia-11-comparte-por-la-humanidad-caracol-de-morelia-9-de-agosto\/mg_0123-800x400\/'><img loading=\"lazy\" decoding=\"async\" width=\"300\" height=\"150\" src=\"https:\/\/www.grieta.org.mx\/wp-content\/uploads\/2016\/08\/MG_0123-800x400-300x150.jpg\" class=\"attachment-medium size-medium\" alt=\"\" srcset=\"https:\/\/www.grieta.org.mx\/wp-content\/uploads\/2016\/08\/MG_0123-800x400-300x150.jpg 300w, https:\/\/www.grieta.org.mx\/wp-content\/uploads\/2016\/08\/MG_0123-800x400-768x384.jpg 768w, https:\/\/www.grieta.org.mx\/wp-content\/uploads\/2016\/08\/MG_0123-800x400.jpg 800w\" sizes=\"auto, (max-width: 300px) 100vw, 300px\" data-attachment-id=\"19431\" data-permalink=\"https:\/\/www.grieta.org.mx\/index.php\/2016\/08\/11\/dia-11-comparte-por-la-humanidad-caracol-de-morelia-9-de-agosto\/mg_0123-800x400\/\" data-orig-file=\"https:\/\/www.grieta.org.mx\/wp-content\/uploads\/2016\/08\/MG_0123-800x400.jpg\" data-orig-size=\"800,400\" data-comments-opened=\"0\" data-image-meta=\"{&quot;aperture&quot;:&quot;0&quot;,&quot;credit&quot;:&quot;&quot;,&quot;camera&quot;:&quot;&quot;,&quot;caption&quot;:&quot;&quot;,&quot;created_timestamp&quot;:&quot;0&quot;,&quot;copyright&quot;:&quot;&quot;,&quot;focal_length&quot;:&quot;0&quot;,&quot;iso&quot;:&quot;0&quot;,&quot;shutter_speed&quot;:&quot;0&quot;,&quot;title&quot;:&quot;&quot;,&quot;orientation&quot;:&quot;0&quot;}\" data-image-title=\"MG_0123-800&amp;#215;400\" data-image-description=\"\" data-image-caption=\"\" data-medium-file=\"https:\/\/www.grieta.org.mx\/wp-content\/uploads\/2016\/08\/MG_0123-800x400-300x150.jpg\" data-large-file=\"https:\/\/www.grieta.org.mx\/wp-content\/uploads\/2016\/08\/MG_0123-800x400.jpg\" \/><\/a>\n\t\t\t<\/div><\/figure><figure class='gallery-item'>\n\t\t\t<div class='gallery-icon landscape'>\n\t\t\t\t<a href='https:\/\/www.grieta.org.mx\/index.php\/2016\/08\/11\/dia-11-comparte-por-la-humanidad-caracol-de-morelia-9-de-agosto\/mg_0128-800x400\/'><img loading=\"lazy\" decoding=\"async\" width=\"300\" height=\"150\" src=\"https:\/\/www.grieta.org.mx\/wp-content\/uploads\/2016\/08\/MG_0128-800x400-300x150.jpg\" class=\"attachment-medium size-medium\" alt=\"\" srcset=\"https:\/\/www.grieta.org.mx\/wp-content\/uploads\/2016\/08\/MG_0128-800x400-300x150.jpg 300w, https:\/\/www.grieta.org.mx\/wp-content\/uploads\/2016\/08\/MG_0128-800x400-768x384.jpg 768w, https:\/\/www.grieta.org.mx\/wp-content\/uploads\/2016\/08\/MG_0128-800x400.jpg 800w\" sizes=\"auto, (max-width: 300px) 100vw, 300px\" data-attachment-id=\"19432\" data-permalink=\"https:\/\/www.grieta.org.mx\/index.php\/2016\/08\/11\/dia-11-comparte-por-la-humanidad-caracol-de-morelia-9-de-agosto\/mg_0128-800x400\/\" data-orig-file=\"https:\/\/www.grieta.org.mx\/wp-content\/uploads\/2016\/08\/MG_0128-800x400.jpg\" data-orig-size=\"800,400\" data-comments-opened=\"0\" data-image-meta=\"{&quot;aperture&quot;:&quot;0&quot;,&quot;credit&quot;:&quot;&quot;,&quot;camera&quot;:&quot;&quot;,&quot;caption&quot;:&quot;&quot;,&quot;created_timestamp&quot;:&quot;0&quot;,&quot;copyright&quot;:&quot;&quot;,&quot;focal_length&quot;:&quot;0&quot;,&quot;iso&quot;:&quot;0&quot;,&quot;shutter_speed&quot;:&quot;0&quot;,&quot;title&quot;:&quot;&quot;,&quot;orientation&quot;:&quot;0&quot;}\" data-image-title=\"MG_0128-800&amp;#215;400\" data-image-description=\"\" data-image-caption=\"\" data-medium-file=\"https:\/\/www.grieta.org.mx\/wp-content\/uploads\/2016\/08\/MG_0128-800x400-300x150.jpg\" data-large-file=\"https:\/\/www.grieta.org.mx\/wp-content\/uploads\/2016\/08\/MG_0128-800x400.jpg\" \/><\/a>\n\t\t\t<\/div><\/figure><figure class='gallery-item'>\n\t\t\t<div class='gallery-icon landscape'>\n\t\t\t\t<a href='https:\/\/www.grieta.org.mx\/index.php\/2016\/08\/11\/dia-11-comparte-por-la-humanidad-caracol-de-morelia-9-de-agosto\/mg_0133-800x400\/'><img loading=\"lazy\" decoding=\"async\" width=\"300\" height=\"150\" src=\"https:\/\/www.grieta.org.mx\/wp-content\/uploads\/2016\/08\/MG_0133-800x400-300x150.jpg\" class=\"attachment-medium size-medium\" alt=\"\" srcset=\"https:\/\/www.grieta.org.mx\/wp-content\/uploads\/2016\/08\/MG_0133-800x400-300x150.jpg 300w, https:\/\/www.grieta.org.mx\/wp-content\/uploads\/2016\/08\/MG_0133-800x400-768x384.jpg 768w, https:\/\/www.grieta.org.mx\/wp-content\/uploads\/2016\/08\/MG_0133-800x400.jpg 800w\" sizes=\"auto, (max-width: 300px) 100vw, 300px\" data-attachment-id=\"19433\" data-permalink=\"https:\/\/www.grieta.org.mx\/index.php\/2016\/08\/11\/dia-11-comparte-por-la-humanidad-caracol-de-morelia-9-de-agosto\/mg_0133-800x400\/\" data-orig-file=\"https:\/\/www.grieta.org.mx\/wp-content\/uploads\/2016\/08\/MG_0133-800x400.jpg\" data-orig-size=\"800,400\" data-comments-opened=\"0\" data-image-meta=\"{&quot;aperture&quot;:&quot;0&quot;,&quot;credit&quot;:&quot;&quot;,&quot;camera&quot;:&quot;&quot;,&quot;caption&quot;:&quot;&quot;,&quot;created_timestamp&quot;:&quot;0&quot;,&quot;copyright&quot;:&quot;&quot;,&quot;focal_length&quot;:&quot;0&quot;,&quot;iso&quot;:&quot;0&quot;,&quot;shutter_speed&quot;:&quot;0&quot;,&quot;title&quot;:&quot;&quot;,&quot;orientation&quot;:&quot;0&quot;}\" data-image-title=\"MG_0133-800&amp;#215;400\" data-image-description=\"\" data-image-caption=\"\" data-medium-file=\"https:\/\/www.grieta.org.mx\/wp-content\/uploads\/2016\/08\/MG_0133-800x400-300x150.jpg\" data-large-file=\"https:\/\/www.grieta.org.mx\/wp-content\/uploads\/2016\/08\/MG_0133-800x400.jpg\" \/><\/a>\n\t\t\t<\/div><\/figure><figure class='gallery-item'>\n\t\t\t<div class='gallery-icon landscape'>\n\t\t\t\t<a href='https:\/\/www.grieta.org.mx\/index.php\/2016\/08\/11\/dia-11-comparte-por-la-humanidad-caracol-de-morelia-9-de-agosto\/mg_0147-800x400\/'><img loading=\"lazy\" decoding=\"async\" width=\"300\" height=\"150\" src=\"https:\/\/www.grieta.org.mx\/wp-content\/uploads\/2016\/08\/MG_0147-800x400-300x150.jpg\" class=\"attachment-medium size-medium\" alt=\"\" srcset=\"https:\/\/www.grieta.org.mx\/wp-content\/uploads\/2016\/08\/MG_0147-800x400-300x150.jpg 300w, https:\/\/www.grieta.org.mx\/wp-content\/uploads\/2016\/08\/MG_0147-800x400-768x384.jpg 768w, https:\/\/www.grieta.org.mx\/wp-content\/uploads\/2016\/08\/MG_0147-800x400.jpg 800w\" sizes=\"auto, (max-width: 300px) 100vw, 300px\" data-attachment-id=\"19434\" data-permalink=\"https:\/\/www.grieta.org.mx\/index.php\/2016\/08\/11\/dia-11-comparte-por-la-humanidad-caracol-de-morelia-9-de-agosto\/mg_0147-800x400\/\" data-orig-file=\"https:\/\/www.grieta.org.mx\/wp-content\/uploads\/2016\/08\/MG_0147-800x400.jpg\" data-orig-size=\"800,400\" data-comments-opened=\"0\" data-image-meta=\"{&quot;aperture&quot;:&quot;0&quot;,&quot;credit&quot;:&quot;&quot;,&quot;camera&quot;:&quot;&quot;,&quot;caption&quot;:&quot;&quot;,&quot;created_timestamp&quot;:&quot;0&quot;,&quot;copyright&quot;:&quot;&quot;,&quot;focal_length&quot;:&quot;0&quot;,&quot;iso&quot;:&quot;0&quot;,&quot;shutter_speed&quot;:&quot;0&quot;,&quot;title&quot;:&quot;&quot;,&quot;orientation&quot;:&quot;0&quot;}\" data-image-title=\"MG_0147-800&amp;#215;400\" data-image-description=\"\" data-image-caption=\"\" data-medium-file=\"https:\/\/www.grieta.org.mx\/wp-content\/uploads\/2016\/08\/MG_0147-800x400-300x150.jpg\" data-large-file=\"https:\/\/www.grieta.org.mx\/wp-content\/uploads\/2016\/08\/MG_0147-800x400.jpg\" \/><\/a>\n\t\t\t<\/div><\/figure><figure class='gallery-item'>\n\t\t\t<div class='gallery-icon landscape'>\n\t\t\t\t<a href='https:\/\/www.grieta.org.mx\/index.php\/2016\/08\/11\/dia-11-comparte-por-la-humanidad-caracol-de-morelia-9-de-agosto\/mg_0164-800x400\/'><img loading=\"lazy\" decoding=\"async\" width=\"300\" height=\"150\" src=\"https:\/\/www.grieta.org.mx\/wp-content\/uploads\/2016\/08\/MG_0164-800x400-300x150.jpg\" class=\"attachment-medium size-medium\" alt=\"\" srcset=\"https:\/\/www.grieta.org.mx\/wp-content\/uploads\/2016\/08\/MG_0164-800x400-300x150.jpg 300w, https:\/\/www.grieta.org.mx\/wp-content\/uploads\/2016\/08\/MG_0164-800x400-768x384.jpg 768w, https:\/\/www.grieta.org.mx\/wp-content\/uploads\/2016\/08\/MG_0164-800x400.jpg 800w\" sizes=\"auto, (max-width: 300px) 100vw, 300px\" data-attachment-id=\"19435\" data-permalink=\"https:\/\/www.grieta.org.mx\/index.php\/2016\/08\/11\/dia-11-comparte-por-la-humanidad-caracol-de-morelia-9-de-agosto\/mg_0164-800x400\/\" data-orig-file=\"https:\/\/www.grieta.org.mx\/wp-content\/uploads\/2016\/08\/MG_0164-800x400.jpg\" data-orig-size=\"800,400\" data-comments-opened=\"0\" data-image-meta=\"{&quot;aperture&quot;:&quot;0&quot;,&quot;credit&quot;:&quot;&quot;,&quot;camera&quot;:&quot;&quot;,&quot;caption&quot;:&quot;&quot;,&quot;created_timestamp&quot;:&quot;0&quot;,&quot;copyright&quot;:&quot;&quot;,&quot;focal_length&quot;:&quot;0&quot;,&quot;iso&quot;:&quot;0&quot;,&quot;shutter_speed&quot;:&quot;0&quot;,&quot;title&quot;:&quot;&quot;,&quot;orientation&quot;:&quot;0&quot;}\" data-image-title=\"MG_0164-800&amp;#215;400\" data-image-description=\"\" data-image-caption=\"\" data-medium-file=\"https:\/\/www.grieta.org.mx\/wp-content\/uploads\/2016\/08\/MG_0164-800x400-300x150.jpg\" data-large-file=\"https:\/\/www.grieta.org.mx\/wp-content\/uploads\/2016\/08\/MG_0164-800x400.jpg\" \/><\/a>\n\t\t\t<\/div><\/figure><figure class='gallery-item'>\n\t\t\t<div class='gallery-icon landscape'>\n\t\t\t\t<a href='https:\/\/www.grieta.org.mx\/index.php\/2016\/08\/11\/dia-11-comparte-por-la-humanidad-caracol-de-morelia-9-de-agosto\/mg_0169-800x400\/'><img loading=\"lazy\" decoding=\"async\" width=\"300\" height=\"150\" src=\"https:\/\/www.grieta.org.mx\/wp-content\/uploads\/2016\/08\/MG_0169-800x400-300x150.jpg\" class=\"attachment-medium size-medium\" alt=\"\" srcset=\"https:\/\/www.grieta.org.mx\/wp-content\/uploads\/2016\/08\/MG_0169-800x400-300x150.jpg 300w, https:\/\/www.grieta.org.mx\/wp-content\/uploads\/2016\/08\/MG_0169-800x400-768x384.jpg 768w, https:\/\/www.grieta.org.mx\/wp-content\/uploads\/2016\/08\/MG_0169-800x400.jpg 800w\" sizes=\"auto, (max-width: 300px) 100vw, 300px\" data-attachment-id=\"19436\" data-permalink=\"https:\/\/www.grieta.org.mx\/index.php\/2016\/08\/11\/dia-11-comparte-por-la-humanidad-caracol-de-morelia-9-de-agosto\/mg_0169-800x400\/\" data-orig-file=\"https:\/\/www.grieta.org.mx\/wp-content\/uploads\/2016\/08\/MG_0169-800x400.jpg\" data-orig-size=\"800,400\" data-comments-opened=\"0\" data-image-meta=\"{&quot;aperture&quot;:&quot;0&quot;,&quot;credit&quot;:&quot;&quot;,&quot;camera&quot;:&quot;&quot;,&quot;caption&quot;:&quot;&quot;,&quot;created_timestamp&quot;:&quot;0&quot;,&quot;copyright&quot;:&quot;&quot;,&quot;focal_length&quot;:&quot;0&quot;,&quot;iso&quot;:&quot;0&quot;,&quot;shutter_speed&quot;:&quot;0&quot;,&quot;title&quot;:&quot;&quot;,&quot;orientation&quot;:&quot;0&quot;}\" data-image-title=\"MG_0169-800&amp;#215;400\" data-image-description=\"\" data-image-caption=\"\" data-medium-file=\"https:\/\/www.grieta.org.mx\/wp-content\/uploads\/2016\/08\/MG_0169-800x400-300x150.jpg\" data-large-file=\"https:\/\/www.grieta.org.mx\/wp-content\/uploads\/2016\/08\/MG_0169-800x400.jpg\" \/><\/a>\n\t\t\t<\/div><\/figure><figure class='gallery-item'>\n\t\t\t<div class='gallery-icon landscape'>\n\t\t\t\t<a href='https:\/\/www.grieta.org.mx\/index.php\/2016\/08\/11\/dia-11-comparte-por-la-humanidad-caracol-de-morelia-9-de-agosto\/mg_0173-800x400\/'><img loading=\"lazy\" decoding=\"async\" width=\"300\" height=\"150\" src=\"https:\/\/www.grieta.org.mx\/wp-content\/uploads\/2016\/08\/MG_0173-800x400-300x150.jpg\" class=\"attachment-medium size-medium\" alt=\"\" srcset=\"https:\/\/www.grieta.org.mx\/wp-content\/uploads\/2016\/08\/MG_0173-800x400-300x150.jpg 300w, https:\/\/www.grieta.org.mx\/wp-content\/uploads\/2016\/08\/MG_0173-800x400-768x384.jpg 768w, https:\/\/www.grieta.org.mx\/wp-content\/uploads\/2016\/08\/MG_0173-800x400.jpg 800w\" sizes=\"auto, (max-width: 300px) 100vw, 300px\" data-attachment-id=\"19437\" data-permalink=\"https:\/\/www.grieta.org.mx\/index.php\/2016\/08\/11\/dia-11-comparte-por-la-humanidad-caracol-de-morelia-9-de-agosto\/mg_0173-800x400\/\" data-orig-file=\"https:\/\/www.grieta.org.mx\/wp-content\/uploads\/2016\/08\/MG_0173-800x400.jpg\" data-orig-size=\"800,400\" data-comments-opened=\"0\" data-image-meta=\"{&quot;aperture&quot;:&quot;0&quot;,&quot;credit&quot;:&quot;&quot;,&quot;camera&quot;:&quot;&quot;,&quot;caption&quot;:&quot;&quot;,&quot;created_timestamp&quot;:&quot;0&quot;,&quot;copyright&quot;:&quot;&quot;,&quot;focal_length&quot;:&quot;0&quot;,&quot;iso&quot;:&quot;0&quot;,&quot;shutter_speed&quot;:&quot;0&quot;,&quot;title&quot;:&quot;&quot;,&quot;orientation&quot;:&quot;0&quot;}\" data-image-title=\"MG_0173-800&amp;#215;400\" data-image-description=\"\" data-image-caption=\"\" data-medium-file=\"https:\/\/www.grieta.org.mx\/wp-content\/uploads\/2016\/08\/MG_0173-800x400-300x150.jpg\" data-large-file=\"https:\/\/www.grieta.org.mx\/wp-content\/uploads\/2016\/08\/MG_0173-800x400.jpg\" \/><\/a>\n\t\t\t<\/div><\/figure><figure class='gallery-item'>\n\t\t\t<div class='gallery-icon landscape'>\n\t\t\t\t<a href='https:\/\/www.grieta.org.mx\/index.php\/2016\/08\/11\/dia-11-comparte-por-la-humanidad-caracol-de-morelia-9-de-agosto\/mg_0183-800x400\/'><img loading=\"lazy\" decoding=\"async\" width=\"300\" height=\"150\" src=\"https:\/\/www.grieta.org.mx\/wp-content\/uploads\/2016\/08\/MG_0183-800x400-300x150.jpg\" class=\"attachment-medium size-medium\" alt=\"\" srcset=\"https:\/\/www.grieta.org.mx\/wp-content\/uploads\/2016\/08\/MG_0183-800x400-300x150.jpg 300w, https:\/\/www.grieta.org.mx\/wp-content\/uploads\/2016\/08\/MG_0183-800x400-768x384.jpg 768w, https:\/\/www.grieta.org.mx\/wp-content\/uploads\/2016\/08\/MG_0183-800x400.jpg 800w\" sizes=\"auto, (max-width: 300px) 100vw, 300px\" data-attachment-id=\"19438\" data-permalink=\"https:\/\/www.grieta.org.mx\/index.php\/2016\/08\/11\/dia-11-comparte-por-la-humanidad-caracol-de-morelia-9-de-agosto\/mg_0183-800x400\/\" data-orig-file=\"https:\/\/www.grieta.org.mx\/wp-content\/uploads\/2016\/08\/MG_0183-800x400.jpg\" data-orig-size=\"800,400\" data-comments-opened=\"0\" data-image-meta=\"{&quot;aperture&quot;:&quot;0&quot;,&quot;credit&quot;:&quot;&quot;,&quot;camera&quot;:&quot;&quot;,&quot;caption&quot;:&quot;&quot;,&quot;created_timestamp&quot;:&quot;0&quot;,&quot;copyright&quot;:&quot;&quot;,&quot;focal_length&quot;:&quot;0&quot;,&quot;iso&quot;:&quot;0&quot;,&quot;shutter_speed&quot;:&quot;0&quot;,&quot;title&quot;:&quot;&quot;,&quot;orientation&quot;:&quot;0&quot;}\" data-image-title=\"MG_0183-800&amp;#215;400\" data-image-description=\"\" data-image-caption=\"\" data-medium-file=\"https:\/\/www.grieta.org.mx\/wp-content\/uploads\/2016\/08\/MG_0183-800x400-300x150.jpg\" data-large-file=\"https:\/\/www.grieta.org.mx\/wp-content\/uploads\/2016\/08\/MG_0183-800x400.jpg\" \/><\/a>\n\t\t\t<\/div><\/figure><figure class='gallery-item'>\n\t\t\t<div class='gallery-icon landscape'>\n\t\t\t\t<a href='https:\/\/www.grieta.org.mx\/index.php\/2016\/08\/11\/dia-11-comparte-por-la-humanidad-caracol-de-morelia-9-de-agosto\/mg_0185-800x400\/'><img loading=\"lazy\" decoding=\"async\" width=\"300\" height=\"150\" src=\"https:\/\/www.grieta.org.mx\/wp-content\/uploads\/2016\/08\/MG_0185-800x400-300x150.jpg\" class=\"attachment-medium size-medium\" alt=\"\" srcset=\"https:\/\/www.grieta.org.mx\/wp-content\/uploads\/2016\/08\/MG_0185-800x400-300x150.jpg 300w, https:\/\/www.grieta.org.mx\/wp-content\/uploads\/2016\/08\/MG_0185-800x400-768x384.jpg 768w, https:\/\/www.grieta.org.mx\/wp-content\/uploads\/2016\/08\/MG_0185-800x400.jpg 800w\" sizes=\"auto, (max-width: 300px) 100vw, 300px\" data-attachment-id=\"19439\" data-permalink=\"https:\/\/www.grieta.org.mx\/index.php\/2016\/08\/11\/dia-11-comparte-por-la-humanidad-caracol-de-morelia-9-de-agosto\/mg_0185-800x400\/\" data-orig-file=\"https:\/\/www.grieta.org.mx\/wp-content\/uploads\/2016\/08\/MG_0185-800x400.jpg\" data-orig-size=\"800,400\" data-comments-opened=\"0\" data-image-meta=\"{&quot;aperture&quot;:&quot;0&quot;,&quot;credit&quot;:&quot;&quot;,&quot;camera&quot;:&quot;&quot;,&quot;caption&quot;:&quot;&quot;,&quot;created_timestamp&quot;:&quot;0&quot;,&quot;copyright&quot;:&quot;&quot;,&quot;focal_length&quot;:&quot;0&quot;,&quot;iso&quot;:&quot;0&quot;,&quot;shutter_speed&quot;:&quot;0&quot;,&quot;title&quot;:&quot;&quot;,&quot;orientation&quot;:&quot;0&quot;}\" data-image-title=\"MG_0185-800&amp;#215;400\" data-image-description=\"\" data-image-caption=\"\" data-medium-file=\"https:\/\/www.grieta.org.mx\/wp-content\/uploads\/2016\/08\/MG_0185-800x400-300x150.jpg\" data-large-file=\"https:\/\/www.grieta.org.mx\/wp-content\/uploads\/2016\/08\/MG_0185-800x400.jpg\" \/><\/a>\n\t\t\t<\/div><\/figure><figure class='gallery-item'>\n\t\t\t<div class='gallery-icon landscape'>\n\t\t\t\t<a href='https:\/\/www.grieta.org.mx\/index.php\/2016\/08\/11\/dia-11-comparte-por-la-humanidad-caracol-de-morelia-9-de-agosto\/mg_0186-800x400\/'><img loading=\"lazy\" decoding=\"async\" width=\"300\" height=\"150\" src=\"https:\/\/www.grieta.org.mx\/wp-content\/uploads\/2016\/08\/MG_0186-800x400-300x150.jpg\" class=\"attachment-medium size-medium\" alt=\"\" srcset=\"https:\/\/www.grieta.org.mx\/wp-content\/uploads\/2016\/08\/MG_0186-800x400-300x150.jpg 300w, https:\/\/www.grieta.org.mx\/wp-content\/uploads\/2016\/08\/MG_0186-800x400-768x384.jpg 768w, https:\/\/www.grieta.org.mx\/wp-content\/uploads\/2016\/08\/MG_0186-800x400.jpg 800w\" sizes=\"auto, (max-width: 300px) 100vw, 300px\" data-attachment-id=\"19440\" data-permalink=\"https:\/\/www.grieta.org.mx\/index.php\/2016\/08\/11\/dia-11-comparte-por-la-humanidad-caracol-de-morelia-9-de-agosto\/mg_0186-800x400\/\" data-orig-file=\"https:\/\/www.grieta.org.mx\/wp-content\/uploads\/2016\/08\/MG_0186-800x400.jpg\" data-orig-size=\"800,400\" data-comments-opened=\"0\" data-image-meta=\"{&quot;aperture&quot;:&quot;0&quot;,&quot;credit&quot;:&quot;&quot;,&quot;camera&quot;:&quot;&quot;,&quot;caption&quot;:&quot;&quot;,&quot;created_timestamp&quot;:&quot;0&quot;,&quot;copyright&quot;:&quot;&quot;,&quot;focal_length&quot;:&quot;0&quot;,&quot;iso&quot;:&quot;0&quot;,&quot;shutter_speed&quot;:&quot;0&quot;,&quot;title&quot;:&quot;&quot;,&quot;orientation&quot;:&quot;0&quot;}\" data-image-title=\"MG_0186-800&amp;#215;400\" data-image-description=\"\" data-image-caption=\"\" data-medium-file=\"https:\/\/www.grieta.org.mx\/wp-content\/uploads\/2016\/08\/MG_0186-800x400-300x150.jpg\" data-large-file=\"https:\/\/www.grieta.org.mx\/wp-content\/uploads\/2016\/08\/MG_0186-800x400.jpg\" \/><\/a>\n\t\t\t<\/div><\/figure><figure class='gallery-item'>\n\t\t\t<div class='gallery-icon landscape'>\n\t\t\t\t<a href='https:\/\/www.grieta.org.mx\/index.php\/2016\/08\/11\/dia-11-comparte-por-la-humanidad-caracol-de-morelia-9-de-agosto\/mg_0192-800x400\/'><img loading=\"lazy\" decoding=\"async\" width=\"300\" height=\"150\" src=\"https:\/\/www.grieta.org.mx\/wp-content\/uploads\/2016\/08\/MG_0192-800x400-300x150.jpg\" class=\"attachment-medium size-medium\" alt=\"\" srcset=\"https:\/\/www.grieta.org.mx\/wp-content\/uploads\/2016\/08\/MG_0192-800x400-300x150.jpg 300w, https:\/\/www.grieta.org.mx\/wp-content\/uploads\/2016\/08\/MG_0192-800x400-768x384.jpg 768w, https:\/\/www.grieta.org.mx\/wp-content\/uploads\/2016\/08\/MG_0192-800x400.jpg 800w\" sizes=\"auto, (max-width: 300px) 100vw, 300px\" data-attachment-id=\"19441\" data-permalink=\"https:\/\/www.grieta.org.mx\/index.php\/2016\/08\/11\/dia-11-comparte-por-la-humanidad-caracol-de-morelia-9-de-agosto\/mg_0192-800x400\/\" data-orig-file=\"https:\/\/www.grieta.org.mx\/wp-content\/uploads\/2016\/08\/MG_0192-800x400.jpg\" data-orig-size=\"800,400\" data-comments-opened=\"0\" data-image-meta=\"{&quot;aperture&quot;:&quot;0&quot;,&quot;credit&quot;:&quot;&quot;,&quot;camera&quot;:&quot;&quot;,&quot;caption&quot;:&quot;&quot;,&quot;created_timestamp&quot;:&quot;0&quot;,&quot;copyright&quot;:&quot;&quot;,&quot;focal_length&quot;:&quot;0&quot;,&quot;iso&quot;:&quot;0&quot;,&quot;shutter_speed&quot;:&quot;0&quot;,&quot;title&quot;:&quot;&quot;,&quot;orientation&quot;:&quot;0&quot;}\" data-image-title=\"MG_0192-800&amp;#215;400\" data-image-description=\"\" data-image-caption=\"\" data-medium-file=\"https:\/\/www.grieta.org.mx\/wp-content\/uploads\/2016\/08\/MG_0192-800x400-300x150.jpg\" data-large-file=\"https:\/\/www.grieta.org.mx\/wp-content\/uploads\/2016\/08\/MG_0192-800x400.jpg\" \/><\/a>\n\t\t\t<\/div><\/figure><figure class='gallery-item'>\n\t\t\t<div class='gallery-icon landscape'>\n\t\t\t\t<a href='https:\/\/www.grieta.org.mx\/index.php\/2016\/08\/11\/dia-11-comparte-por-la-humanidad-caracol-de-morelia-9-de-agosto\/mg_0195-800x400\/'><img loading=\"lazy\" decoding=\"async\" width=\"300\" height=\"150\" src=\"https:\/\/www.grieta.org.mx\/wp-content\/uploads\/2016\/08\/MG_0195-800x400-300x150.jpg\" class=\"attachment-medium size-medium\" alt=\"\" srcset=\"https:\/\/www.grieta.org.mx\/wp-content\/uploads\/2016\/08\/MG_0195-800x400-300x150.jpg 300w, https:\/\/www.grieta.org.mx\/wp-content\/uploads\/2016\/08\/MG_0195-800x400-768x384.jpg 768w, https:\/\/www.grieta.org.mx\/wp-content\/uploads\/2016\/08\/MG_0195-800x400.jpg 800w\" sizes=\"auto, (max-width: 300px) 100vw, 300px\" data-attachment-id=\"19442\" data-permalink=\"https:\/\/www.grieta.org.mx\/index.php\/2016\/08\/11\/dia-11-comparte-por-la-humanidad-caracol-de-morelia-9-de-agosto\/mg_0195-800x400\/\" data-orig-file=\"https:\/\/www.grieta.org.mx\/wp-content\/uploads\/2016\/08\/MG_0195-800x400.jpg\" data-orig-size=\"800,400\" data-comments-opened=\"0\" data-image-meta=\"{&quot;aperture&quot;:&quot;0&quot;,&quot;credit&quot;:&quot;&quot;,&quot;camera&quot;:&quot;&quot;,&quot;caption&quot;:&quot;&quot;,&quot;created_timestamp&quot;:&quot;0&quot;,&quot;copyright&quot;:&quot;&quot;,&quot;focal_length&quot;:&quot;0&quot;,&quot;iso&quot;:&quot;0&quot;,&quot;shutter_speed&quot;:&quot;0&quot;,&quot;title&quot;:&quot;&quot;,&quot;orientation&quot;:&quot;0&quot;}\" data-image-title=\"MG_0195-800&amp;#215;400\" data-image-description=\"\" data-image-caption=\"\" data-medium-file=\"https:\/\/www.grieta.org.mx\/wp-content\/uploads\/2016\/08\/MG_0195-800x400-300x150.jpg\" data-large-file=\"https:\/\/www.grieta.org.mx\/wp-content\/uploads\/2016\/08\/MG_0195-800x400.jpg\" \/><\/a>\n\t\t\t<\/div><\/figure><figure class='gallery-item'>\n\t\t\t<div class='gallery-icon landscape'>\n\t\t\t\t<a href='https:\/\/www.grieta.org.mx\/index.php\/2016\/08\/11\/dia-11-comparte-por-la-humanidad-caracol-de-morelia-9-de-agosto\/mg_0215-800x400\/'><img loading=\"lazy\" decoding=\"async\" width=\"300\" height=\"150\" src=\"https:\/\/www.grieta.org.mx\/wp-content\/uploads\/2016\/08\/MG_0215-800x400-300x150.jpg\" class=\"attachment-medium size-medium\" alt=\"\" srcset=\"https:\/\/www.grieta.org.mx\/wp-content\/uploads\/2016\/08\/MG_0215-800x400-300x150.jpg 300w, https:\/\/www.grieta.org.mx\/wp-content\/uploads\/2016\/08\/MG_0215-800x400-768x384.jpg 768w, https:\/\/www.grieta.org.mx\/wp-content\/uploads\/2016\/08\/MG_0215-800x400.jpg 800w\" sizes=\"auto, (max-width: 300px) 100vw, 300px\" data-attachment-id=\"19443\" data-permalink=\"https:\/\/www.grieta.org.mx\/index.php\/2016\/08\/11\/dia-11-comparte-por-la-humanidad-caracol-de-morelia-9-de-agosto\/mg_0215-800x400\/\" data-orig-file=\"https:\/\/www.grieta.org.mx\/wp-content\/uploads\/2016\/08\/MG_0215-800x400.jpg\" data-orig-size=\"800,400\" data-comments-opened=\"0\" data-image-meta=\"{&quot;aperture&quot;:&quot;0&quot;,&quot;credit&quot;:&quot;&quot;,&quot;camera&quot;:&quot;&quot;,&quot;caption&quot;:&quot;&quot;,&quot;created_timestamp&quot;:&quot;0&quot;,&quot;copyright&quot;:&quot;&quot;,&quot;focal_length&quot;:&quot;0&quot;,&quot;iso&quot;:&quot;0&quot;,&quot;shutter_speed&quot;:&quot;0&quot;,&quot;title&quot;:&quot;&quot;,&quot;orientation&quot;:&quot;0&quot;}\" data-image-title=\"MG_0215-800&amp;#215;400\" data-image-description=\"\" data-image-caption=\"\" data-medium-file=\"https:\/\/www.grieta.org.mx\/wp-content\/uploads\/2016\/08\/MG_0215-800x400-300x150.jpg\" data-large-file=\"https:\/\/www.grieta.org.mx\/wp-content\/uploads\/2016\/08\/MG_0215-800x400.jpg\" \/><\/a>\n\t\t\t<\/div><\/figure><figure class='gallery-item'>\n\t\t\t<div class='gallery-icon landscape'>\n\t\t\t\t<a href='https:\/\/www.grieta.org.mx\/index.php\/2016\/08\/11\/dia-11-comparte-por-la-humanidad-caracol-de-morelia-9-de-agosto\/mg_0223-800x400\/'><img loading=\"lazy\" decoding=\"async\" width=\"300\" height=\"150\" src=\"https:\/\/www.grieta.org.mx\/wp-content\/uploads\/2016\/08\/MG_0223-800x400-300x150.jpg\" class=\"attachment-medium size-medium\" alt=\"\" srcset=\"https:\/\/www.grieta.org.mx\/wp-content\/uploads\/2016\/08\/MG_0223-800x400-300x150.jpg 300w, https:\/\/www.grieta.org.mx\/wp-content\/uploads\/2016\/08\/MG_0223-800x400-768x384.jpg 768w, https:\/\/www.grieta.org.mx\/wp-content\/uploads\/2016\/08\/MG_0223-800x400.jpg 800w\" sizes=\"auto, (max-width: 300px) 100vw, 300px\" data-attachment-id=\"19444\" data-permalink=\"https:\/\/www.grieta.org.mx\/index.php\/2016\/08\/11\/dia-11-comparte-por-la-humanidad-caracol-de-morelia-9-de-agosto\/mg_0223-800x400\/\" data-orig-file=\"https:\/\/www.grieta.org.mx\/wp-content\/uploads\/2016\/08\/MG_0223-800x400.jpg\" data-orig-size=\"800,400\" data-comments-opened=\"0\" data-image-meta=\"{&quot;aperture&quot;:&quot;0&quot;,&quot;credit&quot;:&quot;&quot;,&quot;camera&quot;:&quot;&quot;,&quot;caption&quot;:&quot;&quot;,&quot;created_timestamp&quot;:&quot;0&quot;,&quot;copyright&quot;:&quot;&quot;,&quot;focal_length&quot;:&quot;0&quot;,&quot;iso&quot;:&quot;0&quot;,&quot;shutter_speed&quot;:&quot;0&quot;,&quot;title&quot;:&quot;&quot;,&quot;orientation&quot;:&quot;0&quot;}\" data-image-title=\"MG_0223-800&amp;#215;400\" data-image-description=\"\" data-image-caption=\"\" data-medium-file=\"https:\/\/www.grieta.org.mx\/wp-content\/uploads\/2016\/08\/MG_0223-800x400-300x150.jpg\" data-large-file=\"https:\/\/www.grieta.org.mx\/wp-content\/uploads\/2016\/08\/MG_0223-800x400.jpg\" \/><\/a>\n\t\t\t<\/div><\/figure><figure class='gallery-item'>\n\t\t\t<div class='gallery-icon landscape'>\n\t\t\t\t<a href='https:\/\/www.grieta.org.mx\/index.php\/2016\/08\/11\/dia-11-comparte-por-la-humanidad-caracol-de-morelia-9-de-agosto\/mg_0229-800x400\/'><img loading=\"lazy\" decoding=\"async\" width=\"300\" height=\"150\" src=\"https:\/\/www.grieta.org.mx\/wp-content\/uploads\/2016\/08\/MG_0229-800x400-300x150.jpg\" class=\"attachment-medium size-medium\" alt=\"\" srcset=\"https:\/\/www.grieta.org.mx\/wp-content\/uploads\/2016\/08\/MG_0229-800x400-300x150.jpg 300w, https:\/\/www.grieta.org.mx\/wp-content\/uploads\/2016\/08\/MG_0229-800x400-768x384.jpg 768w, https:\/\/www.grieta.org.mx\/wp-content\/uploads\/2016\/08\/MG_0229-800x400.jpg 800w\" sizes=\"auto, (max-width: 300px) 100vw, 300px\" data-attachment-id=\"19445\" data-permalink=\"https:\/\/www.grieta.org.mx\/index.php\/2016\/08\/11\/dia-11-comparte-por-la-humanidad-caracol-de-morelia-9-de-agosto\/mg_0229-800x400\/\" data-orig-file=\"https:\/\/www.grieta.org.mx\/wp-content\/uploads\/2016\/08\/MG_0229-800x400.jpg\" data-orig-size=\"800,400\" data-comments-opened=\"0\" data-image-meta=\"{&quot;aperture&quot;:&quot;0&quot;,&quot;credit&quot;:&quot;&quot;,&quot;camera&quot;:&quot;&quot;,&quot;caption&quot;:&quot;&quot;,&quot;created_timestamp&quot;:&quot;0&quot;,&quot;copyright&quot;:&quot;&quot;,&quot;focal_length&quot;:&quot;0&quot;,&quot;iso&quot;:&quot;0&quot;,&quot;shutter_speed&quot;:&quot;0&quot;,&quot;title&quot;:&quot;&quot;,&quot;orientation&quot;:&quot;0&quot;}\" data-image-title=\"MG_0229-800&amp;#215;400\" data-image-description=\"\" data-image-caption=\"\" data-medium-file=\"https:\/\/www.grieta.org.mx\/wp-content\/uploads\/2016\/08\/MG_0229-800x400-300x150.jpg\" data-large-file=\"https:\/\/www.grieta.org.mx\/wp-content\/uploads\/2016\/08\/MG_0229-800x400.jpg\" \/><\/a>\n\t\t\t<\/div><\/figure><figure class='gallery-item'>\n\t\t\t<div class='gallery-icon landscape'>\n\t\t\t\t<a href='https:\/\/www.grieta.org.mx\/index.php\/2016\/08\/11\/dia-11-comparte-por-la-humanidad-caracol-de-morelia-9-de-agosto\/mg_0231-800x400\/'><img loading=\"lazy\" decoding=\"async\" width=\"300\" height=\"150\" src=\"https:\/\/www.grieta.org.mx\/wp-content\/uploads\/2016\/08\/MG_0231-800x400-300x150.jpg\" class=\"attachment-medium size-medium\" alt=\"\" srcset=\"https:\/\/www.grieta.org.mx\/wp-content\/uploads\/2016\/08\/MG_0231-800x400-300x150.jpg 300w, https:\/\/www.grieta.org.mx\/wp-content\/uploads\/2016\/08\/MG_0231-800x400-768x384.jpg 768w, https:\/\/www.grieta.org.mx\/wp-content\/uploads\/2016\/08\/MG_0231-800x400.jpg 800w\" sizes=\"auto, (max-width: 300px) 100vw, 300px\" data-attachment-id=\"19446\" data-permalink=\"https:\/\/www.grieta.org.mx\/index.php\/2016\/08\/11\/dia-11-comparte-por-la-humanidad-caracol-de-morelia-9-de-agosto\/mg_0231-800x400\/\" data-orig-file=\"https:\/\/www.grieta.org.mx\/wp-content\/uploads\/2016\/08\/MG_0231-800x400.jpg\" data-orig-size=\"800,400\" data-comments-opened=\"0\" data-image-meta=\"{&quot;aperture&quot;:&quot;0&quot;,&quot;credit&quot;:&quot;&quot;,&quot;camera&quot;:&quot;&quot;,&quot;caption&quot;:&quot;&quot;,&quot;created_timestamp&quot;:&quot;0&quot;,&quot;copyright&quot;:&quot;&quot;,&quot;focal_length&quot;:&quot;0&quot;,&quot;iso&quot;:&quot;0&quot;,&quot;shutter_speed&quot;:&quot;0&quot;,&quot;title&quot;:&quot;&quot;,&quot;orientation&quot;:&quot;0&quot;}\" data-image-title=\"MG_0231-800&amp;#215;400\" data-image-description=\"\" data-image-caption=\"\" data-medium-file=\"https:\/\/www.grieta.org.mx\/wp-content\/uploads\/2016\/08\/MG_0231-800x400-300x150.jpg\" data-large-file=\"https:\/\/www.grieta.org.mx\/wp-content\/uploads\/2016\/08\/MG_0231-800x400.jpg\" \/><\/a>\n\t\t\t<\/div><\/figure><figure class='gallery-item'>\n\t\t\t<div class='gallery-icon landscape'>\n\t\t\t\t<a href='https:\/\/www.grieta.org.mx\/index.php\/2016\/08\/11\/dia-11-comparte-por-la-humanidad-caracol-de-morelia-9-de-agosto\/mg_0232-800x400\/'><img loading=\"lazy\" decoding=\"async\" width=\"300\" height=\"150\" src=\"https:\/\/www.grieta.org.mx\/wp-content\/uploads\/2016\/08\/MG_0232-800x400-300x150.jpg\" class=\"attachment-medium size-medium\" alt=\"\" srcset=\"https:\/\/www.grieta.org.mx\/wp-content\/uploads\/2016\/08\/MG_0232-800x400-300x150.jpg 300w, https:\/\/www.grieta.org.mx\/wp-content\/uploads\/2016\/08\/MG_0232-800x400-768x384.jpg 768w, https:\/\/www.grieta.org.mx\/wp-content\/uploads\/2016\/08\/MG_0232-800x400.jpg 800w\" sizes=\"auto, (max-width: 300px) 100vw, 300px\" data-attachment-id=\"19447\" data-permalink=\"https:\/\/www.grieta.org.mx\/index.php\/2016\/08\/11\/dia-11-comparte-por-la-humanidad-caracol-de-morelia-9-de-agosto\/mg_0232-800x400\/\" data-orig-file=\"https:\/\/www.grieta.org.mx\/wp-content\/uploads\/2016\/08\/MG_0232-800x400.jpg\" data-orig-size=\"800,400\" data-comments-opened=\"0\" data-image-meta=\"{&quot;aperture&quot;:&quot;0&quot;,&quot;credit&quot;:&quot;&quot;,&quot;camera&quot;:&quot;&quot;,&quot;caption&quot;:&quot;&quot;,&quot;created_timestamp&quot;:&quot;0&quot;,&quot;copyright&quot;:&quot;&quot;,&quot;focal_length&quot;:&quot;0&quot;,&quot;iso&quot;:&quot;0&quot;,&quot;shutter_speed&quot;:&quot;0&quot;,&quot;title&quot;:&quot;&quot;,&quot;orientation&quot;:&quot;0&quot;}\" data-image-title=\"MG_0232-800&amp;#215;400\" data-image-description=\"\" data-image-caption=\"\" data-medium-file=\"https:\/\/www.grieta.org.mx\/wp-content\/uploads\/2016\/08\/MG_0232-800x400-300x150.jpg\" data-large-file=\"https:\/\/www.grieta.org.mx\/wp-content\/uploads\/2016\/08\/MG_0232-800x400.jpg\" \/><\/a>\n\t\t\t<\/div><\/figure><figure class='gallery-item'>\n\t\t\t<div class='gallery-icon landscape'>\n\t\t\t\t<a href='https:\/\/www.grieta.org.mx\/index.php\/2016\/08\/11\/dia-11-comparte-por-la-humanidad-caracol-de-morelia-9-de-agosto\/mg_0235-800x400\/'><img loading=\"lazy\" decoding=\"async\" width=\"300\" height=\"150\" src=\"https:\/\/www.grieta.org.mx\/wp-content\/uploads\/2016\/08\/MG_0235-800x400-300x150.jpg\" class=\"attachment-medium size-medium\" alt=\"\" srcset=\"https:\/\/www.grieta.org.mx\/wp-content\/uploads\/2016\/08\/MG_0235-800x400-300x150.jpg 300w, https:\/\/www.grieta.org.mx\/wp-content\/uploads\/2016\/08\/MG_0235-800x400-768x384.jpg 768w, https:\/\/www.grieta.org.mx\/wp-content\/uploads\/2016\/08\/MG_0235-800x400.jpg 800w\" sizes=\"auto, (max-width: 300px) 100vw, 300px\" data-attachment-id=\"19448\" data-permalink=\"https:\/\/www.grieta.org.mx\/index.php\/2016\/08\/11\/dia-11-comparte-por-la-humanidad-caracol-de-morelia-9-de-agosto\/mg_0235-800x400\/\" data-orig-file=\"https:\/\/www.grieta.org.mx\/wp-content\/uploads\/2016\/08\/MG_0235-800x400.jpg\" data-orig-size=\"800,400\" data-comments-opened=\"0\" data-image-meta=\"{&quot;aperture&quot;:&quot;0&quot;,&quot;credit&quot;:&quot;&quot;,&quot;camera&quot;:&quot;&quot;,&quot;caption&quot;:&quot;&quot;,&quot;created_timestamp&quot;:&quot;0&quot;,&quot;copyright&quot;:&quot;&quot;,&quot;focal_length&quot;:&quot;0&quot;,&quot;iso&quot;:&quot;0&quot;,&quot;shutter_speed&quot;:&quot;0&quot;,&quot;title&quot;:&quot;&quot;,&quot;orientation&quot;:&quot;0&quot;}\" data-image-title=\"MG_0235-800&amp;#215;400\" data-image-description=\"\" data-image-caption=\"\" data-medium-file=\"https:\/\/www.grieta.org.mx\/wp-content\/uploads\/2016\/08\/MG_0235-800x400-300x150.jpg\" data-large-file=\"https:\/\/www.grieta.org.mx\/wp-content\/uploads\/2016\/08\/MG_0235-800x400.jpg\" \/><\/a>\n\t\t\t<\/div><\/figure><figure class='gallery-item'>\n\t\t\t<div class='gallery-icon landscape'>\n\t\t\t\t<a href='https:\/\/www.grieta.org.mx\/index.php\/2016\/08\/11\/dia-11-comparte-por-la-humanidad-caracol-de-morelia-9-de-agosto\/mg_0245-800x400\/'><img loading=\"lazy\" decoding=\"async\" width=\"300\" height=\"150\" src=\"https:\/\/www.grieta.org.mx\/wp-content\/uploads\/2016\/08\/MG_0245-800x400-300x150.jpg\" class=\"attachment-medium size-medium\" alt=\"\" srcset=\"https:\/\/www.grieta.org.mx\/wp-content\/uploads\/2016\/08\/MG_0245-800x400-300x150.jpg 300w, https:\/\/www.grieta.org.mx\/wp-content\/uploads\/2016\/08\/MG_0245-800x400-768x384.jpg 768w, https:\/\/www.grieta.org.mx\/wp-content\/uploads\/2016\/08\/MG_0245-800x400.jpg 800w\" sizes=\"auto, (max-width: 300px) 100vw, 300px\" data-attachment-id=\"19449\" data-permalink=\"https:\/\/www.grieta.org.mx\/index.php\/2016\/08\/11\/dia-11-comparte-por-la-humanidad-caracol-de-morelia-9-de-agosto\/mg_0245-800x400\/\" data-orig-file=\"https:\/\/www.grieta.org.mx\/wp-content\/uploads\/2016\/08\/MG_0245-800x400.jpg\" data-orig-size=\"800,400\" data-comments-opened=\"0\" data-image-meta=\"{&quot;aperture&quot;:&quot;0&quot;,&quot;credit&quot;:&quot;&quot;,&quot;camera&quot;:&quot;&quot;,&quot;caption&quot;:&quot;&quot;,&quot;created_timestamp&quot;:&quot;0&quot;,&quot;copyright&quot;:&quot;&quot;,&quot;focal_length&quot;:&quot;0&quot;,&quot;iso&quot;:&quot;0&quot;,&quot;shutter_speed&quot;:&quot;0&quot;,&quot;title&quot;:&quot;&quot;,&quot;orientation&quot;:&quot;0&quot;}\" data-image-title=\"MG_0245-800&amp;#215;400\" data-image-description=\"\" data-image-caption=\"\" data-medium-file=\"https:\/\/www.grieta.org.mx\/wp-content\/uploads\/2016\/08\/MG_0245-800x400-300x150.jpg\" data-large-file=\"https:\/\/www.grieta.org.mx\/wp-content\/uploads\/2016\/08\/MG_0245-800x400.jpg\" \/><\/a>\n\t\t\t<\/div><\/figure><figure class='gallery-item'>\n\t\t\t<div class='gallery-icon landscape'>\n\t\t\t\t<a href='https:\/\/www.grieta.org.mx\/index.php\/2016\/08\/11\/dia-11-comparte-por-la-humanidad-caracol-de-morelia-9-de-agosto\/mg_0248-800x400\/'><img loading=\"lazy\" decoding=\"async\" width=\"300\" height=\"150\" src=\"https:\/\/www.grieta.org.mx\/wp-content\/uploads\/2016\/08\/MG_0248-800x400-300x150.jpg\" class=\"attachment-medium size-medium\" alt=\"\" srcset=\"https:\/\/www.grieta.org.mx\/wp-content\/uploads\/2016\/08\/MG_0248-800x400-300x150.jpg 300w, https:\/\/www.grieta.org.mx\/wp-content\/uploads\/2016\/08\/MG_0248-800x400-768x384.jpg 768w, https:\/\/www.grieta.org.mx\/wp-content\/uploads\/2016\/08\/MG_0248-800x400.jpg 800w\" sizes=\"auto, (max-width: 300px) 100vw, 300px\" data-attachment-id=\"19450\" data-permalink=\"https:\/\/www.grieta.org.mx\/index.php\/2016\/08\/11\/dia-11-comparte-por-la-humanidad-caracol-de-morelia-9-de-agosto\/mg_0248-800x400\/\" data-orig-file=\"https:\/\/www.grieta.org.mx\/wp-content\/uploads\/2016\/08\/MG_0248-800x400.jpg\" data-orig-size=\"800,400\" data-comments-opened=\"0\" data-image-meta=\"{&quot;aperture&quot;:&quot;0&quot;,&quot;credit&quot;:&quot;&quot;,&quot;camera&quot;:&quot;&quot;,&quot;caption&quot;:&quot;&quot;,&quot;created_timestamp&quot;:&quot;0&quot;,&quot;copyright&quot;:&quot;&quot;,&quot;focal_length&quot;:&quot;0&quot;,&quot;iso&quot;:&quot;0&quot;,&quot;shutter_speed&quot;:&quot;0&quot;,&quot;title&quot;:&quot;&quot;,&quot;orientation&quot;:&quot;0&quot;}\" data-image-title=\"MG_0248-800&amp;#215;400\" data-image-description=\"\" data-image-caption=\"\" data-medium-file=\"https:\/\/www.grieta.org.mx\/wp-content\/uploads\/2016\/08\/MG_0248-800x400-300x150.jpg\" data-large-file=\"https:\/\/www.grieta.org.mx\/wp-content\/uploads\/2016\/08\/MG_0248-800x400.jpg\" \/><\/a>\n\t\t\t<\/div><\/figure><figure class='gallery-item'>\n\t\t\t<div class='gallery-icon landscape'>\n\t\t\t\t<a href='https:\/\/www.grieta.org.mx\/index.php\/2016\/08\/11\/dia-11-comparte-por-la-humanidad-caracol-de-morelia-9-de-agosto\/mg_0258-800x400\/'><img loading=\"lazy\" decoding=\"async\" width=\"300\" height=\"150\" src=\"https:\/\/www.grieta.org.mx\/wp-content\/uploads\/2016\/08\/MG_0258-800x400-300x150.jpg\" class=\"attachment-medium size-medium\" alt=\"\" srcset=\"https:\/\/www.grieta.org.mx\/wp-content\/uploads\/2016\/08\/MG_0258-800x400-300x150.jpg 300w, https:\/\/www.grieta.org.mx\/wp-content\/uploads\/2016\/08\/MG_0258-800x400-768x384.jpg 768w, https:\/\/www.grieta.org.mx\/wp-content\/uploads\/2016\/08\/MG_0258-800x400.jpg 800w\" sizes=\"auto, (max-width: 300px) 100vw, 300px\" data-attachment-id=\"19451\" data-permalink=\"https:\/\/www.grieta.org.mx\/index.php\/2016\/08\/11\/dia-11-comparte-por-la-humanidad-caracol-de-morelia-9-de-agosto\/mg_0258-800x400\/\" data-orig-file=\"https:\/\/www.grieta.org.mx\/wp-content\/uploads\/2016\/08\/MG_0258-800x400.jpg\" data-orig-size=\"800,400\" data-comments-opened=\"0\" data-image-meta=\"{&quot;aperture&quot;:&quot;0&quot;,&quot;credit&quot;:&quot;&quot;,&quot;camera&quot;:&quot;&quot;,&quot;caption&quot;:&quot;&quot;,&quot;created_timestamp&quot;:&quot;0&quot;,&quot;copyright&quot;:&quot;&quot;,&quot;focal_length&quot;:&quot;0&quot;,&quot;iso&quot;:&quot;0&quot;,&quot;shutter_speed&quot;:&quot;0&quot;,&quot;title&quot;:&quot;&quot;,&quot;orientation&quot;:&quot;0&quot;}\" data-image-title=\"MG_0258-800&amp;#215;400\" data-image-description=\"\" data-image-caption=\"\" data-medium-file=\"https:\/\/www.grieta.org.mx\/wp-content\/uploads\/2016\/08\/MG_0258-800x400-300x150.jpg\" data-large-file=\"https:\/\/www.grieta.org.mx\/wp-content\/uploads\/2016\/08\/MG_0258-800x400.jpg\" \/><\/a>\n\t\t\t<\/div><\/figure><figure class='gallery-item'>\n\t\t\t<div class='gallery-icon landscape'>\n\t\t\t\t<a href='https:\/\/www.grieta.org.mx\/index.php\/2016\/08\/11\/dia-11-comparte-por-la-humanidad-caracol-de-morelia-9-de-agosto\/mg_0263-800x400\/'><img loading=\"lazy\" decoding=\"async\" width=\"300\" height=\"150\" src=\"https:\/\/www.grieta.org.mx\/wp-content\/uploads\/2016\/08\/MG_0263-800x400-300x150.jpg\" class=\"attachment-medium size-medium\" alt=\"\" srcset=\"https:\/\/www.grieta.org.mx\/wp-content\/uploads\/2016\/08\/MG_0263-800x400-300x150.jpg 300w, https:\/\/www.grieta.org.mx\/wp-content\/uploads\/2016\/08\/MG_0263-800x400-768x384.jpg 768w, https:\/\/www.grieta.org.mx\/wp-content\/uploads\/2016\/08\/MG_0263-800x400.jpg 800w\" sizes=\"auto, (max-width: 300px) 100vw, 300px\" data-attachment-id=\"19452\" data-permalink=\"https:\/\/www.grieta.org.mx\/index.php\/2016\/08\/11\/dia-11-comparte-por-la-humanidad-caracol-de-morelia-9-de-agosto\/mg_0263-800x400\/\" data-orig-file=\"https:\/\/www.grieta.org.mx\/wp-content\/uploads\/2016\/08\/MG_0263-800x400.jpg\" data-orig-size=\"800,400\" data-comments-opened=\"0\" data-image-meta=\"{&quot;aperture&quot;:&quot;0&quot;,&quot;credit&quot;:&quot;&quot;,&quot;camera&quot;:&quot;&quot;,&quot;caption&quot;:&quot;&quot;,&quot;created_timestamp&quot;:&quot;0&quot;,&quot;copyright&quot;:&quot;&quot;,&quot;focal_length&quot;:&quot;0&quot;,&quot;iso&quot;:&quot;0&quot;,&quot;shutter_speed&quot;:&quot;0&quot;,&quot;title&quot;:&quot;&quot;,&quot;orientation&quot;:&quot;0&quot;}\" data-image-title=\"MG_0263-800&amp;#215;400\" data-image-description=\"\" data-image-caption=\"\" data-medium-file=\"https:\/\/www.grieta.org.mx\/wp-content\/uploads\/2016\/08\/MG_0263-800x400-300x150.jpg\" data-large-file=\"https:\/\/www.grieta.org.mx\/wp-content\/uploads\/2016\/08\/MG_0263-800x400.jpg\" \/><\/a>\n\t\t\t<\/div><\/figure><figure class='gallery-item'>\n\t\t\t<div class='gallery-icon landscape'>\n\t\t\t\t<a href='https:\/\/www.grieta.org.mx\/index.php\/2016\/08\/11\/dia-11-comparte-por-la-humanidad-caracol-de-morelia-9-de-agosto\/mg_0266-800x400\/'><img loading=\"lazy\" decoding=\"async\" width=\"300\" height=\"150\" src=\"https:\/\/www.grieta.org.mx\/wp-content\/uploads\/2016\/08\/MG_0266-800x400-300x150.jpg\" class=\"attachment-medium size-medium\" alt=\"\" srcset=\"https:\/\/www.grieta.org.mx\/wp-content\/uploads\/2016\/08\/MG_0266-800x400-300x150.jpg 300w, https:\/\/www.grieta.org.mx\/wp-content\/uploads\/2016\/08\/MG_0266-800x400-768x384.jpg 768w, https:\/\/www.grieta.org.mx\/wp-content\/uploads\/2016\/08\/MG_0266-800x400.jpg 800w\" sizes=\"auto, (max-width: 300px) 100vw, 300px\" data-attachment-id=\"19453\" data-permalink=\"https:\/\/www.grieta.org.mx\/index.php\/2016\/08\/11\/dia-11-comparte-por-la-humanidad-caracol-de-morelia-9-de-agosto\/mg_0266-800x400\/\" data-orig-file=\"https:\/\/www.grieta.org.mx\/wp-content\/uploads\/2016\/08\/MG_0266-800x400.jpg\" data-orig-size=\"800,400\" data-comments-opened=\"0\" data-image-meta=\"{&quot;aperture&quot;:&quot;0&quot;,&quot;credit&quot;:&quot;&quot;,&quot;camera&quot;:&quot;&quot;,&quot;caption&quot;:&quot;&quot;,&quot;created_timestamp&quot;:&quot;0&quot;,&quot;copyright&quot;:&quot;&quot;,&quot;focal_length&quot;:&quot;0&quot;,&quot;iso&quot;:&quot;0&quot;,&quot;shutter_speed&quot;:&quot;0&quot;,&quot;title&quot;:&quot;&quot;,&quot;orientation&quot;:&quot;0&quot;}\" data-image-title=\"MG_0266-800&amp;#215;400\" data-image-description=\"\" data-image-caption=\"\" data-medium-file=\"https:\/\/www.grieta.org.mx\/wp-content\/uploads\/2016\/08\/MG_0266-800x400-300x150.jpg\" data-large-file=\"https:\/\/www.grieta.org.mx\/wp-content\/uploads\/2016\/08\/MG_0266-800x400.jpg\" \/><\/a>\n\t\t\t<\/div><\/figure><figure class='gallery-item'>\n\t\t\t<div class='gallery-icon landscape'>\n\t\t\t\t<a href='https:\/\/www.grieta.org.mx\/index.php\/2016\/08\/11\/dia-11-comparte-por-la-humanidad-caracol-de-morelia-9-de-agosto\/mg_0273-800x400\/'><img loading=\"lazy\" decoding=\"async\" width=\"300\" height=\"150\" src=\"https:\/\/www.grieta.org.mx\/wp-content\/uploads\/2016\/08\/MG_0273-800x400-300x150.jpg\" class=\"attachment-medium size-medium\" alt=\"\" srcset=\"https:\/\/www.grieta.org.mx\/wp-content\/uploads\/2016\/08\/MG_0273-800x400-300x150.jpg 300w, https:\/\/www.grieta.org.mx\/wp-content\/uploads\/2016\/08\/MG_0273-800x400-768x384.jpg 768w, https:\/\/www.grieta.org.mx\/wp-content\/uploads\/2016\/08\/MG_0273-800x400.jpg 800w\" sizes=\"auto, (max-width: 300px) 100vw, 300px\" data-attachment-id=\"19454\" data-permalink=\"https:\/\/www.grieta.org.mx\/index.php\/2016\/08\/11\/dia-11-comparte-por-la-humanidad-caracol-de-morelia-9-de-agosto\/mg_0273-800x400\/\" data-orig-file=\"https:\/\/www.grieta.org.mx\/wp-content\/uploads\/2016\/08\/MG_0273-800x400.jpg\" data-orig-size=\"800,400\" data-comments-opened=\"0\" data-image-meta=\"{&quot;aperture&quot;:&quot;0&quot;,&quot;credit&quot;:&quot;&quot;,&quot;camera&quot;:&quot;&quot;,&quot;caption&quot;:&quot;&quot;,&quot;created_timestamp&quot;:&quot;0&quot;,&quot;copyright&quot;:&quot;&quot;,&quot;focal_length&quot;:&quot;0&quot;,&quot;iso&quot;:&quot;0&quot;,&quot;shutter_speed&quot;:&quot;0&quot;,&quot;title&quot;:&quot;&quot;,&quot;orientation&quot;:&quot;0&quot;}\" data-image-title=\"MG_0273-800&amp;#215;400\" data-image-description=\"\" data-image-caption=\"\" data-medium-file=\"https:\/\/www.grieta.org.mx\/wp-content\/uploads\/2016\/08\/MG_0273-800x400-300x150.jpg\" data-large-file=\"https:\/\/www.grieta.org.mx\/wp-content\/uploads\/2016\/08\/MG_0273-800x400.jpg\" \/><\/a>\n\t\t\t<\/div><\/figure><figure class='gallery-item'>\n\t\t\t<div class='gallery-icon landscape'>\n\t\t\t\t<a href='https:\/\/www.grieta.org.mx\/index.php\/2016\/08\/11\/dia-11-comparte-por-la-humanidad-caracol-de-morelia-9-de-agosto\/mg_0285-800x400\/'><img loading=\"lazy\" decoding=\"async\" width=\"300\" height=\"150\" src=\"https:\/\/www.grieta.org.mx\/wp-content\/uploads\/2016\/08\/MG_0285-800x400-300x150.jpg\" class=\"attachment-medium size-medium\" alt=\"\" srcset=\"https:\/\/www.grieta.org.mx\/wp-content\/uploads\/2016\/08\/MG_0285-800x400-300x150.jpg 300w, https:\/\/www.grieta.org.mx\/wp-content\/uploads\/2016\/08\/MG_0285-800x400-768x384.jpg 768w, https:\/\/www.grieta.org.mx\/wp-content\/uploads\/2016\/08\/MG_0285-800x400.jpg 800w\" sizes=\"auto, (max-width: 300px) 100vw, 300px\" data-attachment-id=\"19455\" data-permalink=\"https:\/\/www.grieta.org.mx\/index.php\/2016\/08\/11\/dia-11-comparte-por-la-humanidad-caracol-de-morelia-9-de-agosto\/mg_0285-800x400\/\" data-orig-file=\"https:\/\/www.grieta.org.mx\/wp-content\/uploads\/2016\/08\/MG_0285-800x400.jpg\" data-orig-size=\"800,400\" data-comments-opened=\"0\" data-image-meta=\"{&quot;aperture&quot;:&quot;0&quot;,&quot;credit&quot;:&quot;&quot;,&quot;camera&quot;:&quot;&quot;,&quot;caption&quot;:&quot;&quot;,&quot;created_timestamp&quot;:&quot;0&quot;,&quot;copyright&quot;:&quot;&quot;,&quot;focal_length&quot;:&quot;0&quot;,&quot;iso&quot;:&quot;0&quot;,&quot;shutter_speed&quot;:&quot;0&quot;,&quot;title&quot;:&quot;&quot;,&quot;orientation&quot;:&quot;0&quot;}\" data-image-title=\"MG_0285-800&amp;#215;400\" data-image-description=\"\" data-image-caption=\"\" data-medium-file=\"https:\/\/www.grieta.org.mx\/wp-content\/uploads\/2016\/08\/MG_0285-800x400-300x150.jpg\" data-large-file=\"https:\/\/www.grieta.org.mx\/wp-content\/uploads\/2016\/08\/MG_0285-800x400.jpg\" \/><\/a>\n\t\t\t<\/div><\/figure><figure class='gallery-item'>\n\t\t\t<div class='gallery-icon landscape'>\n\t\t\t\t<a href='https:\/\/www.grieta.org.mx\/index.php\/2016\/08\/11\/dia-11-comparte-por-la-humanidad-caracol-de-morelia-9-de-agosto\/mg_0289-800x400\/'><img loading=\"lazy\" decoding=\"async\" width=\"300\" height=\"150\" src=\"https:\/\/www.grieta.org.mx\/wp-content\/uploads\/2016\/08\/MG_0289-800x400-300x150.jpg\" class=\"attachment-medium size-medium\" alt=\"\" srcset=\"https:\/\/www.grieta.org.mx\/wp-content\/uploads\/2016\/08\/MG_0289-800x400-300x150.jpg 300w, https:\/\/www.grieta.org.mx\/wp-content\/uploads\/2016\/08\/MG_0289-800x400-768x384.jpg 768w, https:\/\/www.grieta.org.mx\/wp-content\/uploads\/2016\/08\/MG_0289-800x400.jpg 800w\" sizes=\"auto, (max-width: 300px) 100vw, 300px\" data-attachment-id=\"19456\" data-permalink=\"https:\/\/www.grieta.org.mx\/index.php\/2016\/08\/11\/dia-11-comparte-por-la-humanidad-caracol-de-morelia-9-de-agosto\/mg_0289-800x400\/\" data-orig-file=\"https:\/\/www.grieta.org.mx\/wp-content\/uploads\/2016\/08\/MG_0289-800x400.jpg\" data-orig-size=\"800,400\" data-comments-opened=\"0\" data-image-meta=\"{&quot;aperture&quot;:&quot;0&quot;,&quot;credit&quot;:&quot;&quot;,&quot;camera&quot;:&quot;&quot;,&quot;caption&quot;:&quot;&quot;,&quot;created_timestamp&quot;:&quot;0&quot;,&quot;copyright&quot;:&quot;&quot;,&quot;focal_length&quot;:&quot;0&quot;,&quot;iso&quot;:&quot;0&quot;,&quot;shutter_speed&quot;:&quot;0&quot;,&quot;title&quot;:&quot;&quot;,&quot;orientation&quot;:&quot;0&quot;}\" data-image-title=\"MG_0289-800&amp;#215;400\" data-image-description=\"\" data-image-caption=\"\" data-medium-file=\"https:\/\/www.grieta.org.mx\/wp-content\/uploads\/2016\/08\/MG_0289-800x400-300x150.jpg\" data-large-file=\"https:\/\/www.grieta.org.mx\/wp-content\/uploads\/2016\/08\/MG_0289-800x400.jpg\" \/><\/a>\n\t\t\t<\/div><\/figure><figure class='gallery-item'>\n\t\t\t<div class='gallery-icon landscape'>\n\t\t\t\t<a href='https:\/\/www.grieta.org.mx\/index.php\/2016\/08\/11\/dia-11-comparte-por-la-humanidad-caracol-de-morelia-9-de-agosto\/mg_0292-800x400\/'><img loading=\"lazy\" decoding=\"async\" width=\"300\" height=\"150\" src=\"https:\/\/www.grieta.org.mx\/wp-content\/uploads\/2016\/08\/MG_0292-800x400-300x150.jpg\" class=\"attachment-medium size-medium\" alt=\"\" srcset=\"https:\/\/www.grieta.org.mx\/wp-content\/uploads\/2016\/08\/MG_0292-800x400-300x150.jpg 300w, https:\/\/www.grieta.org.mx\/wp-content\/uploads\/2016\/08\/MG_0292-800x400-768x384.jpg 768w, https:\/\/www.grieta.org.mx\/wp-content\/uploads\/2016\/08\/MG_0292-800x400.jpg 800w\" sizes=\"auto, (max-width: 300px) 100vw, 300px\" data-attachment-id=\"19457\" data-permalink=\"https:\/\/www.grieta.org.mx\/index.php\/2016\/08\/11\/dia-11-comparte-por-la-humanidad-caracol-de-morelia-9-de-agosto\/mg_0292-800x400\/\" data-orig-file=\"https:\/\/www.grieta.org.mx\/wp-content\/uploads\/2016\/08\/MG_0292-800x400.jpg\" data-orig-size=\"800,400\" data-comments-opened=\"0\" data-image-meta=\"{&quot;aperture&quot;:&quot;0&quot;,&quot;credit&quot;:&quot;&quot;,&quot;camera&quot;:&quot;&quot;,&quot;caption&quot;:&quot;&quot;,&quot;created_timestamp&quot;:&quot;0&quot;,&quot;copyright&quot;:&quot;&quot;,&quot;focal_length&quot;:&quot;0&quot;,&quot;iso&quot;:&quot;0&quot;,&quot;shutter_speed&quot;:&quot;0&quot;,&quot;title&quot;:&quot;&quot;,&quot;orientation&quot;:&quot;0&quot;}\" data-image-title=\"MG_0292-800&amp;#215;400\" data-image-description=\"\" data-image-caption=\"\" data-medium-file=\"https:\/\/www.grieta.org.mx\/wp-content\/uploads\/2016\/08\/MG_0292-800x400-300x150.jpg\" data-large-file=\"https:\/\/www.grieta.org.mx\/wp-content\/uploads\/2016\/08\/MG_0292-800x400.jpg\" \/><\/a>\n\t\t\t<\/div><\/figure><figure class='gallery-item'>\n\t\t\t<div class='gallery-icon landscape'>\n\t\t\t\t<a href='https:\/\/www.grieta.org.mx\/index.php\/2016\/08\/11\/dia-11-comparte-por-la-humanidad-caracol-de-morelia-9-de-agosto\/mg_0293-800x400\/'><img loading=\"lazy\" decoding=\"async\" width=\"300\" height=\"150\" src=\"https:\/\/www.grieta.org.mx\/wp-content\/uploads\/2016\/08\/MG_0293-800x400-300x150.jpg\" class=\"attachment-medium size-medium\" alt=\"\" srcset=\"https:\/\/www.grieta.org.mx\/wp-content\/uploads\/2016\/08\/MG_0293-800x400-300x150.jpg 300w, https:\/\/www.grieta.org.mx\/wp-content\/uploads\/2016\/08\/MG_0293-800x400-768x384.jpg 768w, https:\/\/www.grieta.org.mx\/wp-content\/uploads\/2016\/08\/MG_0293-800x400.jpg 800w\" sizes=\"auto, (max-width: 300px) 100vw, 300px\" data-attachment-id=\"19458\" data-permalink=\"https:\/\/www.grieta.org.mx\/index.php\/2016\/08\/11\/dia-11-comparte-por-la-humanidad-caracol-de-morelia-9-de-agosto\/mg_0293-800x400\/\" data-orig-file=\"https:\/\/www.grieta.org.mx\/wp-content\/uploads\/2016\/08\/MG_0293-800x400.jpg\" data-orig-size=\"800,400\" data-comments-opened=\"0\" data-image-meta=\"{&quot;aperture&quot;:&quot;0&quot;,&quot;credit&quot;:&quot;&quot;,&quot;camera&quot;:&quot;&quot;,&quot;caption&quot;:&quot;&quot;,&quot;created_timestamp&quot;:&quot;0&quot;,&quot;copyright&quot;:&quot;&quot;,&quot;focal_length&quot;:&quot;0&quot;,&quot;iso&quot;:&quot;0&quot;,&quot;shutter_speed&quot;:&quot;0&quot;,&quot;title&quot;:&quot;&quot;,&quot;orientation&quot;:&quot;0&quot;}\" data-image-title=\"MG_0293-800&amp;#215;400\" data-image-description=\"\" data-image-caption=\"\" data-medium-file=\"https:\/\/www.grieta.org.mx\/wp-content\/uploads\/2016\/08\/MG_0293-800x400-300x150.jpg\" data-large-file=\"https:\/\/www.grieta.org.mx\/wp-content\/uploads\/2016\/08\/MG_0293-800x400.jpg\" \/><\/a>\n\t\t\t<\/div><\/figure><figure class='gallery-item'>\n\t\t\t<div class='gallery-icon landscape'>\n\t\t\t\t<a href='https:\/\/www.grieta.org.mx\/index.php\/2016\/08\/11\/dia-11-comparte-por-la-humanidad-caracol-de-morelia-9-de-agosto\/mg_0304-800x400\/'><img loading=\"lazy\" decoding=\"async\" width=\"300\" height=\"150\" src=\"https:\/\/www.grieta.org.mx\/wp-content\/uploads\/2016\/08\/MG_0304-800x400-300x150.jpg\" class=\"attachment-medium size-medium\" alt=\"\" srcset=\"https:\/\/www.grieta.org.mx\/wp-content\/uploads\/2016\/08\/MG_0304-800x400-300x150.jpg 300w, https:\/\/www.grieta.org.mx\/wp-content\/uploads\/2016\/08\/MG_0304-800x400-768x384.jpg 768w, https:\/\/www.grieta.org.mx\/wp-content\/uploads\/2016\/08\/MG_0304-800x400.jpg 800w\" sizes=\"auto, (max-width: 300px) 100vw, 300px\" data-attachment-id=\"19459\" data-permalink=\"https:\/\/www.grieta.org.mx\/index.php\/2016\/08\/11\/dia-11-comparte-por-la-humanidad-caracol-de-morelia-9-de-agosto\/mg_0304-800x400\/\" data-orig-file=\"https:\/\/www.grieta.org.mx\/wp-content\/uploads\/2016\/08\/MG_0304-800x400.jpg\" data-orig-size=\"800,400\" data-comments-opened=\"0\" data-image-meta=\"{&quot;aperture&quot;:&quot;0&quot;,&quot;credit&quot;:&quot;&quot;,&quot;camera&quot;:&quot;&quot;,&quot;caption&quot;:&quot;&quot;,&quot;created_timestamp&quot;:&quot;0&quot;,&quot;copyright&quot;:&quot;&quot;,&quot;focal_length&quot;:&quot;0&quot;,&quot;iso&quot;:&quot;0&quot;,&quot;shutter_speed&quot;:&quot;0&quot;,&quot;title&quot;:&quot;&quot;,&quot;orientation&quot;:&quot;0&quot;}\" data-image-title=\"MG_0304-800&amp;#215;400\" data-image-description=\"\" data-image-caption=\"\" data-medium-file=\"https:\/\/www.grieta.org.mx\/wp-content\/uploads\/2016\/08\/MG_0304-800x400-300x150.jpg\" data-large-file=\"https:\/\/www.grieta.org.mx\/wp-content\/uploads\/2016\/08\/MG_0304-800x400.jpg\" \/><\/a>\n\t\t\t<\/div><\/figure><figure class='gallery-item'>\n\t\t\t<div class='gallery-icon landscape'>\n\t\t\t\t<a href='https:\/\/www.grieta.org.mx\/index.php\/2016\/08\/11\/dia-11-comparte-por-la-humanidad-caracol-de-morelia-9-de-agosto\/mg_0307-800x400\/'><img loading=\"lazy\" decoding=\"async\" width=\"300\" height=\"150\" src=\"https:\/\/www.grieta.org.mx\/wp-content\/uploads\/2016\/08\/MG_0307-800x400-300x150.jpg\" class=\"attachment-medium size-medium\" alt=\"\" srcset=\"https:\/\/www.grieta.org.mx\/wp-content\/uploads\/2016\/08\/MG_0307-800x400-300x150.jpg 300w, https:\/\/www.grieta.org.mx\/wp-content\/uploads\/2016\/08\/MG_0307-800x400-768x384.jpg 768w, https:\/\/www.grieta.org.mx\/wp-content\/uploads\/2016\/08\/MG_0307-800x400.jpg 800w\" sizes=\"auto, (max-width: 300px) 100vw, 300px\" data-attachment-id=\"19460\" data-permalink=\"https:\/\/www.grieta.org.mx\/index.php\/2016\/08\/11\/dia-11-comparte-por-la-humanidad-caracol-de-morelia-9-de-agosto\/mg_0307-800x400\/\" data-orig-file=\"https:\/\/www.grieta.org.mx\/wp-content\/uploads\/2016\/08\/MG_0307-800x400.jpg\" data-orig-size=\"800,400\" data-comments-opened=\"0\" data-image-meta=\"{&quot;aperture&quot;:&quot;0&quot;,&quot;credit&quot;:&quot;&quot;,&quot;camera&quot;:&quot;&quot;,&quot;caption&quot;:&quot;&quot;,&quot;created_timestamp&quot;:&quot;0&quot;,&quot;copyright&quot;:&quot;&quot;,&quot;focal_length&quot;:&quot;0&quot;,&quot;iso&quot;:&quot;0&quot;,&quot;shutter_speed&quot;:&quot;0&quot;,&quot;title&quot;:&quot;&quot;,&quot;orientation&quot;:&quot;0&quot;}\" data-image-title=\"MG_0307-800&amp;#215;400\" data-image-description=\"\" data-image-caption=\"\" data-medium-file=\"https:\/\/www.grieta.org.mx\/wp-content\/uploads\/2016\/08\/MG_0307-800x400-300x150.jpg\" data-large-file=\"https:\/\/www.grieta.org.mx\/wp-content\/uploads\/2016\/08\/MG_0307-800x400.jpg\" \/><\/a>\n\t\t\t<\/div><\/figure><figure class='gallery-item'>\n\t\t\t<div class='gallery-icon landscape'>\n\t\t\t\t<a href='https:\/\/www.grieta.org.mx\/index.php\/2016\/08\/11\/dia-11-comparte-por-la-humanidad-caracol-de-morelia-9-de-agosto\/mg_0318-800x400\/'><img loading=\"lazy\" decoding=\"async\" width=\"300\" height=\"150\" src=\"https:\/\/www.grieta.org.mx\/wp-content\/uploads\/2016\/08\/MG_0318-800x400-300x150.jpg\" class=\"attachment-medium size-medium\" alt=\"\" srcset=\"https:\/\/www.grieta.org.mx\/wp-content\/uploads\/2016\/08\/MG_0318-800x400-300x150.jpg 300w, https:\/\/www.grieta.org.mx\/wp-content\/uploads\/2016\/08\/MG_0318-800x400-768x384.jpg 768w, https:\/\/www.grieta.org.mx\/wp-content\/uploads\/2016\/08\/MG_0318-800x400.jpg 800w\" sizes=\"auto, (max-width: 300px) 100vw, 300px\" data-attachment-id=\"19461\" data-permalink=\"https:\/\/www.grieta.org.mx\/index.php\/2016\/08\/11\/dia-11-comparte-por-la-humanidad-caracol-de-morelia-9-de-agosto\/mg_0318-800x400\/\" data-orig-file=\"https:\/\/www.grieta.org.mx\/wp-content\/uploads\/2016\/08\/MG_0318-800x400.jpg\" data-orig-size=\"800,400\" data-comments-opened=\"0\" data-image-meta=\"{&quot;aperture&quot;:&quot;0&quot;,&quot;credit&quot;:&quot;&quot;,&quot;camera&quot;:&quot;&quot;,&quot;caption&quot;:&quot;&quot;,&quot;created_timestamp&quot;:&quot;0&quot;,&quot;copyright&quot;:&quot;&quot;,&quot;focal_length&quot;:&quot;0&quot;,&quot;iso&quot;:&quot;0&quot;,&quot;shutter_speed&quot;:&quot;0&quot;,&quot;title&quot;:&quot;&quot;,&quot;orientation&quot;:&quot;0&quot;}\" data-image-title=\"MG_0318-800&amp;#215;400\" data-image-description=\"\" data-image-caption=\"\" data-medium-file=\"https:\/\/www.grieta.org.mx\/wp-content\/uploads\/2016\/08\/MG_0318-800x400-300x150.jpg\" data-large-file=\"https:\/\/www.grieta.org.mx\/wp-content\/uploads\/2016\/08\/MG_0318-800x400.jpg\" \/><\/a>\n\t\t\t<\/div><\/figure><figure class='gallery-item'>\n\t\t\t<div class='gallery-icon landscape'>\n\t\t\t\t<a href='https:\/\/www.grieta.org.mx\/index.php\/2016\/08\/11\/dia-11-comparte-por-la-humanidad-caracol-de-morelia-9-de-agosto\/mg_0319-800x400\/'><img loading=\"lazy\" decoding=\"async\" width=\"300\" height=\"150\" src=\"https:\/\/www.grieta.org.mx\/wp-content\/uploads\/2016\/08\/MG_0319-800x400-300x150.jpg\" class=\"attachment-medium size-medium\" alt=\"\" srcset=\"https:\/\/www.grieta.org.mx\/wp-content\/uploads\/2016\/08\/MG_0319-800x400-300x150.jpg 300w, https:\/\/www.grieta.org.mx\/wp-content\/uploads\/2016\/08\/MG_0319-800x400-768x384.jpg 768w, https:\/\/www.grieta.org.mx\/wp-content\/uploads\/2016\/08\/MG_0319-800x400.jpg 800w\" sizes=\"auto, (max-width: 300px) 100vw, 300px\" data-attachment-id=\"19462\" data-permalink=\"https:\/\/www.grieta.org.mx\/index.php\/2016\/08\/11\/dia-11-comparte-por-la-humanidad-caracol-de-morelia-9-de-agosto\/mg_0319-800x400\/\" data-orig-file=\"https:\/\/www.grieta.org.mx\/wp-content\/uploads\/2016\/08\/MG_0319-800x400.jpg\" data-orig-size=\"800,400\" data-comments-opened=\"0\" data-image-meta=\"{&quot;aperture&quot;:&quot;0&quot;,&quot;credit&quot;:&quot;&quot;,&quot;camera&quot;:&quot;&quot;,&quot;caption&quot;:&quot;&quot;,&quot;created_timestamp&quot;:&quot;0&quot;,&quot;copyright&quot;:&quot;&quot;,&quot;focal_length&quot;:&quot;0&quot;,&quot;iso&quot;:&quot;0&quot;,&quot;shutter_speed&quot;:&quot;0&quot;,&quot;title&quot;:&quot;&quot;,&quot;orientation&quot;:&quot;0&quot;}\" data-image-title=\"MG_0319-800&amp;#215;400\" data-image-description=\"\" data-image-caption=\"\" data-medium-file=\"https:\/\/www.grieta.org.mx\/wp-content\/uploads\/2016\/08\/MG_0319-800x400-300x150.jpg\" data-large-file=\"https:\/\/www.grieta.org.mx\/wp-content\/uploads\/2016\/08\/MG_0319-800x400.jpg\" \/><\/a>\n\t\t\t<\/div><\/figure><figure class='gallery-item'>\n\t\t\t<div class='gallery-icon landscape'>\n\t\t\t\t<a href='https:\/\/www.grieta.org.mx\/index.php\/2016\/08\/11\/dia-11-comparte-por-la-humanidad-caracol-de-morelia-9-de-agosto\/mg_0321-800x400\/'><img loading=\"lazy\" decoding=\"async\" width=\"300\" height=\"150\" src=\"https:\/\/www.grieta.org.mx\/wp-content\/uploads\/2016\/08\/MG_0321-800x400-300x150.jpg\" class=\"attachment-medium size-medium\" alt=\"\" srcset=\"https:\/\/www.grieta.org.mx\/wp-content\/uploads\/2016\/08\/MG_0321-800x400-300x150.jpg 300w, https:\/\/www.grieta.org.mx\/wp-content\/uploads\/2016\/08\/MG_0321-800x400-768x384.jpg 768w, https:\/\/www.grieta.org.mx\/wp-content\/uploads\/2016\/08\/MG_0321-800x400.jpg 800w\" sizes=\"auto, (max-width: 300px) 100vw, 300px\" data-attachment-id=\"19463\" data-permalink=\"https:\/\/www.grieta.org.mx\/index.php\/2016\/08\/11\/dia-11-comparte-por-la-humanidad-caracol-de-morelia-9-de-agosto\/mg_0321-800x400\/\" data-orig-file=\"https:\/\/www.grieta.org.mx\/wp-content\/uploads\/2016\/08\/MG_0321-800x400.jpg\" data-orig-size=\"800,400\" data-comments-opened=\"0\" data-image-meta=\"{&quot;aperture&quot;:&quot;0&quot;,&quot;credit&quot;:&quot;&quot;,&quot;camera&quot;:&quot;&quot;,&quot;caption&quot;:&quot;&quot;,&quot;created_timestamp&quot;:&quot;0&quot;,&quot;copyright&quot;:&quot;&quot;,&quot;focal_length&quot;:&quot;0&quot;,&quot;iso&quot;:&quot;0&quot;,&quot;shutter_speed&quot;:&quot;0&quot;,&quot;title&quot;:&quot;&quot;,&quot;orientation&quot;:&quot;0&quot;}\" data-image-title=\"MG_0321-800&amp;#215;400\" data-image-description=\"\" data-image-caption=\"\" data-medium-file=\"https:\/\/www.grieta.org.mx\/wp-content\/uploads\/2016\/08\/MG_0321-800x400-300x150.jpg\" data-large-file=\"https:\/\/www.grieta.org.mx\/wp-content\/uploads\/2016\/08\/MG_0321-800x400.jpg\" \/><\/a>\n\t\t\t<\/div><\/figure><figure class='gallery-item'>\n\t\t\t<div class='gallery-icon landscape'>\n\t\t\t\t<a href='https:\/\/www.grieta.org.mx\/index.php\/2016\/08\/11\/dia-11-comparte-por-la-humanidad-caracol-de-morelia-9-de-agosto\/mg_0341-800x400\/'><img loading=\"lazy\" decoding=\"async\" width=\"300\" height=\"150\" src=\"https:\/\/www.grieta.org.mx\/wp-content\/uploads\/2016\/08\/MG_0341-800x400-300x150.jpg\" class=\"attachment-medium size-medium\" alt=\"\" srcset=\"https:\/\/www.grieta.org.mx\/wp-content\/uploads\/2016\/08\/MG_0341-800x400-300x150.jpg 300w, https:\/\/www.grieta.org.mx\/wp-content\/uploads\/2016\/08\/MG_0341-800x400-768x384.jpg 768w, https:\/\/www.grieta.org.mx\/wp-content\/uploads\/2016\/08\/MG_0341-800x400.jpg 800w\" sizes=\"auto, (max-width: 300px) 100vw, 300px\" data-attachment-id=\"19464\" data-permalink=\"https:\/\/www.grieta.org.mx\/index.php\/2016\/08\/11\/dia-11-comparte-por-la-humanidad-caracol-de-morelia-9-de-agosto\/mg_0341-800x400\/\" data-orig-file=\"https:\/\/www.grieta.org.mx\/wp-content\/uploads\/2016\/08\/MG_0341-800x400.jpg\" data-orig-size=\"800,400\" data-comments-opened=\"0\" data-image-meta=\"{&quot;aperture&quot;:&quot;0&quot;,&quot;credit&quot;:&quot;&quot;,&quot;camera&quot;:&quot;&quot;,&quot;caption&quot;:&quot;&quot;,&quot;created_timestamp&quot;:&quot;0&quot;,&quot;copyright&quot;:&quot;&quot;,&quot;focal_length&quot;:&quot;0&quot;,&quot;iso&quot;:&quot;0&quot;,&quot;shutter_speed&quot;:&quot;0&quot;,&quot;title&quot;:&quot;&quot;,&quot;orientation&quot;:&quot;0&quot;}\" data-image-title=\"MG_0341-800&amp;#215;400\" data-image-description=\"\" data-image-caption=\"\" data-medium-file=\"https:\/\/www.grieta.org.mx\/wp-content\/uploads\/2016\/08\/MG_0341-800x400-300x150.jpg\" data-large-file=\"https:\/\/www.grieta.org.mx\/wp-content\/uploads\/2016\/08\/MG_0341-800x400.jpg\" \/><\/a>\n\t\t\t<\/div><\/figure><figure class='gallery-item'>\n\t\t\t<div class='gallery-icon landscape'>\n\t\t\t\t<a href='https:\/\/www.grieta.org.mx\/index.php\/2016\/08\/11\/dia-11-comparte-por-la-humanidad-caracol-de-morelia-9-de-agosto\/mg_0349-800x400\/'><img loading=\"lazy\" decoding=\"async\" width=\"300\" height=\"150\" src=\"https:\/\/www.grieta.org.mx\/wp-content\/uploads\/2016\/08\/MG_0349-800x400-300x150.jpg\" class=\"attachment-medium size-medium\" alt=\"\" srcset=\"https:\/\/www.grieta.org.mx\/wp-content\/uploads\/2016\/08\/MG_0349-800x400-300x150.jpg 300w, https:\/\/www.grieta.org.mx\/wp-content\/uploads\/2016\/08\/MG_0349-800x400-768x384.jpg 768w, https:\/\/www.grieta.org.mx\/wp-content\/uploads\/2016\/08\/MG_0349-800x400.jpg 800w\" sizes=\"auto, (max-width: 300px) 100vw, 300px\" data-attachment-id=\"19465\" data-permalink=\"https:\/\/www.grieta.org.mx\/index.php\/2016\/08\/11\/dia-11-comparte-por-la-humanidad-caracol-de-morelia-9-de-agosto\/mg_0349-800x400\/\" data-orig-file=\"https:\/\/www.grieta.org.mx\/wp-content\/uploads\/2016\/08\/MG_0349-800x400.jpg\" data-orig-size=\"800,400\" data-comments-opened=\"0\" data-image-meta=\"{&quot;aperture&quot;:&quot;0&quot;,&quot;credit&quot;:&quot;&quot;,&quot;camera&quot;:&quot;&quot;,&quot;caption&quot;:&quot;&quot;,&quot;created_timestamp&quot;:&quot;0&quot;,&quot;copyright&quot;:&quot;&quot;,&quot;focal_length&quot;:&quot;0&quot;,&quot;iso&quot;:&quot;0&quot;,&quot;shutter_speed&quot;:&quot;0&quot;,&quot;title&quot;:&quot;&quot;,&quot;orientation&quot;:&quot;0&quot;}\" data-image-title=\"MG_0349-800&amp;#215;400\" data-image-description=\"\" data-image-caption=\"\" data-medium-file=\"https:\/\/www.grieta.org.mx\/wp-content\/uploads\/2016\/08\/MG_0349-800x400-300x150.jpg\" data-large-file=\"https:\/\/www.grieta.org.mx\/wp-content\/uploads\/2016\/08\/MG_0349-800x400.jpg\" \/><\/a>\n\t\t\t<\/div><\/figure>\n\t\t<\/div>\n\n<p>musica de maricahi como bienvenida al Festival<\/p>\n<audio class=\"wp-audio-shortcode\" id=\"audio-19414-1\" preload=\"none\" style=\"width: 100%;\" controls=\"controls\"><source type=\"audio\/mpeg\" src=\"http:\/\/radiozapatista.org\/Audios\/rzchiapas\/01_CompArte-MoreIV_Musica_MariachiBienvenida.mp3?_=1\" \/><a href=\"http:\/\/radiozapatista.org\/Audios\/rzchiapas\/01_CompArte-MoreIV_Musica_MariachiBienvenida.mp3\">http:\/\/radiozapatista.org\/Audios\/rzchiapas\/01_CompArte-MoreIV_Musica_MariachiBienvenida.mp3<\/a><\/audio>\n<p>palabras de bienvenida de la Junta de Buen Gobierno<\/p>\n<audio class=\"wp-audio-shortcode\" id=\"audio-19414-2\" preload=\"none\" style=\"width: 100%;\" controls=\"controls\"><source type=\"audio\/mpeg\" src=\"http:\/\/radiozapatista.org\/Audios\/rzchiapas\/02_CompArte-MoreIV_PalabrasJBG-Bienvenida.mp3?_=2\" \/><a href=\"http:\/\/radiozapatista.org\/Audios\/rzchiapas\/02_CompArte-MoreIV_PalabrasJBG-Bienvenida.mp3\">http:\/\/radiozapatista.org\/Audios\/rzchiapas\/02_CompArte-MoreIV_PalabrasJBG-Bienvenida.mp3<\/a><\/audio>\n<p>Palabras presentaci\u00f3n de Trabajos<\/p>\n<audio class=\"wp-audio-shortcode\" id=\"audio-19414-3\" preload=\"none\" style=\"width: 100%;\" controls=\"controls\"><source type=\"audio\/mpeg\" src=\"http:\/\/radiozapatista.org\/Audios\/rzchiapas\/03_CompArte-MoreIV_PalabrasPresentacionTrabajos.mp3?_=3\" \/><a href=\"http:\/\/radiozapatista.org\/Audios\/rzchiapas\/03_CompArte-MoreIV_PalabrasPresentacionTrabajos.mp3\">http:\/\/radiozapatista.org\/Audios\/rzchiapas\/03_CompArte-MoreIV_PalabrasPresentacionTrabajos.mp3<\/a><\/audio>\n<p>Canci\u00f3n \u201cVida Esclavizado\u201d del municipio aut\u00f3nomo 17 de noviembre<\/p>\n<audio class=\"wp-audio-shortcode\" id=\"audio-19414-4\" preload=\"none\" style=\"width: 100%;\" controls=\"controls\"><source type=\"audio\/mpeg\" src=\"http:\/\/radiozapatista.org\/Audios\/rzchiapas\/04_CompArte_MoreIV_Cancion_VidaEsclavizado_Marez-17nov.mp3?_=4\" \/><a href=\"http:\/\/radiozapatista.org\/Audios\/rzchiapas\/04_CompArte_MoreIV_Cancion_VidaEsclavizado_Marez-17nov.mp3\">http:\/\/radiozapatista.org\/Audios\/rzchiapas\/04_CompArte_MoreIV_Cancion_VidaEsclavizado_Marez-17nov.mp3<\/a><\/audio>\n<p>Poema \u201cSufrimiento de Nuestros Abuelos\u201d<\/p>\n<audio class=\"wp-audio-shortcode\" id=\"audio-19414-5\" preload=\"none\" style=\"width: 100%;\" controls=\"controls\"><source type=\"audio\/mpeg\" src=\"http:\/\/radiozapatista.org\/Audios\/rzchiapas\/05_CompArte_MoreIV_Poema_SufirmientodeNuestrosAbuelos.mp3?_=5\" \/><a href=\"http:\/\/radiozapatista.org\/Audios\/rzchiapas\/05_CompArte_MoreIV_Poema_SufirmientodeNuestrosAbuelos.mp3\">http:\/\/radiozapatista.org\/Audios\/rzchiapas\/05_CompArte_MoreIV_Poema_SufirmientodeNuestrosAbuelos.mp3<\/a><\/audio>\n<p>Musica Danza Tseltal del Municiopio Aut\u00f3nomo Lucio Caba\u00f1as<\/p>\n<audio class=\"wp-audio-shortcode\" id=\"audio-19414-6\" preload=\"none\" style=\"width: 100%;\" controls=\"controls\"><source type=\"audio\/mpeg\" src=\"http:\/\/radiozapatista.org\/Audios\/rzchiapas\/06_CompArte_MoreIV_MusicaDanzaTseltal_MAREZ-LucioCaba%C3%B1as.mp3?_=6\" \/><a href=\"http:\/\/radiozapatista.org\/Audios\/rzchiapas\/06_CompArte_MoreIV_MusicaDanzaTseltal_MAREZ-LucioCaba%C3%B1as.mp3\">http:\/\/radiozapatista.org\/Audios\/rzchiapas\/06_CompArte_MoreIV_MusicaDanzaTseltal_MAREZ-LucioCaba%C3%B1as.mp3<\/a><\/audio>\n<p>Canci\u00f3n \u201cLa Llegada en la Selva Lacandona\u201d<\/p>\n<audio class=\"wp-audio-shortcode\" id=\"audio-19414-7\" preload=\"none\" style=\"width: 100%;\" controls=\"controls\"><source type=\"audio\/mpeg\" src=\"http:\/\/radiozapatista.org\/Audios\/rzchiapas\/07_CompArte_MoreIV_Cancion_LaLLegadaenlaSelvaLacandona.mp3?_=7\" \/><a href=\"http:\/\/radiozapatista.org\/Audios\/rzchiapas\/07_CompArte_MoreIV_Cancion_LaLLegadaenlaSelvaLacandona.mp3\">http:\/\/radiozapatista.org\/Audios\/rzchiapas\/07_CompArte_MoreIV_Cancion_LaLLegadaenlaSelvaLacandona.mp3<\/a><\/audio>\n<p>Poema \u201cLa Lucha de Resistencia\u201d municipio aut\u00f3nomo Lucio Caba\u00f1as<\/p>\n<audio class=\"wp-audio-shortcode\" id=\"audio-19414-8\" preload=\"none\" style=\"width: 100%;\" controls=\"controls\"><source type=\"audio\/mpeg\" src=\"http:\/\/radiozapatista.org\/Audios\/rzchiapas\/08_CompArte_MoreIV_Poema_LaLuchadeResistencia_Marez-LucioCaba%C3%B1as.mp3?_=8\" \/><a href=\"http:\/\/radiozapatista.org\/Audios\/rzchiapas\/08_CompArte_MoreIV_Poema_LaLuchadeResistencia_Marez-LucioCaba%C3%B1as.mp3\">http:\/\/radiozapatista.org\/Audios\/rzchiapas\/08_CompArte_MoreIV_Poema_LaLuchadeResistencia_Marez-LucioCaba%C3%B1as.mp3<\/a><\/audio>\n<p>Canci\u00f3n \u201cPrimero de Enero\u201d municipio aut\u00f3nomo Lucio Caba\u00f1as<\/p>\n<audio class=\"wp-audio-shortcode\" id=\"audio-19414-9\" preload=\"none\" style=\"width: 100%;\" controls=\"controls\"><source type=\"audio\/mpeg\" src=\"http:\/\/radiozapatista.org\/Audios\/rzchiapas\/09_CompArte_MoreIV_Cancion_PrimerodeEnero_Marez-LucioCaba%C3%B1as.mp3?_=9\" \/><a href=\"http:\/\/radiozapatista.org\/Audios\/rzchiapas\/09_CompArte_MoreIV_Cancion_PrimerodeEnero_Marez-LucioCaba%C3%B1as.mp3\">http:\/\/radiozapatista.org\/Audios\/rzchiapas\/09_CompArte_MoreIV_Cancion_PrimerodeEnero_Marez-LucioCaba%C3%B1as.mp3<\/a><\/audio>\n<p>Poema \u201cCamino Hacia los Trece Puntos\u201d del municipio aut\u00f3nomo Lucio Caba\u00f1as<\/p>\n<audio class=\"wp-audio-shortcode\" id=\"audio-19414-10\" preload=\"none\" style=\"width: 100%;\" controls=\"controls\"><source type=\"audio\/mpeg\" src=\"http:\/\/radiozapatista.org\/Audios\/rzchiapas\/10_CompArte_MoreIV_Poema_CaminoHaciaLosTrecePuntos_MarezLucioCaba%C3%B1as.mp3?_=10\" \/><a href=\"http:\/\/radiozapatista.org\/Audios\/rzchiapas\/10_CompArte_MoreIV_Poema_CaminoHaciaLosTrecePuntos_MarezLucioCaba%C3%B1as.mp3\">http:\/\/radiozapatista.org\/Audios\/rzchiapas\/10_CompArte_MoreIV_Poema_CaminoHaciaLosTrecePuntos_MarezLucioCaba%C3%B1as.mp3<\/a><\/audio>\n<p>Dibujo \u201cNuestras Raices\u201d exposici\u00f3n del municipio aut\u00f3nomo 17 de Noviembre<\/p>\n<audio class=\"wp-audio-shortcode\" id=\"audio-19414-11\" preload=\"none\" style=\"width: 100%;\" controls=\"controls\"><source type=\"audio\/mpeg\" src=\"http:\/\/radiozapatista.org\/Audios\/rzchiapas\/11_CompArte_MoreIV_Dibujo_NuestrasRaices_exposici%C3%B3nMarez17noviembre.mp3?_=11\" \/><a href=\"http:\/\/radiozapatista.org\/Audios\/rzchiapas\/11_CompArte_MoreIV_Dibujo_NuestrasRaices_exposici%C3%B3nMarez17noviembre.mp3\">http:\/\/radiozapatista.org\/Audios\/rzchiapas\/11_CompArte_MoreIV_Dibujo_NuestrasRaices_exposici%C3%B3nMarez17noviembre.mp3<\/a><\/audio>\n<p>Canci\u00f3n \u201cLuchadores del Pueblo\u201d del municipio aut\u00f3nomo Lucio Caba\u00f1as<\/p>\n<audio class=\"wp-audio-shortcode\" id=\"audio-19414-12\" preload=\"none\" style=\"width: 100%;\" controls=\"controls\"><source type=\"audio\/mpeg\" src=\"http:\/\/radiozapatista.org\/Audios\/rzchiapas\/12_CompArte_MoreIV_Cancion_LuchadoresdelPueblo_MarezLucioCaba%C3%B1as.mp3?_=12\" \/><a href=\"http:\/\/radiozapatista.org\/Audios\/rzchiapas\/12_CompArte_MoreIV_Cancion_LuchadoresdelPueblo_MarezLucioCaba%C3%B1as.mp3\">http:\/\/radiozapatista.org\/Audios\/rzchiapas\/12_CompArte_MoreIV_Cancion_LuchadoresdelPueblo_MarezLucioCaba%C3%B1as.mp3<\/a><\/audio>\n<p>Cancion \u201cla Cuna de los 5 Caracoles\u201d<\/p>\n<audio class=\"wp-audio-shortcode\" id=\"audio-19414-13\" preload=\"none\" style=\"width: 100%;\" controls=\"controls\"><source type=\"audio\/mpeg\" src=\"http:\/\/radiozapatista.org\/Audios\/rzchiapas\/13_CompArte_MoreIV_Cancion_LaCunadelos5Caracoles.mp3?_=13\" \/><a href=\"http:\/\/radiozapatista.org\/Audios\/rzchiapas\/13_CompArte_MoreIV_Cancion_LaCunadelos5Caracoles.mp3\">http:\/\/radiozapatista.org\/Audios\/rzchiapas\/13_CompArte_MoreIV_Cancion_LaCunadelos5Caracoles.mp3<\/a><\/audio>\n<p>Poema \u201cZapatismo Contra Neol\u00edberalismo\u201d del municipio aut\u00f3nomo Lucio Caba\u00f1as<\/p>\n<audio class=\"wp-audio-shortcode\" id=\"audio-19414-14\" preload=\"none\" style=\"width: 100%;\" controls=\"controls\"><source type=\"audio\/mpeg\" src=\"http:\/\/radiozapatista.org\/Audios\/rzchiapas\/14_CompArte_MoreIV_Poema_ZapatismoContraNeoliberalismo_MarezLucioCaba%C3%B1as.mp3?_=14\" \/><a href=\"http:\/\/radiozapatista.org\/Audios\/rzchiapas\/14_CompArte_MoreIV_Poema_ZapatismoContraNeoliberalismo_MarezLucioCaba%C3%B1as.mp3\">http:\/\/radiozapatista.org\/Audios\/rzchiapas\/14_CompArte_MoreIV_Poema_ZapatismoContraNeoliberalismo_MarezLucioCaba%C3%B1as.mp3<\/a><\/audio>\n<p>Musica-Danza \u201cEl Torito\u201d del municipio aut\u00f3nomo 17 de Noviembre<\/p>\n<audio class=\"wp-audio-shortcode\" id=\"audio-19414-15\" preload=\"none\" style=\"width: 100%;\" controls=\"controls\"><source type=\"audio\/mpeg\" src=\"http:\/\/radiozapatista.org\/Audios\/rzchiapas\/15_CompArte_MoreIV_Musica-Danza_ElTorito_Marez17Noviembre.mp3?_=15\" \/><a href=\"http:\/\/radiozapatista.org\/Audios\/rzchiapas\/15_CompArte_MoreIV_Musica-Danza_ElTorito_Marez17Noviembre.mp3\">http:\/\/radiozapatista.org\/Audios\/rzchiapas\/15_CompArte_MoreIV_Musica-Danza_ElTorito_Marez17Noviembre.mp3<\/a><\/audio>\n<p>Poema \u201cA la Mujer Zapatista\u201d del municipio Aut\u00f3nomo 17 de Noviembre<\/p>\n<audio class=\"wp-audio-shortcode\" id=\"audio-19414-16\" preload=\"none\" style=\"width: 100%;\" controls=\"controls\"><source type=\"audio\/mpeg\" src=\"http:\/\/radiozapatista.org\/Audios\/rzchiapas\/16_CompArte_MoreIV_Poema_aLaMujerZapatista_Marez17Noviembre.mp3?_=16\" \/><a href=\"http:\/\/radiozapatista.org\/Audios\/rzchiapas\/16_CompArte_MoreIV_Poema_aLaMujerZapatista_Marez17Noviembre.mp3\">http:\/\/radiozapatista.org\/Audios\/rzchiapas\/16_CompArte_MoreIV_Poema_aLaMujerZapatista_Marez17Noviembre.mp3<\/a><\/audio>\n<p>Mural \u201cNuestra Cultura en Resistencia\u201d exposici\u00f3n del municipio aut\u00f3nomo 17 de Noviembre<\/p>\n<audio class=\"wp-audio-shortcode\" id=\"audio-19414-17\" preload=\"none\" style=\"width: 100%;\" controls=\"controls\"><source type=\"audio\/mpeg\" src=\"http:\/\/radiozapatista.org\/Audios\/rzchiapas\/17_CompArte_MoreIV_Mural_NuestraCulturaenResistencia-exposicion_Marez17Noviembre.mp3?_=17\" \/><a href=\"http:\/\/radiozapatista.org\/Audios\/rzchiapas\/17_CompArte_MoreIV_Mural_NuestraCulturaenResistencia-exposicion_Marez17Noviembre.mp3\">http:\/\/radiozapatista.org\/Audios\/rzchiapas\/17_CompArte_MoreIV_Mural_NuestraCulturaenResistencia-exposicion_Marez17Noviembre.mp3<\/a><\/audio>\n<p>Poesia \u201cHerederos de los Rebeledes\u201d del municipio aut\u00f3nomo Lucio Caba\u00f1as<\/p>\n<audio class=\"wp-audio-shortcode\" id=\"audio-19414-18\" preload=\"none\" style=\"width: 100%;\" controls=\"controls\"><source type=\"audio\/mpeg\" src=\"http:\/\/radiozapatista.org\/Audios\/rzchiapas\/18_CompArte_MoreIV_Poesia_HerderosdelosRebeldes_MarezLucioCaba%C3%B1as.mp3?_=18\" \/><a href=\"http:\/\/radiozapatista.org\/Audios\/rzchiapas\/18_CompArte_MoreIV_Poesia_HerderosdelosRebeldes_MarezLucioCaba%C3%B1as.mp3\">http:\/\/radiozapatista.org\/Audios\/rzchiapas\/18_CompArte_MoreIV_Poesia_HerderosdelosRebeldes_MarezLucioCaba%C3%B1as.mp3<\/a><\/audio>\n<p>Canci\u00f3n \u201cla Salud\u201d del municipio aut\u00f3nomo 17 de Noviembre<\/p>\n<audio class=\"wp-audio-shortcode\" id=\"audio-19414-19\" preload=\"none\" style=\"width: 100%;\" controls=\"controls\"><source type=\"audio\/mpeg\" src=\"http:\/\/radiozapatista.org\/Audios\/rzchiapas\/19_CompArte_MoreIV_Cancion_LaSalud_Marez17Novimiebre.mp3?_=19\" \/><a href=\"http:\/\/radiozapatista.org\/Audios\/rzchiapas\/19_CompArte_MoreIV_Cancion_LaSalud_Marez17Novimiebre.mp3\">http:\/\/radiozapatista.org\/Audios\/rzchiapas\/19_CompArte_MoreIV_Cancion_LaSalud_Marez17Novimiebre.mp3<\/a><\/audio>\n<p>Musica \u201cLa Ofrenda en el Altar\u201d del municipio aut\u00f3nomo Comandanta Ramona<\/p>\n<audio class=\"wp-audio-shortcode\" id=\"audio-19414-20\" preload=\"none\" style=\"width: 100%;\" controls=\"controls\"><source type=\"audio\/mpeg\" src=\"http:\/\/radiozapatista.org\/Audios\/rzchiapas\/20_CompArte_MoreIV_Danza-M%C3%BAsica_LaOfrendaenelAltar_MarezCdtaRamona.mp3?_=20\" \/><a href=\"http:\/\/radiozapatista.org\/Audios\/rzchiapas\/20_CompArte_MoreIV_Danza-M%C3%BAsica_LaOfrendaenelAltar_MarezCdtaRamona.mp3\">http:\/\/radiozapatista.org\/Audios\/rzchiapas\/20_CompArte_MoreIV_Danza-M%C3%BAsica_LaOfrendaenelAltar_MarezCdtaRamona.mp3<\/a><\/audio>\n<p>Poema \u201cAmanecer del Colectivo\u201d del municipio aut\u00f3nomo Lucio Caba\u00f1as<\/p>\n<audio class=\"wp-audio-shortcode\" id=\"audio-19414-21\" preload=\"none\" style=\"width: 100%;\" controls=\"controls\"><source type=\"audio\/mpeg\" src=\"http:\/\/radiozapatista.org\/Audios\/rzchiapas\/21_CompArte_MoreIV_Poema_AmanecerdelColectivo_MarezLucioCaba%C3%B1as.mp3?_=21\" \/><a href=\"http:\/\/radiozapatista.org\/Audios\/rzchiapas\/21_CompArte_MoreIV_Poema_AmanecerdelColectivo_MarezLucioCaba%C3%B1as.mp3\">http:\/\/radiozapatista.org\/Audios\/rzchiapas\/21_CompArte_MoreIV_Poema_AmanecerdelColectivo_MarezLucioCaba%C3%B1as.mp3<\/a><\/audio>\n<p>Poesia \u201cJovenes de la Patria\u201d del municipio aut\u00f3nomo Lucio Caba\u00f1as<\/p>\n<audio class=\"wp-audio-shortcode\" id=\"audio-19414-22\" preload=\"none\" style=\"width: 100%;\" controls=\"controls\"><source type=\"audio\/mpeg\" src=\"http:\/\/radiozapatista.org\/Audios\/rzchiapas\/22_CompArte_MoreIV_Poesia_JovenesdelaPatria_MarezLucioCaba%C3%B1as.mp3?_=22\" \/><a href=\"http:\/\/radiozapatista.org\/Audios\/rzchiapas\/22_CompArte_MoreIV_Poesia_JovenesdelaPatria_MarezLucioCaba%C3%B1as.mp3\">http:\/\/radiozapatista.org\/Audios\/rzchiapas\/22_CompArte_MoreIV_Poesia_JovenesdelaPatria_MarezLucioCaba%C3%B1as.mp3<\/a><\/audio>\n<p>Poema \u201cCamino al Horizonte\u201d del municipio aut\u00f3nomo Lucio Caba\u00f1as<\/p>\n<audio class=\"wp-audio-shortcode\" id=\"audio-19414-23\" preload=\"none\" style=\"width: 100%;\" controls=\"controls\"><source type=\"audio\/mpeg\" src=\"http:\/\/radiozapatista.org\/Audios\/rzchiapas\/23_CompArte_MoreIV_Poema_CaminoalHorizonte_Marez_LucioCaba%C3%B1as.mp3?_=23\" \/><a href=\"http:\/\/radiozapatista.org\/Audios\/rzchiapas\/23_CompArte_MoreIV_Poema_CaminoalHorizonte_Marez_LucioCaba%C3%B1as.mp3\">http:\/\/radiozapatista.org\/Audios\/rzchiapas\/23_CompArte_MoreIV_Poema_CaminoalHorizonte_Marez_LucioCaba%C3%B1as.mp3<\/a><\/audio>\n<p>Canci\u00f3n \u201cComo Han Pasado los A\u00f1os\u201d del municipio aut\u00f3nomo 17 de Noviembre<\/p>\n<audio class=\"wp-audio-shortcode\" id=\"audio-19414-24\" preload=\"none\" style=\"width: 100%;\" controls=\"controls\"><source type=\"audio\/mpeg\" src=\"http:\/\/radiozapatista.org\/Audios\/rzchiapas\/24_CompArte_MoreIV_Cancion_HanPasadoLosA%C3%B1os_Marez_17Noviembre.mp3?_=24\" \/><a href=\"http:\/\/radiozapatista.org\/Audios\/rzchiapas\/24_CompArte_MoreIV_Cancion_HanPasadoLosA%C3%B1os_Marez_17Noviembre.mp3\">http:\/\/radiozapatista.org\/Audios\/rzchiapas\/24_CompArte_MoreIV_Cancion_HanPasadoLosA%C3%B1os_Marez_17Noviembre.mp3<\/a><\/audio>\n<p>Danza-Musica Tradicional Tsotsil del municipio aut\u00f3nomo Lucio Caba\u00f1as<\/p>\n<audio class=\"wp-audio-shortcode\" id=\"audio-19414-25\" preload=\"none\" style=\"width: 100%;\" controls=\"controls\"><source type=\"audio\/mpeg\" src=\"http:\/\/radiozapatista.org\/Audios\/rzchiapas\/25_CompArte_MoreIV_Danza-Musica_TradicionalTsotsil_Marez_LucioCaba%C3%B1as.mp3?_=25\" \/><a href=\"http:\/\/radiozapatista.org\/Audios\/rzchiapas\/25_CompArte_MoreIV_Danza-Musica_TradicionalTsotsil_Marez_LucioCaba%C3%B1as.mp3\">http:\/\/radiozapatista.org\/Audios\/rzchiapas\/25_CompArte_MoreIV_Danza-Musica_TradicionalTsotsil_Marez_LucioCaba%C3%B1as.mp3<\/a><\/audio>\n<p>Poesia \u201cUn Mundo Diferente\u201d del municipio aut\u00f3nomo Comandanta Ramona<\/p>\n<audio class=\"wp-audio-shortcode\" id=\"audio-19414-26\" preload=\"none\" style=\"width: 100%;\" controls=\"controls\"><source type=\"audio\/mpeg\" src=\"http:\/\/radiozapatista.org\/Audios\/rzchiapas\/26_CompArte_MoreIV_Poesia_UnMundoDiferente_Marez-CdtaRamona.mp3?_=26\" \/><a href=\"http:\/\/radiozapatista.org\/Audios\/rzchiapas\/26_CompArte_MoreIV_Poesia_UnMundoDiferente_Marez-CdtaRamona.mp3\">http:\/\/radiozapatista.org\/Audios\/rzchiapas\/26_CompArte_MoreIV_Poesia_UnMundoDiferente_Marez-CdtaRamona.mp3<\/a><\/audio>\n<p>Mural \u201cla Hidra Capitalista\u201d exposici\u00f3n del municipio aut\u00f3nomo 17 de Noviembre<\/p>\n<audio class=\"wp-audio-shortcode\" id=\"audio-19414-27\" preload=\"none\" style=\"width: 100%;\" controls=\"controls\"><source type=\"audio\/mpeg\" src=\"http:\/\/radiozapatista.org\/Audios\/rzchiapas\/27_CompArte_MoreIV_Mural_LaHidraCapitalista-exposicion_Marez-17Novimiebre.mp3?_=27\" \/><a href=\"http:\/\/radiozapatista.org\/Audios\/rzchiapas\/27_CompArte_MoreIV_Mural_LaHidraCapitalista-exposicion_Marez-17Novimiebre.mp3\">http:\/\/radiozapatista.org\/Audios\/rzchiapas\/27_CompArte_MoreIV_Mural_LaHidraCapitalista-exposicion_Marez-17Novimiebre.mp3<\/a><\/audio>\n<p>Canci\u00f3n \u201cLa Vida en Nuestro Pais\u201d del municipio aut\u00f3nomo 17 de Noviembre<\/p>\n<audio class=\"wp-audio-shortcode\" id=\"audio-19414-28\" preload=\"none\" style=\"width: 100%;\" controls=\"controls\"><source type=\"audio\/mpeg\" src=\"http:\/\/radiozapatista.org\/Audios\/rzchiapas\/28_CompArte_MoreIV_Cancion_LaVidaenNuestroPais_Marez-17Novimiebre.mp3?_=28\" \/><a href=\"http:\/\/radiozapatista.org\/Audios\/rzchiapas\/28_CompArte_MoreIV_Cancion_LaVidaenNuestroPais_Marez-17Novimiebre.mp3\">http:\/\/radiozapatista.org\/Audios\/rzchiapas\/28_CompArte_MoreIV_Cancion_LaVidaenNuestroPais_Marez-17Novimiebre.mp3<\/a><\/audio>\n<p>Poema \u201cLos Pasos del Tiempo\u201d del municipio aut\u00f3nomo Comandanta Ramona<\/p>\n<audio class=\"wp-audio-shortcode\" id=\"audio-19414-29\" preload=\"none\" style=\"width: 100%;\" controls=\"controls\"><source type=\"audio\/mpeg\" src=\"http:\/\/radiozapatista.org\/Audios\/rzchiapas\/29_CompArte_MoreIV_Poema_LosPasosdelTiempo_Marez-CdtaRamona.mp3?_=29\" \/><a href=\"http:\/\/radiozapatista.org\/Audios\/rzchiapas\/29_CompArte_MoreIV_Poema_LosPasosdelTiempo_Marez-CdtaRamona.mp3\">http:\/\/radiozapatista.org\/Audios\/rzchiapas\/29_CompArte_MoreIV_Poema_LosPasosdelTiempo_Marez-CdtaRamona.mp3<\/a><\/audio>\n<p><a href=\"http:\/\/radiozapatista.org\/?p=18185\" target=\"_blank\">http:\/\/radiozapatista.org\/?p=18185<\/a><\/p>\n","protected":false},"excerpt":{"rendered":"<p>Festival CompARTE por la humanidad 9 de agosto de 2016 Caracol de Morelia, Chiapas musica de maricahi como bienvenida al Festival palabras de bienvenida de la Junta de Buen Gobierno &hellip; <a href=\"https:\/\/www.grieta.org.mx\/index.php\/2016\/08\/11\/dia-11-comparte-por-la-humanidad-caracol-de-morelia-9-de-agosto\/\" class=\"more-link\">Leer m\u00e1s<\/a><\/p>\n","protected":false},"author":2,"featured_media":21928,"comment_status":"closed","ping_status":"closed","sticky":false,"template":"","format":"standard","meta":{"ngg_post_thumbnail":0,"_jetpack_newsletter_access":"","_jetpack_dont_email_post_to_subs":false,"_jetpack_newsletter_tier_id":0,"_jetpack_memberships_contains_paywalled_content":false,"_jetpack_memberships_contains_paid_content":false,"footnotes":""},"categories":[80,817],"tags":[818],"class_list":["post-19414","post","type-post","status-publish","format-standard","has-post-thumbnail","hentry","category-cintillo","category-festival-comparte-por-la-humanidad","tag-festival-comparte","entry"],"jetpack_featured_media_url":"https:\/\/www.grieta.org.mx\/wp-content\/uploads\/2018\/03\/14524434_1106112876131411_958039263622046936_o.jpg","jetpack_sharing_enabled":true,"jetpack_shortlink":"https:\/\/wp.me\/p7ZJR4-538","jetpack_likes_enabled":false,"jetpack-related-posts":[{"id":19066,"url":"https:\/\/www.grieta.org.mx\/index.php\/2016\/08\/08\/dia-10-comparte-por-la-humanidad-caracol-de-la-garrucha-6-de-agosto\/","url_meta":{"origin":19414,"position":0},"title":"D\u00eda 10 \u2013 CompARTE por la humanidad \u2013 Caracol de La Garrucha (6 de agosto) (Audios)","author":"grieta","date":"8 agosto, 2016","format":false,"excerpt":"Festival CompARTE por la humanidad 6 de agosto de 2016 Caracol de La Garrucha, Chiapas Ahora fue el Caracol III, que tiene su sede en La Garrucha, el encargado de presentar su Arte elaborado con el trabajo colectivo de su resistencia. Pensamientos, canciones, poes\u00edas, obras de teatro mostraron la memoria\u2026","rel":"","context":"En &quot;CINTILLO&quot;","block_context":{"text":"CINTILLO","link":"https:\/\/www.grieta.org.mx\/index.php\/category\/cintillo\/"},"img":{"alt_text":"","src":"https:\/\/i0.wp.com\/www.grieta.org.mx\/wp-content\/uploads\/2018\/03\/14524434_1106112876131411_958039263622046936_o.jpg?resize=350%2C200&ssl=1","width":350,"height":200,"srcset":"https:\/\/i0.wp.com\/www.grieta.org.mx\/wp-content\/uploads\/2018\/03\/14524434_1106112876131411_958039263622046936_o.jpg?resize=350%2C200&ssl=1 1x, https:\/\/i0.wp.com\/www.grieta.org.mx\/wp-content\/uploads\/2018\/03\/14524434_1106112876131411_958039263622046936_o.jpg?resize=525%2C300&ssl=1 1.5x, https:\/\/i0.wp.com\/www.grieta.org.mx\/wp-content\/uploads\/2018\/03\/14524434_1106112876131411_958039263622046936_o.jpg?resize=700%2C400&ssl=1 2x"},"classes":[]},{"id":18901,"url":"https:\/\/www.grieta.org.mx\/index.php\/2016\/08\/06\/dia-9-comparte-por-la-humanidad-caracol-de-la-realidad-3-de-agosto\/","url_meta":{"origin":19414,"position":1},"title":"D\u00eda 9 \u2013 CompARTE por la humanidad \u2013 Caracol de La Realidad (3 de agosto) (Audios)","author":"grieta","date":"6 agosto, 2016","format":false,"excerpt":"Festival CompARTE por la humanidad 3 de agosto de 2016 Caracol de La Realidad, Chiapas Festival CompArte, Caracol I \u201cMadre de los caracoles del mar de nuestros sue\u00f1os\u201d Les hacemos llegar este trabajo realizado entre compa\u00f1eros y compa\u00f1eras de diferentes medios libres. La Realidad, el segundo caracol que presenta sus\u2026","rel":"","context":"En &quot;CINTILLO&quot;","block_context":{"text":"CINTILLO","link":"https:\/\/www.grieta.org.mx\/index.php\/category\/cintillo\/"},"img":{"alt_text":"","src":"https:\/\/i0.wp.com\/www.grieta.org.mx\/wp-content\/uploads\/2018\/03\/14524434_1106112876131411_958039263622046936_o.jpg?resize=350%2C200&ssl=1","width":350,"height":200,"srcset":"https:\/\/i0.wp.com\/www.grieta.org.mx\/wp-content\/uploads\/2018\/03\/14524434_1106112876131411_958039263622046936_o.jpg?resize=350%2C200&ssl=1 1x, https:\/\/i0.wp.com\/www.grieta.org.mx\/wp-content\/uploads\/2018\/03\/14524434_1106112876131411_958039263622046936_o.jpg?resize=525%2C300&ssl=1 1.5x, https:\/\/i0.wp.com\/www.grieta.org.mx\/wp-content\/uploads\/2018\/03\/14524434_1106112876131411_958039263622046936_o.jpg?resize=700%2C400&ssl=1 2x"},"classes":[]},{"id":19933,"url":"https:\/\/www.grieta.org.mx\/index.php\/2016\/08\/17\/dia-12-comparte-por-la-humanidad-caracol-de-roberto-barrios-12-de-agosto-audios\/","url_meta":{"origin":19414,"position":2},"title":"D\u00eda 12 \u2013 CompARTE por la humanidad \u2013 Caracol de Roberto Barrios (12 de agosto) (Audios)","author":"grieta","date":"17 agosto, 2016","format":false,"excerpt":"Festival CompARTE por la humanidad 12 de agosto de 2016 Caracol de Roberto Barrios, Chiapas Les presentamos los materiales recogidos en este V Caracol, de Roberto Barrios, en el d\u00eda 12 del #CompArte y del mes de agosto. Con las presentaciones de esta Zona Norte las y los compa\u00f1eros del\u2026","rel":"","context":"En &quot;CINTILLO&quot;","block_context":{"text":"CINTILLO","link":"https:\/\/www.grieta.org.mx\/index.php\/category\/cintillo\/"},"img":{"alt_text":"","src":"https:\/\/i0.wp.com\/www.grieta.org.mx\/wp-content\/uploads\/2018\/03\/14524434_1106112876131411_958039263622046936_o.jpg?resize=350%2C200&ssl=1","width":350,"height":200,"srcset":"https:\/\/i0.wp.com\/www.grieta.org.mx\/wp-content\/uploads\/2018\/03\/14524434_1106112876131411_958039263622046936_o.jpg?resize=350%2C200&ssl=1 1x, https:\/\/i0.wp.com\/www.grieta.org.mx\/wp-content\/uploads\/2018\/03\/14524434_1106112876131411_958039263622046936_o.jpg?resize=525%2C300&ssl=1 1.5x, https:\/\/i0.wp.com\/www.grieta.org.mx\/wp-content\/uploads\/2018\/03\/14524434_1106112876131411_958039263622046936_o.jpg?resize=700%2C400&ssl=1 2x"},"classes":[]},{"id":18402,"url":"https:\/\/www.grieta.org.mx\/index.php\/2016\/07\/31\/dia-8-comparte-por-la-humanidad-cideci\/","url_meta":{"origin":19414,"position":3},"title":"D\u00eda 8 \u2013 CompARTE por la humanidad \u2013 Cideci (Audios)","author":"grieta","date":"31 julio, 2016","format":false,"excerpt":"Radio Zapatista Festival CompARTE por la humanidad 30 de julio de 2016 Cideci \/ Universidad de la Tierra Chiapas Sabado 30 de julio.- Jovel-San Crist\u00f3bal de Las Casas, Chiapas. Finaliza el Festival \u201ccompARTE por la Humanidad\u201d en CIDECI-Unitierra, con mucha alegr\u00eda, fiesta, colores y sabores se da por terminado el\u2026","rel":"","context":"En &quot;CINTILLO&quot;","block_context":{"text":"CINTILLO","link":"https:\/\/www.grieta.org.mx\/index.php\/category\/cintillo\/"},"img":{"alt_text":"","src":"https:\/\/i0.wp.com\/www.grieta.org.mx\/wp-content\/uploads\/2018\/03\/14524434_1106112876131411_958039263622046936_o.jpg?resize=350%2C200&ssl=1","width":350,"height":200,"srcset":"https:\/\/i0.wp.com\/www.grieta.org.mx\/wp-content\/uploads\/2018\/03\/14524434_1106112876131411_958039263622046936_o.jpg?resize=350%2C200&ssl=1 1x, https:\/\/i0.wp.com\/www.grieta.org.mx\/wp-content\/uploads\/2018\/03\/14524434_1106112876131411_958039263622046936_o.jpg?resize=525%2C300&ssl=1 1.5x, https:\/\/i0.wp.com\/www.grieta.org.mx\/wp-content\/uploads\/2018\/03\/14524434_1106112876131411_958039263622046936_o.jpg?resize=700%2C400&ssl=1 2x"},"classes":[]},{"id":18260,"url":"https:\/\/www.grieta.org.mx\/index.php\/2016\/07\/30\/orgullosamente-indigenas-y-zapatistas-dia-7-comparte-por-la-humanidad-oventic\/","url_meta":{"origin":19414,"position":4},"title":"Orgullosamente Ind\u00edgenas y Zapatistas.-D\u00eda 7 CompARTE por la humanidad Oventic (Audios)","author":"grieta","date":"30 julio, 2016","format":false,"excerpt":"Radio Zapatista Festival CompARTE por la humanidad 29 de julio de 2016 Oventic, Chiapas Orgullosamente Ind\u00edgenas y Zapatistas: Palabras de bienvenida del SubComandante Insurgente Mois\u00e9s: (Escucha el audio completo en la siguente direcci\u00f3n: https:\/\/www.centrodemedioslibres.org\/wp-content\/uploads\/2016\/07\/20160729SubMoisesBienvenidaCompArte.mp3) De la Regi\u00f3n Pancho Villa del municipio Sakamchen de los Pobres, poes\u00eda \u201cLa Resistencia\u201d: Canci\u00f3n \u201cLa\u2026","rel":"","context":"En &quot;CINTILLO&quot;","block_context":{"text":"CINTILLO","link":"https:\/\/www.grieta.org.mx\/index.php\/category\/cintillo\/"},"img":{"alt_text":"","src":"https:\/\/i0.wp.com\/www.grieta.org.mx\/wp-content\/uploads\/2018\/03\/14524434_1106112876131411_958039263622046936_o.jpg?resize=350%2C200&ssl=1","width":350,"height":200,"srcset":"https:\/\/i0.wp.com\/www.grieta.org.mx\/wp-content\/uploads\/2018\/03\/14524434_1106112876131411_958039263622046936_o.jpg?resize=350%2C200&ssl=1 1x, https:\/\/i0.wp.com\/www.grieta.org.mx\/wp-content\/uploads\/2018\/03\/14524434_1106112876131411_958039263622046936_o.jpg?resize=525%2C300&ssl=1 1.5x, https:\/\/i0.wp.com\/www.grieta.org.mx\/wp-content\/uploads\/2018\/03\/14524434_1106112876131411_958039263622046936_o.jpg?resize=700%2C400&ssl=1 2x"},"classes":[]},{"id":17636,"url":"https:\/\/www.grieta.org.mx\/index.php\/2016\/07\/24\/dia-2-comparte-por-la-humanidad-cideci\/","url_meta":{"origin":19414,"position":5},"title":"D\u00eda 2 \u2013 CompARTE por la humanidad \u2013 Cideci (Audios)","author":"grieta","date":"24 julio, 2016","format":false,"excerpt":"Radio Zapatista Festival CompARTE por la humanidad 24 de julio de 2016 Cideci \/ Universidad de la Tierra Chiapas Domingo 24 de julio.- Jovel-San Crist\u00f3bal de Las Casas, Chiapas. Durante este segundo d\u00eda del Festival #CompArte por la Humanidad continuaron las comparticiones por parte de los y las compa\u00f1eras que\u2026","rel":"","context":"En &quot;CINTILLO&quot;","block_context":{"text":"CINTILLO","link":"https:\/\/www.grieta.org.mx\/index.php\/category\/cintillo\/"},"img":{"alt_text":"","src":"https:\/\/i0.wp.com\/www.grieta.org.mx\/wp-content\/uploads\/2018\/03\/14524434_1106112876131411_958039263622046936_o.jpg?resize=350%2C200&ssl=1","width":350,"height":200,"srcset":"https:\/\/i0.wp.com\/www.grieta.org.mx\/wp-content\/uploads\/2018\/03\/14524434_1106112876131411_958039263622046936_o.jpg?resize=350%2C200&ssl=1 1x, https:\/\/i0.wp.com\/www.grieta.org.mx\/wp-content\/uploads\/2018\/03\/14524434_1106112876131411_958039263622046936_o.jpg?resize=525%2C300&ssl=1 1.5x, https:\/\/i0.wp.com\/www.grieta.org.mx\/wp-content\/uploads\/2018\/03\/14524434_1106112876131411_958039263622046936_o.jpg?resize=700%2C400&ssl=1 2x"},"classes":[]}],"_links":{"self":[{"href":"https:\/\/www.grieta.org.mx\/index.php\/wp-json\/wp\/v2\/posts\/19414","targetHints":{"allow":["GET"]}}],"collection":[{"href":"https:\/\/www.grieta.org.mx\/index.php\/wp-json\/wp\/v2\/posts"}],"about":[{"href":"https:\/\/www.grieta.org.mx\/index.php\/wp-json\/wp\/v2\/types\/post"}],"author":[{"embeddable":true,"href":"https:\/\/www.grieta.org.mx\/index.php\/wp-json\/wp\/v2\/users\/2"}],"replies":[{"embeddable":true,"href":"https:\/\/www.grieta.org.mx\/index.php\/wp-json\/wp\/v2\/comments?post=19414"}],"version-history":[{"count":1,"href":"https:\/\/www.grieta.org.mx\/index.php\/wp-json\/wp\/v2\/posts\/19414\/revisions"}],"predecessor-version":[{"id":19478,"href":"https:\/\/www.grieta.org.mx\/index.php\/wp-json\/wp\/v2\/posts\/19414\/revisions\/19478"}],"wp:featuredmedia":[{"embeddable":true,"href":"https:\/\/www.grieta.org.mx\/index.php\/wp-json\/wp\/v2\/media\/21928"}],"wp:attachment":[{"href":"https:\/\/www.grieta.org.mx\/index.php\/wp-json\/wp\/v2\/media?parent=19414"}],"wp:term":[{"taxonomy":"category","embeddable":true,"href":"https:\/\/www.grieta.org.mx\/index.php\/wp-json\/wp\/v2\/categories?post=19414"},{"taxonomy":"post_tag","embeddable":true,"href":"https:\/\/www.grieta.org.mx\/index.php\/wp-json\/wp\/v2\/tags?post=19414"}],"curies":[{"name":"wp","href":"https:\/\/api.w.org\/{rel}","templated":true}]}}