{"id":19371,"date":"2016-08-11T10:27:05","date_gmt":"2016-08-11T15:27:05","guid":{"rendered":"http:\/\/www.grieta.org.mx\/?p=19371"},"modified":"2016-08-12T10:27:52","modified_gmt":"2016-08-12T15:27:52","slug":"compa-arte-a-13-anos-de-autonomia-en-el-caracol-de-morelia","status":"publish","type":"post","link":"https:\/\/www.grieta.org.mx\/index.php\/2016\/08\/11\/compa-arte-a-13-anos-de-autonomia-en-el-caracol-de-morelia\/","title":{"rendered":"Compa Arte a 13 a\u00f1os de autonom\u00eda en el Caracol de Morelia"},"content":{"rendered":"<p><img loading=\"lazy\" decoding=\"async\" data-attachment-id=\"19375\" data-permalink=\"https:\/\/www.grieta.org.mx\/index.php\/2016\/08\/11\/compa-arte-a-13-anos-de-autonomia-en-el-caracol-de-morelia\/dsc_0325\/\" data-orig-file=\"https:\/\/www.grieta.org.mx\/wp-content\/uploads\/2016\/08\/dsc_0325.jpg\" data-orig-size=\"2000,1500\" data-comments-opened=\"0\" data-image-meta=\"{&quot;aperture&quot;:&quot;10&quot;,&quot;credit&quot;:&quot;&quot;,&quot;camera&quot;:&quot;NIKON D40&quot;,&quot;caption&quot;:&quot;&quot;,&quot;created_timestamp&quot;:&quot;1470770848&quot;,&quot;copyright&quot;:&quot;&quot;,&quot;focal_length&quot;:&quot;42&quot;,&quot;iso&quot;:&quot;200&quot;,&quot;shutter_speed&quot;:&quot;0.00625&quot;,&quot;title&quot;:&quot;&quot;,&quot;orientation&quot;:&quot;1&quot;}\" data-image-title=\"dsc_0325\" data-image-description=\"\" data-image-caption=\"\" data-medium-file=\"https:\/\/www.grieta.org.mx\/wp-content\/uploads\/2016\/08\/dsc_0325-300x225.jpg\" data-large-file=\"https:\/\/www.grieta.org.mx\/wp-content\/uploads\/2016\/08\/dsc_0325-1024x768.jpg\" class=\"aligncenter size-large wp-image-19375\" src=\"http:\/\/www.grieta.org.mx\/wp-content\/uploads\/2016\/08\/dsc_0325-1024x768.jpg\" alt=\"dsc_0325\" width=\"1024\" height=\"768\" srcset=\"https:\/\/www.grieta.org.mx\/wp-content\/uploads\/2016\/08\/dsc_0325-1024x768.jpg 1024w, https:\/\/www.grieta.org.mx\/wp-content\/uploads\/2016\/08\/dsc_0325-300x225.jpg 300w, https:\/\/www.grieta.org.mx\/wp-content\/uploads\/2016\/08\/dsc_0325-768x576.jpg 768w, https:\/\/www.grieta.org.mx\/wp-content\/uploads\/2016\/08\/dsc_0325.jpg 2000w\" sizes=\"auto, (max-width: 1024px) 100vw, 1024px\" \/><\/p>\n<p>Con m\u00fasica de mariachi, a las 9 de la ma\u00f1ana inici\u00f3 el comparte en el caracol de Morelia, con un discurso en donde se dec\u00eda que ellxs, los zapatistas, nunca m\u00e1s estar\u00e1n de rodillas, han construido la autonom\u00eda y el d\u00eda de hoy la celebraban con poemas, canciones, bailes, teatro y pinturas.<\/p>\n<div data-carousel-extra='{&quot;blog_id&quot;:1,&quot;permalink&quot;:&quot;https:\/\/www.grieta.org.mx\/index.php\/2016\/08\/11\/compa-arte-a-13-anos-de-autonomia-en-el-caracol-de-morelia\/&quot;}' id='gallery-1' class='gallery galleryid-19371 gallery-columns-1 gallery-size-full'><figure class='gallery-item'>\n\t\t\t<div class='gallery-icon landscape'>\n\t\t\t\t<a href='https:\/\/www.grieta.org.mx\/index.php\/2016\/08\/11\/compa-arte-a-13-anos-de-autonomia-en-el-caracol-de-morelia\/dsc_0170\/'><img loading=\"lazy\" decoding=\"async\" width=\"768\" height=\"511\" src=\"https:\/\/www.grieta.org.mx\/wp-content\/uploads\/2016\/08\/dsc_0170.jpg\" class=\"attachment-full size-full\" alt=\"\" srcset=\"https:\/\/www.grieta.org.mx\/wp-content\/uploads\/2016\/08\/dsc_0170.jpg 768w, https:\/\/www.grieta.org.mx\/wp-content\/uploads\/2016\/08\/dsc_0170-300x200.jpg 300w\" sizes=\"auto, (max-width: 768px) 100vw, 768px\" data-attachment-id=\"19376\" data-permalink=\"https:\/\/www.grieta.org.mx\/index.php\/2016\/08\/11\/compa-arte-a-13-anos-de-autonomia-en-el-caracol-de-morelia\/dsc_0170\/\" data-orig-file=\"https:\/\/www.grieta.org.mx\/wp-content\/uploads\/2016\/08\/dsc_0170.jpg\" data-orig-size=\"768,511\" data-comments-opened=\"0\" data-image-meta=\"{&quot;aperture&quot;:&quot;5.6&quot;,&quot;credit&quot;:&quot;&quot;,&quot;camera&quot;:&quot;NIKON D40&quot;,&quot;caption&quot;:&quot;&quot;,&quot;created_timestamp&quot;:&quot;1470752950&quot;,&quot;copyright&quot;:&quot;&quot;,&quot;focal_length&quot;:&quot;55&quot;,&quot;iso&quot;:&quot;200&quot;,&quot;shutter_speed&quot;:&quot;0.003125&quot;,&quot;title&quot;:&quot;&quot;,&quot;orientation&quot;:&quot;1&quot;}\" data-image-title=\"dsc_0170\" data-image-description=\"\" data-image-caption=\"\" data-medium-file=\"https:\/\/www.grieta.org.mx\/wp-content\/uploads\/2016\/08\/dsc_0170-300x200.jpg\" data-large-file=\"https:\/\/www.grieta.org.mx\/wp-content\/uploads\/2016\/08\/dsc_0170.jpg\" \/><\/a>\n\t\t\t<\/div><\/figure><figure class='gallery-item'>\n\t\t\t<div class='gallery-icon landscape'>\n\t\t\t\t<a href='https:\/\/www.grieta.org.mx\/index.php\/2016\/08\/11\/compa-arte-a-13-anos-de-autonomia-en-el-caracol-de-morelia\/dsc_0180\/'><img loading=\"lazy\" decoding=\"async\" width=\"768\" height=\"511\" src=\"https:\/\/www.grieta.org.mx\/wp-content\/uploads\/2016\/08\/dsc_0180.jpg\" class=\"attachment-full size-full\" alt=\"\" srcset=\"https:\/\/www.grieta.org.mx\/wp-content\/uploads\/2016\/08\/dsc_0180.jpg 768w, https:\/\/www.grieta.org.mx\/wp-content\/uploads\/2016\/08\/dsc_0180-300x200.jpg 300w\" sizes=\"auto, (max-width: 768px) 100vw, 768px\" data-attachment-id=\"19377\" data-permalink=\"https:\/\/www.grieta.org.mx\/index.php\/2016\/08\/11\/compa-arte-a-13-anos-de-autonomia-en-el-caracol-de-morelia\/dsc_0180\/\" data-orig-file=\"https:\/\/www.grieta.org.mx\/wp-content\/uploads\/2016\/08\/dsc_0180.jpg\" data-orig-size=\"768,511\" data-comments-opened=\"0\" data-image-meta=\"{&quot;aperture&quot;:&quot;5.6&quot;,&quot;credit&quot;:&quot;&quot;,&quot;camera&quot;:&quot;NIKON D40&quot;,&quot;caption&quot;:&quot;&quot;,&quot;created_timestamp&quot;:&quot;1470753738&quot;,&quot;copyright&quot;:&quot;&quot;,&quot;focal_length&quot;:&quot;55&quot;,&quot;iso&quot;:&quot;200&quot;,&quot;shutter_speed&quot;:&quot;0.0025&quot;,&quot;title&quot;:&quot;&quot;,&quot;orientation&quot;:&quot;1&quot;}\" data-image-title=\"dsc_0180\" data-image-description=\"\" data-image-caption=\"\" data-medium-file=\"https:\/\/www.grieta.org.mx\/wp-content\/uploads\/2016\/08\/dsc_0180-300x200.jpg\" data-large-file=\"https:\/\/www.grieta.org.mx\/wp-content\/uploads\/2016\/08\/dsc_0180.jpg\" \/><\/a>\n\t\t\t<\/div><\/figure><figure class='gallery-item'>\n\t\t\t<div class='gallery-icon landscape'>\n\t\t\t\t<a href='https:\/\/www.grieta.org.mx\/index.php\/2016\/08\/11\/compa-arte-a-13-anos-de-autonomia-en-el-caracol-de-morelia\/dsc_0181\/'><img loading=\"lazy\" decoding=\"async\" width=\"768\" height=\"511\" src=\"https:\/\/www.grieta.org.mx\/wp-content\/uploads\/2016\/08\/dsc_0181.jpg\" class=\"attachment-full size-full\" alt=\"\" srcset=\"https:\/\/www.grieta.org.mx\/wp-content\/uploads\/2016\/08\/dsc_0181.jpg 768w, https:\/\/www.grieta.org.mx\/wp-content\/uploads\/2016\/08\/dsc_0181-300x200.jpg 300w\" sizes=\"auto, (max-width: 768px) 100vw, 768px\" data-attachment-id=\"19378\" data-permalink=\"https:\/\/www.grieta.org.mx\/index.php\/2016\/08\/11\/compa-arte-a-13-anos-de-autonomia-en-el-caracol-de-morelia\/dsc_0181\/\" data-orig-file=\"https:\/\/www.grieta.org.mx\/wp-content\/uploads\/2016\/08\/dsc_0181.jpg\" data-orig-size=\"768,511\" data-comments-opened=\"0\" data-image-meta=\"{&quot;aperture&quot;:&quot;5.6&quot;,&quot;credit&quot;:&quot;&quot;,&quot;camera&quot;:&quot;NIKON D40&quot;,&quot;caption&quot;:&quot;&quot;,&quot;created_timestamp&quot;:&quot;1470753842&quot;,&quot;copyright&quot;:&quot;&quot;,&quot;focal_length&quot;:&quot;55&quot;,&quot;iso&quot;:&quot;200&quot;,&quot;shutter_speed&quot;:&quot;0.0025&quot;,&quot;title&quot;:&quot;&quot;,&quot;orientation&quot;:&quot;1&quot;}\" data-image-title=\"dsc_0181\" data-image-description=\"\" data-image-caption=\"\" data-medium-file=\"https:\/\/www.grieta.org.mx\/wp-content\/uploads\/2016\/08\/dsc_0181-300x200.jpg\" data-large-file=\"https:\/\/www.grieta.org.mx\/wp-content\/uploads\/2016\/08\/dsc_0181.jpg\" \/><\/a>\n\t\t\t<\/div><\/figure><figure class='gallery-item'>\n\t\t\t<div class='gallery-icon landscape'>\n\t\t\t\t<a href='https:\/\/www.grieta.org.mx\/index.php\/2016\/08\/11\/compa-arte-a-13-anos-de-autonomia-en-el-caracol-de-morelia\/dsc_0325-2\/'><img loading=\"lazy\" decoding=\"async\" width=\"2000\" height=\"1500\" src=\"https:\/\/www.grieta.org.mx\/wp-content\/uploads\/2016\/08\/dsc_0325-1.jpg\" class=\"attachment-full size-full\" alt=\"\" srcset=\"https:\/\/www.grieta.org.mx\/wp-content\/uploads\/2016\/08\/dsc_0325-1.jpg 2000w, https:\/\/www.grieta.org.mx\/wp-content\/uploads\/2016\/08\/dsc_0325-1-300x225.jpg 300w, https:\/\/www.grieta.org.mx\/wp-content\/uploads\/2016\/08\/dsc_0325-1-768x576.jpg 768w, https:\/\/www.grieta.org.mx\/wp-content\/uploads\/2016\/08\/dsc_0325-1-1024x768.jpg 1024w\" sizes=\"auto, (max-width: 2000px) 100vw, 2000px\" data-attachment-id=\"19379\" data-permalink=\"https:\/\/www.grieta.org.mx\/index.php\/2016\/08\/11\/compa-arte-a-13-anos-de-autonomia-en-el-caracol-de-morelia\/dsc_0325-2\/\" data-orig-file=\"https:\/\/www.grieta.org.mx\/wp-content\/uploads\/2016\/08\/dsc_0325-1.jpg\" data-orig-size=\"2000,1500\" data-comments-opened=\"0\" data-image-meta=\"{&quot;aperture&quot;:&quot;10&quot;,&quot;credit&quot;:&quot;&quot;,&quot;camera&quot;:&quot;NIKON D40&quot;,&quot;caption&quot;:&quot;&quot;,&quot;created_timestamp&quot;:&quot;1470770848&quot;,&quot;copyright&quot;:&quot;&quot;,&quot;focal_length&quot;:&quot;42&quot;,&quot;iso&quot;:&quot;200&quot;,&quot;shutter_speed&quot;:&quot;0.00625&quot;,&quot;title&quot;:&quot;&quot;,&quot;orientation&quot;:&quot;1&quot;}\" data-image-title=\"dsc_0325\" data-image-description=\"\" data-image-caption=\"\" data-medium-file=\"https:\/\/www.grieta.org.mx\/wp-content\/uploads\/2016\/08\/dsc_0325-1-300x225.jpg\" data-large-file=\"https:\/\/www.grieta.org.mx\/wp-content\/uploads\/2016\/08\/dsc_0325-1-1024x768.jpg\" \/><\/a>\n\t\t\t<\/div><\/figure>\n\t\t<\/div>\n\n<p>Bajo un sol intenso se presentaban versos que hablaban de sus demandas, de su resistencia, de su lucha, una obra de teatro explicaba como desde la \u00e9poca de los mayas, los ind\u00edgenas eran enga\u00f1ados por los conquistadores, para luego ser esclavizados y masacrados, en un segundo tiempo representaron como era la vida con los terratenientes que los despojaron de sus tierras y los obligaban a trabajar en las haciendas para los caciques, seguido de la lucha de Zapata por la liberaci\u00f3n y c\u00f3mo fue traicionado.<\/p>\n<div data-carousel-extra='{&quot;blog_id&quot;:1,&quot;permalink&quot;:&quot;https:\/\/www.grieta.org.mx\/index.php\/2016\/08\/11\/compa-arte-a-13-anos-de-autonomia-en-el-caracol-de-morelia\/&quot;}' id='gallery-2' class='gallery galleryid-19371 gallery-columns-1 gallery-size-full'><figure class='gallery-item'>\n\t\t\t<div class='gallery-icon landscape'>\n\t\t\t\t<a href='https:\/\/www.grieta.org.mx\/index.php\/2016\/08\/11\/compa-arte-a-13-anos-de-autonomia-en-el-caracol-de-morelia\/dsc_0083\/'><img loading=\"lazy\" decoding=\"async\" width=\"768\" height=\"511\" src=\"https:\/\/www.grieta.org.mx\/wp-content\/uploads\/2016\/08\/dsc_0083.jpg\" class=\"attachment-full size-full\" alt=\"\" srcset=\"https:\/\/www.grieta.org.mx\/wp-content\/uploads\/2016\/08\/dsc_0083.jpg 768w, https:\/\/www.grieta.org.mx\/wp-content\/uploads\/2016\/08\/dsc_0083-300x200.jpg 300w\" sizes=\"auto, (max-width: 768px) 100vw, 768px\" data-attachment-id=\"19380\" data-permalink=\"https:\/\/www.grieta.org.mx\/index.php\/2016\/08\/11\/compa-arte-a-13-anos-de-autonomia-en-el-caracol-de-morelia\/dsc_0083\/\" data-orig-file=\"https:\/\/www.grieta.org.mx\/wp-content\/uploads\/2016\/08\/dsc_0083.jpg\" data-orig-size=\"768,511\" data-comments-opened=\"0\" data-image-meta=\"{&quot;aperture&quot;:&quot;5&quot;,&quot;credit&quot;:&quot;&quot;,&quot;camera&quot;:&quot;NIKON D40&quot;,&quot;caption&quot;:&quot;&quot;,&quot;created_timestamp&quot;:&quot;1470742704&quot;,&quot;copyright&quot;:&quot;&quot;,&quot;focal_length&quot;:&quot;34&quot;,&quot;iso&quot;:&quot;200&quot;,&quot;shutter_speed&quot;:&quot;0.0025&quot;,&quot;title&quot;:&quot;&quot;,&quot;orientation&quot;:&quot;1&quot;}\" data-image-title=\"dsc_0083\" data-image-description=\"\" data-image-caption=\"\" data-medium-file=\"https:\/\/www.grieta.org.mx\/wp-content\/uploads\/2016\/08\/dsc_0083-300x200.jpg\" data-large-file=\"https:\/\/www.grieta.org.mx\/wp-content\/uploads\/2016\/08\/dsc_0083.jpg\" \/><\/a>\n\t\t\t<\/div><\/figure><figure class='gallery-item'>\n\t\t\t<div class='gallery-icon landscape'>\n\t\t\t\t<a href='https:\/\/www.grieta.org.mx\/index.php\/2016\/08\/11\/compa-arte-a-13-anos-de-autonomia-en-el-caracol-de-morelia\/dsc_0105\/'><img loading=\"lazy\" decoding=\"async\" width=\"768\" height=\"511\" src=\"https:\/\/www.grieta.org.mx\/wp-content\/uploads\/2016\/08\/dsc_0105.jpg\" class=\"attachment-full size-full\" alt=\"\" srcset=\"https:\/\/www.grieta.org.mx\/wp-content\/uploads\/2016\/08\/dsc_0105.jpg 768w, https:\/\/www.grieta.org.mx\/wp-content\/uploads\/2016\/08\/dsc_0105-300x200.jpg 300w\" sizes=\"auto, (max-width: 768px) 100vw, 768px\" data-attachment-id=\"19381\" data-permalink=\"https:\/\/www.grieta.org.mx\/index.php\/2016\/08\/11\/compa-arte-a-13-anos-de-autonomia-en-el-caracol-de-morelia\/dsc_0105\/\" data-orig-file=\"https:\/\/www.grieta.org.mx\/wp-content\/uploads\/2016\/08\/dsc_0105.jpg\" data-orig-size=\"768,511\" data-comments-opened=\"0\" data-image-meta=\"{&quot;aperture&quot;:&quot;5.6&quot;,&quot;credit&quot;:&quot;&quot;,&quot;camera&quot;:&quot;NIKON D40&quot;,&quot;caption&quot;:&quot;&quot;,&quot;created_timestamp&quot;:&quot;1470743405&quot;,&quot;copyright&quot;:&quot;&quot;,&quot;focal_length&quot;:&quot;55&quot;,&quot;iso&quot;:&quot;200&quot;,&quot;shutter_speed&quot;:&quot;0.0025&quot;,&quot;title&quot;:&quot;&quot;,&quot;orientation&quot;:&quot;1&quot;}\" data-image-title=\"dsc_0105\" data-image-description=\"\" data-image-caption=\"\" data-medium-file=\"https:\/\/www.grieta.org.mx\/wp-content\/uploads\/2016\/08\/dsc_0105-300x200.jpg\" data-large-file=\"https:\/\/www.grieta.org.mx\/wp-content\/uploads\/2016\/08\/dsc_0105.jpg\" \/><\/a>\n\t\t\t<\/div><\/figure><figure class='gallery-item'>\n\t\t\t<div class='gallery-icon landscape'>\n\t\t\t\t<a href='https:\/\/www.grieta.org.mx\/index.php\/2016\/08\/11\/compa-arte-a-13-anos-de-autonomia-en-el-caracol-de-morelia\/dsc_0112\/'><img loading=\"lazy\" decoding=\"async\" width=\"768\" height=\"511\" src=\"https:\/\/www.grieta.org.mx\/wp-content\/uploads\/2016\/08\/dsc_0112.jpg\" class=\"attachment-full size-full\" alt=\"\" srcset=\"https:\/\/www.grieta.org.mx\/wp-content\/uploads\/2016\/08\/dsc_0112.jpg 768w, https:\/\/www.grieta.org.mx\/wp-content\/uploads\/2016\/08\/dsc_0112-300x200.jpg 300w\" sizes=\"auto, (max-width: 768px) 100vw, 768px\" data-attachment-id=\"19382\" data-permalink=\"https:\/\/www.grieta.org.mx\/index.php\/2016\/08\/11\/compa-arte-a-13-anos-de-autonomia-en-el-caracol-de-morelia\/dsc_0112\/\" data-orig-file=\"https:\/\/www.grieta.org.mx\/wp-content\/uploads\/2016\/08\/dsc_0112.jpg\" data-orig-size=\"768,511\" data-comments-opened=\"0\" data-image-meta=\"{&quot;aperture&quot;:&quot;5.6&quot;,&quot;credit&quot;:&quot;&quot;,&quot;camera&quot;:&quot;NIKON D40&quot;,&quot;caption&quot;:&quot;&quot;,&quot;created_timestamp&quot;:&quot;1470744089&quot;,&quot;copyright&quot;:&quot;&quot;,&quot;focal_length&quot;:&quot;55&quot;,&quot;iso&quot;:&quot;200&quot;,&quot;shutter_speed&quot;:&quot;0.0025&quot;,&quot;title&quot;:&quot;&quot;,&quot;orientation&quot;:&quot;1&quot;}\" data-image-title=\"dsc_0112\" data-image-description=\"\" data-image-caption=\"\" data-medium-file=\"https:\/\/www.grieta.org.mx\/wp-content\/uploads\/2016\/08\/dsc_0112-300x200.jpg\" data-large-file=\"https:\/\/www.grieta.org.mx\/wp-content\/uploads\/2016\/08\/dsc_0112.jpg\" \/><\/a>\n\t\t\t<\/div><\/figure><figure class='gallery-item'>\n\t\t\t<div class='gallery-icon landscape'>\n\t\t\t\t<a href='https:\/\/www.grieta.org.mx\/index.php\/2016\/08\/11\/compa-arte-a-13-anos-de-autonomia-en-el-caracol-de-morelia\/dsc_0149\/'><img loading=\"lazy\" decoding=\"async\" width=\"768\" height=\"511\" src=\"https:\/\/www.grieta.org.mx\/wp-content\/uploads\/2016\/08\/dsc_0149.jpg\" class=\"attachment-full size-full\" alt=\"\" srcset=\"https:\/\/www.grieta.org.mx\/wp-content\/uploads\/2016\/08\/dsc_0149.jpg 768w, https:\/\/www.grieta.org.mx\/wp-content\/uploads\/2016\/08\/dsc_0149-300x200.jpg 300w\" sizes=\"auto, (max-width: 768px) 100vw, 768px\" data-attachment-id=\"19383\" data-permalink=\"https:\/\/www.grieta.org.mx\/index.php\/2016\/08\/11\/compa-arte-a-13-anos-de-autonomia-en-el-caracol-de-morelia\/dsc_0149\/\" data-orig-file=\"https:\/\/www.grieta.org.mx\/wp-content\/uploads\/2016\/08\/dsc_0149.jpg\" data-orig-size=\"768,511\" data-comments-opened=\"0\" data-image-meta=\"{&quot;aperture&quot;:&quot;5.6&quot;,&quot;credit&quot;:&quot;&quot;,&quot;camera&quot;:&quot;NIKON D40&quot;,&quot;caption&quot;:&quot;&quot;,&quot;created_timestamp&quot;:&quot;1470747831&quot;,&quot;copyright&quot;:&quot;&quot;,&quot;focal_length&quot;:&quot;55&quot;,&quot;iso&quot;:&quot;200&quot;,&quot;shutter_speed&quot;:&quot;0.003125&quot;,&quot;title&quot;:&quot;&quot;,&quot;orientation&quot;:&quot;1&quot;}\" data-image-title=\"dsc_0149\" data-image-description=\"\" data-image-caption=\"\" data-medium-file=\"https:\/\/www.grieta.org.mx\/wp-content\/uploads\/2016\/08\/dsc_0149-300x200.jpg\" data-large-file=\"https:\/\/www.grieta.org.mx\/wp-content\/uploads\/2016\/08\/dsc_0149.jpg\" \/><\/a>\n\t\t\t<\/div><\/figure><figure class='gallery-item'>\n\t\t\t<div class='gallery-icon landscape'>\n\t\t\t\t<a href='https:\/\/www.grieta.org.mx\/index.php\/2016\/08\/11\/compa-arte-a-13-anos-de-autonomia-en-el-caracol-de-morelia\/dsc_0274\/'><img loading=\"lazy\" decoding=\"async\" width=\"768\" height=\"511\" src=\"https:\/\/www.grieta.org.mx\/wp-content\/uploads\/2016\/08\/dsc_0274.jpg\" class=\"attachment-full size-full\" alt=\"\" srcset=\"https:\/\/www.grieta.org.mx\/wp-content\/uploads\/2016\/08\/dsc_0274.jpg 768w, https:\/\/www.grieta.org.mx\/wp-content\/uploads\/2016\/08\/dsc_0274-300x200.jpg 300w\" sizes=\"auto, (max-width: 768px) 100vw, 768px\" data-attachment-id=\"19384\" data-permalink=\"https:\/\/www.grieta.org.mx\/index.php\/2016\/08\/11\/compa-arte-a-13-anos-de-autonomia-en-el-caracol-de-morelia\/dsc_0274\/\" data-orig-file=\"https:\/\/www.grieta.org.mx\/wp-content\/uploads\/2016\/08\/dsc_0274.jpg\" data-orig-size=\"768,511\" data-comments-opened=\"0\" data-image-meta=\"{&quot;aperture&quot;:&quot;10&quot;,&quot;credit&quot;:&quot;&quot;,&quot;camera&quot;:&quot;NIKON D40&quot;,&quot;caption&quot;:&quot;&quot;,&quot;created_timestamp&quot;:&quot;1470759087&quot;,&quot;copyright&quot;:&quot;&quot;,&quot;focal_length&quot;:&quot;28&quot;,&quot;iso&quot;:&quot;200&quot;,&quot;shutter_speed&quot;:&quot;0.008&quot;,&quot;title&quot;:&quot;&quot;,&quot;orientation&quot;:&quot;1&quot;}\" data-image-title=\"dsc_0274\" data-image-description=\"\" data-image-caption=\"\" data-medium-file=\"https:\/\/www.grieta.org.mx\/wp-content\/uploads\/2016\/08\/dsc_0274-300x200.jpg\" data-large-file=\"https:\/\/www.grieta.org.mx\/wp-content\/uploads\/2016\/08\/dsc_0274.jpg\" \/><\/a>\n\t\t\t<\/div><\/figure><figure class='gallery-item'>\n\t\t\t<div class='gallery-icon landscape'>\n\t\t\t\t<a href='https:\/\/www.grieta.org.mx\/index.php\/2016\/08\/11\/compa-arte-a-13-anos-de-autonomia-en-el-caracol-de-morelia\/dsc_0344\/'><img loading=\"lazy\" decoding=\"async\" width=\"768\" height=\"511\" src=\"https:\/\/www.grieta.org.mx\/wp-content\/uploads\/2016\/08\/dsc_0344.jpg\" class=\"attachment-full size-full\" alt=\"\" srcset=\"https:\/\/www.grieta.org.mx\/wp-content\/uploads\/2016\/08\/dsc_0344.jpg 768w, https:\/\/www.grieta.org.mx\/wp-content\/uploads\/2016\/08\/dsc_0344-300x200.jpg 300w\" sizes=\"auto, (max-width: 768px) 100vw, 768px\" data-attachment-id=\"19385\" data-permalink=\"https:\/\/www.grieta.org.mx\/index.php\/2016\/08\/11\/compa-arte-a-13-anos-de-autonomia-en-el-caracol-de-morelia\/dsc_0344\/\" data-orig-file=\"https:\/\/www.grieta.org.mx\/wp-content\/uploads\/2016\/08\/dsc_0344.jpg\" data-orig-size=\"768,511\" data-comments-opened=\"0\" data-image-meta=\"{&quot;aperture&quot;:&quot;7.1&quot;,&quot;credit&quot;:&quot;&quot;,&quot;camera&quot;:&quot;NIKON D40&quot;,&quot;caption&quot;:&quot;&quot;,&quot;created_timestamp&quot;:&quot;1470772809&quot;,&quot;copyright&quot;:&quot;&quot;,&quot;focal_length&quot;:&quot;18&quot;,&quot;iso&quot;:&quot;200&quot;,&quot;shutter_speed&quot;:&quot;0.016666666666667&quot;,&quot;title&quot;:&quot;&quot;,&quot;orientation&quot;:&quot;1&quot;}\" data-image-title=\"dsc_0344\" data-image-description=\"\" data-image-caption=\"\" data-medium-file=\"https:\/\/www.grieta.org.mx\/wp-content\/uploads\/2016\/08\/dsc_0344-300x200.jpg\" data-large-file=\"https:\/\/www.grieta.org.mx\/wp-content\/uploads\/2016\/08\/dsc_0344.jpg\" \/><\/a>\n\t\t\t<\/div><\/figure>\n\t\t<\/div>\n\n<p>Siguieron los poemas, las canciones y las pinturas que explicaban su autonom\u00eda, los proyectos cooperativos, como se organizan y como conviven con sus hermanos partidistas que reciben proyectos como \u201cvivienda digna\u201d, \u201cpiso firme\u201d y televisiones que lo que hace, adem\u00e1s de querer romper la organizaci\u00f3n zapatista, reparten privilegios, enga\u00f1an a los ind\u00edgenas para que no trabajen la tierra, y sigan dependiendo de los malos gobiernos.<\/p>\n<div data-carousel-extra='{&quot;blog_id&quot;:1,&quot;permalink&quot;:&quot;https:\/\/www.grieta.org.mx\/index.php\/2016\/08\/11\/compa-arte-a-13-anos-de-autonomia-en-el-caracol-de-morelia\/&quot;}' id='gallery-3' class='gallery galleryid-19371 gallery-columns-1 gallery-size-full'><figure class='gallery-item'>\n\t\t\t<div class='gallery-icon landscape'>\n\t\t\t\t<a href='https:\/\/www.grieta.org.mx\/index.php\/2016\/08\/11\/compa-arte-a-13-anos-de-autonomia-en-el-caracol-de-morelia\/dsc_0124\/'><img loading=\"lazy\" decoding=\"async\" width=\"768\" height=\"511\" src=\"https:\/\/www.grieta.org.mx\/wp-content\/uploads\/2016\/08\/dsc_0124.jpg\" class=\"attachment-full size-full\" alt=\"\" srcset=\"https:\/\/www.grieta.org.mx\/wp-content\/uploads\/2016\/08\/dsc_0124.jpg 768w, https:\/\/www.grieta.org.mx\/wp-content\/uploads\/2016\/08\/dsc_0124-300x200.jpg 300w\" sizes=\"auto, (max-width: 768px) 100vw, 768px\" data-attachment-id=\"19386\" data-permalink=\"https:\/\/www.grieta.org.mx\/index.php\/2016\/08\/11\/compa-arte-a-13-anos-de-autonomia-en-el-caracol-de-morelia\/dsc_0124\/\" data-orig-file=\"https:\/\/www.grieta.org.mx\/wp-content\/uploads\/2016\/08\/dsc_0124.jpg\" data-orig-size=\"768,511\" data-comments-opened=\"0\" data-image-meta=\"{&quot;aperture&quot;:&quot;5.6&quot;,&quot;credit&quot;:&quot;&quot;,&quot;camera&quot;:&quot;NIKON D40&quot;,&quot;caption&quot;:&quot;&quot;,&quot;created_timestamp&quot;:&quot;1470745671&quot;,&quot;copyright&quot;:&quot;&quot;,&quot;focal_length&quot;:&quot;55&quot;,&quot;iso&quot;:&quot;200&quot;,&quot;shutter_speed&quot;:&quot;0.00625&quot;,&quot;title&quot;:&quot;&quot;,&quot;orientation&quot;:&quot;1&quot;}\" data-image-title=\"dsc_0124\" data-image-description=\"\" data-image-caption=\"\" data-medium-file=\"https:\/\/www.grieta.org.mx\/wp-content\/uploads\/2016\/08\/dsc_0124-300x200.jpg\" data-large-file=\"https:\/\/www.grieta.org.mx\/wp-content\/uploads\/2016\/08\/dsc_0124.jpg\" \/><\/a>\n\t\t\t<\/div><\/figure><figure class='gallery-item'>\n\t\t\t<div class='gallery-icon landscape'>\n\t\t\t\t<a href='https:\/\/www.grieta.org.mx\/index.php\/2016\/08\/11\/compa-arte-a-13-anos-de-autonomia-en-el-caracol-de-morelia\/dsc_0156\/'><img loading=\"lazy\" decoding=\"async\" width=\"768\" height=\"511\" src=\"https:\/\/www.grieta.org.mx\/wp-content\/uploads\/2016\/08\/dsc_0156.jpg\" class=\"attachment-full size-full\" alt=\"\" srcset=\"https:\/\/www.grieta.org.mx\/wp-content\/uploads\/2016\/08\/dsc_0156.jpg 768w, https:\/\/www.grieta.org.mx\/wp-content\/uploads\/2016\/08\/dsc_0156-300x200.jpg 300w\" sizes=\"auto, (max-width: 768px) 100vw, 768px\" data-attachment-id=\"19387\" data-permalink=\"https:\/\/www.grieta.org.mx\/index.php\/2016\/08\/11\/compa-arte-a-13-anos-de-autonomia-en-el-caracol-de-morelia\/dsc_0156\/\" data-orig-file=\"https:\/\/www.grieta.org.mx\/wp-content\/uploads\/2016\/08\/dsc_0156.jpg\" data-orig-size=\"768,511\" data-comments-opened=\"0\" data-image-meta=\"{&quot;aperture&quot;:&quot;5.6&quot;,&quot;credit&quot;:&quot;&quot;,&quot;camera&quot;:&quot;NIKON D40&quot;,&quot;caption&quot;:&quot;&quot;,&quot;created_timestamp&quot;:&quot;1470748412&quot;,&quot;copyright&quot;:&quot;&quot;,&quot;focal_length&quot;:&quot;55&quot;,&quot;iso&quot;:&quot;200&quot;,&quot;shutter_speed&quot;:&quot;0.0015625&quot;,&quot;title&quot;:&quot;&quot;,&quot;orientation&quot;:&quot;1&quot;}\" data-image-title=\"dsc_0156\" data-image-description=\"\" data-image-caption=\"\" data-medium-file=\"https:\/\/www.grieta.org.mx\/wp-content\/uploads\/2016\/08\/dsc_0156-300x200.jpg\" data-large-file=\"https:\/\/www.grieta.org.mx\/wp-content\/uploads\/2016\/08\/dsc_0156.jpg\" \/><\/a>\n\t\t\t<\/div><\/figure><figure class='gallery-item'>\n\t\t\t<div class='gallery-icon landscape'>\n\t\t\t\t<a href='https:\/\/www.grieta.org.mx\/index.php\/2016\/08\/11\/compa-arte-a-13-anos-de-autonomia-en-el-caracol-de-morelia\/dsc_0160\/'><img loading=\"lazy\" decoding=\"async\" width=\"768\" height=\"511\" src=\"https:\/\/www.grieta.org.mx\/wp-content\/uploads\/2016\/08\/dsc_0160.jpg\" class=\"attachment-full size-full\" alt=\"\" srcset=\"https:\/\/www.grieta.org.mx\/wp-content\/uploads\/2016\/08\/dsc_0160.jpg 768w, https:\/\/www.grieta.org.mx\/wp-content\/uploads\/2016\/08\/dsc_0160-300x200.jpg 300w\" sizes=\"auto, (max-width: 768px) 100vw, 768px\" data-attachment-id=\"19388\" data-permalink=\"https:\/\/www.grieta.org.mx\/index.php\/2016\/08\/11\/compa-arte-a-13-anos-de-autonomia-en-el-caracol-de-morelia\/dsc_0160\/\" data-orig-file=\"https:\/\/www.grieta.org.mx\/wp-content\/uploads\/2016\/08\/dsc_0160.jpg\" data-orig-size=\"768,511\" data-comments-opened=\"0\" data-image-meta=\"{&quot;aperture&quot;:&quot;5.6&quot;,&quot;credit&quot;:&quot;&quot;,&quot;camera&quot;:&quot;NIKON D40&quot;,&quot;caption&quot;:&quot;&quot;,&quot;created_timestamp&quot;:&quot;1470751781&quot;,&quot;copyright&quot;:&quot;&quot;,&quot;focal_length&quot;:&quot;55&quot;,&quot;iso&quot;:&quot;200&quot;,&quot;shutter_speed&quot;:&quot;0.002&quot;,&quot;title&quot;:&quot;&quot;,&quot;orientation&quot;:&quot;1&quot;}\" data-image-title=\"dsc_0160\" data-image-description=\"\" data-image-caption=\"\" data-medium-file=\"https:\/\/www.grieta.org.mx\/wp-content\/uploads\/2016\/08\/dsc_0160-300x200.jpg\" data-large-file=\"https:\/\/www.grieta.org.mx\/wp-content\/uploads\/2016\/08\/dsc_0160.jpg\" \/><\/a>\n\t\t\t<\/div><\/figure><figure class='gallery-item'>\n\t\t\t<div class='gallery-icon landscape'>\n\t\t\t\t<a href='https:\/\/www.grieta.org.mx\/index.php\/2016\/08\/11\/compa-arte-a-13-anos-de-autonomia-en-el-caracol-de-morelia\/dsc_0162\/'><img loading=\"lazy\" decoding=\"async\" width=\"768\" height=\"511\" src=\"https:\/\/www.grieta.org.mx\/wp-content\/uploads\/2016\/08\/dsc_0162.jpg\" class=\"attachment-full size-full\" alt=\"\" srcset=\"https:\/\/www.grieta.org.mx\/wp-content\/uploads\/2016\/08\/dsc_0162.jpg 768w, https:\/\/www.grieta.org.mx\/wp-content\/uploads\/2016\/08\/dsc_0162-300x200.jpg 300w\" sizes=\"auto, (max-width: 768px) 100vw, 768px\" data-attachment-id=\"19389\" data-permalink=\"https:\/\/www.grieta.org.mx\/index.php\/2016\/08\/11\/compa-arte-a-13-anos-de-autonomia-en-el-caracol-de-morelia\/dsc_0162\/\" data-orig-file=\"https:\/\/www.grieta.org.mx\/wp-content\/uploads\/2016\/08\/dsc_0162.jpg\" data-orig-size=\"768,511\" data-comments-opened=\"0\" data-image-meta=\"{&quot;aperture&quot;:&quot;5.6&quot;,&quot;credit&quot;:&quot;&quot;,&quot;camera&quot;:&quot;NIKON D40&quot;,&quot;caption&quot;:&quot;&quot;,&quot;created_timestamp&quot;:&quot;1470751958&quot;,&quot;copyright&quot;:&quot;&quot;,&quot;focal_length&quot;:&quot;55&quot;,&quot;iso&quot;:&quot;200&quot;,&quot;shutter_speed&quot;:&quot;0.004&quot;,&quot;title&quot;:&quot;&quot;,&quot;orientation&quot;:&quot;1&quot;}\" data-image-title=\"dsc_0162\" data-image-description=\"\" data-image-caption=\"\" data-medium-file=\"https:\/\/www.grieta.org.mx\/wp-content\/uploads\/2016\/08\/dsc_0162-300x200.jpg\" data-large-file=\"https:\/\/www.grieta.org.mx\/wp-content\/uploads\/2016\/08\/dsc_0162.jpg\" \/><\/a>\n\t\t\t<\/div><\/figure><figure class='gallery-item'>\n\t\t\t<div class='gallery-icon landscape'>\n\t\t\t\t<a href='https:\/\/www.grieta.org.mx\/index.php\/2016\/08\/11\/compa-arte-a-13-anos-de-autonomia-en-el-caracol-de-morelia\/dsc_0164\/'><img loading=\"lazy\" decoding=\"async\" width=\"768\" height=\"511\" src=\"https:\/\/www.grieta.org.mx\/wp-content\/uploads\/2016\/08\/dsc_0164.jpg\" class=\"attachment-full size-full\" alt=\"\" srcset=\"https:\/\/www.grieta.org.mx\/wp-content\/uploads\/2016\/08\/dsc_0164.jpg 768w, https:\/\/www.grieta.org.mx\/wp-content\/uploads\/2016\/08\/dsc_0164-300x200.jpg 300w\" sizes=\"auto, (max-width: 768px) 100vw, 768px\" data-attachment-id=\"19390\" data-permalink=\"https:\/\/www.grieta.org.mx\/index.php\/2016\/08\/11\/compa-arte-a-13-anos-de-autonomia-en-el-caracol-de-morelia\/dsc_0164\/\" data-orig-file=\"https:\/\/www.grieta.org.mx\/wp-content\/uploads\/2016\/08\/dsc_0164.jpg\" data-orig-size=\"768,511\" data-comments-opened=\"0\" data-image-meta=\"{&quot;aperture&quot;:&quot;5.3&quot;,&quot;credit&quot;:&quot;&quot;,&quot;camera&quot;:&quot;NIKON D40&quot;,&quot;caption&quot;:&quot;&quot;,&quot;created_timestamp&quot;:&quot;1470752097&quot;,&quot;copyright&quot;:&quot;&quot;,&quot;focal_length&quot;:&quot;45&quot;,&quot;iso&quot;:&quot;200&quot;,&quot;shutter_speed&quot;:&quot;0.0015625&quot;,&quot;title&quot;:&quot;&quot;,&quot;orientation&quot;:&quot;1&quot;}\" data-image-title=\"dsc_0164\" data-image-description=\"\" data-image-caption=\"\" data-medium-file=\"https:\/\/www.grieta.org.mx\/wp-content\/uploads\/2016\/08\/dsc_0164-300x200.jpg\" data-large-file=\"https:\/\/www.grieta.org.mx\/wp-content\/uploads\/2016\/08\/dsc_0164.jpg\" \/><\/a>\n\t\t\t<\/div><\/figure><figure class='gallery-item'>\n\t\t\t<div class='gallery-icon landscape'>\n\t\t\t\t<a href='https:\/\/www.grieta.org.mx\/index.php\/2016\/08\/11\/compa-arte-a-13-anos-de-autonomia-en-el-caracol-de-morelia\/dsc_0181-2\/'><img loading=\"lazy\" decoding=\"async\" width=\"768\" height=\"511\" src=\"https:\/\/www.grieta.org.mx\/wp-content\/uploads\/2016\/08\/dsc_0181-1.jpg\" class=\"attachment-full size-full\" alt=\"\" srcset=\"https:\/\/www.grieta.org.mx\/wp-content\/uploads\/2016\/08\/dsc_0181-1.jpg 768w, https:\/\/www.grieta.org.mx\/wp-content\/uploads\/2016\/08\/dsc_0181-1-300x200.jpg 300w\" sizes=\"auto, (max-width: 768px) 100vw, 768px\" data-attachment-id=\"19391\" data-permalink=\"https:\/\/www.grieta.org.mx\/index.php\/2016\/08\/11\/compa-arte-a-13-anos-de-autonomia-en-el-caracol-de-morelia\/dsc_0181-2\/\" data-orig-file=\"https:\/\/www.grieta.org.mx\/wp-content\/uploads\/2016\/08\/dsc_0181-1.jpg\" data-orig-size=\"768,511\" data-comments-opened=\"0\" data-image-meta=\"{&quot;aperture&quot;:&quot;5.6&quot;,&quot;credit&quot;:&quot;&quot;,&quot;camera&quot;:&quot;NIKON D40&quot;,&quot;caption&quot;:&quot;&quot;,&quot;created_timestamp&quot;:&quot;1470753842&quot;,&quot;copyright&quot;:&quot;&quot;,&quot;focal_length&quot;:&quot;55&quot;,&quot;iso&quot;:&quot;200&quot;,&quot;shutter_speed&quot;:&quot;0.0025&quot;,&quot;title&quot;:&quot;&quot;,&quot;orientation&quot;:&quot;1&quot;}\" data-image-title=\"dsc_0181\" data-image-description=\"\" data-image-caption=\"\" data-medium-file=\"https:\/\/www.grieta.org.mx\/wp-content\/uploads\/2016\/08\/dsc_0181-1-300x200.jpg\" data-large-file=\"https:\/\/www.grieta.org.mx\/wp-content\/uploads\/2016\/08\/dsc_0181-1.jpg\" \/><\/a>\n\t\t\t<\/div><\/figure><figure class='gallery-item'>\n\t\t\t<div class='gallery-icon landscape'>\n\t\t\t\t<a href='https:\/\/www.grieta.org.mx\/index.php\/2016\/08\/11\/compa-arte-a-13-anos-de-autonomia-en-el-caracol-de-morelia\/dsc_0315\/'><img loading=\"lazy\" decoding=\"async\" width=\"768\" height=\"511\" src=\"https:\/\/www.grieta.org.mx\/wp-content\/uploads\/2016\/08\/dsc_0315.jpg\" class=\"attachment-full size-full\" alt=\"\" srcset=\"https:\/\/www.grieta.org.mx\/wp-content\/uploads\/2016\/08\/dsc_0315.jpg 768w, https:\/\/www.grieta.org.mx\/wp-content\/uploads\/2016\/08\/dsc_0315-300x200.jpg 300w\" sizes=\"auto, (max-width: 768px) 100vw, 768px\" data-attachment-id=\"19392\" data-permalink=\"https:\/\/www.grieta.org.mx\/index.php\/2016\/08\/11\/compa-arte-a-13-anos-de-autonomia-en-el-caracol-de-morelia\/dsc_0315\/\" data-orig-file=\"https:\/\/www.grieta.org.mx\/wp-content\/uploads\/2016\/08\/dsc_0315.jpg\" data-orig-size=\"768,511\" data-comments-opened=\"0\" data-image-meta=\"{&quot;aperture&quot;:&quot;10&quot;,&quot;credit&quot;:&quot;&quot;,&quot;camera&quot;:&quot;NIKON D40&quot;,&quot;caption&quot;:&quot;&quot;,&quot;created_timestamp&quot;:&quot;1470770355&quot;,&quot;copyright&quot;:&quot;&quot;,&quot;focal_length&quot;:&quot;55&quot;,&quot;iso&quot;:&quot;200&quot;,&quot;shutter_speed&quot;:&quot;0.00625&quot;,&quot;title&quot;:&quot;&quot;,&quot;orientation&quot;:&quot;1&quot;}\" data-image-title=\"dsc_0315\" data-image-description=\"\" data-image-caption=\"\" data-medium-file=\"https:\/\/www.grieta.org.mx\/wp-content\/uploads\/2016\/08\/dsc_0315-300x200.jpg\" data-large-file=\"https:\/\/www.grieta.org.mx\/wp-content\/uploads\/2016\/08\/dsc_0315.jpg\" \/><\/a>\n\t\t\t<\/div><\/figure>\n\t\t<\/div>\n\n<p>Tambi\u00e9n representaron como se form\u00f3 el EZLN de los malos tratos que recib\u00edan los ind\u00edgenas, que no ten\u00edan derechos, que eran explotados, despojados, humillados, como los embrutec\u00edan con alcohol en las tiendas de raya donde les quitaban sus pocos salarios, c\u00f3mo la organizaci\u00f3n creci\u00f3 hasta lo que en su momento se llam\u00f3 la sociedad civil.<\/p>\n<div data-carousel-extra='{&quot;blog_id&quot;:1,&quot;permalink&quot;:&quot;https:\/\/www.grieta.org.mx\/index.php\/2016\/08\/11\/compa-arte-a-13-anos-de-autonomia-en-el-caracol-de-morelia\/&quot;}' id='gallery-4' class='gallery galleryid-19371 gallery-columns-1 gallery-size-full'><figure class='gallery-item'>\n\t\t\t<div class='gallery-icon landscape'>\n\t\t\t\t<a href='https:\/\/www.grieta.org.mx\/index.php\/2016\/08\/11\/compa-arte-a-13-anos-de-autonomia-en-el-caracol-de-morelia\/dsc_0208\/'><img loading=\"lazy\" decoding=\"async\" width=\"768\" height=\"511\" src=\"https:\/\/www.grieta.org.mx\/wp-content\/uploads\/2016\/08\/dsc_0208.jpg\" class=\"attachment-full size-full\" alt=\"\" srcset=\"https:\/\/www.grieta.org.mx\/wp-content\/uploads\/2016\/08\/dsc_0208.jpg 768w, https:\/\/www.grieta.org.mx\/wp-content\/uploads\/2016\/08\/dsc_0208-300x200.jpg 300w\" sizes=\"auto, (max-width: 768px) 100vw, 768px\" data-attachment-id=\"19393\" data-permalink=\"https:\/\/www.grieta.org.mx\/index.php\/2016\/08\/11\/compa-arte-a-13-anos-de-autonomia-en-el-caracol-de-morelia\/dsc_0208\/\" data-orig-file=\"https:\/\/www.grieta.org.mx\/wp-content\/uploads\/2016\/08\/dsc_0208.jpg\" data-orig-size=\"768,511\" data-comments-opened=\"0\" data-image-meta=\"{&quot;aperture&quot;:&quot;5.3&quot;,&quot;credit&quot;:&quot;&quot;,&quot;camera&quot;:&quot;NIKON D40&quot;,&quot;caption&quot;:&quot;&quot;,&quot;created_timestamp&quot;:&quot;1470754640&quot;,&quot;copyright&quot;:&quot;&quot;,&quot;focal_length&quot;:&quot;46&quot;,&quot;iso&quot;:&quot;200&quot;,&quot;shutter_speed&quot;:&quot;0.0015625&quot;,&quot;title&quot;:&quot;&quot;,&quot;orientation&quot;:&quot;1&quot;}\" data-image-title=\"dsc_0208\" data-image-description=\"\" data-image-caption=\"\" data-medium-file=\"https:\/\/www.grieta.org.mx\/wp-content\/uploads\/2016\/08\/dsc_0208-300x200.jpg\" data-large-file=\"https:\/\/www.grieta.org.mx\/wp-content\/uploads\/2016\/08\/dsc_0208.jpg\" \/><\/a>\n\t\t\t<\/div><\/figure><figure class='gallery-item'>\n\t\t\t<div class='gallery-icon landscape'>\n\t\t\t\t<a href='https:\/\/www.grieta.org.mx\/index.php\/2016\/08\/11\/compa-arte-a-13-anos-de-autonomia-en-el-caracol-de-morelia\/dsc_0216\/'><img loading=\"lazy\" decoding=\"async\" width=\"768\" height=\"511\" src=\"https:\/\/www.grieta.org.mx\/wp-content\/uploads\/2016\/08\/dsc_0216.jpg\" class=\"attachment-full size-full\" alt=\"\" srcset=\"https:\/\/www.grieta.org.mx\/wp-content\/uploads\/2016\/08\/dsc_0216.jpg 768w, https:\/\/www.grieta.org.mx\/wp-content\/uploads\/2016\/08\/dsc_0216-300x200.jpg 300w\" sizes=\"auto, (max-width: 768px) 100vw, 768px\" data-attachment-id=\"19394\" data-permalink=\"https:\/\/www.grieta.org.mx\/index.php\/2016\/08\/11\/compa-arte-a-13-anos-de-autonomia-en-el-caracol-de-morelia\/dsc_0216\/\" data-orig-file=\"https:\/\/www.grieta.org.mx\/wp-content\/uploads\/2016\/08\/dsc_0216.jpg\" data-orig-size=\"768,511\" data-comments-opened=\"0\" data-image-meta=\"{&quot;aperture&quot;:&quot;5.3&quot;,&quot;credit&quot;:&quot;&quot;,&quot;camera&quot;:&quot;NIKON D40&quot;,&quot;caption&quot;:&quot;&quot;,&quot;created_timestamp&quot;:&quot;1470754956&quot;,&quot;copyright&quot;:&quot;&quot;,&quot;focal_length&quot;:&quot;45&quot;,&quot;iso&quot;:&quot;200&quot;,&quot;shutter_speed&quot;:&quot;0.0015625&quot;,&quot;title&quot;:&quot;&quot;,&quot;orientation&quot;:&quot;1&quot;}\" data-image-title=\"dsc_0216\" data-image-description=\"\" data-image-caption=\"\" data-medium-file=\"https:\/\/www.grieta.org.mx\/wp-content\/uploads\/2016\/08\/dsc_0216-300x200.jpg\" data-large-file=\"https:\/\/www.grieta.org.mx\/wp-content\/uploads\/2016\/08\/dsc_0216.jpg\" \/><\/a>\n\t\t\t<\/div><\/figure><figure class='gallery-item'>\n\t\t\t<div class='gallery-icon landscape'>\n\t\t\t\t<a href='https:\/\/www.grieta.org.mx\/index.php\/2016\/08\/11\/compa-arte-a-13-anos-de-autonomia-en-el-caracol-de-morelia\/dsc_0231\/'><img loading=\"lazy\" decoding=\"async\" width=\"768\" height=\"511\" src=\"https:\/\/www.grieta.org.mx\/wp-content\/uploads\/2016\/08\/dsc_0231.jpg\" class=\"attachment-full size-full\" alt=\"\" srcset=\"https:\/\/www.grieta.org.mx\/wp-content\/uploads\/2016\/08\/dsc_0231.jpg 768w, https:\/\/www.grieta.org.mx\/wp-content\/uploads\/2016\/08\/dsc_0231-300x200.jpg 300w\" sizes=\"auto, (max-width: 768px) 100vw, 768px\" data-attachment-id=\"19395\" data-permalink=\"https:\/\/www.grieta.org.mx\/index.php\/2016\/08\/11\/compa-arte-a-13-anos-de-autonomia-en-el-caracol-de-morelia\/dsc_0231\/\" data-orig-file=\"https:\/\/www.grieta.org.mx\/wp-content\/uploads\/2016\/08\/dsc_0231.jpg\" data-orig-size=\"768,511\" data-comments-opened=\"0\" data-image-meta=\"{&quot;aperture&quot;:&quot;5&quot;,&quot;credit&quot;:&quot;&quot;,&quot;camera&quot;:&quot;NIKON D40&quot;,&quot;caption&quot;:&quot;&quot;,&quot;created_timestamp&quot;:&quot;1470756257&quot;,&quot;copyright&quot;:&quot;&quot;,&quot;focal_length&quot;:&quot;18&quot;,&quot;iso&quot;:&quot;200&quot;,&quot;shutter_speed&quot;:&quot;0.0015625&quot;,&quot;title&quot;:&quot;&quot;,&quot;orientation&quot;:&quot;1&quot;}\" data-image-title=\"dsc_0231\" data-image-description=\"\" data-image-caption=\"\" data-medium-file=\"https:\/\/www.grieta.org.mx\/wp-content\/uploads\/2016\/08\/dsc_0231-300x200.jpg\" data-large-file=\"https:\/\/www.grieta.org.mx\/wp-content\/uploads\/2016\/08\/dsc_0231.jpg\" \/><\/a>\n\t\t\t<\/div><\/figure>\n\t\t<\/div>\n\n<p>Todo narrado por una voz en off que no perd\u00eda el hilo durante todo el festival, iba guiando cada acto, cada poes\u00eda explicaba el sentido y cada pintura los elementos que representaba.<\/p>\n<div data-carousel-extra='{&quot;blog_id&quot;:1,&quot;permalink&quot;:&quot;https:\/\/www.grieta.org.mx\/index.php\/2016\/08\/11\/compa-arte-a-13-anos-de-autonomia-en-el-caracol-de-morelia\/&quot;}' id='gallery-5' class='gallery galleryid-19371 gallery-columns-1 gallery-size-full'><figure class='gallery-item'>\n\t\t\t<div class='gallery-icon landscape'>\n\t\t\t\t<a href='https:\/\/www.grieta.org.mx\/index.php\/2016\/08\/11\/compa-arte-a-13-anos-de-autonomia-en-el-caracol-de-morelia\/dsc_0280\/'><img loading=\"lazy\" decoding=\"async\" width=\"768\" height=\"511\" src=\"https:\/\/www.grieta.org.mx\/wp-content\/uploads\/2016\/08\/dsc_0280.jpg\" class=\"attachment-full size-full\" alt=\"\" srcset=\"https:\/\/www.grieta.org.mx\/wp-content\/uploads\/2016\/08\/dsc_0280.jpg 768w, https:\/\/www.grieta.org.mx\/wp-content\/uploads\/2016\/08\/dsc_0280-300x200.jpg 300w\" sizes=\"auto, (max-width: 768px) 100vw, 768px\" data-attachment-id=\"19397\" data-permalink=\"https:\/\/www.grieta.org.mx\/index.php\/2016\/08\/11\/compa-arte-a-13-anos-de-autonomia-en-el-caracol-de-morelia\/dsc_0280\/\" data-orig-file=\"https:\/\/www.grieta.org.mx\/wp-content\/uploads\/2016\/08\/dsc_0280.jpg\" data-orig-size=\"768,511\" data-comments-opened=\"0\" data-image-meta=\"{&quot;aperture&quot;:&quot;10&quot;,&quot;credit&quot;:&quot;&quot;,&quot;camera&quot;:&quot;NIKON D40&quot;,&quot;caption&quot;:&quot;&quot;,&quot;created_timestamp&quot;:&quot;1470768581&quot;,&quot;copyright&quot;:&quot;&quot;,&quot;focal_length&quot;:&quot;34&quot;,&quot;iso&quot;:&quot;200&quot;,&quot;shutter_speed&quot;:&quot;0.005&quot;,&quot;title&quot;:&quot;&quot;,&quot;orientation&quot;:&quot;1&quot;}\" data-image-title=\"dsc_0280\" data-image-description=\"\" data-image-caption=\"\" data-medium-file=\"https:\/\/www.grieta.org.mx\/wp-content\/uploads\/2016\/08\/dsc_0280-300x200.jpg\" data-large-file=\"https:\/\/www.grieta.org.mx\/wp-content\/uploads\/2016\/08\/dsc_0280.jpg\" \/><\/a>\n\t\t\t<\/div><\/figure><figure class='gallery-item'>\n\t\t\t<div class='gallery-icon landscape'>\n\t\t\t\t<a href='https:\/\/www.grieta.org.mx\/index.php\/2016\/08\/11\/compa-arte-a-13-anos-de-autonomia-en-el-caracol-de-morelia\/dsc_02711\/'><img loading=\"lazy\" decoding=\"async\" width=\"768\" height=\"511\" src=\"https:\/\/www.grieta.org.mx\/wp-content\/uploads\/2016\/08\/dsc_02711.jpg\" class=\"attachment-full size-full\" alt=\"\" srcset=\"https:\/\/www.grieta.org.mx\/wp-content\/uploads\/2016\/08\/dsc_02711.jpg 768w, https:\/\/www.grieta.org.mx\/wp-content\/uploads\/2016\/08\/dsc_02711-300x200.jpg 300w\" sizes=\"auto, (max-width: 768px) 100vw, 768px\" data-attachment-id=\"19398\" data-permalink=\"https:\/\/www.grieta.org.mx\/index.php\/2016\/08\/11\/compa-arte-a-13-anos-de-autonomia-en-el-caracol-de-morelia\/dsc_02711\/\" data-orig-file=\"https:\/\/www.grieta.org.mx\/wp-content\/uploads\/2016\/08\/dsc_02711.jpg\" data-orig-size=\"768,511\" data-comments-opened=\"0\" data-image-meta=\"{&quot;aperture&quot;:&quot;10&quot;,&quot;credit&quot;:&quot;&quot;,&quot;camera&quot;:&quot;NIKON D40&quot;,&quot;caption&quot;:&quot;&quot;,&quot;created_timestamp&quot;:&quot;1470758382&quot;,&quot;copyright&quot;:&quot;&quot;,&quot;focal_length&quot;:&quot;28&quot;,&quot;iso&quot;:&quot;200&quot;,&quot;shutter_speed&quot;:&quot;0.00625&quot;,&quot;title&quot;:&quot;&quot;,&quot;orientation&quot;:&quot;1&quot;}\" data-image-title=\"dsc_02711\" data-image-description=\"\" data-image-caption=\"\" data-medium-file=\"https:\/\/www.grieta.org.mx\/wp-content\/uploads\/2016\/08\/dsc_02711-300x200.jpg\" data-large-file=\"https:\/\/www.grieta.org.mx\/wp-content\/uploads\/2016\/08\/dsc_02711.jpg\" \/><\/a>\n\t\t\t<\/div><\/figure>\n\t\t<\/div>\n\n<p>Narraron tambi\u00e9n con gracia y humor como convirtieron un burdel en un una cooperativa, como les cost\u00f3 mantenerla, las agresiones que han recibido del mal gobierno fueron representadas por un hada que cuida de lxs compa\u00f1erxs y como han enfrentado estas situaciones.<\/p>\n<div data-carousel-extra='{&quot;blog_id&quot;:1,&quot;permalink&quot;:&quot;https:\/\/www.grieta.org.mx\/index.php\/2016\/08\/11\/compa-arte-a-13-anos-de-autonomia-en-el-caracol-de-morelia\/&quot;}' id='gallery-6' class='gallery galleryid-19371 gallery-columns-1 gallery-size-full'><figure class='gallery-item'>\n\t\t\t<div class='gallery-icon landscape'>\n\t\t\t\t<a href='https:\/\/www.grieta.org.mx\/index.php\/2016\/08\/11\/compa-arte-a-13-anos-de-autonomia-en-el-caracol-de-morelia\/dsc_0299\/'><img loading=\"lazy\" decoding=\"async\" width=\"768\" height=\"511\" src=\"https:\/\/www.grieta.org.mx\/wp-content\/uploads\/2016\/08\/dsc_0299.jpg\" class=\"attachment-full size-full\" alt=\"\" srcset=\"https:\/\/www.grieta.org.mx\/wp-content\/uploads\/2016\/08\/dsc_0299.jpg 768w, https:\/\/www.grieta.org.mx\/wp-content\/uploads\/2016\/08\/dsc_0299-300x200.jpg 300w\" sizes=\"auto, (max-width: 768px) 100vw, 768px\" data-attachment-id=\"19400\" data-permalink=\"https:\/\/www.grieta.org.mx\/index.php\/2016\/08\/11\/compa-arte-a-13-anos-de-autonomia-en-el-caracol-de-morelia\/dsc_0299\/\" data-orig-file=\"https:\/\/www.grieta.org.mx\/wp-content\/uploads\/2016\/08\/dsc_0299.jpg\" data-orig-size=\"768,511\" data-comments-opened=\"0\" data-image-meta=\"{&quot;aperture&quot;:&quot;10&quot;,&quot;credit&quot;:&quot;&quot;,&quot;camera&quot;:&quot;NIKON D40&quot;,&quot;caption&quot;:&quot;&quot;,&quot;created_timestamp&quot;:&quot;1470769955&quot;,&quot;copyright&quot;:&quot;&quot;,&quot;focal_length&quot;:&quot;55&quot;,&quot;iso&quot;:&quot;200&quot;,&quot;shutter_speed&quot;:&quot;0.005&quot;,&quot;title&quot;:&quot;&quot;,&quot;orientation&quot;:&quot;1&quot;}\" data-image-title=\"dsc_0299\" data-image-description=\"\" data-image-caption=\"\" data-medium-file=\"https:\/\/www.grieta.org.mx\/wp-content\/uploads\/2016\/08\/dsc_0299-300x200.jpg\" data-large-file=\"https:\/\/www.grieta.org.mx\/wp-content\/uploads\/2016\/08\/dsc_0299.jpg\" \/><\/a>\n\t\t\t<\/div><\/figure><figure class='gallery-item'>\n\t\t\t<div class='gallery-icon landscape'>\n\t\t\t\t<a href='https:\/\/www.grieta.org.mx\/index.php\/2016\/08\/11\/compa-arte-a-13-anos-de-autonomia-en-el-caracol-de-morelia\/dsc_0355\/'><img loading=\"lazy\" decoding=\"async\" width=\"768\" height=\"511\" src=\"https:\/\/www.grieta.org.mx\/wp-content\/uploads\/2016\/08\/dsc_0355.jpg\" class=\"attachment-full size-full\" alt=\"\" srcset=\"https:\/\/www.grieta.org.mx\/wp-content\/uploads\/2016\/08\/dsc_0355.jpg 768w, https:\/\/www.grieta.org.mx\/wp-content\/uploads\/2016\/08\/dsc_0355-300x200.jpg 300w\" sizes=\"auto, (max-width: 768px) 100vw, 768px\" data-attachment-id=\"19401\" data-permalink=\"https:\/\/www.grieta.org.mx\/index.php\/2016\/08\/11\/compa-arte-a-13-anos-de-autonomia-en-el-caracol-de-morelia\/dsc_0355\/\" data-orig-file=\"https:\/\/www.grieta.org.mx\/wp-content\/uploads\/2016\/08\/dsc_0355.jpg\" data-orig-size=\"768,511\" data-comments-opened=\"0\" data-image-meta=\"{&quot;aperture&quot;:&quot;7.1&quot;,&quot;credit&quot;:&quot;&quot;,&quot;camera&quot;:&quot;NIKON D40&quot;,&quot;caption&quot;:&quot;&quot;,&quot;created_timestamp&quot;:&quot;1470773969&quot;,&quot;copyright&quot;:&quot;&quot;,&quot;focal_length&quot;:&quot;55&quot;,&quot;iso&quot;:&quot;1600&quot;,&quot;shutter_speed&quot;:&quot;0.004&quot;,&quot;title&quot;:&quot;&quot;,&quot;orientation&quot;:&quot;1&quot;}\" data-image-title=\"dsc_0355\" data-image-description=\"\" data-image-caption=\"\" data-medium-file=\"https:\/\/www.grieta.org.mx\/wp-content\/uploads\/2016\/08\/dsc_0355-300x200.jpg\" data-large-file=\"https:\/\/www.grieta.org.mx\/wp-content\/uploads\/2016\/08\/dsc_0355.jpg\" \/><\/a>\n\t\t\t<\/div><\/figure><figure class='gallery-item'>\n\t\t\t<div class='gallery-icon landscape'>\n\t\t\t\t<a href='https:\/\/www.grieta.org.mx\/index.php\/2016\/08\/11\/compa-arte-a-13-anos-de-autonomia-en-el-caracol-de-morelia\/dsc_0356\/'><img loading=\"lazy\" decoding=\"async\" width=\"768\" height=\"511\" src=\"https:\/\/www.grieta.org.mx\/wp-content\/uploads\/2016\/08\/dsc_0356.jpg\" class=\"attachment-full size-full\" alt=\"\" srcset=\"https:\/\/www.grieta.org.mx\/wp-content\/uploads\/2016\/08\/dsc_0356.jpg 768w, https:\/\/www.grieta.org.mx\/wp-content\/uploads\/2016\/08\/dsc_0356-300x200.jpg 300w\" sizes=\"auto, (max-width: 768px) 100vw, 768px\" data-attachment-id=\"19402\" data-permalink=\"https:\/\/www.grieta.org.mx\/index.php\/2016\/08\/11\/compa-arte-a-13-anos-de-autonomia-en-el-caracol-de-morelia\/dsc_0356\/\" data-orig-file=\"https:\/\/www.grieta.org.mx\/wp-content\/uploads\/2016\/08\/dsc_0356.jpg\" data-orig-size=\"768,511\" data-comments-opened=\"0\" data-image-meta=\"{&quot;aperture&quot;:&quot;7.1&quot;,&quot;credit&quot;:&quot;&quot;,&quot;camera&quot;:&quot;NIKON D40&quot;,&quot;caption&quot;:&quot;&quot;,&quot;created_timestamp&quot;:&quot;1470774138&quot;,&quot;copyright&quot;:&quot;&quot;,&quot;focal_length&quot;:&quot;55&quot;,&quot;iso&quot;:&quot;1600&quot;,&quot;shutter_speed&quot;:&quot;0.004&quot;,&quot;title&quot;:&quot;&quot;,&quot;orientation&quot;:&quot;1&quot;}\" data-image-title=\"dsc_0356\" data-image-description=\"\" data-image-caption=\"\" data-medium-file=\"https:\/\/www.grieta.org.mx\/wp-content\/uploads\/2016\/08\/dsc_0356-300x200.jpg\" data-large-file=\"https:\/\/www.grieta.org.mx\/wp-content\/uploads\/2016\/08\/dsc_0356.jpg\" \/><\/a>\n\t\t\t<\/div><\/figure><figure class='gallery-item'>\n\t\t\t<div class='gallery-icon landscape'>\n\t\t\t\t<a href='https:\/\/www.grieta.org.mx\/index.php\/2016\/08\/11\/compa-arte-a-13-anos-de-autonomia-en-el-caracol-de-morelia\/dsc_0372\/'><img loading=\"lazy\" decoding=\"async\" width=\"768\" height=\"511\" src=\"https:\/\/www.grieta.org.mx\/wp-content\/uploads\/2016\/08\/dsc_0372.jpg\" class=\"attachment-full size-full\" alt=\"\" srcset=\"https:\/\/www.grieta.org.mx\/wp-content\/uploads\/2016\/08\/dsc_0372.jpg 768w, https:\/\/www.grieta.org.mx\/wp-content\/uploads\/2016\/08\/dsc_0372-300x200.jpg 300w\" sizes=\"auto, (max-width: 768px) 100vw, 768px\" data-attachment-id=\"19403\" data-permalink=\"https:\/\/www.grieta.org.mx\/index.php\/2016\/08\/11\/compa-arte-a-13-anos-de-autonomia-en-el-caracol-de-morelia\/dsc_0372\/\" data-orig-file=\"https:\/\/www.grieta.org.mx\/wp-content\/uploads\/2016\/08\/dsc_0372.jpg\" data-orig-size=\"768,511\" data-comments-opened=\"0\" data-image-meta=\"{&quot;aperture&quot;:&quot;5.6&quot;,&quot;credit&quot;:&quot;&quot;,&quot;camera&quot;:&quot;NIKON D40&quot;,&quot;caption&quot;:&quot;&quot;,&quot;created_timestamp&quot;:&quot;1470775158&quot;,&quot;copyright&quot;:&quot;&quot;,&quot;focal_length&quot;:&quot;40&quot;,&quot;iso&quot;:&quot;1600&quot;,&quot;shutter_speed&quot;:&quot;0.0125&quot;,&quot;title&quot;:&quot;&quot;,&quot;orientation&quot;:&quot;1&quot;}\" data-image-title=\"dsc_0372\" data-image-description=\"\" data-image-caption=\"\" data-medium-file=\"https:\/\/www.grieta.org.mx\/wp-content\/uploads\/2016\/08\/dsc_0372-300x200.jpg\" data-large-file=\"https:\/\/www.grieta.org.mx\/wp-content\/uploads\/2016\/08\/dsc_0372.jpg\" \/><\/a>\n\t\t\t<\/div><\/figure>\n\t\t<\/div>\n\n<p>La jornada termin\u00f3, despu\u00e9s de 12 constantes de m\u00faltiples interpretaciones con mariachi, caf\u00e9 y el alegre ritmo de la cumbia rebelde y baile hasta el amanecer.<\/p>\n<p>A continuaci\u00f3n te invitamos a que escuches algunos audios de las canciones y poemas, que lxs compa\u00f1erxs zapatistas estuvieron compartiendo en el aniversario de los caracoles.<\/p>\n<p>DESDE EL CARACOL DE MORELIA<\/p>\n<p>POEMAS Y CANCIONES EN EL ANIVERSARIO DE LOS CARACOLES ZAPATISTAS<\/p>\n<p><a href=\"https:\/\/archive.org\/details\/PoemasYCancionesAniversarioComparteMorelia\" target=\"_blank\">https:\/\/archive.org\/details\/PoemasYCancionesAniversarioComparteMorelia<\/a><\/p>\n<p>POEMA LA CULTURA IND\u00cdGENA<\/p>\n<p><a href=\"https:\/\/archive.org\/details\/PoemaLaCulturaIndigena\">https:\/\/archive.org\/details\/PoemaLaCulturaIndigena<\/a><\/p>\n<p>POEMA RESISTENCIA Y REBELD\u00cdA<\/p>\n<p><a href=\"https:\/\/archive.org\/details\/PoemaResistenciaYRebeldia\">https:\/\/archive.org\/details\/PoemaResistenciaYRebeldia<\/a><\/p>\n<p>POEMA VIDA ESCLAVIZADA<\/p>\n<p><a href=\"https:\/\/archive.org\/details\/PoemaVidaExclavizada\">https:\/\/archive.org\/details\/PoemaVidaExclavizada<\/a><\/p>\n<p>POEMA EL AMANECER DEL COLECTIVO<\/p>\n<p><a href=\"https:\/\/archive.org\/details\/ElAmanecerDelColectivo\">https:\/\/archive.org\/details\/ElAmanecerDelColectivo<\/a><\/p>\n<p>CANCI\u00d3N LAS MALA IDEAS DEL GOBIERNO<\/p>\n<p><a href=\"https:\/\/archive.org\/details\/CancionLasMalasIdeasDelGobierno\">https:\/\/archive.org\/details\/CancionLasMalasIdeasDelGobierno<\/a><\/p>\n<p><a href=\"https:\/\/noticiasdeabajoml.wordpress.com\/2016\/08\/11\/compa-arte-a13-anos-de-autonomia-en-el-caracol-de-morelia\/\" target=\"_blank\">https:\/\/noticiasdeabajoml.wordpress.com\/2016\/08\/11\/compa-arte-a13-anos-de-autonomia-en-el-caracol-de-morelia\/<\/a><\/p>\n","protected":false},"excerpt":{"rendered":"<p>Con m\u00fasica de mariachi, a las 9 de la ma\u00f1ana inici\u00f3 el comparte en el caracol de Morelia, con un discurso en donde se dec\u00eda que ellxs, los zapatistas, nunca &hellip; <a href=\"https:\/\/www.grieta.org.mx\/index.php\/2016\/08\/11\/compa-arte-a-13-anos-de-autonomia-en-el-caracol-de-morelia\/\" class=\"more-link\">Leer m\u00e1s<\/a><\/p>\n","protected":false},"author":2,"featured_media":21928,"comment_status":"closed","ping_status":"closed","sticky":false,"template":"","format":"standard","meta":{"ngg_post_thumbnail":0,"_jetpack_newsletter_access":"","_jetpack_dont_email_post_to_subs":false,"_jetpack_newsletter_tier_id":0,"_jetpack_memberships_contains_paywalled_content":false,"_jetpack_memberships_contains_paid_content":false,"footnotes":""},"categories":[80,817],"tags":[818],"class_list":["post-19371","post","type-post","status-publish","format-standard","has-post-thumbnail","hentry","category-cintillo","category-festival-comparte-por-la-humanidad","tag-festival-comparte","entry"],"jetpack_featured_media_url":"https:\/\/www.grieta.org.mx\/wp-content\/uploads\/2018\/03\/14524434_1106112876131411_958039263622046936_o.jpg","jetpack_sharing_enabled":true,"jetpack_shortlink":"https:\/\/wp.me\/p7ZJR4-52r","jetpack_likes_enabled":false,"jetpack-related-posts":[{"id":19557,"url":"https:\/\/www.grieta.org.mx\/index.php\/2016\/08\/12\/participaciones-del-ezln-en-el-festival-comparte-9-de-agosto-morelia\/","url_meta":{"origin":19371,"position":0},"title":"Participaciones del EZLN en el festival CompArte. 9 de agosto, Morelia","author":"grieta","date":"12 agosto, 2016","format":false,"excerpt":"Palabras de inauguraci\u00f3n del CompArte zapatista del Caracol de Morelia El 9 de agosto de 2016, al cumplirse 13 a\u00f1os de la fundaci\u00f3n de las Juntas de Buen Gobierno Zapatistas, se realiz\u00f3 el CompArte zapatista del Caracol de Morelia, estas son las palabras de inauguraci\u00f3n. Festejando la Resistencia. El Festival\u2026","rel":"","context":"En &quot;CINTILLO&quot;","block_context":{"text":"CINTILLO","link":"https:\/\/www.grieta.org.mx\/index.php\/category\/cintillo\/"},"img":{"alt_text":"","src":"https:\/\/i0.wp.com\/www.grieta.org.mx\/wp-content\/uploads\/2018\/03\/14524434_1106112876131411_958039263622046936_o.jpg?resize=350%2C200&ssl=1","width":350,"height":200,"srcset":"https:\/\/i0.wp.com\/www.grieta.org.mx\/wp-content\/uploads\/2018\/03\/14524434_1106112876131411_958039263622046936_o.jpg?resize=350%2C200&ssl=1 1x, https:\/\/i0.wp.com\/www.grieta.org.mx\/wp-content\/uploads\/2018\/03\/14524434_1106112876131411_958039263622046936_o.jpg?resize=525%2C300&ssl=1 1.5x, https:\/\/i0.wp.com\/www.grieta.org.mx\/wp-content\/uploads\/2018\/03\/14524434_1106112876131411_958039263622046936_o.jpg?resize=700%2C400&ssl=1 2x"},"classes":[]},{"id":19548,"url":"https:\/\/www.grieta.org.mx\/index.php\/2016\/08\/12\/festival-comparte-caracol-zapatista-roberto-barrios\/","url_meta":{"origin":19371,"position":1},"title":"Festival CompArte, Caracol zapatista Roberto Barrios.","author":"grieta","date":"12 agosto, 2016","format":false,"excerpt":"POZOL COLECTIVO Palenque Chiapas. 12 de agosto. Caracol de Roberto Barrios. Artistas base de apoyo zapatistas del festival CompArte y artistas de la sexta nacional e internacional, al ritmo de las voces, el tambor, la jarana, la guitarra y los aplausos, comenzaron a expresar su Arte, su historia, su autonom\u00eda,\u2026","rel":"","context":"En &quot;CINTILLO&quot;","block_context":{"text":"CINTILLO","link":"https:\/\/www.grieta.org.mx\/index.php\/category\/cintillo\/"},"img":{"alt_text":"","src":"https:\/\/i0.wp.com\/www.grieta.org.mx\/wp-content\/uploads\/2018\/03\/14524434_1106112876131411_958039263622046936_o.jpg?resize=350%2C200&ssl=1","width":350,"height":200,"srcset":"https:\/\/i0.wp.com\/www.grieta.org.mx\/wp-content\/uploads\/2018\/03\/14524434_1106112876131411_958039263622046936_o.jpg?resize=350%2C200&ssl=1 1x, https:\/\/i0.wp.com\/www.grieta.org.mx\/wp-content\/uploads\/2018\/03\/14524434_1106112876131411_958039263622046936_o.jpg?resize=525%2C300&ssl=1 1.5x, https:\/\/i0.wp.com\/www.grieta.org.mx\/wp-content\/uploads\/2018\/03\/14524434_1106112876131411_958039263622046936_o.jpg?resize=700%2C400&ssl=1 2x"},"classes":[]},{"id":25434,"url":"https:\/\/www.grieta.org.mx\/index.php\/2018\/08\/07\/comparte-2018-fotogaleria-del-7-de-agosto\/","url_meta":{"origin":19371,"position":2},"title":"CompArte 2018: fotogaler\u00eda del 7 de agosto","author":"grieta","date":"7 agosto, 2018","format":false,"excerpt":"Murales en el Segundo d\u00eda de actividades. Caracol de Morelia, Chiapas, M\u00e9xico: CompArte2018 en el Caracol de Morelia, territorio en resistencia y rebeld\u00eda: CompArte2018 en el Caracol de Morelia, territorio en resistencia y rebeld\u00eda: Poes\u00eda: Segundo d\u00eda de actividades. Caracol de Morelia, Chiapas, M\u00e9xico: Que siga la M\u00fasica en el\u2026","rel":"","context":"En &quot;CINTILLO&quot;","block_context":{"text":"CINTILLO","link":"https:\/\/www.grieta.org.mx\/index.php\/category\/cintillo\/"},"img":{"alt_text":"","src":"https:\/\/i0.wp.com\/www.grieta.org.mx\/wp-content\/uploads\/2018\/08\/DkAH1k9X4AAtyIB.jpg?resize=350%2C200&ssl=1","width":350,"height":200,"srcset":"https:\/\/i0.wp.com\/www.grieta.org.mx\/wp-content\/uploads\/2018\/08\/DkAH1k9X4AAtyIB.jpg?resize=350%2C200&ssl=1 1x, https:\/\/i0.wp.com\/www.grieta.org.mx\/wp-content\/uploads\/2018\/08\/DkAH1k9X4AAtyIB.jpg?resize=525%2C300&ssl=1 1.5x, https:\/\/i0.wp.com\/www.grieta.org.mx\/wp-content\/uploads\/2018\/08\/DkAH1k9X4AAtyIB.jpg?resize=700%2C400&ssl=1 2x"},"classes":[]},{"id":25420,"url":"https:\/\/www.grieta.org.mx\/index.php\/2018\/08\/09\/cormpartes-2018-imagenes-ultimo-dia\/","url_meta":{"origin":19371,"position":3},"title":"CompArte 2018 im\u00e1genes \u00faltimo d\u00eda.","author":"grieta","date":"9 agosto, 2018","format":false,"excerpt":"Caracol de Morelia, Chiapas, M\u00e9xico. 25 Zapatistas rapeando con Lengualerta CompArte 2018, \u00faltimo d\u00eda en el Caracol de Morelia Mensaje para los capataces, pasados, presentes y futuros del EZLN CompArte 2018, \u00faltimo d\u00eda en el Caracol de la Realidad CompArte 2018, \u00faltimo d\u00eda en el Caracol de la Realidad CompArte\u2026","rel":"","context":"En &quot;CINTILLO&quot;","block_context":{"text":"CINTILLO","link":"https:\/\/www.grieta.org.mx\/index.php\/category\/cintillo\/"},"img":{"alt_text":"","src":"https:\/\/i0.wp.com\/www.grieta.org.mx\/wp-content\/uploads\/2018\/08\/DkMXqKRUcAIWTTQ.jpg-large.jpg?resize=350%2C200&ssl=1","width":350,"height":200,"srcset":"https:\/\/i0.wp.com\/www.grieta.org.mx\/wp-content\/uploads\/2018\/08\/DkMXqKRUcAIWTTQ.jpg-large.jpg?resize=350%2C200&ssl=1 1x, https:\/\/i0.wp.com\/www.grieta.org.mx\/wp-content\/uploads\/2018\/08\/DkMXqKRUcAIWTTQ.jpg-large.jpg?resize=525%2C300&ssl=1 1.5x, https:\/\/i0.wp.com\/www.grieta.org.mx\/wp-content\/uploads\/2018\/08\/DkMXqKRUcAIWTTQ.jpg-large.jpg?resize=700%2C400&ssl=1 2x"},"classes":[]},{"id":18867,"url":"https:\/\/www.grieta.org.mx\/index.php\/2016\/08\/04\/festival-comparte-en-el-caracol-zapatista-de-la-realidad-chiapas\/","url_meta":{"origin":19371,"position":4},"title":"Festival CompArte en el caracol zapatista de La Realidad, Chiapas","author":"grieta","date":"4 agosto, 2016","format":false,"excerpt":"Pozol Chiapas, M\u00e9xico. 4 de agosto. El festival compArte por la humanidad contin\u00faa, esta vez la sede fue el caracol I \u201cMadre de los caracoles del mar de nuestros sue\u00f1os\u201d. Bases de apoyo del EZLN de las diferentes comunidades aut\u00f3nomas que conforman la zona, a trav\u00e9s de sus obras de\u2026","rel":"","context":"En &quot;CINTILLO&quot;","block_context":{"text":"CINTILLO","link":"https:\/\/www.grieta.org.mx\/index.php\/category\/cintillo\/"},"img":{"alt_text":"","src":"https:\/\/i0.wp.com\/www.grieta.org.mx\/wp-content\/uploads\/2018\/03\/14524434_1106112876131411_958039263622046936_o.jpg?resize=350%2C200&ssl=1","width":350,"height":200,"srcset":"https:\/\/i0.wp.com\/www.grieta.org.mx\/wp-content\/uploads\/2018\/03\/14524434_1106112876131411_958039263622046936_o.jpg?resize=350%2C200&ssl=1 1x, https:\/\/i0.wp.com\/www.grieta.org.mx\/wp-content\/uploads\/2018\/03\/14524434_1106112876131411_958039263622046936_o.jpg?resize=525%2C300&ssl=1 1.5x, https:\/\/i0.wp.com\/www.grieta.org.mx\/wp-content\/uploads\/2018\/03\/14524434_1106112876131411_958039263622046936_o.jpg?resize=700%2C400&ssl=1 2x"},"classes":[]},{"id":19976,"url":"https:\/\/www.grieta.org.mx\/index.php\/2016\/08\/16\/clausura-del-festival-comparte-por-la-humanidad-en-el-caracol-de-roberto-barrios\/","url_meta":{"origin":19371,"position":5},"title":"Clausura del Festival Comparte por la humanidad en el Caracol de Roberto Barrios","author":"grieta","date":"16 agosto, 2016","format":false,"excerpt":"A las 9 am de este 12 de agosto su realiz\u00f3 el comparte en el Caracol de Roberto Barrios Zona Norte, con cientos de artistas que compartieron poes\u00eda, m\u00fasica, teatro, pintura, danza, dando por concluida esta etapa que recorri\u00f3 los cinco caracoles, donde los compa\u00f1eros bases de apoyo zapatista nos\u2026","rel":"","context":"En &quot;CINTILLO&quot;","block_context":{"text":"CINTILLO","link":"https:\/\/www.grieta.org.mx\/index.php\/category\/cintillo\/"},"img":{"alt_text":"","src":"https:\/\/i0.wp.com\/www.grieta.org.mx\/wp-content\/uploads\/2018\/03\/14524434_1106112876131411_958039263622046936_o.jpg?resize=350%2C200&ssl=1","width":350,"height":200,"srcset":"https:\/\/i0.wp.com\/www.grieta.org.mx\/wp-content\/uploads\/2018\/03\/14524434_1106112876131411_958039263622046936_o.jpg?resize=350%2C200&ssl=1 1x, https:\/\/i0.wp.com\/www.grieta.org.mx\/wp-content\/uploads\/2018\/03\/14524434_1106112876131411_958039263622046936_o.jpg?resize=525%2C300&ssl=1 1.5x, https:\/\/i0.wp.com\/www.grieta.org.mx\/wp-content\/uploads\/2018\/03\/14524434_1106112876131411_958039263622046936_o.jpg?resize=700%2C400&ssl=1 2x"},"classes":[]}],"_links":{"self":[{"href":"https:\/\/www.grieta.org.mx\/index.php\/wp-json\/wp\/v2\/posts\/19371","targetHints":{"allow":["GET"]}}],"collection":[{"href":"https:\/\/www.grieta.org.mx\/index.php\/wp-json\/wp\/v2\/posts"}],"about":[{"href":"https:\/\/www.grieta.org.mx\/index.php\/wp-json\/wp\/v2\/types\/post"}],"author":[{"embeddable":true,"href":"https:\/\/www.grieta.org.mx\/index.php\/wp-json\/wp\/v2\/users\/2"}],"replies":[{"embeddable":true,"href":"https:\/\/www.grieta.org.mx\/index.php\/wp-json\/wp\/v2\/comments?post=19371"}],"version-history":[{"count":1,"href":"https:\/\/www.grieta.org.mx\/index.php\/wp-json\/wp\/v2\/posts\/19371\/revisions"}],"predecessor-version":[{"id":19410,"href":"https:\/\/www.grieta.org.mx\/index.php\/wp-json\/wp\/v2\/posts\/19371\/revisions\/19410"}],"wp:featuredmedia":[{"embeddable":true,"href":"https:\/\/www.grieta.org.mx\/index.php\/wp-json\/wp\/v2\/media\/21928"}],"wp:attachment":[{"href":"https:\/\/www.grieta.org.mx\/index.php\/wp-json\/wp\/v2\/media?parent=19371"}],"wp:term":[{"taxonomy":"category","embeddable":true,"href":"https:\/\/www.grieta.org.mx\/index.php\/wp-json\/wp\/v2\/categories?post=19371"},{"taxonomy":"post_tag","embeddable":true,"href":"https:\/\/www.grieta.org.mx\/index.php\/wp-json\/wp\/v2\/tags?post=19371"}],"curies":[{"name":"wp","href":"https:\/\/api.w.org\/{rel}","templated":true}]}}