{"id":19312,"date":"2016-08-09T14:40:47","date_gmt":"2016-08-09T19:40:47","guid":{"rendered":"http:\/\/www.grieta.org.mx\/?p=19312"},"modified":"2018-06-18T09:46:29","modified_gmt":"2018-06-18T14:46:29","slug":"los-transgenicos-acaban-con-abejas-plantas-animales-y-con-nosotros-reclaman-mayas-en-la-cidh","status":"publish","type":"post","link":"https:\/\/www.grieta.org.mx\/index.php\/2016\/08\/09\/los-transgenicos-acaban-con-abejas-plantas-animales-y-con-nosotros-reclaman-mayas-en-la-cidh\/","title":{"rendered":"Los transg\u00e9nicos acaban con abejas, plantas, animales\u2026 y con nosotros, reclaman mayas en la CIDH"},"content":{"rendered":"<p><img loading=\"lazy\" decoding=\"async\" data-attachment-id=\"19315\" data-permalink=\"https:\/\/www.grieta.org.mx\/index.php\/2016\/08\/09\/los-transgenicos-acaban-con-abejas-plantas-animales-y-con-nosotros-reclaman-mayas-en-la-cidh\/mayas\/\" data-orig-file=\"https:\/\/www.grieta.org.mx\/wp-content\/uploads\/2016\/08\/mayas.jpg\" data-orig-size=\"1100,580\" data-comments-opened=\"0\" data-image-meta=\"{&quot;aperture&quot;:&quot;0&quot;,&quot;credit&quot;:&quot;&quot;,&quot;camera&quot;:&quot;&quot;,&quot;caption&quot;:&quot;&quot;,&quot;created_timestamp&quot;:&quot;0&quot;,&quot;copyright&quot;:&quot;&quot;,&quot;focal_length&quot;:&quot;0&quot;,&quot;iso&quot;:&quot;0&quot;,&quot;shutter_speed&quot;:&quot;0&quot;,&quot;title&quot;:&quot;&quot;,&quot;orientation&quot;:&quot;0&quot;}\" data-image-title=\"mayas\" data-image-description=\"\" data-image-caption=\"\" data-medium-file=\"https:\/\/www.grieta.org.mx\/wp-content\/uploads\/2016\/08\/mayas-300x158.jpg\" data-large-file=\"https:\/\/www.grieta.org.mx\/wp-content\/uploads\/2016\/08\/mayas-1024x540.jpg\" src=\"http:\/\/www.grieta.org.mx\/wp-content\/uploads\/2016\/08\/mayas-300x158.jpg\" alt=\"mayas\" width=\"300\" height=\"158\" class=\"aligncenter size-medium wp-image-19315\" srcset=\"https:\/\/www.grieta.org.mx\/wp-content\/uploads\/2016\/08\/mayas-300x158.jpg 300w, https:\/\/www.grieta.org.mx\/wp-content\/uploads\/2016\/08\/mayas-768x405.jpg 768w, https:\/\/www.grieta.org.mx\/wp-content\/uploads\/2016\/08\/mayas-1024x540.jpg 1024w, https:\/\/www.grieta.org.mx\/wp-content\/uploads\/2016\/08\/mayas.jpg 1100w\" sizes=\"auto, (max-width: 300px) 100vw, 300px\" \/><\/p>\n<p>Por Ivette Lira<br \/>\nComunidades mayas denunciaron el pasado 25 de julio ante la CIDH que, con la siembra de soya transg\u00e9nica en los estados de Campeche y Yucat\u00e1n, el Gobierno mexicano est\u00e1 afectando su vida, integridad, salud y el medio ambiente sano. Hoy, en el D\u00eda Internacional de los Pueblos Ind\u00edgenas, en entrevista para SinEmbargo, don Gustavo Huch\u00edn, apicultor de toda la vida y miembro del Colectivo Ap\u00edcola de los Chenes, Campeche, denunci\u00f3 que la siembra de soya transg\u00e9nica est\u00e1 afectando gravemente a la comunidad maya. La producci\u00f3n de miel \u2013su \u00fanico modo de subsistencia\u2013 se ha visto mermado por la creciente mortandad de las abejas, provocada por dicha siembra. El modo de vida y la salud de las personas afectadas.<\/p>\n<p>Ciudad de M\u00e9xico, 9 de agosto (SinEmbargo).- Ante la indiferencia de las autoridades mexicanas, integrantes del pueblo maya acompa\u00f1ados por seis organizaciones de la sociedad civil denunciaron ante la Comisi\u00f3n Interamericana de Derechos Humanos (CIDH) que la siembra de soya transg\u00e9nica en M\u00e9xico impacta negativamente la vida de sus comunidades en estados como Campeche y Yucat\u00e1n.<\/p>\n<p>Mayas apicultores; la Asociaci\u00f3n Interamericana para la Defensa del Ambiente (AIDA); el Centro Mexicano de Derecho Ambiental (CEMDA); Greenpeace M\u00e9xico; Indignaci\u00f3n, Promoci\u00f3n y Defensa de los Derechos Humanos, A.C. (Indignaci\u00f3n) y la Organizaci\u00f3n de Litigio Estrat\u00e9gico de Derechos Humanos A.C. (Litiga OLE) solicitaron que la CIDH otorgue medidas cautelares para que el Estado mexicano proteja los derechos de las comunidades y suspenda de forma efectiva la siembra de soya gen\u00e9ticamente modificada en dichos.<\/p>\n<p>Mar\u00eda Col\u00edn, representante de Greenpeace M\u00e9xico, dijo a SinEmbargo, que los afectados y las ONGs buscan que la CIDH le solicite al Gobierno mexicano una serie de medidas cautelares, dado que existe peligro inminente por el uso de herbicidas, en particular, del glifosato; adem\u00e1s de la amenaza de siembra ilegal de soya transg\u00e9nica en comunidades de Campeche y Yucat\u00e1n; as\u00ed como la deforestaci\u00f3n para dar paso a los cultivos.<\/p>\n<p>De igual manera solicitan que sea monitoreada la salud de los habitantes de dichas comunidades, con el fin de conocer si hay presencia de glifosato, considerado como posible cancer\u00edgeno.<\/p>\n<p>Los inconformes denunciaron el pasado 25 de julio ante la CIDH que la siembra de soya transg\u00e9nica en los estados de Campeche y Yucat\u00e1n, el Gobierno mexicano est\u00e1 afectando la vida, integridad, salud y el medio ambiente sano de las comunidades mayas.<\/p>\n<p>El modo de vida y la salud de las personas afectadas \u2013entre ellas ni\u00f1os y ni\u00f1as, mujeres gestantes y adultos mayores\u2013 est\u00e1n en riesgo creciente debido a la deforestaci\u00f3n y al uso en la siembra de sustancias t\u00f3xicas, como el herbicida glifosato, que contaminan el agua y el suelo, informaron mediante un comunicado.<\/p>\n<p>En dicho documento, Leydy Pech, representante de las comunidades mayas, manifest\u00f3 que la implementaci\u00f3n del proyecto para la siembra de soya transg\u00e9nica en el territorio maya atenta contra sus derechos y cultura, herencia ancestral de sus abuelos.<\/p>\n<p>    \u201cHemos visto que con la siembra de esta soya se han perdido plantas medicinales, \u00e1rboles vitales para las abejas, animales e incluso se han destruido sitios arqueol\u00f3gicos. Al perderse esto se lastima la identidad maya y se nos priva de la posibilidad de transmitir ese conocimiento a nuestros hijos. Recordemos que los mayas poseemos un conocimiento tradicional que permite conservar la selva y generar bienestar para nuestra comunidades\u201d, agreg\u00f3.<\/p>\n<p>Mar\u00eda Jos\u00e9 Veramendi, abogada de AIDA se\u00f1al\u00f3: \u201cEl Estado mexicano ten\u00eda la obligaci\u00f3n de aplicar el principio precautorio y tener en cuenta los riesgos para la salud que conllevaba el uso del herbicida glifosato y la siembra de soya transg\u00e9nica. Al no hacerlo, incumpli\u00f3 su deber de prevenir violaciones a los derechos de las comunidades mayas, quienes actualmente est\u00e1n expuestas a dicho herbicida a trav\u00e9s de la siembra y la contaminaci\u00f3n de sus fuentes de agua\u201d.<\/p>\n<p>APICULTORES NO TIENEN C\u00d3MO SOBREVIVIR<\/p>\n<p>Hoy, en el D\u00eda Internacional de los Pueblos Ind\u00edgenas, en entrevista para SinEmbargo, don Gustavo Huch\u00edn, apicultor de toda la vida y miembro del Colectivo Ap\u00edcola de los Chenes, Campeche, denunci\u00f3 que la siembra de soya transg\u00e9nica est\u00e1 afectando gravemente a la comunidad maya, ya que la producci\u00f3n de miel \u2013su \u00fanico modo de subsistencia\u2013 se ha visto mermado por la creciente mortandad de las abejas, provocada por dicha siembra.<\/p>\n<p>    \u201cEl herbicida a base de glifosato nos est\u00e1 desorientando mucho a las abejitas, pierden la capacidad de regresar a sus colmenas y bajan considerablemente las colonias. Adem\u00e1s, las abejas se est\u00e1n muriendo donde combaten plagas de gusanos o alg\u00fan otro insecto que le cae a la soya. Se est\u00e1n acabando las colonias y la producci\u00f3n\u201d, acus\u00f3.<\/p>\n<p>Aunado a ello, se\u00f1al\u00f3, las abejas que logran sobrevivir se est\u00e1n contaminando con polen transg\u00e9nico, por lo que el mercado europeo \u2013principal consumidor de miel mexicana\u2013 est\u00e1 comprando el producto a menor precio e incluso ya amag\u00f3 con suspender la transacci\u00f3n.<\/p>\n<p>    \u201cYa nos avisaron en el centro de recepci\u00f3n que no podemos vender ni nos van a comprar la miel si tiene rastros de transg\u00e9nicos y eso nos afecta mucho. Los europeos nos han dicho: \u2018no queremos miel con transg\u00e9nicos, queremos miel pura y de calidad&#8217;\u201d, dijo.<\/p>\n<p>Don Gustavo inform\u00f3 que hay algunos apicultores mayas que cuentan con 150 colonias de abejas y otros m\u00e1s, con apenas 20, y estos \u00faltimos se han visto en la necesidad de acudir a la ciudad para rentar su mano de obra en diversas actividades, pues lo poco que llegan a ganar por la miel, ya no les es suficiente para vivir.<\/p>\n<p>\u201cMuchos andan de peones o vendiendo cualquier cosa porque tienen que ver la forma de c\u00f3mo sobrevivir. Ahorita s\u00ed que est\u00e1 dura la situaci\u00f3n porque mucha gente ha tenido que salir a buscar trabajo a la ciudad, est\u00e1 sobrando mucha mano de obra porque no a todos los logran contratar y eso est\u00e1 causando graves problemas\u201d, lament\u00f3.<\/p>\n<p>CAMPECHE Y YUCAT\u00c1N NO SON LOS \u00daNICOS CASOS<\/p>\n<p>Las organizaciones recordaron que aunque las comunidades mayas afectadas habitan los municipios de Hopelch\u00e9n, en Campeche, y de M\u00e9rida, Tekax y Teabo, en Yucat\u00e1n, subrayaron que el permiso de soya afecta a m\u00e1s comunidades y municipios de siete estados de la Rep\u00fablica.<\/p>\n<p>    \u201cLas comunidades no fueron consultadas ni se obtuvo su consentimiento libre, previo e informado antes de que el Estado mexicano otorgara permisos para la siembra de soya gen\u00e9ticamente modificada en su territorio. Adem\u00e1s, dicha siembra ha afectado gravemente al cultivo de abejas para la obtenci\u00f3n de miel, pr\u00e1ctica hist\u00f3rica y tradicional de la zona, y una de las fuentes principales de sustento para las comunidades\u201d, acusaron en el bolet\u00edn.<\/p>\n<p>En el mismo sentido, Ximena Ramos, de Cemda, dijo a este medio que en su momento, las organizaciones advirtieron a las autoridades la necesidad de realizar una consulta previa a la siembra de organismos gen\u00e9ticamente modificados, ya que los derechos de las comunidades ind\u00edgenas se ver\u00edan afectados, entre ellos, el derecho a la salud, al medio ambiente sano, al agua, etc\u00e9tera.<\/p>\n<p>No obstante, \u2013acus\u00f3\u2013 al menos la Ley de Bioseguridad, encargada de regular los permisos para esta siembra no establece como tal un procedimiento para consultar a las comunidades. \u201cEl Estado mexicano est\u00e1 incumpliendo con una obligaci\u00f3n\u201d, subray\u00f3.<\/p>\n<p>    \u201cEstamos en un pa\u00eds pluricultural, hay muchos pueblos ind\u00edgenas y M\u00e9xico est\u00e1 obligado a garantizar los derechos de todos. El Estado mexicano, al no garantizar este derecho a la consulta, solamente favorece un modelo de desarrollo con la agricultura a gran escala que utilizan plaguicidas y herbicidas. Deja a un lado los derechos, deja desprotegidas a las comunidades ind\u00edgenas que tienen haberes tradicionales, formas sanas de interrelacionarse con el medio ambiente\u201d, subray\u00f3.<\/p>\n<p>Finalmente, exigi\u00f3 a las autoridades \u201cgarantizar los derechos de los pueblos ind\u00edgenas y no s\u00f3lo ver un modelo de desarrollo, deben ver que todos podemos habitar este planeta y deben buscar la sustentabilidad, que no se da\u00f1en los derechos de algunas personas por darles beneficios a otras\u201d.<\/p>\n<p>Adem\u00e1s de la solicitud de medidas cautelares, las organizaciones interpusieron una petici\u00f3n en la que denuncian violaciones a los derechos al territorio y a la propiedad comunal, a la vida y a la integridad personal, al medio ambiente sano, al trabajo y a la protecci\u00f3n judicial y acceso a la justicia. Seg\u00fan las organizaciones, pese a las denuncias realizadas y las acciones judiciales interpuestas, el Estado no ha adoptado medidas efectivas para salvaguardar los derechos de las y los afectados.<\/p>\n<p><a href=\"http:\/\/www.sinembargo.mx\/09-08-2016\/3077861\" target=\"_blank\">http:\/\/www.sinembargo.mx\/09-08-2016\/3077861<\/a><\/p>\n","protected":false},"excerpt":{"rendered":"<p>Por Ivette Lira Comunidades mayas denunciaron el pasado 25 de julio ante la CIDH que, con la siembra de soya transg\u00e9nica en los estados de Campeche y Yucat\u00e1n, el Gobierno &hellip; <a href=\"https:\/\/www.grieta.org.mx\/index.php\/2016\/08\/09\/los-transgenicos-acaban-con-abejas-plantas-animales-y-con-nosotros-reclaman-mayas-en-la-cidh\/\" class=\"more-link\">Leer m\u00e1s<\/a><\/p>\n","protected":false},"author":2,"featured_media":21928,"comment_status":"closed","ping_status":"closed","sticky":false,"template":"","format":"standard","meta":{"ngg_post_thumbnail":0,"_jetpack_newsletter_access":"","_jetpack_dont_email_post_to_subs":false,"_jetpack_newsletter_tier_id":0,"_jetpack_memberships_contains_paywalled_content":false,"_jetpack_memberships_contains_paid_content":false,"footnotes":""},"categories":[60,123,11,80,1,2,28,1151,1152,1153,36],"tags":[275,161,159],"class_list":{"0":"post-19312","1":"post","2":"type-post","3":"status-publish","4":"format-standard","5":"has-post-thumbnail","6":"hentry","7":"category-16-pueblo-maya","8":"category-campeche","10":"category-cintillo","11":"category-espejos-de-la-resistencia","12":"category-noticias-nacionales","13":"category-quintana-roo","14":"category-se-organizan-para-frenar-avance-de-transgenicos-en-yucatan-campeche-y-quintana-roo","15":"category-se-organizan-para-frenar-avance-de-transgenicos-en-yucatan-campeche-y-quintana-roo-yucatan","16":"category-se-organizan-para-frenar-avance-de-transgenicos-en-yucatan-campeche-y-quintana-roo-quintana-roo","17":"category-yucatan","18":"tag-consulta-publica-previa-libre-e-informada","19":"tag-monsanto","20":"tag-transgenicos","21":"entry"},"jetpack_featured_media_url":"https:\/\/www.grieta.org.mx\/wp-content\/uploads\/2018\/03\/14524434_1106112876131411_958039263622046936_o.jpg","jetpack_sharing_enabled":true,"jetpack_shortlink":"https:\/\/wp.me\/p7ZJR4-51u","jetpack_likes_enabled":false,"jetpack-related-posts":[{"id":912,"url":"https:\/\/www.grieta.org.mx\/index.php\/2016\/09\/13\/se-organizan-para-frenar-avance-de-transgenicos-en-yucatan-campeche-y-quintana-roo\/","url_meta":{"origin":19312,"position":0},"title":"Se organizan para frenar avance de transg\u00e9nicos en Yucat\u00e1n, Campeche y Quintana Roo","author":"grieta","date":"13 septiembre, 2016","format":false,"excerpt":"13\/04\/16. Conformaci\u00f3n de la Misi\u00f3n de Observaci\u00f3n de la Consulta al pueblo Maya sobre la siembra de soya gen\u00e9ticamente modificada de la empresa Monsanto Cayacyucatan 01\/04\/16. Irregularidades en Consulta Ind\u00edgena sobre la siembra de soya gen\u00e9ticamente en Campeche Infolliteras 22\/02\/16. Campeche, en mapa global sobre Riesgos Ambientales. Lo catalogan por\u2026","rel":"","context":"En &quot;16. Pueblo Maya&quot;","block_context":{"text":"16. Pueblo Maya","link":"https:\/\/www.grieta.org.mx\/index.php\/category\/espejos-de-la-resistencia\/16-pueblo-maya\/"},"img":{"alt_text":"","src":"https:\/\/i0.wp.com\/www.grieta.org.mx\/wp-content\/uploads\/2018\/03\/14524434_1106112876131411_958039263622046936_o.jpg?resize=350%2C200&ssl=1","width":350,"height":200,"srcset":"https:\/\/i0.wp.com\/www.grieta.org.mx\/wp-content\/uploads\/2018\/03\/14524434_1106112876131411_958039263622046936_o.jpg?resize=350%2C200&ssl=1 1x, https:\/\/i0.wp.com\/www.grieta.org.mx\/wp-content\/uploads\/2018\/03\/14524434_1106112876131411_958039263622046936_o.jpg?resize=525%2C300&ssl=1 1.5x, https:\/\/i0.wp.com\/www.grieta.org.mx\/wp-content\/uploads\/2018\/03\/14524434_1106112876131411_958039263622046936_o.jpg?resize=700%2C400&ssl=1 2x"},"classes":[]},{"id":38031,"url":"https:\/\/www.grieta.org.mx\/index.php\/2019\/08\/16\/preocupa-la-anulacion-del-decreto-contra-transgenicos\/","url_meta":{"origin":19312,"position":1},"title":"Preocupa la anulaci\u00f3n del decreto contra transg\u00e9nicos","author":"grieta","date":"16 agosto, 2019","format":false,"excerpt":"https:\/\/youtu.be\/V_qxTikY-cA Merli G\u00f3mez\/Canal10 M\u00e9rida, Yucat\u00e1n.- El Consejo Civil Mexicano para la Silvicultura Sostenible consider\u00f3 que el fallo de la Suprema Corte de Justicia de la Naci\u00f3n que invalida el Decreto 418\/2016, que declaraba a Yucat\u00e1n zona libre de cultivos agr\u00edcolas con organismos gen\u00e9ticamente modificados, abre la puerta a empresas agroindustriales\u2026","rel":"","context":"En &quot;Agroindustria&quot;","block_context":{"text":"Agroindustria","link":"https:\/\/www.grieta.org.mx\/index.php\/category\/megaproyectos\/agroindustria\/"},"img":{"alt_text":"","src":"https:\/\/i0.wp.com\/www.grieta.org.mx\/wp-content\/uploads\/2019\/08\/DecretoTransgenicos-e1566151926823.png?resize=350%2C200&ssl=1","width":350,"height":200,"srcset":"https:\/\/i0.wp.com\/www.grieta.org.mx\/wp-content\/uploads\/2019\/08\/DecretoTransgenicos-e1566151926823.png?resize=350%2C200&ssl=1 1x, https:\/\/i0.wp.com\/www.grieta.org.mx\/wp-content\/uploads\/2019\/08\/DecretoTransgenicos-e1566151926823.png?resize=525%2C300&ssl=1 1.5x, https:\/\/i0.wp.com\/www.grieta.org.mx\/wp-content\/uploads\/2019\/08\/DecretoTransgenicos-e1566151926823.png?resize=700%2C400&ssl=1 2x"},"classes":[]},{"id":17044,"url":"https:\/\/www.grieta.org.mx\/index.php\/2016\/07\/05\/dicen-no-a-transgenicos-campeche\/","url_meta":{"origin":19312,"position":2},"title":"Dicen no a transg\u00e9nicos (Campeche)","author":"grieta","date":"5 julio, 2016","format":false,"excerpt":"Hopelch\u00e9n: En Iturbide no se sembrar\u00e1 ning\u00fan cent\u00edmetro de soya transg\u00e9nica, advirti\u00f3 el comisario ejidal Abelardo Brice\u00f1o Montoy, quien dijo que en asamblea, los ejidatarios acordaron que no se d\u00e9 lugar a cultivos con semillas gen\u00e9ticamente modificadas, pues ponen en riesgo al sector ap\u00edcola. En entrevista con TRIBUNA la autoridad\u2026","rel":"","context":"En &quot;16. Pueblo Maya&quot;","block_context":{"text":"16. Pueblo Maya","link":"https:\/\/www.grieta.org.mx\/index.php\/category\/espejos-de-la-resistencia\/16-pueblo-maya\/"},"img":{"alt_text":"","src":"https:\/\/i0.wp.com\/www.grieta.org.mx\/wp-content\/uploads\/2018\/03\/14524434_1106112876131411_958039263622046936_o.jpg?resize=350%2C200&ssl=1","width":350,"height":200,"srcset":"https:\/\/i0.wp.com\/www.grieta.org.mx\/wp-content\/uploads\/2018\/03\/14524434_1106112876131411_958039263622046936_o.jpg?resize=350%2C200&ssl=1 1x, https:\/\/i0.wp.com\/www.grieta.org.mx\/wp-content\/uploads\/2018\/03\/14524434_1106112876131411_958039263622046936_o.jpg?resize=525%2C300&ssl=1 1.5x, https:\/\/i0.wp.com\/www.grieta.org.mx\/wp-content\/uploads\/2018\/03\/14524434_1106112876131411_958039263622046936_o.jpg?resize=700%2C400&ssl=1 2x"},"classes":[]},{"id":1459,"url":"https:\/\/www.grieta.org.mx\/index.php\/2015\/10\/08\/autoridades-mayas-de-yucatan-y-campeche-congelan-avance-de-soya-transgenica-de-monsanto\/","url_meta":{"origin":19312,"position":3},"title":"Autoridades mayas de Yucat\u00e1n y Campeche congelan avance de soya transg\u00e9nica de Monsanto","author":"grieta","date":"8 octubre, 2015","format":false,"excerpt":"(08 de octubre, 2015).- La Suprema Corte de Justicia de la Naci\u00f3n (SCJN) acord\u00f3 que el 28 de octubre discutir\u00e1 en paquete los siete recursos de amparo en revisi\u00f3n interpuestos por apicultores de Yucat\u00e1n y Campeche contra la siembra de soya transg\u00e9nica, inform\u00f3 Jorge Fern\u00e1ndez, abogado que apoya a los\u2026","rel":"","context":"En &quot;16. Pueblo Maya&quot;","block_context":{"text":"16. Pueblo Maya","link":"https:\/\/www.grieta.org.mx\/index.php\/category\/espejos-de-la-resistencia\/16-pueblo-maya\/"},"img":{"alt_text":"","src":"https:\/\/i0.wp.com\/www.grieta.org.mx\/wp-content\/uploads\/2018\/03\/14524434_1106112876131411_958039263622046936_o.jpg?resize=350%2C200&ssl=1","width":350,"height":200,"srcset":"https:\/\/i0.wp.com\/www.grieta.org.mx\/wp-content\/uploads\/2018\/03\/14524434_1106112876131411_958039263622046936_o.jpg?resize=350%2C200&ssl=1 1x, https:\/\/i0.wp.com\/www.grieta.org.mx\/wp-content\/uploads\/2018\/03\/14524434_1106112876131411_958039263622046936_o.jpg?resize=525%2C300&ssl=1 1.5x, https:\/\/i0.wp.com\/www.grieta.org.mx\/wp-content\/uploads\/2018\/03\/14524434_1106112876131411_958039263622046936_o.jpg?resize=700%2C400&ssl=1 2x"},"classes":[]},{"id":17435,"url":"https:\/\/www.grieta.org.mx\/index.php\/2016\/07\/20\/firmas-contra-transgenicos-campeche\/","url_meta":{"origin":19312,"position":4},"title":"Firmas contra transg\u00e9nicos (Campeche)","author":"grieta","date":"20 julio, 2016","format":false,"excerpt":"Ejidatarios de Iturbide, Hopelch\u00e9n, entregaron ayer documento con 540 firmas a la Comisi\u00f3n de Derechos Humanos del Estado de Campeche (Codhecam), en que rechazan la siembra de soya transg\u00e9nica, ya que la consideran da\u00f1ina para la salud y de inter\u00e9s exclusivo de menonitas. Los comisarios ejidal y municipal Abelardo Brice\u00f1o\u2026","rel":"","context":"En &quot;16. Pueblo Maya&quot;","block_context":{"text":"16. Pueblo Maya","link":"https:\/\/www.grieta.org.mx\/index.php\/category\/espejos-de-la-resistencia\/16-pueblo-maya\/"},"img":{"alt_text":"","src":"https:\/\/i0.wp.com\/www.grieta.org.mx\/wp-content\/uploads\/2018\/03\/14524434_1106112876131411_958039263622046936_o.jpg?resize=350%2C200&ssl=1","width":350,"height":200,"srcset":"https:\/\/i0.wp.com\/www.grieta.org.mx\/wp-content\/uploads\/2018\/03\/14524434_1106112876131411_958039263622046936_o.jpg?resize=350%2C200&ssl=1 1x, https:\/\/i0.wp.com\/www.grieta.org.mx\/wp-content\/uploads\/2018\/03\/14524434_1106112876131411_958039263622046936_o.jpg?resize=525%2C300&ssl=1 1.5x, https:\/\/i0.wp.com\/www.grieta.org.mx\/wp-content\/uploads\/2018\/03\/14524434_1106112876131411_958039263622046936_o.jpg?resize=700%2C400&ssl=1 2x"},"classes":[]},{"id":11490,"url":"https:\/\/www.grieta.org.mx\/index.php\/2016\/04\/26\/continua-la-siembra-de-soya-transgenica-en-q-roo\/","url_meta":{"origin":19312,"position":5},"title":"Contin\u00faa la siembra de soya transg\u00e9nica en Q. Roo","author":"grieta","date":"26 abril, 2016","format":false,"excerpt":"Sentencia de amparo no responde la anulaci\u00f3n del permiso que le otorgaron a Monsanto. Javier Ortiz\/SIPSE BACALAR, Q. Roo.- Tras a\u00f1o y medio de esperar resoluci\u00f3n del juez sexto de distrito, productores de ma\u00edz y apicultores de varias comunidades del municipio de Bacalar, se dijeron decepcionados, pues s\u00f3lo recibieron resoluci\u00f3n\u2026","rel":"","context":"En &quot;16. Pueblo Maya&quot;","block_context":{"text":"16. Pueblo Maya","link":"https:\/\/www.grieta.org.mx\/index.php\/category\/espejos-de-la-resistencia\/16-pueblo-maya\/"},"img":{"alt_text":"","src":"https:\/\/i0.wp.com\/www.grieta.org.mx\/wp-content\/uploads\/2018\/03\/14524434_1106112876131411_958039263622046936_o.jpg?resize=350%2C200&ssl=1","width":350,"height":200,"srcset":"https:\/\/i0.wp.com\/www.grieta.org.mx\/wp-content\/uploads\/2018\/03\/14524434_1106112876131411_958039263622046936_o.jpg?resize=350%2C200&ssl=1 1x, https:\/\/i0.wp.com\/www.grieta.org.mx\/wp-content\/uploads\/2018\/03\/14524434_1106112876131411_958039263622046936_o.jpg?resize=525%2C300&ssl=1 1.5x, https:\/\/i0.wp.com\/www.grieta.org.mx\/wp-content\/uploads\/2018\/03\/14524434_1106112876131411_958039263622046936_o.jpg?resize=700%2C400&ssl=1 2x"},"classes":[]}],"_links":{"self":[{"href":"https:\/\/www.grieta.org.mx\/index.php\/wp-json\/wp\/v2\/posts\/19312","targetHints":{"allow":["GET"]}}],"collection":[{"href":"https:\/\/www.grieta.org.mx\/index.php\/wp-json\/wp\/v2\/posts"}],"about":[{"href":"https:\/\/www.grieta.org.mx\/index.php\/wp-json\/wp\/v2\/types\/post"}],"author":[{"embeddable":true,"href":"https:\/\/www.grieta.org.mx\/index.php\/wp-json\/wp\/v2\/users\/2"}],"replies":[{"embeddable":true,"href":"https:\/\/www.grieta.org.mx\/index.php\/wp-json\/wp\/v2\/comments?post=19312"}],"version-history":[{"count":1,"href":"https:\/\/www.grieta.org.mx\/index.php\/wp-json\/wp\/v2\/posts\/19312\/revisions"}],"predecessor-version":[{"id":19316,"href":"https:\/\/www.grieta.org.mx\/index.php\/wp-json\/wp\/v2\/posts\/19312\/revisions\/19316"}],"wp:featuredmedia":[{"embeddable":true,"href":"https:\/\/www.grieta.org.mx\/index.php\/wp-json\/wp\/v2\/media\/21928"}],"wp:attachment":[{"href":"https:\/\/www.grieta.org.mx\/index.php\/wp-json\/wp\/v2\/media?parent=19312"}],"wp:term":[{"taxonomy":"category","embeddable":true,"href":"https:\/\/www.grieta.org.mx\/index.php\/wp-json\/wp\/v2\/categories?post=19312"},{"taxonomy":"post_tag","embeddable":true,"href":"https:\/\/www.grieta.org.mx\/index.php\/wp-json\/wp\/v2\/tags?post=19312"}],"curies":[{"name":"wp","href":"https:\/\/api.w.org\/{rel}","templated":true}]}}