{"id":19305,"date":"2016-08-11T12:09:46","date_gmt":"2016-08-11T17:09:46","guid":{"rendered":"http:\/\/www.grieta.org.mx\/?p=19305"},"modified":"2016-08-11T12:09:46","modified_gmt":"2016-08-11T17:09:46","slug":"dudan-vecinos-que-la-demolicion-del-estadio-azul-sea-benefica-cdmx","status":"publish","type":"post","link":"https:\/\/www.grieta.org.mx\/index.php\/2016\/08\/11\/dudan-vecinos-que-la-demolicion-del-estadio-azul-sea-benefica-cdmx\/","title":{"rendered":"Dudan vecinos que la demolici\u00f3n del Estadio Azul sea ben\u00e9fica (CDMX)"},"content":{"rendered":"<p>Eduardo Su\u00e1rez<\/p>\n<p>Manifiestan habitantes de la zona estar en contra de una nueva plaza comercial, piden consulta popular<\/p>\n<p><img decoding=\"async\" data-attachment-id=\"19306\" data-permalink=\"https:\/\/www.grieta.org.mx\/index.php\/2016\/08\/11\/dudan-vecinos-que-la-demolicion-del-estadio-azul-sea-benefica-cdmx\/estadio-azul\/\" data-orig-file=\"https:\/\/www.grieta.org.mx\/wp-content\/uploads\/2016\/08\/estadio-azul.jpg\" data-orig-size=\"768,401\" data-comments-opened=\"0\" data-image-meta=\"{&quot;aperture&quot;:&quot;0&quot;,&quot;credit&quot;:&quot;&quot;,&quot;camera&quot;:&quot;&quot;,&quot;caption&quot;:&quot;&quot;,&quot;created_timestamp&quot;:&quot;0&quot;,&quot;copyright&quot;:&quot;&quot;,&quot;focal_length&quot;:&quot;0&quot;,&quot;iso&quot;:&quot;0&quot;,&quot;shutter_speed&quot;:&quot;0&quot;,&quot;title&quot;:&quot;&quot;,&quot;orientation&quot;:&quot;0&quot;}\" data-image-title=\"estadio-azul\" data-image-description=\"\" data-image-caption=\"\" data-medium-file=\"https:\/\/www.grieta.org.mx\/wp-content\/uploads\/2016\/08\/estadio-azul-300x157.jpg\" data-large-file=\"https:\/\/www.grieta.org.mx\/wp-content\/uploads\/2016\/08\/estadio-azul.jpg\" src=\"http:\/\/www.grieta.org.mx\/wp-content\/uploads\/2016\/08\/estadio-azul.jpg\" alt=\"estadio-azul\" width=\"100%\" class=\"aligncenter size-full wp-image-19306\" srcset=\"https:\/\/www.grieta.org.mx\/wp-content\/uploads\/2016\/08\/estadio-azul.jpg 768w, https:\/\/www.grieta.org.mx\/wp-content\/uploads\/2016\/08\/estadio-azul-300x157.jpg 300w\" sizes=\"(max-width: 768px) 100vw, 768px\" \/><\/p>\n<p>Despu\u00e9s de que el grupo empresarial Cos\u00edo Family anunci\u00f3 la demolici\u00f3n del Estadio Azul en 2018 para construir un centro comercial y un hotel, vecinos de la Benito Ju\u00e1rez externaron opiniones encontradas.<\/p>\n<p>El estadio de la \u201cM\u00e1quina Cementera\u201d, construido en 1946 y con capacidad para 33 mil 42 aficionados, se encuentra a un costado de la Plaza de Toros y enclavado entre la zona residencial de la N\u00e1poles y establecimientos mercantiles de la colonia Noche Buena.<\/p>\n<p>La familia Cos\u00edo declar\u00f3 en su momento, que la construcci\u00f3n del centro comercial estar\u00e1 a cargo del grupo Carso y su operaci\u00f3n ser\u00eda administrada por su otra empresa, el grupo Brisas.<\/p>\n<p>La se\u00f1ora Carmen Romero, vecina de la N\u00e1poles extern\u00f3 sus dudas, porque por un lado ya son pocos los lugares emblem\u00e1ticos de la Ciudad de M\u00e9xico, pero por otro lado se beneficiar\u00eda la zona con un centro comercial, aunque aclar\u00f3 que el tr\u00e1fico se complicar\u00e1 m\u00e1s.<\/p>\n<p>Tambi\u00e9n hay que tomar en cuenta que la gente que va de compras es diferente de las personas que van a ver el f\u00fatbol a un estadio: pese a que antes era m\u00e1s familiar, ahora vienen muchos j\u00f3venes a beber y hacer desmanes, pero  si se construye una plaza, vamos a sufrir por la cuesti\u00f3n de movilidad\u201c, explic\u00f3.<\/p>\n<p>Pro su parte, el panadero Epifanio P\u00e9rez, empleado de la firma Cleta Pan, dice que cuando juega el Cruz Azul cierran la avenida Holbein y eso provoca que bajen las ventas.<\/p>\n<p>    \u201cPor un lado estar\u00eda bien porque en los partidos ya casi no vienen familia sino puros malandros que se alcoholizan,\u201d, declar\u00f3 el experto en pan de Zacatl\u00e1n, Puebla.<\/p>\n<p>Mar\u00eda Z\u00e1rate, vecina que lleva m\u00e1s de 9 a\u00f1os viviendo enfrente del estadio dijo estar completamente en contra, porque si as\u00ed no hay espacio para el libre tr\u00e1nsito de los carros, con un centro comercial se pondr\u00e1 peor todos los d\u00edas.<\/p>\n<p>    \u201cNo tiene sentido el centro comercial, porque ya hay varios por la zona y habr\u00eda mucho m\u00e1s concurrencia de gente todos los d\u00edas, adem\u00e1s hay mucho tr\u00e1fico en esta zona y con otro centro mercantil nos afectar\u00eda no s\u00f3lo la vialidad sino los servicios, de por s\u00ed en la Benito Ju\u00e1rez ya hay muchas obras y una m\u00e1s ser\u00eda el caos\u201d, coment\u00f3.<\/p>\n<p>Anah\u00ed Hern\u00e1ndez, actual encargada de la tiendita Las G\u00fceras., se mostr\u00f3 sorprendida de la noticia y dijo que estar\u00eda en contra porque cuando hay partidos suben sus ventas y hay bastante seguridad, lo que hace que todo se desarrolle con orden.<\/p>\n<p>Vecinos de la calle de Carolina, se manifiestan rotundamente en contra de la construcci\u00f3n de otra plaza comercial debido al problema de estacionamiento, tr\u00e1fico y aumento de poblaci\u00f3n flotante que demeritar\u00e1 los servicios.<\/p>\n<p>Al respecto, Leticia Hern\u00e1ndez dijo est\u00e1 en contra porque lo que sobra en Benito Ju\u00e1rez son plazas comerciales, ya que en un radio relativamente peque\u00f1o hay casi diez, lo que es una exageraci\u00f3n, adem\u00e1s del corredor comercial de Insurgentes. La vecina de la calle de Porfirio D\u00edaz afirma que despu\u00e9s de la construcci\u00f3n del distribuidor vial San Antonio, el tr\u00e1fico que circula por las calles aleda\u00f1as a Holbein es un caos a toda hora, que se agravar\u00eda a\u00fan m\u00e1s con otro centro comercial.<\/p>\n<p>    \u201cAdem\u00e1s hay que pensar en el tema de seguridad, porque con tanto movimiento, va a haber m\u00e1s asaltos por gente que vendr\u00e1 de otras zonas para delinquir. Y tambi\u00e9n est\u00e1 el tema de los servicios de luz y agua, porque la delegaci\u00f3n ha autorizado muchas construcciones y ya empezamos a padecer desabasto y apagones, porque la zona no est\u00e1 planeada para tanta gente\u201d, se\u00f1al\u00f3.<\/p>\n<p>Daniel S\u00e1nchez, habitante de la calle de Perugino se muestra molesto por la demolici\u00f3n de uno de los iconos de la colonia, porque el Estadio Azul es un lugar al que concurren muchas familias para disfrutar del futbol. Respecto a la construcci\u00f3n de un centro comercial, dice que se debe someter a consulta de los vecinos, que son quienes resultar\u00e1n directamente afectados.<\/p>\n<p>    \u201cEsta es una de las zonas que ha sufrido el boom de construcciones y ahora quieren construir otro centro comercial, cuando ya hay tantos por aqu\u00ed, sin tomarnos en cuenta, no  me parece justo. Deber\u00edan hacer una consulta\u201d, afirma.<\/p>\n<p>Los vecinos de la calle de Indiana dicen estar en contra y piensan organizarse para expresar su desacuerdo y exigir a las autoridades tomen en cuenta su opini\u00f3n y echar atr\u00e1s un proyecto que, aseguran, no tiene justificaci\u00f3n, adem\u00e1s de ser completamente innecesario, dado que ya hay demasiadas plazas por la zona.<\/p>\n<p><a href=\"http:\/\/elbigdata.mx\/city\/dudan-vecinos-que-la-demolicion-del-estadio-azul-sea-benefica\/\" target=\"_blank\">http:\/\/elbigdata.mx\/city\/dudan-vecinos-que-la-demolicion-del-estadio-azul-sea-benefica\/<\/a><\/p>\n","protected":false},"excerpt":{"rendered":"<p>Eduardo Su\u00e1rez Manifiestan habitantes de la zona estar en contra de una nueva plaza comercial, piden consulta popular Despu\u00e9s de que el grupo empresarial Cos\u00edo Family anunci\u00f3 la demolici\u00f3n del &hellip; <a href=\"https:\/\/www.grieta.org.mx\/index.php\/2016\/08\/11\/dudan-vecinos-que-la-demolicion-del-estadio-azul-sea-benefica-cdmx\/\" class=\"more-link\">Leer m\u00e1s<\/a><\/p>\n","protected":false},"author":2,"featured_media":21928,"comment_status":"closed","ping_status":"closed","sticky":false,"template":"","format":"standard","meta":{"ngg_post_thumbnail":0,"_jetpack_newsletter_access":"","_jetpack_dont_email_post_to_subs":false,"_jetpack_newsletter_tier_id":0,"_jetpack_memberships_contains_paywalled_content":false,"_jetpack_memberships_contains_paid_content":false,"footnotes":""},"categories":[598,80],"tags":[395,96,853],"class_list":["post-19305","post","type-post","status-publish","format-standard","has-post-thumbnail","hentry","category-cdmx","category-cintillo","tag-centros-comerciales","tag-megaproyectos","tag-proyectos-inmobiliarios","entry"],"jetpack_featured_media_url":"https:\/\/www.grieta.org.mx\/wp-content\/uploads\/2018\/03\/14524434_1106112876131411_958039263622046936_o.jpg","jetpack_sharing_enabled":true,"jetpack_shortlink":"https:\/\/wp.me\/p7ZJR4-51n","jetpack_likes_enabled":false,"jetpack-related-posts":[{"id":9630,"url":"https:\/\/www.grieta.org.mx\/index.php\/2016\/08\/11\/oposicion-a-la-construccion-de-centros-comerciales-en-la-ciudad-de-mexico\/","url_meta":{"origin":19305,"position":0},"title":"Oposici\u00f3n a la construcci\u00f3n de Centros Comerciales en la Ciudad de M\u00e9xico","author":"grieta","date":"11 agosto, 2016","format":false,"excerpt":"11\/08\/16. Dudan vecinos que la demolici\u00f3n del Estadio Azul sea ben\u00e9fica (CDMX) El big data 03\/08\/16. Proyecto comercial Cetram Chapultepec traer\u00e1 afectaciones sociales y ambientales Desinform\u00e9monos 30\/06\/16. Rechazan apertura de Chedraui (CDMX) El Universal 21\/04\/16. Locatarios bloquean la circulaci\u00f3n de Rojo G\u00f3mez El Universal 28\/03\/16. La amenaza en Coapa Reporte\u2026","rel":"","context":"En &quot;Ciudad de M\u00e9xico&quot;","block_context":{"text":"Ciudad de M\u00e9xico","link":"https:\/\/www.grieta.org.mx\/index.php\/category\/noticias-nacionales\/ciudad-de-mexico\/"},"img":{"alt_text":"","src":"https:\/\/i0.wp.com\/www.grieta.org.mx\/wp-content\/uploads\/2018\/03\/14524434_1106112876131411_958039263622046936_o.jpg?resize=350%2C200&ssl=1","width":350,"height":200,"srcset":"https:\/\/i0.wp.com\/www.grieta.org.mx\/wp-content\/uploads\/2018\/03\/14524434_1106112876131411_958039263622046936_o.jpg?resize=350%2C200&ssl=1 1x, https:\/\/i0.wp.com\/www.grieta.org.mx\/wp-content\/uploads\/2018\/03\/14524434_1106112876131411_958039263622046936_o.jpg?resize=525%2C300&ssl=1 1.5x, https:\/\/i0.wp.com\/www.grieta.org.mx\/wp-content\/uploads\/2018\/03\/14524434_1106112876131411_958039263622046936_o.jpg?resize=700%2C400&ssl=1 2x"},"classes":[]},{"id":63278,"url":"https:\/\/www.grieta.org.mx\/index.php\/2022\/01\/22\/el-proyecto-estadio-azteca-significa-gentrificacion-para-los-vecinos-ciudad-de-mexico\/","url_meta":{"origin":19305,"position":1},"title":"El Proyecto Estadio Azteca significa gentrificaci\u00f3n para los vecinos (Ciudad de M\u00e9xico)","author":"grieta","date":"22 enero, 2022","format":false,"excerpt":"Texto: Arturo Contreras Camero \/ Pie de P\u00e1gina Imagen: Proyecto Estadio Azteca Bajo el pretexto de mejorar el Estadio Azteca para el mundial de 2026, Grupo Televisa quiere construir una plaza comercial con hotel que se conecte al Coloso de Santa \u00darsula. El gobierno de la Ciudad de M\u00e9xico pide\u2026","rel":"","context":"En &quot;CINTILLO&quot;","block_context":{"text":"CINTILLO","link":"https:\/\/www.grieta.org.mx\/index.php\/category\/cintillo\/"},"img":{"alt_text":"","src":"https:\/\/i0.wp.com\/www.grieta.org.mx\/wp-content\/uploads\/2022\/02\/El-Proyecto-Estadio-Azteca-significa-gentrificacion-para-los-vecinos-cdmx-feb.jpg?resize=350%2C200&ssl=1","width":350,"height":200,"srcset":"https:\/\/i0.wp.com\/www.grieta.org.mx\/wp-content\/uploads\/2022\/02\/El-Proyecto-Estadio-Azteca-significa-gentrificacion-para-los-vecinos-cdmx-feb.jpg?resize=350%2C200&ssl=1 1x, https:\/\/i0.wp.com\/www.grieta.org.mx\/wp-content\/uploads\/2022\/02\/El-Proyecto-Estadio-Azteca-significa-gentrificacion-para-los-vecinos-cdmx-feb.jpg?resize=525%2C300&ssl=1 1.5x, https:\/\/i0.wp.com\/www.grieta.org.mx\/wp-content\/uploads\/2022\/02\/El-Proyecto-Estadio-Azteca-significa-gentrificacion-para-los-vecinos-cdmx-feb.jpg?resize=700%2C400&ssl=1 2x"},"classes":[]},{"id":10040,"url":"https:\/\/www.grieta.org.mx\/index.php\/2016\/03\/28\/la-amenaza-en-coapa\/","url_meta":{"origin":19305,"position":2},"title":"La amenaza en Coapa","author":"grieta","date":"28 marzo, 2016","format":false,"excerpt":"Reporte Indigo Vecinos de la zona piden a las autoridades de Tlalpan realizar una consulta ciudadana ante la construcci\u00f3n de un complejo comercial, que consideran podr\u00eda colapsar la vialidad Por Icela Lagunas Vecinos pedir\u00e1n al Instituto Electoral del Distrito Federal realizar una consulta ciudadana, similar a la que se aplic\u00f3\u2026","rel":"","context":"En &quot;CINTILLO&quot;","block_context":{"text":"CINTILLO","link":"https:\/\/www.grieta.org.mx\/index.php\/category\/cintillo\/"},"img":{"alt_text":"","src":"https:\/\/i0.wp.com\/www.grieta.org.mx\/wp-content\/uploads\/2018\/03\/14524434_1106112876131411_958039263622046936_o.jpg?resize=350%2C200&ssl=1","width":350,"height":200,"srcset":"https:\/\/i0.wp.com\/www.grieta.org.mx\/wp-content\/uploads\/2018\/03\/14524434_1106112876131411_958039263622046936_o.jpg?resize=350%2C200&ssl=1 1x, https:\/\/i0.wp.com\/www.grieta.org.mx\/wp-content\/uploads\/2018\/03\/14524434_1106112876131411_958039263622046936_o.jpg?resize=525%2C300&ssl=1 1.5x, https:\/\/i0.wp.com\/www.grieta.org.mx\/wp-content\/uploads\/2018\/03\/14524434_1106112876131411_958039263622046936_o.jpg?resize=700%2C400&ssl=1 2x"},"classes":[]},{"id":9690,"url":"https:\/\/www.grieta.org.mx\/index.php\/2013\/04\/18\/un-centro-comercial-de-locura-en-lo-que-fue-la-clinica-san-rafael\/","url_meta":{"origin":19305,"position":3},"title":"Un centro comercial de locura en lo que fue la cl\u00ednica San Rafael","author":"grieta","date":"18 abril, 2013","format":false,"excerpt":"Planeta Tlalpan En Santa \u00darsula Xitla, pueblo de Tlalpan ubicado en las m\u00e1rgenes de la Av. Insurgentes Sur, se estableci\u00f3 en 1949 la Cl\u00ednica San Rafael, un hospital privado que pronto se convertir\u00eda en importante referente de la salud mental en M\u00e9xico. Hace unos de meses, sin embargo, el nosocomio\u2026","rel":"","context":"En &quot;CINTILLO&quot;","block_context":{"text":"CINTILLO","link":"https:\/\/www.grieta.org.mx\/index.php\/category\/cintillo\/"},"img":{"alt_text":"","src":"https:\/\/i0.wp.com\/www.grieta.org.mx\/wp-content\/uploads\/2018\/03\/14524434_1106112876131411_958039263622046936_o.jpg?resize=350%2C200&ssl=1","width":350,"height":200,"srcset":"https:\/\/i0.wp.com\/www.grieta.org.mx\/wp-content\/uploads\/2018\/03\/14524434_1106112876131411_958039263622046936_o.jpg?resize=350%2C200&ssl=1 1x, https:\/\/i0.wp.com\/www.grieta.org.mx\/wp-content\/uploads\/2018\/03\/14524434_1106112876131411_958039263622046936_o.jpg?resize=525%2C300&ssl=1 1.5x, https:\/\/i0.wp.com\/www.grieta.org.mx\/wp-content\/uploads\/2018\/03\/14524434_1106112876131411_958039263622046936_o.jpg?resize=700%2C400&ssl=1 2x"},"classes":[]},{"id":9677,"url":"https:\/\/www.grieta.org.mx\/index.php\/2015\/11\/19\/vecinos-de-santa-ursula-xitla-demandan-al-gdf-detener-obras-de-centro-comercial\/","url_meta":{"origin":19305,"position":4},"title":"Vecinos de Santa \u00darsula Xitla demandan al GDF detener obras de centro comercial","author":"grieta","date":"19 noviembre, 2015","format":false,"excerpt":"SDPnoticias Patio Fuentes de Tlalpan contar\u00e1 con\u00a0una tienda de autoservicio, un complejo de salas de cine, cientos de locales comerciales y mil 800 lugares de estacionamiento que amenazan con colapsar la zona. M\u00e9xico.- Habitantes de la colonia Santa \u00darsula Xitla, en el sur de la Ciudad de M\u00e9xico, demandaron a\u2026","rel":"","context":"En &quot;CINTILLO&quot;","block_context":{"text":"CINTILLO","link":"https:\/\/www.grieta.org.mx\/index.php\/category\/cintillo\/"},"img":{"alt_text":"","src":"https:\/\/i0.wp.com\/www.grieta.org.mx\/wp-content\/uploads\/2018\/03\/14524434_1106112876131411_958039263622046936_o.jpg?resize=350%2C200&ssl=1","width":350,"height":200,"srcset":"https:\/\/i0.wp.com\/www.grieta.org.mx\/wp-content\/uploads\/2018\/03\/14524434_1106112876131411_958039263622046936_o.jpg?resize=350%2C200&ssl=1 1x, https:\/\/i0.wp.com\/www.grieta.org.mx\/wp-content\/uploads\/2018\/03\/14524434_1106112876131411_958039263622046936_o.jpg?resize=525%2C300&ssl=1 1.5x, https:\/\/i0.wp.com\/www.grieta.org.mx\/wp-content\/uploads\/2018\/03\/14524434_1106112876131411_958039263622046936_o.jpg?resize=700%2C400&ssl=1 2x"},"classes":[]},{"id":64777,"url":"https:\/\/www.grieta.org.mx\/index.php\/2022\/08\/16\/agua-para-el-concreto-crecen-megaproyectos-comerciales-ante-la-escasez-en-la-ciudad-de-mexico\/","url_meta":{"origin":19305,"position":5},"title":"Agua para el concreto, crecen megaproyectos comerciales ante la escasez en la Ciudad de M\u00e9xico","author":"grieta","date":"16 agosto, 2022","format":false,"excerpt":"Patricia Ram\u00edrez \/ Periodismo CN La escasez del agua en zonas de la ciudad donde se tienen planeadas grandes construcciones inquietan a los habitantes y ponen en riesgo al agua subterr\u00e1nea que se encuentra ya en estado de sobreexplotaci\u00f3n. El n\u00famero 42 del Circuito Estadio Azteca es la entrada a\u2026","rel":"","context":"En &quot;Ciudad de M\u00e9xico&quot;","block_context":{"text":"Ciudad de M\u00e9xico","link":"https:\/\/www.grieta.org.mx\/index.php\/category\/noticias-nacionales\/ciudad-de-mexico\/"},"img":{"alt_text":"","src":"https:\/\/i0.wp.com\/www.grieta.org.mx\/wp-content\/uploads\/2018\/03\/14524434_1106112876131411_958039263622046936_o.jpg?resize=350%2C200&ssl=1","width":350,"height":200,"srcset":"https:\/\/i0.wp.com\/www.grieta.org.mx\/wp-content\/uploads\/2018\/03\/14524434_1106112876131411_958039263622046936_o.jpg?resize=350%2C200&ssl=1 1x, https:\/\/i0.wp.com\/www.grieta.org.mx\/wp-content\/uploads\/2018\/03\/14524434_1106112876131411_958039263622046936_o.jpg?resize=525%2C300&ssl=1 1.5x, https:\/\/i0.wp.com\/www.grieta.org.mx\/wp-content\/uploads\/2018\/03\/14524434_1106112876131411_958039263622046936_o.jpg?resize=700%2C400&ssl=1 2x"},"classes":[]}],"_links":{"self":[{"href":"https:\/\/www.grieta.org.mx\/index.php\/wp-json\/wp\/v2\/posts\/19305","targetHints":{"allow":["GET"]}}],"collection":[{"href":"https:\/\/www.grieta.org.mx\/index.php\/wp-json\/wp\/v2\/posts"}],"about":[{"href":"https:\/\/www.grieta.org.mx\/index.php\/wp-json\/wp\/v2\/types\/post"}],"author":[{"embeddable":true,"href":"https:\/\/www.grieta.org.mx\/index.php\/wp-json\/wp\/v2\/users\/2"}],"replies":[{"embeddable":true,"href":"https:\/\/www.grieta.org.mx\/index.php\/wp-json\/wp\/v2\/comments?post=19305"}],"version-history":[{"count":1,"href":"https:\/\/www.grieta.org.mx\/index.php\/wp-json\/wp\/v2\/posts\/19305\/revisions"}],"predecessor-version":[{"id":19307,"href":"https:\/\/www.grieta.org.mx\/index.php\/wp-json\/wp\/v2\/posts\/19305\/revisions\/19307"}],"wp:featuredmedia":[{"embeddable":true,"href":"https:\/\/www.grieta.org.mx\/index.php\/wp-json\/wp\/v2\/media\/21928"}],"wp:attachment":[{"href":"https:\/\/www.grieta.org.mx\/index.php\/wp-json\/wp\/v2\/media?parent=19305"}],"wp:term":[{"taxonomy":"category","embeddable":true,"href":"https:\/\/www.grieta.org.mx\/index.php\/wp-json\/wp\/v2\/categories?post=19305"},{"taxonomy":"post_tag","embeddable":true,"href":"https:\/\/www.grieta.org.mx\/index.php\/wp-json\/wp\/v2\/tags?post=19305"}],"curies":[{"name":"wp","href":"https:\/\/api.w.org\/{rel}","templated":true}]}}