{"id":19288,"date":"2016-07-31T22:32:01","date_gmt":"2016-08-01T03:32:01","guid":{"rendered":"http:\/\/www.grieta.org.mx\/?p=19288"},"modified":"2016-08-10T22:34:49","modified_gmt":"2016-08-11T03:34:49","slug":"lanzan-peticion-contra-helipuerto-en-copilco","status":"publish","type":"post","link":"https:\/\/www.grieta.org.mx\/index.php\/2016\/07\/31\/lanzan-peticion-contra-helipuerto-en-copilco\/","title":{"rendered":"Lanzan petici\u00f3n contra helipuerto en Copilco"},"content":{"rendered":"<div class=\"row\">\n<div class=\"small-12 medium-12 large-12 columns\">\n<h3 class=\"entry-title\">No al Helipuerto en Copilco<\/h3>\n<div class=\"metadata\">\n<p><span class=\"comments\">\u00a0<\/span><\/p>\n<\/div>\n<\/div>\n<\/div>\n<div class=\"row\">\n<div class=\"column\">\n<h1><img decoding=\"async\" class=\"  wp-post-image\" src=\"https:\/\/desinformemonos.org\/wp-content\/uploads\/2016\/07\/Helipuerto-copilco2.jpg\" alt=\"Helipuerto copilco2\" \/><\/h1>\n<\/div>\n<\/div>\n<p>&nbsp;<\/p>\n<p><i>\u00c9sta es la <\/i><a href=\"https:\/\/www.change.org\/p\/miguel-angel-cancino-aguilar-no-al-helipuerto-en-copilco\"><i>petici\u00f3n<\/i><\/a><i> elaborada por los vecinos de <\/i><i>Copilco<\/i><i>, Universidad y aleda\u00f1as,<\/i><i> organizados en el <\/i><i>C<\/i><i>omit\u00e9 de No al Helipuerto en <\/i><i>Copilco<\/i><i>,<\/i><i> la cual se va a enviar a las autoridades competentes para mostrar la oposici\u00f3n popular del barrio contra el helipuerto que est\u00e1 construyendo en Avenida Universidad, en el medio de una colonia residencial densamente poblada, y que va a ocasionar da\u00f1os medioambientales<\/i><i>, gentrificaci\u00f3n, ruido, contaminaci\u00f3n, riesgos<\/i><i> y perjuicios graves a la calidad de vida de m\u00e1s de 25.000 personas.\u00a0<\/i><\/p>\n<p><i>La carta, urgente y necesaria, est\u00e1 dirigida al <\/i><i>Procurador Ambiental y del Ordenamiento Territorial de la <\/i><i>CDMX<\/i><i>, Miguel \u00c1ngel <\/i><i>Cancino<\/i><i> Aguilar, al<\/i> <i>Jefe Delegacional, <\/i><i>Jos\u00e9 Valent\u00edn Maldonado Salgado, al <\/i><i>Procurador Social del Gobierno de la Ciudad de M\u00e9xico, <\/i><i>Lic. Guillermo Orozco Loreto, al <\/i><i>Presidente de la Comisi\u00f3n de Derechos Humanos de la <\/i><i>ALDF<\/i><i>,<\/i><i> Leonel Luna Estrada, y al J<\/i><i>efe de Gobierno de la Ciudad de M\u00e9xico, <\/i><i>Miguel <\/i><i>Angel<\/i><i> Mancera.\u00a0<\/i><\/p>\n<p><i>La situaci\u00f3n <\/i><i>de este \u201cMonstruo de <\/i><i>Copilco<\/i><i>\u201d <\/i><i>es emblem\u00e1tica de muchas m\u00e1s en M\u00e9xico, as\u00ed <\/i><i>como en esta zona de la capital, que ya ha sido afectada gravemente por megaproyectos como el in\u00fatil y mastod\u00f3ntico centro comercial Oasis, portador de tr\u00e1fico y contaminaci\u00f3n a\u00e9rea, y, en los cercanos pedregale<\/i><i>s de Santo Domingo, la llamada \u201c<\/i><i>Ciudad del Futuro\u201d: <\/i><i>la<\/i><i> petici\u00f3n se puede firmar y difundir<\/i><a href=\"https:\/\/www.change.org\/p\/miguel-angel-cancino-aguilar-no-al-helipuerto-en-copilco\"><b><i> desde esta liga.<\/i><\/b><\/a><\/p>\n<p>La ex muebler\u00eda Hermanos V\u00e1zquez, ubicada en Avenida Universidad 2014, ser\u00e1 la nueva sede de Cadena 3 que contar\u00e1 con 6 foros de televisi\u00f3n y 12 estaciones de radio con m\u00e1s de 2000 personas laborando ah\u00ed. Irradiando ondas perjudiciales desde su antena de 60mts de altura y la contaminaci\u00f3n auditiva producto del helipuerto que han instalado. Ubicada en una zona residencial y escolar de Coyoac\u00e1n, Copilco, junto a las reservas ecol\u00f3gicas de Ciudad Universitaria, Viveros de Coyoac\u00e1n y Parque Dos Conejos.<\/p>\n<p>Adem\u00e1s de los riesgos de una ca\u00edda de helic\u00f3ptero como ya ha ocurrido en la Ciudad de M\u00e9xico, existe el riesgo de que habiendo tantas unidades a su alrededor puedan ser derribadas dejando sin hogar a los vecinos, es conocida la inestabilidad de estas aeronaves. Los comentarios de los residentes de las Lomas quienes desde hace dos a\u00f1os padecen del ruido de los helic\u00f3pteros y quienes ya han presenciado un accidente declaran: \u201cDesde las cuatro de la ma\u00f1ana se escuchan despegar y aterrizar. Las ventanas de las casas y edificios contiguos truenan y el ruido resulta insoportable para quienes viven y trabajan en la zona\u201d.<\/p>\n<p>El temor de que una aeronave se estrelle en su propiedad es latente, pues a\u00fan recuerdan cuando hace unos a\u00f1os un helic\u00f3ptero que despeg\u00f3 de un edificio ubicado en Montes Urales cay\u00f3 en un restaurante de los alrededores[1]. Son varios los accidentes reportados por helic\u00f3pteros desplomados sobre la Ciudad, los m\u00e1s relevantes pueden consultarse a continuaci\u00f3n.[2]: incluido el de octubre de 2011 frente a Viveros de Coyoacan.<\/p>\n<p>El Colegio Erasmo de Roterdam vendi\u00f3 sus instalaciones ubicadas en Universidad 1919 y Cerrada de Chimalistac sin importar que varios padres hab\u00edan ya pagado la inscripci\u00f3n y colegiatura del nuevo ciclo escolar que iniciar\u00e1 en septiembre del presente a\u00f1o. ?Al parecer tambi\u00e9n pertenece al corporativo de los V\u00e1zquez Ra\u00f1a. La esquina de Cerro Tuera y Av. Universidad tambi\u00e9n fue vendida y hay una obra en la que se aprecian tres niveles bajo el nivel del piso y unos castillos que presumen un edificio de enormes dimensiones; cortaron m\u00e1s de tres viejos \u00e1rboles de pirul la madrugada de un s\u00e1bado feriado, las viejas yucas fueron removidas para dar lugar a un hotel de paso, llamado Hotel Amor enfrente del conjunto residencial Altillo-Universidad 1900.<\/p>\n<p>La pr\u00f3xima Cadena 3 con helipuerto y antena, se encuentra rodeada de Unidades Habitacionales como la de Copilco Universidad, Universidad 1953 (con 1075 viviendas) El Altillo, Universidad 1900, (1040 departamentos), Unidad Habitacional Integraci\u00f3n Latinoamericana, Cerrada Rub\u00e9n Dar\u00edo y Cerro del Agua 179 (1460 deptos.) Universidad 2016-2026, (190 departamentos) Torres de Chimalistac, Calle de Chimalistac 42 (394 departamentos) Residencial Copilco 300 Eje 10 y Cerro del Arbolito (320 departamentos), Unidad Habitacional Fovissste Universidad 2042 (120 departamentos) Conjunto Residencial Insurgentes San \u00c1ngel Eje 10 y Avenida Copilco 76 (384 departamentos) adem\u00e1s de los vecinos de Fort\u00edn Chimalistac, de Romero de Terreros y del Pedregal de San Francisco por mencionar algunas viviendas afectadas que suman una poblaci\u00f3n aproximada de 25,000 personas.<\/p>\n<p>Semejante aglomerado tambi\u00e9n hace vulnerables a la fauna y flora silvestre que tenemos tan cerca: la reserva ecol\u00f3gica de la UNAM, el jard\u00edn bot\u00e1nico, y a los Viveros de Coyoac\u00e1n, en estas reservas existen varias especies:<\/p>\n<p>Hasta ahora, los cient\u00edficos han encontrado cerca de 337 especies????? vegetales, 33 mam\u00edferos \u2014de los cuales 12 son murci\u00e9lagos\u2014 y 148 aves, entre otros. El total de estas \u00faltimas, constituyen casi el 50 por ciento del total de especies que se encuentran en el Valle de M\u00e9xico. La reserva cuenta adem\u00e1s con 43 especies de hongos, 135 especies de protozoos, siete especies de anfibios y 23 de reptiles. Entre mariposas, abejas, lib\u00e9lulas, ara\u00f1as, alacranes y otro tipo de artropodofauna suman 800 especies m\u00e1s. \u201c[3]<\/p>\n<p>La contaminaci\u00f3n auditiva generada por los helic\u00f3pteros atenta contra la salud de los habitantes, pues el ruido va mermando el o\u00eddo, causa estr\u00e9s e impacta el sistema nervioso.<\/p>\n<p>Seg\u00fan estudios a partir de 100 y 110 (dB) denominado \u201cumbral t\u00f3xico\u201d pueden ocasionar lesiones del o\u00eddo medio, nuestro comportamiento e incluso nuestros genes[4].<\/p>\n<p>Adem\u00e1s la SEMARNAT ha establecido un l\u00edmite m\u00e1ximo de 55 dB entre las 6:00 y las 22:00 y de 50 dB de las 22:00 a las 6:00 horas en zonas residenciales[5] Un avi\u00f3n produce 150 dB, a los 120 inicia el umbral del dolor y? afecta nuestra salud, nuestra calidad de vida, altera el funcionamiento de los ecosistemas y mata y da\u00f1a la reproducci\u00f3n normal de toda forma de vida.<\/p>\n<p>Respecto al funcionamiento de la antena que utilizan las televisoras y radiodifusoras, no se han hecho estudios en M\u00e9xico, pero he aqu\u00ed un art\u00edculo sobre los posibles problemas de salud[6]. Adem\u00e1s es sabido que las transmisiones de ondas de este tipo de antenas har\u00e1n que en todos los hogares aleda\u00f1os haya interferencias en radios, tel\u00e9fonos, televisores y computadoras.<\/p>\n<p>Pese a las protestas vecinales, construyeron la Plaza Oasis que aument\u00f3 de manera significativa el tr\u00e1nsito vehicular y al parecer ahora ser\u00e1 el tr\u00e1nsito a\u00e9reo el que nos afecte pues existe un helipuerto en CONAGUA Insurgentes Sur 2416, y 4 en Ciudad Universitaria. De CONAGUA, hubo un esc\u00e1ndalo pues su titular en vez de utilizarlo \u00fanicamente para fines laborales, lo utilizaba tambi\u00e9n para pasear a la familia[7]. Tambi\u00e9n se habla de un proceso de gentrificaci\u00f3n[8] que vuelve a impactar de manera negativa la calidad de vida de los todos los habitantes de Copilco.<\/p>\n<p>En dicha obra, Cadena 3, no se ha hecho p\u00fablico permiso alguno de construcci\u00f3n, al menos no es visible y al parecer el mencionado helipuerto no cumple con las normas que dictan: debe tener 50 metros de altura y no estar tan cerca unos de otros, lo cual no se cumple en este caso.<\/p>\n<p>En la CDMX, existen 130 helipuertos, pero s\u00f3lo 37 tienen un permiso vigente y el resto son inoperativos\u2026 Un helipuerto es una buena inversi\u00f3n, pues lo m\u00e1s costoso es el mantenimiento y se da cada dos a\u00f1os\u2026 Para utilizar un helipuerto, los servicios ascienden a alrededor de 5 mil pesos m\u00e1s IVA para aterrizar y despegar.<\/p>\n<p>Por todo lo anterior solicitamos a las autoridades correspondientes que se preserve nuestro patrimonio, nuestra calidad de vida, nuestro privilegio de habitar Coyoac\u00e1n y se siga considerando Copilco como zona habitacional y no un?corredor comercial ya que somos aproximadamente 25,000 personas afectadas desde hace a\u00f1os por el ruido de las obras y la gentrificaci\u00f3n. Maestros, jubilados, estudiantes y peque\u00f1os comerciantes estamos frente a un grave peligro latente;?exigimos que se impida el uso del helipuerto, ya que no cuenta con las medidas de seguridad necesarias y ya existen varios alrededor. Tampoco queremos que la antena transmita sus radiaciones ya que es bien conocido el da\u00f1o que causan a todos los seres vivos que las circundan. Que se act\u00fae conforme a derecho y apegados a la Ley de Atenci\u00f3n Ciudadana.<\/p>\n<p>Para m\u00e1s informaci\u00f3n y testimonios est\u00e1 <a href=\"https:\/\/www.facebook.com\/groups\/1864976340396457\/\">el grupo en Facebook<\/a>: No al helipuerto en Copilco<br \/>\ncuenta en twitter: NOhelipuertoCOPILCO (@CopilcoN) <a href=\"https:\/\/twitter.com\/CopilcoN\">https:\/\/twitter.com\/CopilcoN<\/a><\/p>\n<p>[1]?<a href=\"http:\/\/www.excelsior.com.mx\/node\/698102\">http:\/\/www.excelsior.com.mx\/node\/698102<\/a>????? Vecinos de Lomas de Chapultepec temen a helipuertos? 20 diciembre 2010<br \/>\n(2)?<a href=\"http:\/\/www.excelsior.com.mx\/2011\/10\/21\/comunidad\/776428\">http:\/\/www.excelsior.com.mx\/2011\/10\/21\/comunidad\/776428<br \/>\n<\/a>2011Octubre Un helic\u00f3ptero del gobierno del Estado de M\u00e9xico se desplom\u00f3 en la calle de Progreso, frente a los Viveros en la delegaci\u00f3n Coyoac\u00e1n, dejando dos personas muertas. Enero Se desploma un helic\u00f3ptero particular al llegar al Aeropuerto Internacional de la Ciudad de M\u00e9xico. La aeronave modelo Augusta matr\u00edcula XAKLA de la empresa Eolo Aerotaxis Privados sali\u00f3 del aeropuerto de Toluca con direcci\u00f3n al Distrito Federal. No hay lesionados. 2010 Enero Muere el empresario Mois\u00e9s Saba Masri, tres acompa\u00f1antes y un piloto al estrellarse su helic\u00f3ptero en los l\u00edmites de la delegaci\u00f3n Cuajimalpa y el Estado de M\u00e9xico. 2007 Marzo Un helic\u00f3ptero de Tel\u00e9fonos de M\u00e9xico se desploma en la colonia Arenal, en la delegaci\u00f3n Venustiano Carranza. Al menos tres veh\u00edculos y tres casas sufrieron da\u00f1os. 2006 Marzo El ex t\u00e9cnico del Real Madrid Jorge Valdano sufri\u00f3 heridas leves cuando se estrella en Lomas de Chapultepec el helic\u00f3ptero en el que sobrevolaba la Ciudad de M\u00e9xico. Otras siete personas resultan heridas en el accidente. 2005 Mayo Una aeronave tipo Bell 412, propiedad de la Secretar\u00eda de Comunicaciones y Transportes sale del Aeropuerto de la Ciudad de M\u00e9xico y se desploma minutos despu\u00e9s, en la zona de desag\u00fce del Canal de Chalco. Mueren tres personas. Septiembre El helic\u00f3ptero Bell 412-EP m\u00e1tricula XC-PFI cae cerca de San Miguel Mimiapan, en Xonacatl\u00e1n, y muere el secretario de Seguridad P\u00fablica, Ram\u00f3n Mart\u00edn Huerta. 2002 En Atizap\u00e1n, un helic\u00f3ptero rentado por el ayuntamiento como parte del operativo de vigilancia de Semana Santa se desploma en Condado de Sayavedra. El director de Seguridad P\u00fablica y el piloto resultan ilesos. 2000 Marzo El jefe de la Polic\u00eda Estatal del Edomex, Hugo Pi\u00f1a Luna, la subsecretaria C de Gobierno, Olga Navarro Legorreta, y cuatro personas m\u00e1s fallecen al caer el helic\u00f3ptero que hab\u00edan abordado para trasladarse a supervisar el operativo instalado en Teotihuac\u00e1n con motivo de la entrada de la Primavera. 1998 Febrero La aeronave Bell 212 matr\u00edcula XC DDF de la Secretar\u00eda de Seguridad P\u00fablica cae durante una pr\u00e1ctica de t\u00e9cnicas policiales caus\u00f3 la muerte de tres uniformados y otros tres resultan heridos.1996 Julio Un helic\u00f3ptero de la empresa Televisa matr\u00edcula XB-02DDEX, se desploma en las avenidas R\u00edo San Joaqu\u00edn y R\u00edo Hielma. Mueren el piloto, un reportero y un camar\u00f3grafo. 1995 Marzo Un helic\u00f3ptero de la Secretar\u00eda de Seguridad P\u00fablica, choca con una antena en la Colonia Viaducto Piedad. Mueren tres personas y una m\u00e1s queda lesionada. 1994 Un helic\u00f3ptero en el que viajaban ocho funcionarios del Gobierno del Estado de M\u00e9xico, el piloto y copiloto, cae al iniciar su despegue en un helipuerto improvisado en los l\u00edmites del Distrito Federal y los municipios conurbados de Nezahualc\u00f3yotl y Ecatepec, sin que resultaran lesionados de consideraci\u00f3n<br \/>\n[3]?<a href=\"http:\/\/www.cronica.com.mx\/notas\/2008\/386145.html\">http:\/\/www.cronica.com.mx\/notas\/2008\/386145.html<br \/>\n<\/a>[4] Aliz\u00e9e Meillere, Francois Brischoux, Cecile Ribout, Frederic Angelier; Traffic noise exposure affects telomere length in nestling house sparrows; 2015<br \/>\n[5] Diario Oficial de la Federaci\u00f3n 04\/12\/2013<br \/>\n[6]?<a href=\"https:\/\/hps.org\/hpspublications\/articles\/rfradiation.html\">https:\/\/hps.org\/hpspublications\/articles\/rfradiation.html<br \/>\n<\/a>[7]?<a href=\"http:\/\/archivo.eluniversal.com.mx\/primera-plana\/2015\/impreso\/familia-del-titular-de-conagua-vuela-en-helicoptero-oficial-49085.html\">http:\/\/archivo.eluniversal.com.mx\/primera-plana\/2015\/impreso\/familia-del-titular-de-conagua-vuela-en-helicoptero-oficial-49085.html\u00a0<\/a><\/p>\n<p>[8] Estudian efectos de gentrificaci\u00f3n en Espa\u00f1a y Am\u00e9rica Latina<a href=\"http:\/\/conacytprensa.mx\/index.php\/ciencia\/humanidades\/5166-estudian-efectos-de-gentrificacion-en-espana-y-america-latina\">http:\/\/conacytprensa.mx\/index.php\/ciencia\/humanidades\/5166-estudian-efectos-de-gentrificacion-en-espana-y-america-latina<\/a><\/p>\n<p>REFERENCIAS<\/p>\n<p>AEROPUERTOS, AER\u00d3DROMOS Y HELIPUERTOSCirculares Obligatorias (CO)<a href=\"http:\/\/www.sct.gob.mx\/transporte-y-medicina-preventiva\/aeronautica-civil\/2-marco-normativo\/25-circulares\/obligatorias-co\/aeropuertos-aerodromos-y-helipuertos\/\">http:\/\/www.sct.gob.mx\/transporte-y-medicina-preventiva\/aeronautica-civil\/2-marco-normativo\/25-circulares\/obligatorias-co\/aeropuertos-aerodromos-y-helipuertos\/<\/a><\/p>\n<p>Diario Oficial de la Federaci\u00f3n 04\/12\/2013<a href=\"http:\/\/dof.gob.mx\/nota_detalle.php?codigo=5412066&amp;fecha=20%2F10%2F2015\">http:\/\/dof.gob.mx\/nota_detalle.php?codigo=5412066&amp;fecha=20%2F10%2F2015<\/a><\/p>\n<p>Estudian efectos de gentrificaci\u00f3n en Espa\u00f1a y Am\u00e9rica Latina<a href=\"http:\/\/conacytprensa.mx\/index.php\/ciencia\/humanidades\/5166-estudian-efectos-de-gentrificacion-en-espana-y-america-latina\">http:\/\/conacytprensa.mx\/index.php\/ciencia\/humanidades\/5166-estudian-efectos-de-gentrificacion-en-espana-y-america-latina<\/a><\/p>\n<p>Meillere, Aliz\u00e9e, ?Francois Brischoux, Cecile Ribout, Frederic Angelier; Traffic noise exposure affects telomere length in nestling house sparrows; 2015<\/p>\n<p>No al helipuerto en Copilco<a href=\"https:\/\/twitter.com\/CopilcoN\">https:\/\/twitter.com\/CopilcoN<\/a><\/p>\n<p>Proyecto de Norma Oficial Mexicana PROY-NOM-014\/2-SCT3-2014, Que establece los lineamientos t\u00e9cnicos de infraestructura para los helipuertos.<a href=\"http:\/\/dof.gob.mx\/normasOficiales\/5840\/sct11_C\/sct11_C.html\">http:\/\/dof.gob.mx\/normasOficiales\/5840\/sct11_C\/sct11_C.html<\/a><\/p>\n<p>La reserva ecol\u00f3gica de CU -\u00fanica en el mundo por su diversidad- cumple 25 a\u00f1os: buscar\u00e1n repoblarla y aumentar su extensi\u00f3n<br \/>\n<a href=\"http:\/\/www.cronica.com.mx\/notas\/2008\/386145.html\">http:\/\/www.cronica.com.mx\/notas\/2008\/386145.html<\/a><\/p>\n<p>Siniestralidad en accidentes de aeronaves de ala rotativa en la zona metropolitana de la Ciudad de M\u00e9xico<a href=\"http:\/\/www.prevencionintegral.com\/canal-orp\/papers\/orp-2014\/siniestralidad-en-accidentes-aeronaves-ala-rotativa-en-zona-metropolitana-ciudad-mexico\">http:\/\/www.prevencionintegral.com\/canal-orp\/papers\/orp-2014\/siniestralidad-en-accidentes-aeronaves-ala-rotativa-en-zona-metropolitana-ciudad-mexico<\/a><\/p>\n<p>Titular de Conagua us\u00f3 helic\u00f3ptero en fines privados<a href=\"http:\/\/archivo.eluniversal.com.mx\/primera-plana\/2015\/impreso\/familia-del-titular-de-conagua-vuela-en-helicoptero-oficial-49085.html\">http:\/\/archivo.eluniversal.com.mx\/primera-plana\/2015\/impreso\/familia-del-titular-de-conagua-vuela-en-helicoptero-oficial-49085.html<\/a><\/p>\n<p><a href=\"https:\/\/desinformemonos.org\/lanzan-peticion-contra-helipuerto-en-copilco\/\" target=\"_blank\">https:\/\/desinformemonos.org\/lanzan-peticion-contra-helipuerto-en-copilco\/<\/a><\/p>\n","protected":false},"excerpt":{"rendered":"<p>No al Helipuerto en Copilco \u00a0 &nbsp; \u00c9sta es la petici\u00f3n elaborada por los vecinos de Copilco, Universidad y aleda\u00f1as, organizados en el Comit\u00e9 de No al Helipuerto en Copilco, &hellip; <a href=\"https:\/\/www.grieta.org.mx\/index.php\/2016\/07\/31\/lanzan-peticion-contra-helipuerto-en-copilco\/\" class=\"more-link\">Leer m\u00e1s<\/a><\/p>\n","protected":false},"author":2,"featured_media":21928,"comment_status":"closed","ping_status":"closed","sticky":false,"template":"","format":"standard","meta":{"ngg_post_thumbnail":0,"_jetpack_newsletter_access":"","_jetpack_dont_email_post_to_subs":false,"_jetpack_newsletter_tier_id":0,"_jetpack_memberships_contains_paywalled_content":false,"_jetpack_memberships_contains_paid_content":false,"footnotes":""},"categories":[598,80],"tags":[851,852],"class_list":["post-19288","post","type-post","status-publish","format-standard","has-post-thumbnail","hentry","category-cdmx","category-cintillo","tag-copilco","tag-helipuerto","entry"],"jetpack_featured_media_url":"https:\/\/www.grieta.org.mx\/wp-content\/uploads\/2018\/03\/14524434_1106112876131411_958039263622046936_o.jpg","jetpack_sharing_enabled":true,"jetpack_shortlink":"https:\/\/wp.me\/p7ZJR4-516","jetpack_likes_enabled":false,"jetpack-related-posts":[{"id":20494,"url":"https:\/\/www.grieta.org.mx\/index.php\/2016\/08\/27\/protestas-y-organizacion-contra-helipuerto-en-zona-residencial-de-coyoacan-2\/","url_meta":{"origin":19288,"position":0},"title":"Protestas y organizaci\u00f3n contra helipuerto en zona residencial de Coyoac\u00e1n","author":"grieta","date":"27 agosto, 2016","format":false,"excerpt":"25\/08\/16. Protestan vecinos de Copilco contra helipuerto de Grupo ImagenEl Big data 31\/07\/16. Lanzan petici\u00f3n contra helipuerto en CopilcoDesinform\u00e9monos","rel":"","context":"En &quot;Ciudad de M\u00e9xico&quot;","block_context":{"text":"Ciudad de M\u00e9xico","link":"https:\/\/www.grieta.org.mx\/index.php\/category\/noticias-nacionales\/ciudad-de-mexico\/"},"img":{"alt_text":"","src":"https:\/\/i0.wp.com\/www.grieta.org.mx\/wp-content\/uploads\/2018\/03\/14524434_1106112876131411_958039263622046936_o.jpg?resize=350%2C200&ssl=1","width":350,"height":200,"srcset":"https:\/\/i0.wp.com\/www.grieta.org.mx\/wp-content\/uploads\/2018\/03\/14524434_1106112876131411_958039263622046936_o.jpg?resize=350%2C200&ssl=1 1x, https:\/\/i0.wp.com\/www.grieta.org.mx\/wp-content\/uploads\/2018\/03\/14524434_1106112876131411_958039263622046936_o.jpg?resize=525%2C300&ssl=1 1.5x, https:\/\/i0.wp.com\/www.grieta.org.mx\/wp-content\/uploads\/2018\/03\/14524434_1106112876131411_958039263622046936_o.jpg?resize=700%2C400&ssl=1 2x"},"classes":[]},{"id":20341,"url":"https:\/\/www.grieta.org.mx\/index.php\/2016\/08\/25\/protestan-vecinos-de-copilco-contra-helipuerto-de-grupo-imagen\/","url_meta":{"origin":19288,"position":1},"title":"Protestan vecinos de Copilco contra helipuerto de Grupo Imagen","author":"grieta","date":"25 agosto, 2016","format":false,"excerpt":"Eduardo Su\u00e1rez Vecinos de las unidades habitacionales de Copilco protestaron contra la construcci\u00f3n de un helipuerto que realiza Grupo Imagen Multimedia en la avenida Universidad. El cierre de la avenida Universidad con su cruce con Eje 10, interrumpi\u00f3 el tr\u00e1fico mientras vecinos con grandes pancartas con la leyenda \u201cNO al\u2026","rel":"","context":"En &quot;CINTILLO&quot;","block_context":{"text":"CINTILLO","link":"https:\/\/www.grieta.org.mx\/index.php\/category\/cintillo\/"},"img":{"alt_text":"","src":"https:\/\/i0.wp.com\/www.grieta.org.mx\/wp-content\/uploads\/2018\/03\/14524434_1106112876131411_958039263622046936_o.jpg?resize=350%2C200&ssl=1","width":350,"height":200,"srcset":"https:\/\/i0.wp.com\/www.grieta.org.mx\/wp-content\/uploads\/2018\/03\/14524434_1106112876131411_958039263622046936_o.jpg?resize=350%2C200&ssl=1 1x, https:\/\/i0.wp.com\/www.grieta.org.mx\/wp-content\/uploads\/2018\/03\/14524434_1106112876131411_958039263622046936_o.jpg?resize=525%2C300&ssl=1 1.5x, https:\/\/i0.wp.com\/www.grieta.org.mx\/wp-content\/uploads\/2018\/03\/14524434_1106112876131411_958039263622046936_o.jpg?resize=700%2C400&ssl=1 2x"},"classes":[]},{"id":68920,"url":"https:\/\/www.grieta.org.mx\/index.php\/2024\/05\/18\/vecinos-exigen-el-desmantelamiento-de-helipuerto-ilegal-en-avenida-universidad-ciudad-de-mexico\/","url_meta":{"origin":19288,"position":2},"title":"Vecinos exigen el desmantelamiento de helipuerto ilegal en Avenida Universidad (Ciudad de M\u00e9xico)","author":"grieta","date":"18 mayo, 2024","format":false,"excerpt":"- El helipuerto fue construido sin autorizaci\u00f3n por grupo Imagen TV - Tras 8 a\u00f1os de litigio, existe una orden judicial a favor de los vecinos - Diversas administraciones de la Alcalad\u00eda Coyoac\u00e1n han incumplido o violado normas Colectivo Grieta 16 de mayo de 2024 Ciudad de M\u00e9xico.- A las\u2026","rel":"","context":"En &quot;cdmx&quot;","block_context":{"text":"cdmx","link":"https:\/\/www.grieta.org.mx\/index.php\/category\/cdmx\/"},"img":{"alt_text":"","src":"https:\/\/i0.wp.com\/www.grieta.org.mx\/wp-content\/uploads\/2024\/05\/Diapositiva1.jpeg?resize=350%2C200&ssl=1","width":350,"height":200,"srcset":"https:\/\/i0.wp.com\/www.grieta.org.mx\/wp-content\/uploads\/2024\/05\/Diapositiva1.jpeg?resize=350%2C200&ssl=1 1x, https:\/\/i0.wp.com\/www.grieta.org.mx\/wp-content\/uploads\/2024\/05\/Diapositiva1.jpeg?resize=525%2C300&ssl=1 1.5x, https:\/\/i0.wp.com\/www.grieta.org.mx\/wp-content\/uploads\/2024\/05\/Diapositiva1.jpeg?resize=700%2C400&ssl=1 2x"},"classes":[]},{"id":43401,"url":"https:\/\/www.grieta.org.mx\/index.php\/2020\/01\/23\/liberan-a-estudiantes-de-filosofia-y-letras-detenidas-injustificadamente-ciudad-de-mexico\/","url_meta":{"origin":19288,"position":3},"title":"LIBERAN A ESTUDIANTES DE FILOSOF\u00cdA Y LETRAS DETENIDAS INJUSTIFICADAMENTE (Ciudad de M\u00e9xico)","author":"grieta","date":"23 enero, 2020","format":false,"excerpt":"Reporte \u00cdndigo Tres estudiantes de la Facultad de Filosof\u00eda y Letras de la UNAM. fueron detenidas despu\u00e9s de buscar un trato justo para una menor de edad acusada de robo Tres estudiantes de la Facultad de Filosof\u00eda y Letras de la UNAM fueron liberadas despu\u00e9s de que no se encontraran\u2026","rel":"","context":"En &quot;Abuso policiaco y tortura en la Ciudad de M\u00e9xico&quot;","block_context":{"text":"Abuso policiaco y tortura en la Ciudad de M\u00e9xico","link":"https:\/\/www.grieta.org.mx\/index.php\/category\/noticias-nacionales\/ciudad-de-mexico\/abuso-policiaco-y-tortura-en-la-ciudad-de-mexico\/"},"img":{"alt_text":"","src":"https:\/\/i0.wp.com\/www.grieta.org.mx\/wp-content\/uploads\/2020\/01\/LIBERAN-A-ESTUDIANTES-DE-FILOSOF%C3%8DA-Y-LETRAS-DETENIDAS-INJUSTIFICADAMENTE-cdmx-ene.jpg?resize=350%2C200","width":350,"height":200},"classes":[]},{"id":10510,"url":"https:\/\/www.grieta.org.mx\/index.php\/2015\/05\/18\/exigen-comerciantes-y-vecinos-de-coyoacan-cancelar-ciudad-del-futuro\/","url_meta":{"origin":19288,"position":4},"title":"Exigen comerciantes y vecinos de Coyoac\u00e1n cancelar Ciudad del Futuro","author":"grieta","date":"18 mayo, 2015","format":false,"excerpt":"La Jornada Por Agust\u00edn Salgado M\u00e9xico, DF. Vecinos y locatarios de mercados p\u00fablicos de la delegaci\u00f3n Coyoacan se manifestaron esta ma\u00f1ana en el cruce de Divisi\u00f3n del Norte y Miguel \u00c1ngel de Quevedo. Las demandas de los inconformes fueron varias, entre ellas, el apoyo a los centros de abasto, la\u2026","rel":"","context":"En &quot;CINTILLO&quot;","block_context":{"text":"CINTILLO","link":"https:\/\/www.grieta.org.mx\/index.php\/category\/cintillo\/"},"img":{"alt_text":"","src":"https:\/\/i0.wp.com\/www.grieta.org.mx\/wp-content\/uploads\/2018\/03\/14524434_1106112876131411_958039263622046936_o.jpg?resize=350%2C200&ssl=1","width":350,"height":200,"srcset":"https:\/\/i0.wp.com\/www.grieta.org.mx\/wp-content\/uploads\/2018\/03\/14524434_1106112876131411_958039263622046936_o.jpg?resize=350%2C200&ssl=1 1x, https:\/\/i0.wp.com\/www.grieta.org.mx\/wp-content\/uploads\/2018\/03\/14524434_1106112876131411_958039263622046936_o.jpg?resize=525%2C300&ssl=1 1.5x, https:\/\/i0.wp.com\/www.grieta.org.mx\/wp-content\/uploads\/2018\/03\/14524434_1106112876131411_958039263622046936_o.jpg?resize=700%2C400&ssl=1 2x"},"classes":[]},{"id":11831,"url":"https:\/\/www.grieta.org.mx\/index.php\/2016\/04\/30\/planean-nuevo-megaproyecto-turistico-cerca-de-cabo-pulmo-bcs\/","url_meta":{"origin":19288,"position":5},"title":"Planean nuevo megaproyecto tur\u00edstico cerca de Cabo Pulmo, BCS","author":"grieta","date":"30 abril, 2016","format":false,"excerpt":"Erick Murillo La Paz, Baja California Sur (BCS). La empresa BCS Desarrollos Los Cabos, S.A. de C.V. pretende la realizaci\u00f3n de un megaproyecto tur\u00edstico a 10 kil\u00f3metros de Cabo Pulmo, al que han denominado Cabo Pel\u00edcanos, el cual tendr\u00eda una inversi\u00f3n total de 220 millones de d\u00f3lares, en un superfice\u2026","rel":"","context":"En &quot;CINTILLO&quot;","block_context":{"text":"CINTILLO","link":"https:\/\/www.grieta.org.mx\/index.php\/category\/cintillo\/"},"img":{"alt_text":"","src":"https:\/\/i0.wp.com\/www.grieta.org.mx\/wp-content\/uploads\/2018\/03\/14524434_1106112876131411_958039263622046936_o.jpg?resize=350%2C200&ssl=1","width":350,"height":200,"srcset":"https:\/\/i0.wp.com\/www.grieta.org.mx\/wp-content\/uploads\/2018\/03\/14524434_1106112876131411_958039263622046936_o.jpg?resize=350%2C200&ssl=1 1x, https:\/\/i0.wp.com\/www.grieta.org.mx\/wp-content\/uploads\/2018\/03\/14524434_1106112876131411_958039263622046936_o.jpg?resize=525%2C300&ssl=1 1.5x, https:\/\/i0.wp.com\/www.grieta.org.mx\/wp-content\/uploads\/2018\/03\/14524434_1106112876131411_958039263622046936_o.jpg?resize=700%2C400&ssl=1 2x"},"classes":[]}],"_links":{"self":[{"href":"https:\/\/www.grieta.org.mx\/index.php\/wp-json\/wp\/v2\/posts\/19288","targetHints":{"allow":["GET"]}}],"collection":[{"href":"https:\/\/www.grieta.org.mx\/index.php\/wp-json\/wp\/v2\/posts"}],"about":[{"href":"https:\/\/www.grieta.org.mx\/index.php\/wp-json\/wp\/v2\/types\/post"}],"author":[{"embeddable":true,"href":"https:\/\/www.grieta.org.mx\/index.php\/wp-json\/wp\/v2\/users\/2"}],"replies":[{"embeddable":true,"href":"https:\/\/www.grieta.org.mx\/index.php\/wp-json\/wp\/v2\/comments?post=19288"}],"version-history":[{"count":1,"href":"https:\/\/www.grieta.org.mx\/index.php\/wp-json\/wp\/v2\/posts\/19288\/revisions"}],"predecessor-version":[{"id":19289,"href":"https:\/\/www.grieta.org.mx\/index.php\/wp-json\/wp\/v2\/posts\/19288\/revisions\/19289"}],"wp:featuredmedia":[{"embeddable":true,"href":"https:\/\/www.grieta.org.mx\/index.php\/wp-json\/wp\/v2\/media\/21928"}],"wp:attachment":[{"href":"https:\/\/www.grieta.org.mx\/index.php\/wp-json\/wp\/v2\/media?parent=19288"}],"wp:term":[{"taxonomy":"category","embeddable":true,"href":"https:\/\/www.grieta.org.mx\/index.php\/wp-json\/wp\/v2\/categories?post=19288"},{"taxonomy":"post_tag","embeddable":true,"href":"https:\/\/www.grieta.org.mx\/index.php\/wp-json\/wp\/v2\/tags?post=19288"}],"curies":[{"name":"wp","href":"https:\/\/api.w.org\/{rel}","templated":true}]}}