{"id":19267,"date":"2016-08-09T13:46:46","date_gmt":"2016-08-09T18:46:46","guid":{"rendered":"http:\/\/www.grieta.org.mx\/?p=19267"},"modified":"2016-08-10T13:48:56","modified_gmt":"2016-08-10T18:48:56","slug":"a-17-dias-del-derrame-de-combustoleo-nadie-quiere-hacerse-responsable-por-los-danos","status":"publish","type":"post","link":"https:\/\/www.grieta.org.mx\/index.php\/2016\/08\/09\/a-17-dias-del-derrame-de-combustoleo-nadie-quiere-hacerse-responsable-por-los-danos\/","title":{"rendered":"A 17 d\u00edas del derrame de combust\u00f3leo nadie quiere hacerse responsable por los da\u00f1os"},"content":{"rendered":"<p>Redacci\u00f3n Manzanillo TV<\/p>\n<p><img loading=\"lazy\" decoding=\"async\" data-attachment-id=\"19268\" data-permalink=\"https:\/\/www.grieta.org.mx\/index.php\/2016\/08\/09\/a-17-dias-del-derrame-de-combustoleo-nadie-quiere-hacerse-responsable-por-los-danos\/uvs160809-001\/\" data-orig-file=\"https:\/\/www.grieta.org.mx\/wp-content\/uploads\/2016\/08\/uvs160809-001.jpg\" data-orig-size=\"640,480\" data-comments-opened=\"0\" data-image-meta=\"{&quot;aperture&quot;:&quot;0&quot;,&quot;credit&quot;:&quot;&quot;,&quot;camera&quot;:&quot;&quot;,&quot;caption&quot;:&quot;&quot;,&quot;created_timestamp&quot;:&quot;0&quot;,&quot;copyright&quot;:&quot;&quot;,&quot;focal_length&quot;:&quot;0&quot;,&quot;iso&quot;:&quot;0&quot;,&quot;shutter_speed&quot;:&quot;0&quot;,&quot;title&quot;:&quot;&quot;,&quot;orientation&quot;:&quot;0&quot;}\" data-image-title=\"uvs160809-001\" data-image-description=\"\" data-image-caption=\"\" data-medium-file=\"https:\/\/www.grieta.org.mx\/wp-content\/uploads\/2016\/08\/uvs160809-001-300x225.jpg\" data-large-file=\"https:\/\/www.grieta.org.mx\/wp-content\/uploads\/2016\/08\/uvs160809-001.jpg\" src=\"http:\/\/www.grieta.org.mx\/wp-content\/uploads\/2016\/08\/uvs160809-001.jpg\" alt=\"uvs160809-001\" width=\"640\" height=\"480\" class=\"aligncenter size-full wp-image-19268\" srcset=\"https:\/\/www.grieta.org.mx\/wp-content\/uploads\/2016\/08\/uvs160809-001.jpg 640w, https:\/\/www.grieta.org.mx\/wp-content\/uploads\/2016\/08\/uvs160809-001-300x225.jpg 300w\" sizes=\"auto, (max-width: 640px) 100vw, 640px\" \/><\/p>\n<p>El 23 de julio, se derram\u00f3 alrededor de 80 mil litros de combust\u00f3leo a unos metros del vaso 2 de la laguna de Cuyutl\u00e1n. Ayer, la lluvia ocasion\u00f3 la filtraci\u00f3n del combust\u00f3leo a las aguas de la laguna. Un litro de aceite puede contaminar hasta mil litros de agua.<\/p>\n<p>A pesar de la gravedad de la situaci\u00f3n, a la reuni\u00f3n programada para el d\u00eda de ayer, lunes 8 de agosto, a las 10:00AM, la mayor\u00eda de las empresas y autoridades involucradas mandaron representantes sin autorizaci\u00f3n para llegar a acuerdos. Acordaron reunirse el pr\u00f3ximo martes 16 de septiembre.<\/p>\n<p><a href=\"http:\/\/manzanillo.tv\/noticias\/2016\/08\/09\/a-17-dias-del-derrame-de-combustoleo-nadie-quiere-hacerse-responsable-por-los-danos\/\" target=\"_blank\">http:\/\/manzanillo.tv\/noticias\/2016\/08\/09\/a-17-dias-del-derrame-de-combustoleo-nadie-quiere-hacerse-responsable-por-los-danos\/<\/a><\/p>\n","protected":false},"excerpt":{"rendered":"<p>Redacci\u00f3n Manzanillo TV El 23 de julio, se derram\u00f3 alrededor de 80 mil litros de combust\u00f3leo a unos metros del vaso 2 de la laguna de Cuyutl\u00e1n. Ayer, la lluvia &hellip; <a href=\"https:\/\/www.grieta.org.mx\/index.php\/2016\/08\/09\/a-17-dias-del-derrame-de-combustoleo-nadie-quiere-hacerse-responsable-por-los-danos\/\" class=\"more-link\">Leer m\u00e1s<\/a><\/p>\n","protected":false},"author":2,"featured_media":21928,"comment_status":"closed","ping_status":"closed","sticky":false,"template":"","format":"standard","meta":{"ngg_post_thumbnail":0,"_jetpack_newsletter_access":"","_jetpack_dont_email_post_to_subs":false,"_jetpack_newsletter_tier_id":0,"_jetpack_memberships_contains_paywalled_content":false,"_jetpack_memberships_contains_paid_content":false,"footnotes":""},"categories":[80,108],"tags":[91,303],"class_list":["post-19267","post","type-post","status-publish","format-standard","has-post-thumbnail","hentry","category-cintillo","category-colima","tag-contaminacion-ambiental","tag-hidrocarburos","entry"],"jetpack_featured_media_url":"https:\/\/www.grieta.org.mx\/wp-content\/uploads\/2018\/03\/14524434_1106112876131411_958039263622046936_o.jpg","jetpack_sharing_enabled":true,"jetpack_shortlink":"https:\/\/wp.me\/p7ZJR4-50L","jetpack_likes_enabled":false,"jetpack-related-posts":[{"id":18717,"url":"https:\/\/www.grieta.org.mx\/index.php\/2016\/08\/09\/danos-ambientales-por-derrame-de-hidrocarburos-en-colima\/","url_meta":{"origin":19267,"position":0},"title":"Da\u00f1os ambientales por derrame de hidrocarburos en Colima","author":"grieta","date":"9 agosto, 2016","format":false,"excerpt":"09\/08\/16. A 17 d\u00edas del derrame de combust\u00f3leo nadie quiere hacerse responsable por los da\u00f1osManzanillo TV 04\/08\/16. Fuga de hidrocarburo en Manzanillo, en instalaciones de Ferromex20 minutos 04\/08\/16. No se sabe lo que provoc\u00f3 el derrame de combust\u00f3leo: IMEXManzanillo TV 03\/08\/16. Fuga de Pemex causa desastre ecol\u00f3gico en lagunaCorreo de\u2026","rel":"","context":"En &quot;Colima&quot;","block_context":{"text":"Colima","link":"https:\/\/www.grieta.org.mx\/index.php\/category\/noticias-nacionales\/colima\/"},"img":{"alt_text":"","src":"https:\/\/i0.wp.com\/www.grieta.org.mx\/wp-content\/uploads\/2018\/03\/14524434_1106112876131411_958039263622046936_o.jpg?resize=350%2C200&ssl=1","width":350,"height":200,"srcset":"https:\/\/i0.wp.com\/www.grieta.org.mx\/wp-content\/uploads\/2018\/03\/14524434_1106112876131411_958039263622046936_o.jpg?resize=350%2C200&ssl=1 1x, https:\/\/i0.wp.com\/www.grieta.org.mx\/wp-content\/uploads\/2018\/03\/14524434_1106112876131411_958039263622046936_o.jpg?resize=525%2C300&ssl=1 1.5x, https:\/\/i0.wp.com\/www.grieta.org.mx\/wp-content\/uploads\/2018\/03\/14524434_1106112876131411_958039263622046936_o.jpg?resize=700%2C400&ssl=1 2x"},"classes":[]},{"id":19261,"url":"https:\/\/www.grieta.org.mx\/index.php\/2016\/08\/04\/no-se-sabe-lo-que-provoco-el-derrame-de-combustoleo-imex\/","url_meta":{"origin":19267,"position":1},"title":"No se sabe lo que provoc\u00f3 el derrame de combust\u00f3leo: IMEX","author":"grieta","date":"4 agosto, 2016","format":false,"excerpt":"Redacci\u00f3n Manzanillo TV Entrevistado en el marco de una reuni\u00f3n entre autoridades de los 3 niveles de gobierno, PEMEX, CFE, y Ferromex, el director general de Intermodal M\u00e9xico, H\u00e9ctor Cuevas, dijo que a\u00fan no se sabe que es lo que provoc\u00f3 el derrame de entre 50 mil y 80 mil\u2026","rel":"","context":"En &quot;CINTILLO&quot;","block_context":{"text":"CINTILLO","link":"https:\/\/www.grieta.org.mx\/index.php\/category\/cintillo\/"},"img":{"alt_text":"","src":"https:\/\/i0.wp.com\/www.grieta.org.mx\/wp-content\/uploads\/2018\/03\/14524434_1106112876131411_958039263622046936_o.jpg?resize=350%2C200&ssl=1","width":350,"height":200,"srcset":"https:\/\/i0.wp.com\/www.grieta.org.mx\/wp-content\/uploads\/2018\/03\/14524434_1106112876131411_958039263622046936_o.jpg?resize=350%2C200&ssl=1 1x, https:\/\/i0.wp.com\/www.grieta.org.mx\/wp-content\/uploads\/2018\/03\/14524434_1106112876131411_958039263622046936_o.jpg?resize=525%2C300&ssl=1 1.5x, https:\/\/i0.wp.com\/www.grieta.org.mx\/wp-content\/uploads\/2018\/03\/14524434_1106112876131411_958039263622046936_o.jpg?resize=700%2C400&ssl=1 2x"},"classes":[]},{"id":18713,"url":"https:\/\/www.grieta.org.mx\/index.php\/2016\/08\/03\/fuga-de-pemex-causa-desastre-ecologico-en-laguna-colima\/","url_meta":{"origin":19267,"position":2},"title":"Fuga de Pemex causa desastre ecol\u00f3gico en laguna (Colima)","author":"grieta","date":"3 agosto, 2016","format":false,"excerpt":"*M\u00e1s de mil barriles de combust\u00f3leo fueron vertidos a la laguna; las autoridades ni sus luces C\u00e9sar Hern\u00e1ndez Fuga de combust\u00f3leo en los ductos de Petr\u00f3leos Mexicanos, caus\u00f3 desastre ecol\u00f3gico en las m\u00e1rgenes de la laguna de Cuyutl\u00e1n, a la altura de la compuerta cerca a las instalaciones de la\u2026","rel":"","context":"En &quot;CINTILLO&quot;","block_context":{"text":"CINTILLO","link":"https:\/\/www.grieta.org.mx\/index.php\/category\/cintillo\/"},"img":{"alt_text":"","src":"https:\/\/i0.wp.com\/www.grieta.org.mx\/wp-content\/uploads\/2018\/03\/14524434_1106112876131411_958039263622046936_o.jpg?resize=350%2C200&ssl=1","width":350,"height":200,"srcset":"https:\/\/i0.wp.com\/www.grieta.org.mx\/wp-content\/uploads\/2018\/03\/14524434_1106112876131411_958039263622046936_o.jpg?resize=350%2C200&ssl=1 1x, https:\/\/i0.wp.com\/www.grieta.org.mx\/wp-content\/uploads\/2018\/03\/14524434_1106112876131411_958039263622046936_o.jpg?resize=525%2C300&ssl=1 1.5x, https:\/\/i0.wp.com\/www.grieta.org.mx\/wp-content\/uploads\/2018\/03\/14524434_1106112876131411_958039263622046936_o.jpg?resize=700%2C400&ssl=1 2x"},"classes":[]},{"id":55991,"url":"https:\/\/www.grieta.org.mx\/index.php\/2020\/12\/22\/pescadores-acusan-corrupcion-para-no-sancionar-a-termoelectrica-colima\/","url_meta":{"origin":19267,"position":3},"title":"Pescadores acusan corrupci\u00f3n para no sancionar a Termoel\u00e9ctrica (Colima)","author":"grieta","date":"22 diciembre, 2020","format":false,"excerpt":"Foto: Especial Jes\u00fas Lozoya Baeza \/ El Noticiero de Colima La dirigente de las Cooperativas Pesqueras de la Laguna de Cuyutl\u00e1n, Carmen Velasco, acus\u00f3 de corrupci\u00f3n en dependencias y por ello es que han se\u00f1alado que el derrame de combust\u00f3leo que provoc\u00f3 la planta Termoel\u00e9ctrica \u201cno afect\u00f3 a los pescadores\u201d.\u2026","rel":"","context":"En &quot;CINTILLO&quot;","block_context":{"text":"CINTILLO","link":"https:\/\/www.grieta.org.mx\/index.php\/category\/cintillo\/"},"img":{"alt_text":"","src":"https:\/\/i0.wp.com\/www.grieta.org.mx\/wp-content\/uploads\/2020\/12\/118325779_3303366159710901_7156574648094933947_n.jpg?resize=350%2C200&ssl=1","width":350,"height":200,"srcset":"https:\/\/i0.wp.com\/www.grieta.org.mx\/wp-content\/uploads\/2020\/12\/118325779_3303366159710901_7156574648094933947_n.jpg?resize=350%2C200&ssl=1 1x, https:\/\/i0.wp.com\/www.grieta.org.mx\/wp-content\/uploads\/2020\/12\/118325779_3303366159710901_7156574648094933947_n.jpg?resize=525%2C300&ssl=1 1.5x, https:\/\/i0.wp.com\/www.grieta.org.mx\/wp-content\/uploads\/2020\/12\/118325779_3303366159710901_7156574648094933947_n.jpg?resize=700%2C400&ssl=1 2x"},"classes":[]},{"id":19264,"url":"https:\/\/www.grieta.org.mx\/index.php\/2016\/08\/04\/fuga-de-hidrocarburo-en-manzanillo-en-instalaciones-de-ferromex\/","url_meta":{"origin":19267,"position":4},"title":"Fuga de hidrocarburo en Manzanillo, en instalaciones de Ferromex","author":"grieta","date":"4 agosto, 2016","format":false,"excerpt":"Notimex El derrame de hidrocarburo en el puerto de Manzanillo tuvo su origen en instalaciones de Ferrocarril Mexicano (Ferromex), asegur\u00f3 la Comisi\u00f3n Federal de Electricidad (CFE). \u201cSe tiene registro de que la falla en la infraestructura que transporta combust\u00f3leo ocurri\u00f3 en las instalaciones de Ferromex, en un \u00e1rea cercana a\u2026","rel":"","context":"En &quot;CINTILLO&quot;","block_context":{"text":"CINTILLO","link":"https:\/\/www.grieta.org.mx\/index.php\/category\/cintillo\/"},"img":{"alt_text":"","src":"https:\/\/i0.wp.com\/www.grieta.org.mx\/wp-content\/uploads\/2018\/03\/14524434_1106112876131411_958039263622046936_o.jpg?resize=350%2C200&ssl=1","width":350,"height":200,"srcset":"https:\/\/i0.wp.com\/www.grieta.org.mx\/wp-content\/uploads\/2018\/03\/14524434_1106112876131411_958039263622046936_o.jpg?resize=350%2C200&ssl=1 1x, https:\/\/i0.wp.com\/www.grieta.org.mx\/wp-content\/uploads\/2018\/03\/14524434_1106112876131411_958039263622046936_o.jpg?resize=525%2C300&ssl=1 1.5x, https:\/\/i0.wp.com\/www.grieta.org.mx\/wp-content\/uploads\/2018\/03\/14524434_1106112876131411_958039263622046936_o.jpg?resize=700%2C400&ssl=1 2x"},"classes":[]},{"id":2789,"url":"https:\/\/www.grieta.org.mx\/index.php\/2016\/03\/08\/termoelectrica-dejo-de-usar-gas-natural-y-vuelve-al-contaminante-combustoleo\/","url_meta":{"origin":19267,"position":5},"title":"Termoel\u00e9ctrica dej\u00f3 de usar gas natural y vuelve al contaminante combust\u00f3leo","author":"grieta","date":"8 marzo, 2016","format":false,"excerpt":"Edgar Cazares Manzanillo.- En la administraci\u00f3n del entonces presidente Felipe Calder\u00f3n Hinojosa, uno de los principales argumentos para la instalaci\u00f3n de la planta regasificadora en el puerto de Manzanillo fue que esto permitir\u00eda que la Termoel\u00e9ctrica migrara de combust\u00f3leo a gas natural y as\u00ed se eliminar\u00eda la contaminaci\u00f3n en el\u2026","rel":"","context":"En &quot;CINTILLO&quot;","block_context":{"text":"CINTILLO","link":"https:\/\/www.grieta.org.mx\/index.php\/category\/cintillo\/"},"img":{"alt_text":"","src":"https:\/\/i0.wp.com\/www.grieta.org.mx\/wp-content\/uploads\/2018\/03\/14524434_1106112876131411_958039263622046936_o.jpg?resize=350%2C200&ssl=1","width":350,"height":200,"srcset":"https:\/\/i0.wp.com\/www.grieta.org.mx\/wp-content\/uploads\/2018\/03\/14524434_1106112876131411_958039263622046936_o.jpg?resize=350%2C200&ssl=1 1x, https:\/\/i0.wp.com\/www.grieta.org.mx\/wp-content\/uploads\/2018\/03\/14524434_1106112876131411_958039263622046936_o.jpg?resize=525%2C300&ssl=1 1.5x, https:\/\/i0.wp.com\/www.grieta.org.mx\/wp-content\/uploads\/2018\/03\/14524434_1106112876131411_958039263622046936_o.jpg?resize=700%2C400&ssl=1 2x"},"classes":[]}],"_links":{"self":[{"href":"https:\/\/www.grieta.org.mx\/index.php\/wp-json\/wp\/v2\/posts\/19267","targetHints":{"allow":["GET"]}}],"collection":[{"href":"https:\/\/www.grieta.org.mx\/index.php\/wp-json\/wp\/v2\/posts"}],"about":[{"href":"https:\/\/www.grieta.org.mx\/index.php\/wp-json\/wp\/v2\/types\/post"}],"author":[{"embeddable":true,"href":"https:\/\/www.grieta.org.mx\/index.php\/wp-json\/wp\/v2\/users\/2"}],"replies":[{"embeddable":true,"href":"https:\/\/www.grieta.org.mx\/index.php\/wp-json\/wp\/v2\/comments?post=19267"}],"version-history":[{"count":1,"href":"https:\/\/www.grieta.org.mx\/index.php\/wp-json\/wp\/v2\/posts\/19267\/revisions"}],"predecessor-version":[{"id":19269,"href":"https:\/\/www.grieta.org.mx\/index.php\/wp-json\/wp\/v2\/posts\/19267\/revisions\/19269"}],"wp:featuredmedia":[{"embeddable":true,"href":"https:\/\/www.grieta.org.mx\/index.php\/wp-json\/wp\/v2\/media\/21928"}],"wp:attachment":[{"href":"https:\/\/www.grieta.org.mx\/index.php\/wp-json\/wp\/v2\/media?parent=19267"}],"wp:term":[{"taxonomy":"category","embeddable":true,"href":"https:\/\/www.grieta.org.mx\/index.php\/wp-json\/wp\/v2\/categories?post=19267"},{"taxonomy":"post_tag","embeddable":true,"href":"https:\/\/www.grieta.org.mx\/index.php\/wp-json\/wp\/v2\/tags?post=19267"}],"curies":[{"name":"wp","href":"https:\/\/api.w.org\/{rel}","templated":true}]}}