{"id":19253,"date":"2016-08-04T13:28:35","date_gmt":"2016-08-04T18:28:35","guid":{"rendered":"http:\/\/www.grieta.org.mx\/?p=19253"},"modified":"2016-08-10T13:37:37","modified_gmt":"2016-08-10T18:37:37","slug":"donde-esta-la-justicia","status":"publish","type":"post","link":"https:\/\/www.grieta.org.mx\/index.php\/2016\/08\/04\/donde-esta-la-justicia\/","title":{"rendered":"\u00bfD\u00f3nde est\u00e1 la justicia?"},"content":{"rendered":"<p><img loading=\"lazy\" decoding=\"async\" data-attachment-id=\"19254\" data-permalink=\"https:\/\/www.grieta.org.mx\/index.php\/2016\/08\/04\/donde-esta-la-justicia\/benton1-300x215\/\" data-orig-file=\"https:\/\/www.grieta.org.mx\/wp-content\/uploads\/2016\/08\/benton1-300x215.jpg\" data-orig-size=\"300,215\" data-comments-opened=\"0\" data-image-meta=\"{&quot;aperture&quot;:&quot;0&quot;,&quot;credit&quot;:&quot;&quot;,&quot;camera&quot;:&quot;&quot;,&quot;caption&quot;:&quot;&quot;,&quot;created_timestamp&quot;:&quot;0&quot;,&quot;copyright&quot;:&quot;&quot;,&quot;focal_length&quot;:&quot;0&quot;,&quot;iso&quot;:&quot;0&quot;,&quot;shutter_speed&quot;:&quot;0&quot;,&quot;title&quot;:&quot;&quot;,&quot;orientation&quot;:&quot;0&quot;}\" data-image-title=\"benton1-300&amp;#215;215\" data-image-description=\"\" data-image-caption=\"\" data-medium-file=\"https:\/\/www.grieta.org.mx\/wp-content\/uploads\/2016\/08\/benton1-300x215-300x215.jpg\" data-large-file=\"https:\/\/www.grieta.org.mx\/wp-content\/uploads\/2016\/08\/benton1-300x215.jpg\" src=\"http:\/\/www.grieta.org.mx\/wp-content\/uploads\/2016\/08\/benton1-300x215.jpg\" alt=\"benton1-300x215\" width=\"300\" height=\"215\" class=\"aligncenter size-full wp-image-19254\" \/><\/p>\n<p>Hugo Daniel Alvarez<br \/>\n04\/08\/2016<br \/>\nLa Paz, Baja California Sur. \u2013Entre l\u00e1grimas y visiblemente desesperada, la se\u00f1ora Irma Yolanda Benton Fiol, narra c\u00f3mo de un d\u00eda para otro su familia se vio despojada de su patrimonio, su integridad f\u00edsica amenazada y con su madre atrapada por la empresa \u201cInmobiliaria Tur\u00edstica Salvatierra S.A. de C.V., que no permite el acceso de alimentos y medicinas.<\/p>\n<p>\u201cLlegaron unas personas con una orden de desalojo, y nos sacaron a la fuerza con el supuesto permiso de las autoridades, sencillamente nos sacaron, esto ha sido una pesadilla horrible, pero no nos dejamos y no nos vamos a dejar, porque esto es nuestro, y yo s\u00e9 que existe la justicia divina, yo ya no creo en la justicia que dicen que supuestamente nos protege, hay que tener fe y que hay que demostrar que tenemos la raz\u00f3n, porque si la tenemos, y tenemos como comprobarlo, estamos trabajando para eso, nosotros no le hemos hecho da\u00f1o a nadie, ni nos vamos a otros estados a quererle quitar sus tierras a los sudcalifornianos, como lo hace con nosotros, porque nos tapan el acceso, no tienen derecho a impedirme llevar alimento a mi madre, y a los animales, tenemos los pies aqu\u00ed, bien puestos, \u00bfd\u00f3nde est\u00e1n los derechos humanos? \u00bfd\u00f3nde est\u00e1 la justicia? \u00bfPor qu\u00e9 permite que alguien de fuera venga quitarnos lo que es nuestro pues? Cercos por aqu\u00ed y cercos por all\u00e1 de mi madre enferma y aislada pidi\u00e9ndole a dios que llegue el viento de la rosa de Guadalupe\u201d exclama la se\u00f1ora Benton Fiol.<\/p>\n<p>\u201cEl gobierno estatal no nos apoya en lo absoluto, ni SAGARPA a pesar de que ya le dijimos que est\u00e1n tumbando los \u00e1rboles, cuando a nosotros no se nos permit\u00eda tocar un palo, y esta gente est\u00e1 destruyendo, la noche pasada ten\u00edan hogueras y la Protecci\u00f3n Civil no se hizo presente, \u00bfqu\u00e9 est\u00e1 pasando? a nosotros no nos dejaban ni siquiera prender una fogata , el inter\u00e9s de ellos es fregarnos y quitarnos lo poco que tenemos, y hacer desarrollos tur\u00edsticos o inmobiliarios\u201d, denuncia.<\/p>\n<p>\u201cEn el congreso ah\u00ed est\u00e1n todos haci\u00e9ndose los que no sab\u00edan, los que no conocen del caso, pero no vaya haber elecciones porque nos encuentran y saben de nuestros problemas,  te encuentran y saben perfectamente d\u00f3nde est\u00e1s, pero ahorita,  no existe el rancho Estela, nom\u00e1s paso por la playa\u201d reclam\u00f3 la se\u00f1ora Benton Fiol.<\/p>\n<p>Vale la pena recordar que la familia Benton, ten\u00eda un litigio contra la citada inmobiliaria por un predio de 202 tareas frente en la zona de Pichilingue en el municipio de La Paz, en el cual la Suprema Corte de Justicia de la Naci\u00f3n (SCJN) fall\u00f3 a favor de la empresa el pasado 14 de julio.<\/p>\n<p><iframe loading=\"lazy\" width=\"500\" height=\"281\" src=\"https:\/\/www.youtube.com\/embed\/SYZWSG2tv34\" frameborder=\"0\" allowfullscreen><\/iframe><\/p>\n<p><a href=\"http:\/\/peninsulardigital.com\/extra\/donde-esta-la-justicia\/201229\" target=\"_blank\">http:\/\/peninsulardigital.com\/extra\/donde-esta-la-justicia\/201229<\/a><\/p>\n","protected":false},"excerpt":{"rendered":"<p>Hugo Daniel Alvarez 04\/08\/2016 La Paz, Baja California Sur. \u2013Entre l\u00e1grimas y visiblemente desesperada, la se\u00f1ora Irma Yolanda Benton Fiol, narra c\u00f3mo de un d\u00eda para otro su familia se &hellip; <a href=\"https:\/\/www.grieta.org.mx\/index.php\/2016\/08\/04\/donde-esta-la-justicia\/\" class=\"more-link\">Leer m\u00e1s<\/a><\/p>\n","protected":false},"author":2,"featured_media":21928,"comment_status":"closed","ping_status":"closed","sticky":false,"template":"","format":"standard","meta":{"ngg_post_thumbnail":0,"_jetpack_newsletter_access":"","_jetpack_dont_email_post_to_subs":false,"_jetpack_newsletter_tier_id":0,"_jetpack_memberships_contains_paywalled_content":false,"_jetpack_memberships_contains_paid_content":false,"footnotes":""},"categories":[80],"tags":[184,849,848,285],"class_list":["post-19253","post","type-post","status-publish","format-standard","has-post-thumbnail","hentry","category-cintillo","tag-despojo","tag-familia-benton","tag-la-paz","tag-turismo","entry"],"jetpack_featured_media_url":"https:\/\/www.grieta.org.mx\/wp-content\/uploads\/2018\/03\/14524434_1106112876131411_958039263622046936_o.jpg","jetpack_sharing_enabled":true,"jetpack_shortlink":"https:\/\/wp.me\/p7ZJR4-50x","jetpack_likes_enabled":false,"jetpack-related-posts":[{"id":19197,"url":"https:\/\/www.grieta.org.mx\/index.php\/2016\/08\/03\/tras-amenaza-de-despojo-familia-esta-secuestrada-sin-comida-dentro-de-su-predio-en-la-paz\/","url_meta":{"origin":19253,"position":0},"title":"Tras amenaza de despojo familia est\u00e1 secuestrada, sin comida, dentro de su predio en La Paz","author":"grieta","date":"3 agosto, 2016","format":false,"excerpt":"La Paz, Baja California Sur (BCS). Tras el caso de la familia Benton, quien ten\u00eda un litigio contra Inmobiliaria Tur\u00edstica Salvatierra S.A. de C.V., por un predio de 202 hect\u00e1reas frente en la zona de Pichilingue en La Paz, y en el cual la Suprema Corte de Justicia de la\u2026","rel":"","context":"En &quot;CINTILLO&quot;","block_context":{"text":"CINTILLO","link":"https:\/\/www.grieta.org.mx\/index.php\/category\/cintillo\/"},"img":{"alt_text":"","src":"https:\/\/i0.wp.com\/www.grieta.org.mx\/wp-content\/uploads\/2018\/03\/14524434_1106112876131411_958039263622046936_o.jpg?resize=350%2C200&ssl=1","width":350,"height":200,"srcset":"https:\/\/i0.wp.com\/www.grieta.org.mx\/wp-content\/uploads\/2018\/03\/14524434_1106112876131411_958039263622046936_o.jpg?resize=350%2C200&ssl=1 1x, https:\/\/i0.wp.com\/www.grieta.org.mx\/wp-content\/uploads\/2018\/03\/14524434_1106112876131411_958039263622046936_o.jpg?resize=525%2C300&ssl=1 1.5x, https:\/\/i0.wp.com\/www.grieta.org.mx\/wp-content\/uploads\/2018\/03\/14524434_1106112876131411_958039263622046936_o.jpg?resize=700%2C400&ssl=1 2x"},"classes":[]},{"id":21160,"url":"https:\/\/www.grieta.org.mx\/index.php\/2016\/08\/23\/por-segunda-vez-se-manifiesta-familia-benton-en-el-congreso-de-bcs-por-supuesto-despojo\/","url_meta":{"origin":19253,"position":1},"title":"Por segunda vez, se manifiesta familia Benton en el Congreso de BCS por supuesto despojo","author":"grieta","date":"23 agosto, 2016","format":false,"excerpt":"Por segunda vez, m\u00e1s de 20 personas de la familia Benton se manifestaron en el Congreso del Estado, para exigir que no se les despoje del predio ubicado en la carretera a Pichilingue en La Paz, del cual se\u00f1alan que es de su propiedad y no de la inmobiliaria La\u2026","rel":"","context":"En &quot;CINTILLO&quot;","block_context":{"text":"CINTILLO","link":"https:\/\/www.grieta.org.mx\/index.php\/category\/cintillo\/"},"img":{"alt_text":"","src":"https:\/\/i0.wp.com\/www.grieta.org.mx\/wp-content\/uploads\/2018\/03\/14524434_1106112876131411_958039263622046936_o.jpg?resize=350%2C200&ssl=1","width":350,"height":200,"srcset":"https:\/\/i0.wp.com\/www.grieta.org.mx\/wp-content\/uploads\/2018\/03\/14524434_1106112876131411_958039263622046936_o.jpg?resize=350%2C200&ssl=1 1x, https:\/\/i0.wp.com\/www.grieta.org.mx\/wp-content\/uploads\/2018\/03\/14524434_1106112876131411_958039263622046936_o.jpg?resize=525%2C300&ssl=1 1.5x, https:\/\/i0.wp.com\/www.grieta.org.mx\/wp-content\/uploads\/2018\/03\/14524434_1106112876131411_958039263622046936_o.jpg?resize=700%2C400&ssl=1 2x"},"classes":[]},{"id":19638,"url":"https:\/\/www.grieta.org.mx\/index.php\/2016\/08\/11\/caso-benton-en-la-paz-ya-esta-resuelto-terreno-pertenece-a-inmobiliaria-gobierno-de-bcs\/","url_meta":{"origin":19253,"position":2},"title":"Caso Benton en La Paz, ya est\u00e1 resuelto; terreno pertenece a inmobiliaria: Gobierno de BCS","author":"grieta","date":"11 agosto, 2016","format":false,"excerpt":"a Paz, Baja California Sur (BCS). El Secretario General de Gobierno, \u00c1lvaro de la Pe\u00f1a Angulo coment\u00f3 que , fungiendo el Gobierno del Estado de Baja California Sur como garante de las leyes, el caso de la familia Benton contra la inmobiliaria Tur\u00edstica Salvatierra fue cerrado y resuelto desde el\u2026","rel":"","context":"En &quot;CINTILLO&quot;","block_context":{"text":"CINTILLO","link":"https:\/\/www.grieta.org.mx\/index.php\/category\/cintillo\/"},"img":{"alt_text":"","src":"https:\/\/i0.wp.com\/www.grieta.org.mx\/wp-content\/uploads\/2018\/03\/14524434_1106112876131411_958039263622046936_o.jpg?resize=350%2C200&ssl=1","width":350,"height":200,"srcset":"https:\/\/i0.wp.com\/www.grieta.org.mx\/wp-content\/uploads\/2018\/03\/14524434_1106112876131411_958039263622046936_o.jpg?resize=350%2C200&ssl=1 1x, https:\/\/i0.wp.com\/www.grieta.org.mx\/wp-content\/uploads\/2018\/03\/14524434_1106112876131411_958039263622046936_o.jpg?resize=525%2C300&ssl=1 1.5x, https:\/\/i0.wp.com\/www.grieta.org.mx\/wp-content\/uploads\/2018\/03\/14524434_1106112876131411_958039263622046936_o.jpg?resize=700%2C400&ssl=1 2x"},"classes":[]},{"id":19212,"url":"https:\/\/www.grieta.org.mx\/index.php\/2016\/08\/23\/inmobiliaria-turistica-despoja-rancho-a-familia-con-aval-de-suprema-corte-en-baja-california-sur\/","url_meta":{"origin":19253,"position":3},"title":"Inmobiliaria tur\u00edstica despoja rancho a familia con aval de Suprema Corte en Baja California Sur","author":"grieta","date":"23 agosto, 2016","format":false,"excerpt":"23\/08\/16. Por segunda vez, se manifiesta familia Benton en el Congreso de BCS por supuesto despojo BCS Noticias 11\/08\/16. Caso Benton en La Paz, ya est\u00e1 resuelto; terreno pertenece a inmobiliaria: Gobierno de BCS (VIDEO) BCS Noticias 04\/08\/16. \u00bfD\u00f3nde est\u00e1 la justicia? (VIDEO) Pen\u00ednsula Digital 03\/08\/16. Tras amenaza de despojo\u2026","rel":"","context":"En &quot;Baja California Sur&quot;","block_context":{"text":"Baja California Sur","link":"https:\/\/www.grieta.org.mx\/index.php\/category\/noticias-nacionales\/baja-california-sur\/"},"img":{"alt_text":"","src":"https:\/\/i0.wp.com\/www.grieta.org.mx\/wp-content\/uploads\/2018\/03\/14524434_1106112876131411_958039263622046936_o.jpg?resize=350%2C200&ssl=1","width":350,"height":200,"srcset":"https:\/\/i0.wp.com\/www.grieta.org.mx\/wp-content\/uploads\/2018\/03\/14524434_1106112876131411_958039263622046936_o.jpg?resize=350%2C200&ssl=1 1x, https:\/\/i0.wp.com\/www.grieta.org.mx\/wp-content\/uploads\/2018\/03\/14524434_1106112876131411_958039263622046936_o.jpg?resize=525%2C300&ssl=1 1.5x, https:\/\/i0.wp.com\/www.grieta.org.mx\/wp-content\/uploads\/2018\/03\/14524434_1106112876131411_958039263622046936_o.jpg?resize=700%2C400&ssl=1 2x"},"classes":[]},{"id":46072,"url":"https:\/\/www.grieta.org.mx\/index.php\/2020\/03\/12\/colocan-memorial-para-diana-y-exigen-justicia-a-su-caso-estado-de-mexico\/","url_meta":{"origin":19253,"position":4},"title":"Colocan memorial para Diana y exigen justicia a su caso (Estado de M\u00e9xico)","author":"grieta","date":"12 marzo, 2020","format":false,"excerpt":"Le colocaron 20 cruces rosas con flores y veladoras. Foto: Zuleyma Garc\u00eda Zuleyma Garc\u00eda \/ Milenio La madre de la joven lament\u00f3 que desde hace m\u00e1s de dos a\u00f1os no hay ni siquiera una l\u00ednea de investigaci\u00f3n que los lleve a esclarecer el feminicidio. Organizaciones civiles, colectivos feministas y familiares\u2026","rel":"","context":"En &quot;CINTILLO&quot;","block_context":{"text":"CINTILLO","link":"https:\/\/www.grieta.org.mx\/index.php\/category\/cintillo\/"},"img":{"alt_text":"","src":"https:\/\/i0.wp.com\/www.grieta.org.mx\/wp-content\/uploads\/2020\/03\/Colocan-memorial-para-Diana-y-exigen-justicia-a-su-caso-edomex-mzo.jpeg?resize=350%2C200&ssl=1","width":350,"height":200,"srcset":"https:\/\/i0.wp.com\/www.grieta.org.mx\/wp-content\/uploads\/2020\/03\/Colocan-memorial-para-Diana-y-exigen-justicia-a-su-caso-edomex-mzo.jpeg?resize=350%2C200&ssl=1 1x, https:\/\/i0.wp.com\/www.grieta.org.mx\/wp-content\/uploads\/2020\/03\/Colocan-memorial-para-Diana-y-exigen-justicia-a-su-caso-edomex-mzo.jpeg?resize=525%2C300&ssl=1 1.5x, https:\/\/i0.wp.com\/www.grieta.org.mx\/wp-content\/uploads\/2020\/03\/Colocan-memorial-para-Diana-y-exigen-justicia-a-su-caso-edomex-mzo.jpeg?resize=700%2C400&ssl=1 2x"},"classes":[]},{"id":41635,"url":"https:\/\/www.grieta.org.mx\/index.php\/2019\/11\/15\/por-fin-nos-escucharon-por-fin-nos-creyeron-san-luis-potosi\/","url_meta":{"origin":19253,"position":5},"title":"\u201cPor fin nos escucharon, por fin nos creyeron\u201d (San Luis Potos\u00ed)","author":"grieta","date":"15 noviembre, 2019","format":false,"excerpt":"Daniela Rea\/Pie de P\u00e1gina 15 noviembre 2019 Karla Pontigo muri\u00f3 en 2012, en el lugar donde trabajaba, en condiciones extra\u00f1as. Su familia ha llevado una lucha para que la Fiscal\u00eda de San Luis Potos\u00ed haga justicia. La SCJN orden\u00f3 iniciar desde cero la investigaci\u00f3n de su muerte, partiendo de la\u2026","rel":"","context":"En &quot;CINTILLO&quot;","block_context":{"text":"CINTILLO","link":"https:\/\/www.grieta.org.mx\/index.php\/category\/cintillo\/"},"img":{"alt_text":"","src":"https:\/\/i0.wp.com\/www.grieta.org.mx\/wp-content\/uploads\/2019\/11\/pdp_mariaesperanza_cdmx_mariaruiz00-1140x570.jpg?resize=350%2C200&ssl=1","width":350,"height":200,"srcset":"https:\/\/i0.wp.com\/www.grieta.org.mx\/wp-content\/uploads\/2019\/11\/pdp_mariaesperanza_cdmx_mariaruiz00-1140x570.jpg?resize=350%2C200&ssl=1 1x, https:\/\/i0.wp.com\/www.grieta.org.mx\/wp-content\/uploads\/2019\/11\/pdp_mariaesperanza_cdmx_mariaruiz00-1140x570.jpg?resize=525%2C300&ssl=1 1.5x, https:\/\/i0.wp.com\/www.grieta.org.mx\/wp-content\/uploads\/2019\/11\/pdp_mariaesperanza_cdmx_mariaruiz00-1140x570.jpg?resize=700%2C400&ssl=1 2x, https:\/\/i0.wp.com\/www.grieta.org.mx\/wp-content\/uploads\/2019\/11\/pdp_mariaesperanza_cdmx_mariaruiz00-1140x570.jpg?resize=1050%2C600&ssl=1 3x"},"classes":[]}],"_links":{"self":[{"href":"https:\/\/www.grieta.org.mx\/index.php\/wp-json\/wp\/v2\/posts\/19253","targetHints":{"allow":["GET"]}}],"collection":[{"href":"https:\/\/www.grieta.org.mx\/index.php\/wp-json\/wp\/v2\/posts"}],"about":[{"href":"https:\/\/www.grieta.org.mx\/index.php\/wp-json\/wp\/v2\/types\/post"}],"author":[{"embeddable":true,"href":"https:\/\/www.grieta.org.mx\/index.php\/wp-json\/wp\/v2\/users\/2"}],"replies":[{"embeddable":true,"href":"https:\/\/www.grieta.org.mx\/index.php\/wp-json\/wp\/v2\/comments?post=19253"}],"version-history":[{"count":1,"href":"https:\/\/www.grieta.org.mx\/index.php\/wp-json\/wp\/v2\/posts\/19253\/revisions"}],"predecessor-version":[{"id":19256,"href":"https:\/\/www.grieta.org.mx\/index.php\/wp-json\/wp\/v2\/posts\/19253\/revisions\/19256"}],"wp:featuredmedia":[{"embeddable":true,"href":"https:\/\/www.grieta.org.mx\/index.php\/wp-json\/wp\/v2\/media\/21928"}],"wp:attachment":[{"href":"https:\/\/www.grieta.org.mx\/index.php\/wp-json\/wp\/v2\/media?parent=19253"}],"wp:term":[{"taxonomy":"category","embeddable":true,"href":"https:\/\/www.grieta.org.mx\/index.php\/wp-json\/wp\/v2\/categories?post=19253"},{"taxonomy":"post_tag","embeddable":true,"href":"https:\/\/www.grieta.org.mx\/index.php\/wp-json\/wp\/v2\/tags?post=19253"}],"curies":[{"name":"wp","href":"https:\/\/api.w.org\/{rel}","templated":true}]}}