{"id":19212,"date":"2016-08-23T13:03:19","date_gmt":"2016-08-23T18:03:19","guid":{"rendered":"http:\/\/www.grieta.org.mx\/?p=19212"},"modified":"2016-09-07T14:36:33","modified_gmt":"2016-09-07T19:36:33","slug":"inmobiliaria-turistica-despoja-rancho-a-familia-con-aval-de-suprema-corte-en-baja-california-sur","status":"publish","type":"post","link":"https:\/\/www.grieta.org.mx\/index.php\/2016\/08\/23\/inmobiliaria-turistica-despoja-rancho-a-familia-con-aval-de-suprema-corte-en-baja-california-sur\/","title":{"rendered":"Inmobiliaria tur\u00edstica despoja rancho a familia con aval de Suprema Corte en Baja California Sur"},"content":{"rendered":"<p><strong>23\/08\/16. <\/strong><a href=\"http:\/\/www.grieta.org.mx\/index.php\/2016\/08\/23\/por-segunda-vez-se-manifiesta-familia-benton-en-el-congreso-de-bcs-por-supuesto-despojo\/\">Por segunda vez, se manifiesta familia Benton en el Congreso de BCS por supuesto despojo<\/a><br \/>\n<em>BCS Noticias<\/em><\/p>\n<p><strong>11\/08\/16. <\/strong><a href=\"http:\/\/www.grieta.org.mx\/index.php\/2016\/08\/11\/caso-benton-en-la-paz-ya-esta-resuelto-terreno-pertenece-a-inmobiliaria-gobierno-de-bcs\/\">Caso Benton en La Paz, ya est\u00e1 resuelto; terreno pertenece a inmobiliaria: Gobierno de BCS (VIDEO)<\/a><br \/>\n<em>BCS Noticias<\/em><\/p>\n<p><strong>04\/08\/16. <\/strong><a href=\"http:\/\/www.grieta.org.mx\/index.php\/2016\/08\/04\/donde-esta-la-justicia\/\">\u00bfD\u00f3nde est\u00e1 la justicia? (VIDEO)<\/a><br \/>\n<em>Pen\u00ednsula Digital<\/em><\/p>\n<p><strong>03\/08\/16. <\/strong><a href=\"http:\/\/www.grieta.org.mx\/index.php\/2016\/08\/03\/tras-amenaza-de-despojo-familia-esta-secuestrada-sin-comida-dentro-de-su-predio-en-la-paz\/\">Tras amenaza de despojo familia est\u00e1 secuestrada, sin comida, dentro de su predio en La Paz<\/a><br \/>\n<em>BCS Noticias<\/em><\/p>\n<p><strong>14\/07\/16. <\/strong><a href=\"http:\/\/www.grieta.org.mx\/index.php\/2016\/07\/14\/familia-se-defiende-de-guardias-por-un-terreno-en-donde-vivio-mas-de-50-anos-video\/\">Familia se defiende de guardias por un terreno en donde vivi\u00f3 m\u00e1s de 50 a\u00f1os (VIDEO)<\/a><br \/>\n<em>SDP Noticias<\/em><\/p>\n","protected":false},"excerpt":{"rendered":"<p>23\/08\/16. Por segunda vez, se manifiesta familia Benton en el Congreso de BCS por supuesto despojo BCS Noticias 11\/08\/16. Caso Benton en La Paz, ya est\u00e1 resuelto; terreno pertenece a &hellip; <a href=\"https:\/\/www.grieta.org.mx\/index.php\/2016\/08\/23\/inmobiliaria-turistica-despoja-rancho-a-familia-con-aval-de-suprema-corte-en-baja-california-sur\/\" class=\"more-link\">Leer m\u00e1s<\/a><\/p>\n","protected":false},"author":2,"featured_media":21928,"comment_status":"closed","ping_status":"closed","sticky":false,"template":"","format":"standard","meta":{"ngg_post_thumbnail":0,"_jetpack_newsletter_access":"","_jetpack_dont_email_post_to_subs":false,"_jetpack_newsletter_tier_id":0,"_jetpack_memberships_contains_paywalled_content":false,"_jetpack_memberships_contains_paid_content":false,"footnotes":""},"categories":[10,41],"tags":[184,848,285],"class_list":["post-19212","post","type-post","status-publish","format-standard","has-post-thumbnail","hentry","category-baja-california-sur","category-turismo","tag-despojo","tag-la-paz","tag-turismo","entry"],"jetpack_featured_media_url":"https:\/\/www.grieta.org.mx\/wp-content\/uploads\/2018\/03\/14524434_1106112876131411_958039263622046936_o.jpg","jetpack_sharing_enabled":true,"jetpack_shortlink":"https:\/\/wp.me\/p7ZJR4-4ZS","jetpack_likes_enabled":false,"jetpack-related-posts":[{"id":19638,"url":"https:\/\/www.grieta.org.mx\/index.php\/2016\/08\/11\/caso-benton-en-la-paz-ya-esta-resuelto-terreno-pertenece-a-inmobiliaria-gobierno-de-bcs\/","url_meta":{"origin":19212,"position":0},"title":"Caso Benton en La Paz, ya est\u00e1 resuelto; terreno pertenece a inmobiliaria: Gobierno de BCS","author":"grieta","date":"11 agosto, 2016","format":false,"excerpt":"a Paz, Baja California Sur (BCS). El Secretario General de Gobierno, \u00c1lvaro de la Pe\u00f1a Angulo coment\u00f3 que , fungiendo el Gobierno del Estado de Baja California Sur como garante de las leyes, el caso de la familia Benton contra la inmobiliaria Tur\u00edstica Salvatierra fue cerrado y resuelto desde el\u2026","rel":"","context":"En &quot;CINTILLO&quot;","block_context":{"text":"CINTILLO","link":"https:\/\/www.grieta.org.mx\/index.php\/category\/cintillo\/"},"img":{"alt_text":"","src":"https:\/\/i0.wp.com\/www.grieta.org.mx\/wp-content\/uploads\/2018\/03\/14524434_1106112876131411_958039263622046936_o.jpg?resize=350%2C200&ssl=1","width":350,"height":200,"srcset":"https:\/\/i0.wp.com\/www.grieta.org.mx\/wp-content\/uploads\/2018\/03\/14524434_1106112876131411_958039263622046936_o.jpg?resize=350%2C200&ssl=1 1x, https:\/\/i0.wp.com\/www.grieta.org.mx\/wp-content\/uploads\/2018\/03\/14524434_1106112876131411_958039263622046936_o.jpg?resize=525%2C300&ssl=1 1.5x, https:\/\/i0.wp.com\/www.grieta.org.mx\/wp-content\/uploads\/2018\/03\/14524434_1106112876131411_958039263622046936_o.jpg?resize=700%2C400&ssl=1 2x"},"classes":[]},{"id":21160,"url":"https:\/\/www.grieta.org.mx\/index.php\/2016\/08\/23\/por-segunda-vez-se-manifiesta-familia-benton-en-el-congreso-de-bcs-por-supuesto-despojo\/","url_meta":{"origin":19212,"position":1},"title":"Por segunda vez, se manifiesta familia Benton en el Congreso de BCS por supuesto despojo","author":"grieta","date":"23 agosto, 2016","format":false,"excerpt":"Por segunda vez, m\u00e1s de 20 personas de la familia Benton se manifestaron en el Congreso del Estado, para exigir que no se les despoje del predio ubicado en la carretera a Pichilingue en La Paz, del cual se\u00f1alan que es de su propiedad y no de la inmobiliaria La\u2026","rel":"","context":"En &quot;CINTILLO&quot;","block_context":{"text":"CINTILLO","link":"https:\/\/www.grieta.org.mx\/index.php\/category\/cintillo\/"},"img":{"alt_text":"","src":"https:\/\/i0.wp.com\/www.grieta.org.mx\/wp-content\/uploads\/2018\/03\/14524434_1106112876131411_958039263622046936_o.jpg?resize=350%2C200&ssl=1","width":350,"height":200,"srcset":"https:\/\/i0.wp.com\/www.grieta.org.mx\/wp-content\/uploads\/2018\/03\/14524434_1106112876131411_958039263622046936_o.jpg?resize=350%2C200&ssl=1 1x, https:\/\/i0.wp.com\/www.grieta.org.mx\/wp-content\/uploads\/2018\/03\/14524434_1106112876131411_958039263622046936_o.jpg?resize=525%2C300&ssl=1 1.5x, https:\/\/i0.wp.com\/www.grieta.org.mx\/wp-content\/uploads\/2018\/03\/14524434_1106112876131411_958039263622046936_o.jpg?resize=700%2C400&ssl=1 2x"},"classes":[]},{"id":19218,"url":"https:\/\/www.grieta.org.mx\/index.php\/2016\/07\/14\/familia-se-defiende-de-guardias-por-un-terreno-en-donde-vivio-mas-de-50-anos-video\/","url_meta":{"origin":19212,"position":2},"title":"Familia se defiende de guardias por un terreno en donde vivi\u00f3 m\u00e1s de 50 a\u00f1os (VIDEO)","author":"grieta","date":"14 julio, 2016","format":false,"excerpt":"Con picos y palas hicieron frente a los uniformados que trabajan para la empresa Fraccionaria Tur\u00edstica Salvatierra en La Paz, BCS; alegan despojo. La Paz, BCS. A pesar de que el proceso judicial para determinar qui\u00e9n es el due\u00f1o de un terreno, la empresa Fraccionaria Tur\u00edstica Salvatierra volvi\u00f3 a hostigar\u2026","rel":"","context":"En &quot;CINTILLO&quot;","block_context":{"text":"CINTILLO","link":"https:\/\/www.grieta.org.mx\/index.php\/category\/cintillo\/"},"img":{"alt_text":"","src":"https:\/\/i0.wp.com\/www.grieta.org.mx\/wp-content\/uploads\/2018\/03\/14524434_1106112876131411_958039263622046936_o.jpg?resize=350%2C200&ssl=1","width":350,"height":200,"srcset":"https:\/\/i0.wp.com\/www.grieta.org.mx\/wp-content\/uploads\/2018\/03\/14524434_1106112876131411_958039263622046936_o.jpg?resize=350%2C200&ssl=1 1x, https:\/\/i0.wp.com\/www.grieta.org.mx\/wp-content\/uploads\/2018\/03\/14524434_1106112876131411_958039263622046936_o.jpg?resize=525%2C300&ssl=1 1.5x, https:\/\/i0.wp.com\/www.grieta.org.mx\/wp-content\/uploads\/2018\/03\/14524434_1106112876131411_958039263622046936_o.jpg?resize=700%2C400&ssl=1 2x"},"classes":[]},{"id":9184,"url":"https:\/\/www.grieta.org.mx\/index.php\/2016\/08\/16\/conflictos-mineros-en-baja-california-sur\/","url_meta":{"origin":19212,"position":3},"title":"Conflictos mineros en Baja California Sur","author":"grieta","date":"16 agosto, 2016","format":false,"excerpt":"Minera Canadiense se ampara en contra de SEMARNAT por proyecto 'La Pitalla' 16\/08\/16. Delegado de Semarnat en BCS dice que \u201cno tiene mucho que decir\u201d en el tema de La Pitalla BCS Noticias 01\/08\/16. Logra amparo minera canadiense Pen\u00ednsula Digital 29\/07\/16. Minera canadiense logra amparo para proyecto en La Paz,\u2026","rel":"","context":"En &quot;\u00c1reas naturales protegidas&quot;","block_context":{"text":"\u00c1reas naturales protegidas","link":"https:\/\/www.grieta.org.mx\/index.php\/category\/megaproyectos\/areas-naturales-protegidas\/"},"img":{"alt_text":"","src":"https:\/\/i0.wp.com\/www.grieta.org.mx\/wp-content\/uploads\/2018\/03\/14524434_1106112876131411_958039263622046936_o.jpg?resize=350%2C200&ssl=1","width":350,"height":200,"srcset":"https:\/\/i0.wp.com\/www.grieta.org.mx\/wp-content\/uploads\/2018\/03\/14524434_1106112876131411_958039263622046936_o.jpg?resize=350%2C200&ssl=1 1x, https:\/\/i0.wp.com\/www.grieta.org.mx\/wp-content\/uploads\/2018\/03\/14524434_1106112876131411_958039263622046936_o.jpg?resize=525%2C300&ssl=1 1.5x, https:\/\/i0.wp.com\/www.grieta.org.mx\/wp-content\/uploads\/2018\/03\/14524434_1106112876131411_958039263622046936_o.jpg?resize=700%2C400&ssl=1 2x"},"classes":[]},{"id":9332,"url":"https:\/\/www.grieta.org.mx\/index.php\/2015\/10\/07\/peninsula-de-los-suenos-amenaza-al-patrimonio-natural-de-bcs\/","url_meta":{"origin":19212,"position":4},"title":"Pen\u00ednsula de los sue\u00f1os: amenaza al patrimonio natural de BCS","author":"grieta","date":"7 octubre, 2015","format":false,"excerpt":"07\/10\/15. A prop\u00f3sito de Pen\u00ednsula de los Sue\u00f1os: El patrimonio natural como mercanc\u00eda Radio Zapatista Sudcaliforniana 02\/10\/15. Anuncian reuni\u00f3n p\u00fablica del megaproyecto hotelero \u2018Pen\u00ednsula de los Sue\u00f1os\u2019, en La Paz BCS Noticias","rel":"","context":"En &quot;Baja California Sur&quot;","block_context":{"text":"Baja California Sur","link":"https:\/\/www.grieta.org.mx\/index.php\/category\/noticias-nacionales\/baja-california-sur\/"},"img":{"alt_text":"","src":"https:\/\/i0.wp.com\/www.grieta.org.mx\/wp-content\/uploads\/2018\/03\/14524434_1106112876131411_958039263622046936_o.jpg?resize=350%2C200&ssl=1","width":350,"height":200,"srcset":"https:\/\/i0.wp.com\/www.grieta.org.mx\/wp-content\/uploads\/2018\/03\/14524434_1106112876131411_958039263622046936_o.jpg?resize=350%2C200&ssl=1 1x, https:\/\/i0.wp.com\/www.grieta.org.mx\/wp-content\/uploads\/2018\/03\/14524434_1106112876131411_958039263622046936_o.jpg?resize=525%2C300&ssl=1 1.5x, https:\/\/i0.wp.com\/www.grieta.org.mx\/wp-content\/uploads\/2018\/03\/14524434_1106112876131411_958039263622046936_o.jpg?resize=700%2C400&ssl=1 2x"},"classes":[]},{"id":11835,"url":"https:\/\/www.grieta.org.mx\/index.php\/2016\/04\/30\/nuevo-megaproyecto-turistico-en-cabo-pulmo-bcs\/","url_meta":{"origin":19212,"position":5},"title":"Nuevo megaproyecto tur\u00edstico en Cabo Pulmo, BCS","author":"grieta","date":"30 abril, 2016","format":false,"excerpt":"30\/04\/16. Planean nuevo megaproyecto tur\u00edstico cerca de Cabo Pulmo, BCS BCS Noticias","rel":"","context":"En &quot;Baja California Sur&quot;","block_context":{"text":"Baja California Sur","link":"https:\/\/www.grieta.org.mx\/index.php\/category\/noticias-nacionales\/baja-california-sur\/"},"img":{"alt_text":"","src":"https:\/\/i0.wp.com\/www.grieta.org.mx\/wp-content\/uploads\/2018\/03\/14524434_1106112876131411_958039263622046936_o.jpg?resize=350%2C200&ssl=1","width":350,"height":200,"srcset":"https:\/\/i0.wp.com\/www.grieta.org.mx\/wp-content\/uploads\/2018\/03\/14524434_1106112876131411_958039263622046936_o.jpg?resize=350%2C200&ssl=1 1x, https:\/\/i0.wp.com\/www.grieta.org.mx\/wp-content\/uploads\/2018\/03\/14524434_1106112876131411_958039263622046936_o.jpg?resize=525%2C300&ssl=1 1.5x, https:\/\/i0.wp.com\/www.grieta.org.mx\/wp-content\/uploads\/2018\/03\/14524434_1106112876131411_958039263622046936_o.jpg?resize=700%2C400&ssl=1 2x"},"classes":[]}],"_links":{"self":[{"href":"https:\/\/www.grieta.org.mx\/index.php\/wp-json\/wp\/v2\/posts\/19212","targetHints":{"allow":["GET"]}}],"collection":[{"href":"https:\/\/www.grieta.org.mx\/index.php\/wp-json\/wp\/v2\/posts"}],"about":[{"href":"https:\/\/www.grieta.org.mx\/index.php\/wp-json\/wp\/v2\/types\/post"}],"author":[{"embeddable":true,"href":"https:\/\/www.grieta.org.mx\/index.php\/wp-json\/wp\/v2\/users\/2"}],"replies":[{"embeddable":true,"href":"https:\/\/www.grieta.org.mx\/index.php\/wp-json\/wp\/v2\/comments?post=19212"}],"version-history":[{"count":1,"href":"https:\/\/www.grieta.org.mx\/index.php\/wp-json\/wp\/v2\/posts\/19212\/revisions"}],"predecessor-version":[{"id":21173,"href":"https:\/\/www.grieta.org.mx\/index.php\/wp-json\/wp\/v2\/posts\/19212\/revisions\/21173"}],"wp:featuredmedia":[{"embeddable":true,"href":"https:\/\/www.grieta.org.mx\/index.php\/wp-json\/wp\/v2\/media\/21928"}],"wp:attachment":[{"href":"https:\/\/www.grieta.org.mx\/index.php\/wp-json\/wp\/v2\/media?parent=19212"}],"wp:term":[{"taxonomy":"category","embeddable":true,"href":"https:\/\/www.grieta.org.mx\/index.php\/wp-json\/wp\/v2\/categories?post=19212"},{"taxonomy":"post_tag","embeddable":true,"href":"https:\/\/www.grieta.org.mx\/index.php\/wp-json\/wp\/v2\/tags?post=19212"}],"curies":[{"name":"wp","href":"https:\/\/api.w.org\/{rel}","templated":true}]}}