{"id":19170,"date":"2016-08-06T01:15:31","date_gmt":"2016-08-06T06:15:31","guid":{"rendered":"http:\/\/www.grieta.org.mx\/?p=19170"},"modified":"2016-08-10T01:18:08","modified_gmt":"2016-08-10T06:18:08","slug":"recomienda-cedh-al-ayuntamiento-por-muerte-de-un-hombre","status":"publish","type":"post","link":"https:\/\/www.grieta.org.mx\/index.php\/2016\/08\/06\/recomienda-cedh-al-ayuntamiento-por-muerte-de-un-hombre\/","title":{"rendered":"Recomienda CEDH al Ayuntamiento por muerte de un hombre"},"content":{"rendered":"<p><img loading=\"lazy\" decoding=\"async\" data-attachment-id=\"19171\" data-permalink=\"https:\/\/www.grieta.org.mx\/index.php\/2016\/08\/06\/recomienda-cedh-al-ayuntamiento-por-muerte-de-un-hombre\/img_2032\/\" data-orig-file=\"https:\/\/www.grieta.org.mx\/wp-content\/uploads\/2016\/08\/img_2032.jpg\" data-orig-size=\"660,440\" data-comments-opened=\"0\" data-image-meta=\"{&quot;aperture&quot;:&quot;0&quot;,&quot;credit&quot;:&quot;&quot;,&quot;camera&quot;:&quot;&quot;,&quot;caption&quot;:&quot;&quot;,&quot;created_timestamp&quot;:&quot;0&quot;,&quot;copyright&quot;:&quot;&quot;,&quot;focal_length&quot;:&quot;0&quot;,&quot;iso&quot;:&quot;0&quot;,&quot;shutter_speed&quot;:&quot;0&quot;,&quot;title&quot;:&quot;&quot;,&quot;orientation&quot;:&quot;0&quot;}\" data-image-title=\"img_2032\" data-image-description=\"\" data-image-caption=\"\" data-medium-file=\"https:\/\/www.grieta.org.mx\/wp-content\/uploads\/2016\/08\/img_2032-300x200.jpg\" data-large-file=\"https:\/\/www.grieta.org.mx\/wp-content\/uploads\/2016\/08\/img_2032.jpg\" src=\"http:\/\/www.grieta.org.mx\/wp-content\/uploads\/2016\/08\/img_2032.jpg\" alt=\"img_2032\" width=\"660\" height=\"440\" class=\"aligncenter size-full wp-image-19171\" srcset=\"https:\/\/www.grieta.org.mx\/wp-content\/uploads\/2016\/08\/img_2032.jpg 660w, https:\/\/www.grieta.org.mx\/wp-content\/uploads\/2016\/08\/img_2032-300x200.jpg 300w\" sizes=\"auto, (max-width: 660px) 100vw, 660px\" \/><\/p>\n<p>Por<br \/>\nRedacci\u00f3n<\/p>\n<p>Tijuana, 6 de agosto.- La Comisi\u00f3n Estatal de los Derechos Humanos de Baja California (CEDHBC) emiti\u00f3 la Recomendaci\u00f3n 8\/2016 dirigida al Ayuntamiento de Tijuana por la muerte de un hombre a quien un agente municipal le dispar\u00f3 &#8220;indebidamente&#8221; durante una persecuci\u00f3n por robo de un veh\u00edculo.<\/p>\n<p> violaciones a los derechos humanos a la vida y a la seguridad jur\u00eddica, por parte de elementos de la Polic\u00eda Municipal.<\/p>\n<p>Lo anterior con motivo de los hechos ocurridos el 19 de julio de 2015, en los que un agente de la Secretar\u00eda de Seguridad P\u00fablica Municipal (AR2) dispar\u00f3 indebidamente su arma de cargo en contra de un hombre (V1), quien perdi\u00f3 la vida a consecuencia de este hecho. <\/p>\n<p>Asimismo, porque otros dos agentes (AR1 y AR3) elaboraron un parte informativo no correspondiente a la realidad de como ocurrieron estos sucesos, y por la falta de inmediatez en la presentaci\u00f3n de las personas detenidas ante la autoridad correspondiente.<\/p>\n<p>De acuerdo con los hechos, aproximadamente a las 11 horas de la fecha mencionada dos polic\u00edas municipales (entre los que se encontraba AR1), atendieron un reporte de robo de veh\u00edculo.<\/p>\n<p>Los hombres se\u00f1alados (P1 y V2) se trasladaban a bordo de un veh\u00edculo hurtado, por lo que los agentes solicitaron la ayuda, v\u00eda radio, de otro polic\u00eda, quien al tener a la vista el autom\u00f3vil reportado encendi\u00f3 la torreta para indicarle que se detuviera.<\/p>\n<p>El conductor (P1) no acat\u00f3 la indicaci\u00f3n y efectu\u00f3 una maniobra evasiva y en consecuencia provoc\u00f3 un choque de frente con la patrulla. Acto seguido, huy\u00f3 con rumbo a la avenida Internacional la cual ya se encontraba bloqueada por otra unidad en la que se desplazaban dos agentes (entre ellos AR2).<\/p>\n<p>P1 manej\u00f3 hasta la avenida Internacional en donde al observar el bloqueo policial trat\u00f3 de huir pero se impact\u00f3 contra el muro divisor de sentidos y contra otro autom\u00f3vil. Despu\u00e9s descendi\u00f3 del veh\u00edculo para seguir huyendo.<\/p>\n<p>En ese momento (seg\u00fan el parte policiaco) se escucharon tres detonaciones de arma de fuego, cuando AR2 se encontr\u00f3 de frente a V1 (persona ajena a los hechos) quien, seg\u00fan dicho testimonio, portaba un \u201cartefacto b\u00e9lico tipo pistola\u201d.<\/p>\n<p>Seg\u00fan consta en la narraci\u00f3n del parte, AR2 desconoc\u00eda si V1 era quien conduc\u00eda el veh\u00edculo robado, sin embargo, se asegura que V1 levant\u00f3 el \u201cartefacto\u201d apunt\u00e1ndole por lo que le instruy\u00f3 mediante comandos verbales bajara el arma y la arrojara al piso. El mismo testimonio afirma que, al hacer V1 caso omiso, AR2 decidi\u00f3 hacer tres detonaciones con su arma de cargo logrando impactar en su abdomen y extremidad superior.<\/p>\n<p>Los agentes solicitaron ayuda de emergencia para asistir al lesionado quien fue trasladado por param\u00e9dicos de la Cruz Roja al Hospital General de Tijuana donde falleci\u00f3 por &#8220;heridas perforantes de abdomen por proyectiles de arma de fuego&#8221;.<\/p>\n<p>Simultan\u00e9amente otro de los agentes se\u00f1al\u00f3 que no perdi\u00f3 de vista a P1 y que continu\u00f3 persigui\u00e9ndolo durante su huida y, al darle alcance mediante &#8220;comandos verbales&#8221; logr\u00f3 que P1 soltara la supuesta arma de fuego que llevaba la cual result\u00f3 ser de pl\u00e1stico; el hombre qued\u00f3 en calidad de detenido.<\/p>\n<p>De acuerdo con la CEDH, P1 relat\u00f3 que lo trasladaron a un terreno bald\u00edo en el que fue golpeado y despu\u00e9s lo llevaron al veh\u00edculo robado donde observ\u00f3 que tambi\u00e9n estaba detenido su amigo V2, persona con la que hab\u00eda cometido el il\u00edcito.<\/p>\n<p>Ambos fueron llevados a las instalaciones de la Delegaci\u00f3n de Playas de Tijuana y despu\u00e9s a la Agencia del Ministerio P\u00fablico Investigadora de Delitos de Homicidios Culposos de la Procuradur\u00eda General de Justicia del Estado (PGJE), sitio en el que de acuerdo al dicho de P1, se enter\u00f3 que hab\u00edan privado de la vida a una persona la cual desconoce ya que el veh\u00edculo solo lo hab\u00edan \u201crobado \u00e9l (P1) y su amigo (V2).<\/p>\n<p>Por su parte, V2 se\u00f1al\u00f3 que cuando P1 choc\u00f3 el veh\u00edculo robado contra el muro divisor de sentidos y otro autom\u00f3vil, ambos bajaron del mismo para continuar su huida a pie, sin embargo metros m\u00e1s adelante fue detenido por elementos policiales de la SSPM, quienes lo trasladaron al lugar en el que se encontraba el automotor robado donde observ\u00f3 que P1 estaba a bordo de una de las unidades. Agreg\u00f3 que despu\u00e9s se enter\u00f3 que se hab\u00eda privado de la vida a una persona, la cual dijo no conocer.<\/p>\n<p>Por lo anterior, la CEDHBC inici\u00f3 de oficio la queja CEDHBC\/TIJ\/602\/15\/1VG y su acumulado CEDHBC\/TIJ\/779\/15\/1VG, esta \u00faltima presentada por un familiar de V2. Asimismo, se solicitaron los informes respectivos a la SSPM, a la Secretar\u00eda de Salud (SS) y a la PGJE.<\/p>\n<p>En la misma fecha el agente del Ministerio P\u00fablico del Fuero Com\u00fan, titular de la Agencia del Ministerio P\u00fablico Investigadora de Delitos de Homicidios Dolosos de la PGJE, dio inicio a la averiguaci\u00f3n previa n\u00famero 1 por el delito de homicidio calificado cometido en contra de V1 y acord\u00f3 la legal detenci\u00f3n de los dos agentes y los responsables del robo del veh\u00edculo, por haber sido detenidos en flagrancia delictiva por los hechos ocurridos.<\/p>\n<p>La CEDHBC observa que la conducta realizada por AR2 fue contraria a sus obligaciones, toda vez que siendo su intervenci\u00f3n una actividad rectora de la prevenci\u00f3n, protecci\u00f3n y contacto directo con la ciudadan\u00eda, esta requiere de toda la atenci\u00f3n necesaria para cumplir adecuadamente sus actividades de impedir, prevenir y reaccionar ante cualquier eventualidad, situaci\u00f3n que no observ\u00f3 AR2 como elemento policial adscrito a la SSPM de Tijuana, ya que al momento de tener enfrente a V1 efectu\u00f3 tres detonaciones con su arma de cargo, mismas que no fueron para neutralizarlo o controlarlo tal como lo marca el numeral 1 del Manual del Uso de la Fuerza, de Aplicaci\u00f3n Com\u00fan a las Tres Fuerzas Armadas, pues con los disparos que realiz\u00f3 priv\u00f3 de la vida a V1.<\/p>\n<p>Con su actuar qued\u00f3 evidenciado que no aplic\u00f3 las t\u00e9cnicas y procedimientos de acuerdo a su funci\u00f3n ya que como elemento policial de la SSPM y de acuerdo a su normatividad, le corresponde conducirse siempre con dedicaci\u00f3n, disciplina y respeto a los derechos humanos, preservando la vida e integridad f\u00edsica de todas las personas, con el objeto de lograr una mejor y m\u00e1s eficaz prestaci\u00f3n del servicio.<\/p>\n<p>Tambi\u00e9n se hace hincapi\u00e9 en que los servidores p\u00fablicos deben respetar los requisitos establecidos en las normas vigentes y elaborar un parte informativo apegado a la realidad, describiendo los hechos cronol\u00f3gicamente, absteni\u00e9ndose de ocultar informaci\u00f3n, hacer conjeturas o proporcionar informaci\u00f3n err\u00f3nea.<\/p>\n<p>Ante tales hechos, este organismo p\u00fablico aut\u00f3nomo privilegia en todo momento la reparaci\u00f3n integral del da\u00f1o a la v\u00edctima. Por ello, la Comisi\u00f3n Estatal de los Derechos Humanos solicita al presidente municipal de Tijuana, Jorge Enrique Astiazar\u00e1n Orc\u00ed, atienda los nueve puntos de la Recomendaci\u00f3n:<\/p>\n<p>Primero: Gire instrucciones a quien corresponda a efecto de que se realice una reparaci\u00f3n integral del da\u00f1o ocasionado a V2 , as\u00ed como a los familiares de V1, incluyendo la atenci\u00f3n psicol\u00f3gica y tanatolog\u00eda que requiera hasta rehabilitar totalmente su estado emocional.<\/p>\n<p>Segundo: D\u00e9 vista a la Sindicatura Procuradora a fin de que investigue los hechos materia de la represente recomendaci\u00f3n y resuelva sobre la responsabilidad administrativa en la que incurrieron los elementos policiales de la Secretar\u00eda de Seguridad P\u00fablica de Tijuana.<\/p>\n<p>Tercero: Gire una circular a los elementos policiales de esa dependencia para que realicen los partes informativos apegados a la verdad.<\/p>\n<p>Cuarto: Instruya a quien corresponda para que a los elementos policiales de la SSPM que participan en las detenciones se les proporcionen c\u00e1maras de videograbaci\u00f3n y se les capacite sobre su uso, para que cuenten con mayores evidencias de su actuaci\u00f3n.<\/p>\n<p>Quinto: D\u00e9 a conocer a todo el personal de la SSPM la presente Recomendaci\u00f3n como medida preventiva de no repetici\u00f3n de los hechos.<\/p>\n<p>Sexto: Realice las gestiones necesarias a fin de que se dise\u00f1en e impartan a la totalidad de los servidores p\u00fablicos de la SSPM un Programa Integral de Educaci\u00f3n, Formaci\u00f3n y Capacitaci\u00f3n en materia de derechos humanos, elaboraci\u00f3n e importancia de la Turnaci\u00f3n y\/o Parte informativo, uso de la fuerza y armas de fuego.<\/p>\n<p>S\u00e9ptimo: Instruya a los elementos policiales de esa instituci\u00f3n se abstengan de realizar retenciones ilegales llevando a los detenidos a otras instalaciones que no sean las del Ministerio P\u00fablico m\u00e1s cercano al lugar donde sucedieron los hechos y ante el cual deben de ponerlos a disposici\u00f3n.<\/p>\n<p>Octavo: Colabore y d\u00e9 seguimiento al triplicado abierto de la averiguaci\u00f3n previa No.1 seguida ante la Agencia del Ministerio P\u00fablico Investigadora de Delitos de Homicidios Dolosos por lo que hace al delito de Homicidio en agravio de V1.<\/p>\n<p>Noveno: Gire sus instrucciones a quien corresponda para que, en el \u00e1mbito de su competencia, presente una iniciativa para reglamentar el uso de la fuerza tomando en cuenta los criterios nacionales e internacionales de protecci\u00f3n a los derechos humanos.<\/p>\n<p>De igual manera, se solicita a la autoridad se\u00f1alada env\u00ede a la CEDHBC las constancias que acrediten el cumplimiento de estas recomendaciones.<\/p>\n<p>La recomendaci\u00f3n ya fue debidamente notificada a la autoridad se\u00f1alada como responsable. En caso de no ser aceptada, la Comisi\u00f3n Estatal de acuerdo a sus atribuciones podr\u00e1 solicitar al Congreso del estado la comparecencia de la autoridad a efecto de que explique el motivo de su negativa.<\/p>\n<p>La Comisi\u00f3n Estatal de los Derechos Humanos reitera su compromiso absoluto en la protecci\u00f3n y defensa de los derechos humanos de todas y todos los bajacalifornianos.<\/p>\n<p><a href=\"http:\/\/jornadabc.mx\/tijuana\/06-08-2016\/recomienda-cedh-al-ayuntamiento-por-muerte-de-un-hombre\" target=\"_blank\">http:\/\/jornadabc.mx\/tijuana\/06-08-2016\/recomienda-cedh-al-ayuntamiento-por-muerte-de-un-hombre<\/a><\/p>\n","protected":false},"excerpt":{"rendered":"<p>Por Redacci\u00f3n Tijuana, 6 de agosto.- La Comisi\u00f3n Estatal de los Derechos Humanos de Baja California (CEDHBC) emiti\u00f3 la Recomendaci\u00f3n 8\/2016 dirigida al Ayuntamiento de Tijuana por la muerte de &hellip; <a href=\"https:\/\/www.grieta.org.mx\/index.php\/2016\/08\/06\/recomienda-cedh-al-ayuntamiento-por-muerte-de-un-hombre\/\" class=\"more-link\">Leer m\u00e1s<\/a><\/p>\n","protected":false},"author":2,"featured_media":21928,"comment_status":"closed","ping_status":"closed","sticky":false,"template":"","format":"standard","meta":{"ngg_post_thumbnail":0,"_jetpack_newsletter_access":"","_jetpack_dont_email_post_to_subs":false,"_jetpack_newsletter_tier_id":0,"_jetpack_memberships_contains_paywalled_content":false,"_jetpack_memberships_contains_paid_content":false,"footnotes":""},"categories":[80],"tags":[199,174,847],"class_list":["post-19170","post","type-post","status-publish","format-standard","has-post-thumbnail","hentry","category-cintillo","tag-abuso-policiaco","tag-derechos-humanos","tag-tijuana","entry"],"jetpack_featured_media_url":"https:\/\/www.grieta.org.mx\/wp-content\/uploads\/2018\/03\/14524434_1106112876131411_958039263622046936_o.jpg","jetpack_sharing_enabled":true,"jetpack_shortlink":"https:\/\/wp.me\/p7ZJR4-4Zc","jetpack_likes_enabled":false,"jetpack-related-posts":[{"id":50559,"url":"https:\/\/www.grieta.org.mx\/index.php\/2020\/06\/02\/antes-del-caso-george-floyd-un-hombre-murio-tras-ser-sometido-por-policias-en-tijuana-baja-california\/","url_meta":{"origin":19170,"position":0},"title":"Antes del caso George Floyd, un hombre muri\u00f3 tras ser sometido por polic\u00edas\u2026 en Tijuana (Baja California)","author":"grieta","date":"2 junio, 2020","format":false,"excerpt":"Proceso \/ Redacci\u00f3n. Dos meses antes de que un polic\u00eda provocara la muerte del afroamericano George Floyd en Minneapolis, un hombre muri\u00f3 tras ser sometido por agentes municipales en Tijuana. CIUDAD DE M\u00c9XICO (apro). \u2013 Dos meses antes de que un polic\u00eda provocara la muerte del afroamericano George Floyd en\u2026","rel":"","context":"En &quot;Baja California&quot;","block_context":{"text":"Baja California","link":"https:\/\/www.grieta.org.mx\/index.php\/category\/noticias-nacionales\/baja-california\/"},"img":{"alt_text":"","src":"https:\/\/i0.wp.com\/www.grieta.org.mx\/wp-content\/uploads\/2020\/06\/policias_tijuana_george_floyd-870x522.jpg?resize=350%2C200&ssl=1","width":350,"height":200,"srcset":"https:\/\/i0.wp.com\/www.grieta.org.mx\/wp-content\/uploads\/2020\/06\/policias_tijuana_george_floyd-870x522.jpg?resize=350%2C200&ssl=1 1x, https:\/\/i0.wp.com\/www.grieta.org.mx\/wp-content\/uploads\/2020\/06\/policias_tijuana_george_floyd-870x522.jpg?resize=525%2C300&ssl=1 1.5x, https:\/\/i0.wp.com\/www.grieta.org.mx\/wp-content\/uploads\/2020\/06\/policias_tijuana_george_floyd-870x522.jpg?resize=700%2C400&ssl=1 2x"},"classes":[]},{"id":22467,"url":"https:\/\/www.grieta.org.mx\/index.php\/2018\/04\/05\/siguen-las-horas-negras-en-el-periodismo-de-bc-3-reporteros-sufren-agresion-de-policias\/","url_meta":{"origin":19170,"position":1},"title":"Siguen las horas negras en el Periodismo de BC; 3 reporteros sufren agresi\u00f3n de polic\u00edas","author":"grieta","date":"5 abril, 2018","format":false,"excerpt":"Tres periodistas de Tijuana sufrieron lesiones, destrucci\u00f3n de su equipo de trabajo y violaci\u00f3n a sus derechos a seguridad jur\u00eddica, seguridad personal, libertad e integridad. Los responsables son elementos de la Polic\u00eda Municipal de Tijuana y la Comisi\u00f3n de los Derechos Humanos de Baja California abri\u00f3 una investigaci\u00f3n de los\u2026","rel":"","context":"En &quot;Baja California&quot;","block_context":{"text":"Baja California","link":"https:\/\/www.grieta.org.mx\/index.php\/category\/noticias-nacionales\/baja-california\/"},"img":{"alt_text":"","src":"https:\/\/i0.wp.com\/www.grieta.org.mx\/wp-content\/uploads\/2018\/04\/POLICIAS-AGREDEN-PERIODISTA-LA-JORNADA-BC.jpg?resize=350%2C200&ssl=1","width":350,"height":200,"srcset":"https:\/\/i0.wp.com\/www.grieta.org.mx\/wp-content\/uploads\/2018\/04\/POLICIAS-AGREDEN-PERIODISTA-LA-JORNADA-BC.jpg?resize=350%2C200&ssl=1 1x, https:\/\/i0.wp.com\/www.grieta.org.mx\/wp-content\/uploads\/2018\/04\/POLICIAS-AGREDEN-PERIODISTA-LA-JORNADA-BC.jpg?resize=525%2C300&ssl=1 1.5x, https:\/\/i0.wp.com\/www.grieta.org.mx\/wp-content\/uploads\/2018\/04\/POLICIAS-AGREDEN-PERIODISTA-LA-JORNADA-BC.jpg?resize=700%2C400&ssl=1 2x"},"classes":[]},{"id":50680,"url":"https:\/\/www.grieta.org.mx\/index.php\/2020\/06\/11\/benjamin-castro-presento-denuncia-de-tortura-y-dos-videos-de-prueba-baja-california\/","url_meta":{"origin":19170,"position":2},"title":"Benjam\u00edn Castro present\u00f3 denuncia de tortura y dos videos de prueba (Baja California)","author":"grieta","date":"11 junio, 2020","format":false,"excerpt":"Zeta Tijuana \/ Gerardo Andrade. Fotos y video: Cortes\u00eda Benjam\u00edn Castro Peredo, por el dolor, caminaba pausadamente, mientras se dirige a las oficinas de la Sindicatura Municipal de Tijuana el jueves 11 de junio, para denunciar a los polic\u00edas municipales quienes asegura, lo privaron de la libertad, golpearon y torturaron\u2026","rel":"","context":"En &quot;Baja California&quot;","block_context":{"text":"Baja California","link":"https:\/\/www.grieta.org.mx\/index.php\/category\/noticias-nacionales\/baja-california\/"},"img":{"alt_text":"","src":"https:\/\/i0.wp.com\/www.grieta.org.mx\/wp-content\/uploads\/2020\/06\/30B2A818-7B87-4DCC-AD54-EF3F45443BA2.jpeg?resize=350%2C200&ssl=1","width":350,"height":200,"srcset":"https:\/\/i0.wp.com\/www.grieta.org.mx\/wp-content\/uploads\/2020\/06\/30B2A818-7B87-4DCC-AD54-EF3F45443BA2.jpeg?resize=350%2C200&ssl=1 1x, https:\/\/i0.wp.com\/www.grieta.org.mx\/wp-content\/uploads\/2020\/06\/30B2A818-7B87-4DCC-AD54-EF3F45443BA2.jpeg?resize=525%2C300&ssl=1 1.5x, https:\/\/i0.wp.com\/www.grieta.org.mx\/wp-content\/uploads\/2020\/06\/30B2A818-7B87-4DCC-AD54-EF3F45443BA2.jpeg?resize=700%2C400&ssl=1 2x"},"classes":[]},{"id":20009,"url":"https:\/\/www.grieta.org.mx\/index.php\/2016\/08\/17\/cedh-emite-recomendacion-contra-ministeriales-torturadores-en-bc\/","url_meta":{"origin":19170,"position":3},"title":"CEDH emite recomendaci\u00f3n contra ministeriales torturadores en BC","author":"grieta","date":"17 agosto, 2016","format":false,"excerpt":"POR ANTONIO HERAS Tijuana, 17 de agosto.- Polic\u00edas ministeriales aplicaron toques el\u00e9ctricos en genitales de dos hombres a quienes golpearon y trataron de asfixiar con bolsas de pl\u00e1stico, para obligarlos a declararse culpables del delito de robo de veh\u00edculo, cuando se encontraban en la Procuradur\u00eda de Justicia de Baja California\u2026","rel":"","context":"En &quot;CINTILLO&quot;","block_context":{"text":"CINTILLO","link":"https:\/\/www.grieta.org.mx\/index.php\/category\/cintillo\/"},"img":{"alt_text":"","src":"https:\/\/i0.wp.com\/www.grieta.org.mx\/wp-content\/uploads\/2018\/03\/14524434_1106112876131411_958039263622046936_o.jpg?resize=350%2C200&ssl=1","width":350,"height":200,"srcset":"https:\/\/i0.wp.com\/www.grieta.org.mx\/wp-content\/uploads\/2018\/03\/14524434_1106112876131411_958039263622046936_o.jpg?resize=350%2C200&ssl=1 1x, https:\/\/i0.wp.com\/www.grieta.org.mx\/wp-content\/uploads\/2018\/03\/14524434_1106112876131411_958039263622046936_o.jpg?resize=525%2C300&ssl=1 1.5x, https:\/\/i0.wp.com\/www.grieta.org.mx\/wp-content\/uploads\/2018\/03\/14524434_1106112876131411_958039263622046936_o.jpg?resize=700%2C400&ssl=1 2x"},"classes":[]},{"id":30537,"url":"https:\/\/www.grieta.org.mx\/index.php\/2019\/03\/12\/policias-de-oaxaca-pisotean-derechos-humanos\/","url_meta":{"origin":19170,"position":4},"title":"Polic\u00edas de Oaxaca pisotean Derechos Humanos","author":"grieta","date":"12 marzo, 2019","format":false,"excerpt":"Noticias. Citlalli Luciana, Zeferino, el hombre asesinado en los separos de la polic\u00eda municipal de Santa Luc\u00eda del Camino. Aunque su funci\u00f3n es el resguardo y protecci\u00f3n de la seguridad p\u00fablica, los cuerpos polic\u00edacos de la entidad forman parte de las autoridades de gobierno de Oaxaca que m\u00e1s violentan a\u2026","rel":"","context":"En &quot;Brutalidad polic\u00edaca en Oaxaca&quot;","block_context":{"text":"Brutalidad polic\u00edaca en Oaxaca","link":"https:\/\/www.grieta.org.mx\/index.php\/category\/noticias-nacionales\/oaxaca\/brutalidad-policiaca-en-oaxaca\/"},"img":{"alt_text":"","src":"https:\/\/i0.wp.com\/www.grieta.org.mx\/wp-content\/uploads\/2019\/03\/image_17_399.jpg?resize=350%2C200&ssl=1","width":350,"height":200,"srcset":"https:\/\/i0.wp.com\/www.grieta.org.mx\/wp-content\/uploads\/2019\/03\/image_17_399.jpg?resize=350%2C200&ssl=1 1x, https:\/\/i0.wp.com\/www.grieta.org.mx\/wp-content\/uploads\/2019\/03\/image_17_399.jpg?resize=525%2C300&ssl=1 1.5x, https:\/\/i0.wp.com\/www.grieta.org.mx\/wp-content\/uploads\/2019\/03\/image_17_399.jpg?resize=700%2C400&ssl=1 2x, https:\/\/i0.wp.com\/www.grieta.org.mx\/wp-content\/uploads\/2019\/03\/image_17_399.jpg?resize=1050%2C600&ssl=1 3x"},"classes":[]},{"id":10483,"url":"https:\/\/www.grieta.org.mx\/index.php\/2016\/04\/15\/baja-california-presente-en-informe-de-derechos-humanos-de-eu\/","url_meta":{"origin":19170,"position":5},"title":"Baja California presente en informe de Derechos Humanos de EU","author":"grieta","date":"15 abril, 2016","format":false,"excerpt":"Tijuana, 15 de abril.- Dos casos de tortura y uno de secuestro en Baja California fueron utilizados como ejemplo en el Informe de Derechos Humanos 2015, que present\u00f3 Estados Unidos como parte de su evaluaci\u00f3n anual. De acuerdo con el documento de 34 p\u00e1ginas -secci\u00f3n M\u00e9xico-, el pa\u00eds vive una\u2026","rel":"","context":"En &quot;CINTILLO&quot;","block_context":{"text":"CINTILLO","link":"https:\/\/www.grieta.org.mx\/index.php\/category\/cintillo\/"},"img":{"alt_text":"","src":"https:\/\/i0.wp.com\/www.grieta.org.mx\/wp-content\/uploads\/2018\/03\/14524434_1106112876131411_958039263622046936_o.jpg?resize=350%2C200&ssl=1","width":350,"height":200,"srcset":"https:\/\/i0.wp.com\/www.grieta.org.mx\/wp-content\/uploads\/2018\/03\/14524434_1106112876131411_958039263622046936_o.jpg?resize=350%2C200&ssl=1 1x, https:\/\/i0.wp.com\/www.grieta.org.mx\/wp-content\/uploads\/2018\/03\/14524434_1106112876131411_958039263622046936_o.jpg?resize=525%2C300&ssl=1 1.5x, https:\/\/i0.wp.com\/www.grieta.org.mx\/wp-content\/uploads\/2018\/03\/14524434_1106112876131411_958039263622046936_o.jpg?resize=700%2C400&ssl=1 2x"},"classes":[]}],"_links":{"self":[{"href":"https:\/\/www.grieta.org.mx\/index.php\/wp-json\/wp\/v2\/posts\/19170","targetHints":{"allow":["GET"]}}],"collection":[{"href":"https:\/\/www.grieta.org.mx\/index.php\/wp-json\/wp\/v2\/posts"}],"about":[{"href":"https:\/\/www.grieta.org.mx\/index.php\/wp-json\/wp\/v2\/types\/post"}],"author":[{"embeddable":true,"href":"https:\/\/www.grieta.org.mx\/index.php\/wp-json\/wp\/v2\/users\/2"}],"replies":[{"embeddable":true,"href":"https:\/\/www.grieta.org.mx\/index.php\/wp-json\/wp\/v2\/comments?post=19170"}],"version-history":[{"count":1,"href":"https:\/\/www.grieta.org.mx\/index.php\/wp-json\/wp\/v2\/posts\/19170\/revisions"}],"predecessor-version":[{"id":19172,"href":"https:\/\/www.grieta.org.mx\/index.php\/wp-json\/wp\/v2\/posts\/19170\/revisions\/19172"}],"wp:featuredmedia":[{"embeddable":true,"href":"https:\/\/www.grieta.org.mx\/index.php\/wp-json\/wp\/v2\/media\/21928"}],"wp:attachment":[{"href":"https:\/\/www.grieta.org.mx\/index.php\/wp-json\/wp\/v2\/media?parent=19170"}],"wp:term":[{"taxonomy":"category","embeddable":true,"href":"https:\/\/www.grieta.org.mx\/index.php\/wp-json\/wp\/v2\/categories?post=19170"},{"taxonomy":"post_tag","embeddable":true,"href":"https:\/\/www.grieta.org.mx\/index.php\/wp-json\/wp\/v2\/tags?post=19170"}],"curies":[{"name":"wp","href":"https:\/\/api.w.org\/{rel}","templated":true}]}}