{"id":19149,"date":"2016-08-09T22:32:42","date_gmt":"2016-08-10T03:32:42","guid":{"rendered":"http:\/\/www.grieta.org.mx\/?p=19149"},"modified":"2016-08-09T22:34:46","modified_gmt":"2016-08-10T03:34:46","slug":"huyen-familias-de-guerrero-por-crimen-organizado","status":"publish","type":"post","link":"https:\/\/www.grieta.org.mx\/index.php\/2016\/08\/09\/huyen-familias-de-guerrero-por-crimen-organizado\/","title":{"rendered":"Huyen familias de Guerrero por crimen organizado"},"content":{"rendered":"<p>C\u00e1rteles de la droga y c\u00e9lulas que pelean plazas de Guerrero han provocado el desplazamiento forzado de pobladores; antes de ser ejecutados prefieren dejar su patrimonio que construyeron desde hace m\u00e1s de 20 a\u00f1os, algunos de ellos en zonas tur\u00edsticas.<\/p>\n<p>Seg\u00fan Sem\u00e1foro Delictivo, una organizaci\u00f3n que da seguimiento a los delitos de alto impacto, Guerrero se ubica en primer lugar con m\u00e1s muertes perpetradas por grupos criminales.<\/p>\n<p>En el primer semestre del a\u00f1o en curso, dicha entidad registr\u00f3 881 ejecuciones, le sigue Michoac\u00e1n con 484, Sinaloa 355, Veracruz 328 y el Estado de M\u00e9xico 318, de acuerdo con datos de esa organizaci\u00f3n.<\/p>\n<p>ABANDONAN ACAPULCO<\/p>\n<p>De preparar el mejor pescado a la talla, cuentan Esteban y Marcela, de un d\u00eda para otro tuvieron que olvidarse de la playa y el mar en Barra Vieja, en Acapulco; fueron obligados por el crimen organizado a abandonar su hogar y su restaurante.<\/p>\n<p>Durante 28 a\u00f1os nunca hab\u00edan visto un Acapulco tan violento; hoy por seguridad y para evitar el secuestro de alguno de sus hijos dejan todo su patrimonio que construyeron desde hace m\u00e1s de 20 a\u00f1os\u2026 pero juran regresar a recuperarlo.<\/p>\n<p>Al ocultarse el sol, Barra Vieja es intransitable. Mencionan que bajo la sombra de la noche camionetas con hombres armados rondan en los negocios para cobrar el derecho de piso que va de los 50 mil a los 100 mil pesos.<\/p>\n<p>En alg\u00fan punto de la capital del Pa\u00eds, la familia exiliada narra a El Universal que son por lo menos unas 30 familias desplazadas por el crimen organizado, algunos van a municipios vecinos con sus familiares, otros intentan rehacer su vida en la Ciudad de M\u00e9xico.<\/p>\n<p>\u201cEstaban pidiendo entre 50 y 100 mil de un s\u00f3lo chingadazo, tienes que negociar. \u00c9sa es la cuota, con la promesa de que ya no se van a meter con nosotros, pero llega otro grupo y pide otra cantidad. Todos tienen miedo\u201d, dicen.<br \/>\nBajo el anonimato explican que los hombres armados en su mayor\u00eda son j\u00f3venes de no m\u00e1s de 20 a\u00f1os los que atemorizan a los peque\u00f1os empresarios; \u201cson m\u00e1s violentos los chavos que los adultos\u201d.<\/p>\n<p>La familia coste\u00f1a form\u00f3 su hogar con un terreno que compraron en la playa; y aunque es muy peque\u00f1o acondicionaron la mayor parte como restaurante, cerca de la laguna. Explica que el pago de piso lo pueden negociar con los hombres armados, pueden darlo en partes, seg\u00fan c\u00f3mo les fue en la venta.<\/p>\n<p>http:\/\/www.vanguardia.com.mx\/articulo\/huyen-familias-de-guerrero-por-crimen-organizado<\/p>\n<p>&nbsp;<\/p>\n","protected":false},"excerpt":{"rendered":"<p>C\u00e1rteles de la droga y c\u00e9lulas que pelean plazas de Guerrero han provocado el desplazamiento forzado de pobladores; antes de ser ejecutados prefieren dejar su patrimonio que construyeron desde hace &hellip; <a href=\"https:\/\/www.grieta.org.mx\/index.php\/2016\/08\/09\/huyen-familias-de-guerrero-por-crimen-organizado\/\" class=\"more-link\">Leer m\u00e1s<\/a><\/p>\n","protected":false},"author":2,"featured_media":21928,"comment_status":"closed","ping_status":"closed","sticky":false,"template":"","format":"standard","meta":{"ngg_post_thumbnail":0,"_jetpack_newsletter_access":"","_jetpack_dont_email_post_to_subs":false,"_jetpack_newsletter_tier_id":0,"_jetpack_memberships_contains_paywalled_content":false,"_jetpack_memberships_contains_paid_content":false,"footnotes":""},"categories":[80,320,2],"tags":[232],"class_list":["post-19149","post","type-post","status-publish","format-standard","has-post-thumbnail","hentry","category-cintillo","category-guerrero","category-noticias-nacionales","tag-desplazados","entry"],"jetpack_featured_media_url":"https:\/\/www.grieta.org.mx\/wp-content\/uploads\/2018\/03\/14524434_1106112876131411_958039263622046936_o.jpg","jetpack_sharing_enabled":true,"jetpack_shortlink":"https:\/\/wp.me\/p7ZJR4-4YR","jetpack_likes_enabled":false,"jetpack-related-posts":[{"id":16285,"url":"https:\/\/www.grieta.org.mx\/index.php\/2016\/07\/01\/guerrero-primer-lugar-nacional-en-asesinatos-de-mujeres\/","url_meta":{"origin":19149,"position":0},"title":"Guerrero, primer lugar nacional en asesinatos de mujeres","author":"grieta","date":"1 julio, 2016","format":false,"excerpt":"Regeneraci\u00f3n De acuerdo con informaci\u00f3n de los integrantes de Alianza Feminista, de 2003 a 2015 se han registrado 2 mil 774 casos de asesinatos de mujeres en ocho municipios del estado de Guerrero, cifra que ser\u00eda suficiente para que el Ejecutivo federal emita la Alerta de Violencia de G\u00e9nero (AVG)\u2026","rel":"","context":"En &quot;CINTILLO&quot;","block_context":{"text":"CINTILLO","link":"https:\/\/www.grieta.org.mx\/index.php\/category\/cintillo\/"},"img":{"alt_text":"","src":"https:\/\/i0.wp.com\/www.grieta.org.mx\/wp-content\/uploads\/2018\/03\/14524434_1106112876131411_958039263622046936_o.jpg?resize=350%2C200&ssl=1","width":350,"height":200,"srcset":"https:\/\/i0.wp.com\/www.grieta.org.mx\/wp-content\/uploads\/2018\/03\/14524434_1106112876131411_958039263622046936_o.jpg?resize=350%2C200&ssl=1 1x, https:\/\/i0.wp.com\/www.grieta.org.mx\/wp-content\/uploads\/2018\/03\/14524434_1106112876131411_958039263622046936_o.jpg?resize=525%2C300&ssl=1 1.5x, https:\/\/i0.wp.com\/www.grieta.org.mx\/wp-content\/uploads\/2018\/03\/14524434_1106112876131411_958039263622046936_o.jpg?resize=700%2C400&ssl=1 2x"},"classes":[]},{"id":41399,"url":"https:\/\/www.grieta.org.mx\/index.php\/2019\/11\/08\/defensores-de-la-tierra-y-el-agua-paralizan-obra-guerrero\/","url_meta":{"origin":19149,"position":1},"title":"Defensores de la tierra y el agua paralizan obra (Guerrero)","author":"Admin","date":"8 noviembre, 2019","format":false,"excerpt":"Ismael Euroza \/ Todo Texcoco Acapulco, Gro.-La fuerza del gobierno Federal y Estatal, se deja sentir en una de las comunidades del municipio de Acapulco, donde la Comisi\u00f3n Federal de Electricidad dio inicio a la construcci\u00f3n de una presa hidroel\u00e9ctrica La Parota, donde los defensores de la tierra y el\u2026","rel":"","context":"En &quot;CINTILLO&quot;","block_context":{"text":"CINTILLO","link":"https:\/\/www.grieta.org.mx\/index.php\/category\/cintillo\/"},"img":{"alt_text":"","src":"https:\/\/i0.wp.com\/www.grieta.org.mx\/wp-content\/uploads\/2019\/11\/Captura-de-pantalla-2019-11-21-12.25.21.png?resize=350%2C200&ssl=1","width":350,"height":200,"srcset":"https:\/\/i0.wp.com\/www.grieta.org.mx\/wp-content\/uploads\/2019\/11\/Captura-de-pantalla-2019-11-21-12.25.21.png?resize=350%2C200&ssl=1 1x, https:\/\/i0.wp.com\/www.grieta.org.mx\/wp-content\/uploads\/2019\/11\/Captura-de-pantalla-2019-11-21-12.25.21.png?resize=525%2C300&ssl=1 1.5x, https:\/\/i0.wp.com\/www.grieta.org.mx\/wp-content\/uploads\/2019\/11\/Captura-de-pantalla-2019-11-21-12.25.21.png?resize=700%2C400&ssl=1 2x"},"classes":[]},{"id":9352,"url":"https:\/\/www.grieta.org.mx\/index.php\/2016\/07\/08\/feminicidios-en-guerrero-2\/","url_meta":{"origin":19149,"position":2},"title":"Feminicidios en Guerrero","author":"grieta","date":"8 julio, 2016","format":false,"excerpt":"02\/07\/16. Guerrero, donde m\u00e1s asesinan a mujeres de entre 15 y 30 a\u00f1os; exigen activar Alerta de G\u00e9nero 24 Horas 01\/07\/16. En Guerrero la mayor tasa de feminicidios del pa\u00eds: ONU Bajo Palabra 01\/07\/16. Guerrero, primer lugar nacional en asesinatos de mujeres Regeneraci\u00f3n 09\/06\/16. Vinculan asesinatos de mujeres al narco\u2026","rel":"","context":"En &quot;Feminicidios&quot;","block_context":{"text":"Feminicidios","link":"https:\/\/www.grieta.org.mx\/index.php\/category\/temas-nacionales\/feminicidios\/"},"img":{"alt_text":"","src":"https:\/\/i0.wp.com\/www.grieta.org.mx\/wp-content\/uploads\/2018\/03\/14524434_1106112876131411_958039263622046936_o.jpg?resize=350%2C200&ssl=1","width":350,"height":200,"srcset":"https:\/\/i0.wp.com\/www.grieta.org.mx\/wp-content\/uploads\/2018\/03\/14524434_1106112876131411_958039263622046936_o.jpg?resize=350%2C200&ssl=1 1x, https:\/\/i0.wp.com\/www.grieta.org.mx\/wp-content\/uploads\/2018\/03\/14524434_1106112876131411_958039263622046936_o.jpg?resize=525%2C300&ssl=1 1.5x, https:\/\/i0.wp.com\/www.grieta.org.mx\/wp-content\/uploads\/2018\/03\/14524434_1106112876131411_958039263622046936_o.jpg?resize=700%2C400&ssl=1 2x"},"classes":[]},{"id":16304,"url":"https:\/\/www.grieta.org.mx\/index.php\/2016\/07\/01\/sugre-guerrero-la-mayor-tasa-de-feminicidios-del-pais-onu\/","url_meta":{"origin":19149,"position":3},"title":"En Guerrero la mayor tasa de feminicidios del pa\u00eds: ONU","author":"grieta","date":"1 julio, 2016","format":false,"excerpt":"La entidad registra la mayor tasa de feminicidios, o Defunciones Femeninas con Presunci\u00f3n de Homicidio (DFPH), a nivel nacional, de acuerdo al informe La Violencia Feminicida en M\u00e9xico, realizado por ONU Mujeres. Seg\u00fan el informe, presentado tambi\u00e9n por la Secretar\u00eda de Gobernaci\u00f3n (Segob) y el Instituto Nacional de las Mujeres\u2026","rel":"","context":"En &quot;CINTILLO&quot;","block_context":{"text":"CINTILLO","link":"https:\/\/www.grieta.org.mx\/index.php\/category\/cintillo\/"},"img":{"alt_text":"","src":"https:\/\/i0.wp.com\/www.grieta.org.mx\/wp-content\/uploads\/2018\/03\/14524434_1106112876131411_958039263622046936_o.jpg?resize=350%2C200&ssl=1","width":350,"height":200,"srcset":"https:\/\/i0.wp.com\/www.grieta.org.mx\/wp-content\/uploads\/2018\/03\/14524434_1106112876131411_958039263622046936_o.jpg?resize=350%2C200&ssl=1 1x, https:\/\/i0.wp.com\/www.grieta.org.mx\/wp-content\/uploads\/2018\/03\/14524434_1106112876131411_958039263622046936_o.jpg?resize=525%2C300&ssl=1 1.5x, https:\/\/i0.wp.com\/www.grieta.org.mx\/wp-content\/uploads\/2018\/03\/14524434_1106112876131411_958039263622046936_o.jpg?resize=700%2C400&ssl=1 2x"},"classes":[]},{"id":46990,"url":"https:\/\/www.grieta.org.mx\/index.php\/2020\/03\/08\/un-grupo-armado-asesino-al-menos-a-cinco-policias-comunitarios-en-guerrero\/","url_meta":{"origin":19149,"position":4},"title":"Un grupo armado asesin\u00f3 al menos a cinco polic\u00edas comunitarios en Guerrero","author":"Admin","date":"8 marzo, 2020","format":false,"excerpt":"Un comando irrumpi\u00f3 este domingo en una comunidad en el estado de Guerrero, en el sur de M\u00e9xico y uno de los m\u00e1s pobres del pa\u00eds, y asesin\u00f3 a al menos cinco integrantes de una polic\u00eda comunitaria, informaron los portavoces de la organizaci\u00f3n. Los hombres armados acudieron la madrugada de\u2026","rel":"","context":"En &quot;CINTILLO&quot;","block_context":{"text":"CINTILLO","link":"https:\/\/www.grieta.org.mx\/index.php\/category\/cintillo\/"},"img":{"alt_text":"","src":"https:\/\/i0.wp.com\/www.grieta.org.mx\/wp-content\/uploads\/2020\/03\/Captura-de-pantalla-2020-03-29-a-las-12.49.30-a.m..png?resize=350%2C200&ssl=1","width":350,"height":200,"srcset":"https:\/\/i0.wp.com\/www.grieta.org.mx\/wp-content\/uploads\/2020\/03\/Captura-de-pantalla-2020-03-29-a-las-12.49.30-a.m..png?resize=350%2C200&ssl=1 1x, https:\/\/i0.wp.com\/www.grieta.org.mx\/wp-content\/uploads\/2020\/03\/Captura-de-pantalla-2020-03-29-a-las-12.49.30-a.m..png?resize=525%2C300&ssl=1 1.5x"},"classes":[]},{"id":35595,"url":"https:\/\/www.grieta.org.mx\/index.php\/2019\/06\/21\/articulo-19-alerta-intimidacion-contra-el-director-de-el-sur-por-notas-sobre-la-violencia-en-guerrero\/","url_meta":{"origin":19149,"position":5},"title":"Art\u00edculo 19 alerta intimidaci\u00f3n contra el director de El Sur por notas sobre la violencia en Guerrero","author":"Admin","date":"21 junio, 2019","format":false,"excerpt":"Redacci\u00f3n \/ ZONA FRANCA Acapulco, Guerrero, (ElSur). La organizaci\u00f3n defensora de la libertad de expresi\u00f3n Art\u00edculo 19 alert\u00f3 que el director de El Sur, Juan Angulo, y el del Centro de Derechos Humanos de la Monta\u00f1a Tlachinollan, Abel Barrera, fueron v\u00edctimas de una campa\u00f1a de desprestigio, y exigi\u00f3 que cese\u2026","rel":"","context":"En &quot;CINTILLO&quot;","block_context":{"text":"CINTILLO","link":"https:\/\/www.grieta.org.mx\/index.php\/category\/cintillo\/"},"img":{"alt_text":"","src":"https:\/\/i0.wp.com\/www.grieta.org.mx\/wp-content\/uploads\/2019\/06\/articulo-19-alerta-intimidacion.jpg?resize=350%2C200&ssl=1","width":350,"height":200,"srcset":"https:\/\/i0.wp.com\/www.grieta.org.mx\/wp-content\/uploads\/2019\/06\/articulo-19-alerta-intimidacion.jpg?resize=350%2C200&ssl=1 1x, https:\/\/i0.wp.com\/www.grieta.org.mx\/wp-content\/uploads\/2019\/06\/articulo-19-alerta-intimidacion.jpg?resize=525%2C300&ssl=1 1.5x, https:\/\/i0.wp.com\/www.grieta.org.mx\/wp-content\/uploads\/2019\/06\/articulo-19-alerta-intimidacion.jpg?resize=700%2C400&ssl=1 2x"},"classes":[]}],"_links":{"self":[{"href":"https:\/\/www.grieta.org.mx\/index.php\/wp-json\/wp\/v2\/posts\/19149","targetHints":{"allow":["GET"]}}],"collection":[{"href":"https:\/\/www.grieta.org.mx\/index.php\/wp-json\/wp\/v2\/posts"}],"about":[{"href":"https:\/\/www.grieta.org.mx\/index.php\/wp-json\/wp\/v2\/types\/post"}],"author":[{"embeddable":true,"href":"https:\/\/www.grieta.org.mx\/index.php\/wp-json\/wp\/v2\/users\/2"}],"replies":[{"embeddable":true,"href":"https:\/\/www.grieta.org.mx\/index.php\/wp-json\/wp\/v2\/comments?post=19149"}],"version-history":[{"count":1,"href":"https:\/\/www.grieta.org.mx\/index.php\/wp-json\/wp\/v2\/posts\/19149\/revisions"}],"predecessor-version":[{"id":19152,"href":"https:\/\/www.grieta.org.mx\/index.php\/wp-json\/wp\/v2\/posts\/19149\/revisions\/19152"}],"wp:featuredmedia":[{"embeddable":true,"href":"https:\/\/www.grieta.org.mx\/index.php\/wp-json\/wp\/v2\/media\/21928"}],"wp:attachment":[{"href":"https:\/\/www.grieta.org.mx\/index.php\/wp-json\/wp\/v2\/media?parent=19149"}],"wp:term":[{"taxonomy":"category","embeddable":true,"href":"https:\/\/www.grieta.org.mx\/index.php\/wp-json\/wp\/v2\/categories?post=19149"},{"taxonomy":"post_tag","embeddable":true,"href":"https:\/\/www.grieta.org.mx\/index.php\/wp-json\/wp\/v2\/tags?post=19149"}],"curies":[{"name":"wp","href":"https:\/\/api.w.org\/{rel}","templated":true}]}}