{"id":19142,"date":"2016-08-06T20:02:49","date_gmt":"2016-08-07T01:02:49","guid":{"rendered":"http:\/\/www.grieta.org.mx\/?p=19142"},"modified":"2016-08-09T21:28:35","modified_gmt":"2016-08-10T02:28:35","slug":"familias-de-cocula-guerrero-piden-indemnizacion-a-minera-canadiense","status":"publish","type":"post","link":"https:\/\/www.grieta.org.mx\/index.php\/2016\/08\/06\/familias-de-cocula-guerrero-piden-indemnizacion-a-minera-canadiense\/","title":{"rendered":"Familias de Cocula, Guerrero, piden indemnizaci\u00f3n a minera canadiense"},"content":{"rendered":"<p>Sergio Ocampo Arista<\/p>\n<p><i>Chilpancingo,Gro<\/i>. Habitantes de Nuevo Balsas, municipio de Cocula, en la zona norte de Guerrero, demandaron que la minera canadiense Media Luna, pague anualmente 500 mil pesos por concepto de indemnizaci\u00f3n a las familias de esa comunidad, por los da\u00f1os causados por la empresa al ecosistema de la regi\u00f3n desde el a\u00f1o 2008.<\/p>\n<p>En conferencia de prensa, la Direcci\u00f3n Colectiva, que integra un sector de la Coordinadora Estatal de Trabajadores de la Educaci\u00f3n en Guerrero (Ceteg), los mineros de Taxco, y miembros de la Asamblea Popular de los Pueblos de Guerrero (APPG) entre otras organizaciones sociales, denunciaron que m\u00e1s de 400 familias pesqueras de Nuevo Balsas, han sido afectadas hasta en un 50 por ciento.<\/p>\n<p>Al respecto, un habitante de ese poblado, que pidi\u00f3 el anonimato, asegur\u00f3 que el gobernador H\u00e9ctor Astudillo, no ha cumplido el acuerdo que firm\u00f3 con ellos el pasado 20 de abril, \u201c \u00e9l se comprometi\u00f3 a ser mediador entre la poblaci\u00f3n y la minera, y en dos meses, o sea el 20 de junio, se otorgar\u00eda el pago de indemnizaci\u00f3n a Nuevo Balsas, y otras peticiones a pobladores de la Fundici\u00f3n y Real de Lim\u00f3n\u201d.<\/p>\n<p>Expuso que el pago que exigen a la minera canadiense Media Luna, es porque la empresa ha afectado severamente el ecosistema \u201cadem\u00e1s no respet\u00f3 el acuerdo de dar empleo a la gente de Nuevo Balsas, ya que de 600 trabajadores que tiene la minera s\u00f3lo 50 son pobladores de esa comunidad\u201d.<\/p>\n<p>Mencion\u00f3 que tienen la informaci\u00f3n de que la minera canadiense, extrae 400 kilos de oro al d\u00eda \u201c eso demuestra que le alcanza para pagar una indemnizaci\u00f3n de 500 mil pesos por familia de Nuevo Balsas, donde habitan cerca de 5 mil habitantes\u201d.<\/p>\n<p>En tanto, Roberto Hern\u00e1ndez Mojica, dirigente de la Secci\u00f3n 17 del Sindicato Nacional de Trabajadores Mineros en Taxco, advirti\u00f3 que si el gobierno del estado no resuelve el problema, entonces bloquear\u00e1n totalmente el acceso a la minera Media Luna y no dejar\u00e1n que vuelva a operar en esa regi\u00f3n.<\/p>\n<p><a href=\"http:\/\/www.jornada.unam.mx\/ultimas\/2016\/08\/06\/familias-de-cocula-guerrero-piden-pago-de-indemnizacion-a-minera-canadiense\">http:\/\/www.jornada.unam.mx\/ultimas\/2016\/08\/06\/familias-de-cocula-guerrero-piden-pago-de-indemnizacion-a-minera-canadiense<\/a><\/p>\n<p>&nbsp;<\/p>\n<\/div>\n","protected":false},"excerpt":{"rendered":"<p>Sergio Ocampo Arista Chilpancingo,Gro. Habitantes de Nuevo Balsas, municipio de Cocula, en la zona norte de Guerrero, demandaron que la minera canadiense Media Luna, pague anualmente 500 mil pesos por &hellip; <a href=\"https:\/\/www.grieta.org.mx\/index.php\/2016\/08\/06\/familias-de-cocula-guerrero-piden-indemnizacion-a-minera-canadiense\/\" class=\"more-link\">Leer m\u00e1s<\/a><\/p>\n","protected":false},"author":2,"featured_media":21928,"comment_status":"closed","ping_status":"closed","sticky":false,"template":"","format":"standard","meta":{"ngg_post_thumbnail":0,"_jetpack_newsletter_access":"","_jetpack_dont_email_post_to_subs":false,"_jetpack_newsletter_tier_id":0,"_jetpack_memberships_contains_paywalled_content":false,"_jetpack_memberships_contains_paid_content":false,"footnotes":""},"categories":[80,320,2],"tags":[576,394],"class_list":["post-19142","post","type-post","status-publish","format-standard","has-post-thumbnail","hentry","category-cintillo","category-guerrero","category-noticias-nacionales","tag-cocula","tag-contaminacion-por-mineria","entry"],"jetpack_featured_media_url":"https:\/\/www.grieta.org.mx\/wp-content\/uploads\/2018\/03\/14524434_1106112876131411_958039263622046936_o.jpg","jetpack_sharing_enabled":true,"jetpack_shortlink":"https:\/\/wp.me\/p7ZJR4-4YK","jetpack_likes_enabled":false,"jetpack-related-posts":[{"id":9410,"url":"https:\/\/www.grieta.org.mx\/index.php\/2016\/08\/06\/conflctos-mineros-en-guerrero\/","url_meta":{"origin":19142,"position":0},"title":"Conflictos mineros en Guerrero","author":"grieta","date":"6 agosto, 2016","format":false,"excerpt":"Protestas contra la minera Media Luna en Cocula, Guerrero 06\/08\/16. Familias de Cocula, Guerrero, piden indemnizaci\u00f3n a minera canadiense La Jornada 01\/04\/16. Bloquean habitantes de Nuevo Balsas accesos a mina de Cocula La Jornada 29\/03\/16. La contaminaci\u00f3n de minera en r\u00edo de Cocula causa hasta abortos: pobladores Sin Embargo \/\u2026","rel":"","context":"En &quot;CINTILLO&quot;","block_context":{"text":"CINTILLO","link":"https:\/\/www.grieta.org.mx\/index.php\/category\/cintillo\/"},"img":{"alt_text":"","src":"https:\/\/i0.wp.com\/www.grieta.org.mx\/wp-content\/uploads\/2018\/03\/14524434_1106112876131411_958039263622046936_o.jpg?resize=350%2C200&ssl=1","width":350,"height":200,"srcset":"https:\/\/i0.wp.com\/www.grieta.org.mx\/wp-content\/uploads\/2018\/03\/14524434_1106112876131411_958039263622046936_o.jpg?resize=350%2C200&ssl=1 1x, https:\/\/i0.wp.com\/www.grieta.org.mx\/wp-content\/uploads\/2018\/03\/14524434_1106112876131411_958039263622046936_o.jpg?resize=525%2C300&ssl=1 1.5x, https:\/\/i0.wp.com\/www.grieta.org.mx\/wp-content\/uploads\/2018\/03\/14524434_1106112876131411_958039263622046936_o.jpg?resize=700%2C400&ssl=1 2x"},"classes":[]},{"id":9416,"url":"https:\/\/www.grieta.org.mx\/index.php\/2015\/09\/05\/cierran-200-pescadores-la-minera-de-nuevo-balsas-en-cocula-guerrero-le-demandan-8-mil-pesos-semanales\/","url_meta":{"origin":19142,"position":1},"title":"Cierran 200 pescadores la minera de Nuevo Balsas en Cocula, Guerrero; le demandan 8 mil pesos semanales","author":"grieta","date":"5 septiembre, 2015","format":false,"excerpt":"El Sur Alejandro Guerrero Iguala Pescadores de Atzcala, La Fundici\u00f3n y Nuevo Balsas, municipio de Cocula, cerraron la ma\u00f1ana de ayer \u201cpor tiempo indefinido\u201d la minera Media Luna y la obligaron a parar labores en exigencia de ocho mil pesos semanales para cada uno de los 200 pescadores en protesta,\u2026","rel":"","context":"En &quot;CINTILLO&quot;","block_context":{"text":"CINTILLO","link":"https:\/\/www.grieta.org.mx\/index.php\/category\/cintillo\/"},"img":{"alt_text":"","src":"https:\/\/i0.wp.com\/www.grieta.org.mx\/wp-content\/uploads\/2018\/03\/14524434_1106112876131411_958039263622046936_o.jpg?resize=350%2C200&ssl=1","width":350,"height":200,"srcset":"https:\/\/i0.wp.com\/www.grieta.org.mx\/wp-content\/uploads\/2018\/03\/14524434_1106112876131411_958039263622046936_o.jpg?resize=350%2C200&ssl=1 1x, https:\/\/i0.wp.com\/www.grieta.org.mx\/wp-content\/uploads\/2018\/03\/14524434_1106112876131411_958039263622046936_o.jpg?resize=525%2C300&ssl=1 1.5x, https:\/\/i0.wp.com\/www.grieta.org.mx\/wp-content\/uploads\/2018\/03\/14524434_1106112876131411_958039263622046936_o.jpg?resize=700%2C400&ssl=1 2x"},"classes":[]},{"id":9413,"url":"https:\/\/www.grieta.org.mx\/index.php\/2015\/09\/06\/pescadores-cierran-minera-canadiense-en-guerrero-y-retienen-a-trabajadores\/","url_meta":{"origin":19142,"position":2},"title":"Pescadores cierran minera canadiense en Guerrero y retienen a trabajadores","author":"grieta","date":"6 septiembre, 2015","format":false,"excerpt":"Proceso Ezequiel Flores Contreras CHILPANCINGO, Gro. Los gerentes y trabajadores de la minera Media Luna permanecen retenidos desde ayer por habitantes de la comunidad de Nuevo Balsas, municipio de Cocula, que protestan por la contaminaci\u00f3n generada por la empresa canadiense en el r\u00edo Balsas. Al menos 250 pobladores que se\u2026","rel":"","context":"En &quot;CINTILLO&quot;","block_context":{"text":"CINTILLO","link":"https:\/\/www.grieta.org.mx\/index.php\/category\/cintillo\/"},"img":{"alt_text":"","src":"https:\/\/i0.wp.com\/www.grieta.org.mx\/wp-content\/uploads\/2018\/03\/14524434_1106112876131411_958039263622046936_o.jpg?resize=350%2C200&ssl=1","width":350,"height":200,"srcset":"https:\/\/i0.wp.com\/www.grieta.org.mx\/wp-content\/uploads\/2018\/03\/14524434_1106112876131411_958039263622046936_o.jpg?resize=350%2C200&ssl=1 1x, https:\/\/i0.wp.com\/www.grieta.org.mx\/wp-content\/uploads\/2018\/03\/14524434_1106112876131411_958039263622046936_o.jpg?resize=525%2C300&ssl=1 1.5x, https:\/\/i0.wp.com\/www.grieta.org.mx\/wp-content\/uploads\/2018\/03\/14524434_1106112876131411_958039263622046936_o.jpg?resize=700%2C400&ssl=1 2x"},"classes":[]},{"id":50068,"url":"https:\/\/www.grieta.org.mx\/index.php\/2020\/05\/16\/ejecutan-a-opositor-a-la-minera-media-luna-en-cocula-guerrero\/","url_meta":{"origin":19142,"position":3},"title":"Ejecutan a opositor a la minera Media Luna en Cocula, Guerrero","author":"Admin","date":"16 mayo, 2020","format":false,"excerpt":"Ezequiel Flores Contreras \/ Proceso CHILPANCINGO, Gro. (proceso.com.mx).\u2013 Un grupo armado ejecut\u00f3 al l\u00edder minero opositor a la empresa Media Luna, \u00d3scar Ontiveros Mart\u00ednez, en el poblado de Real de Lim\u00f3n, municipio de Cocula, en la zona norte de la entidad. Familiares de la v\u00edctima, de 29 a\u00f1os, responsabilizaron del\u2026","rel":"","context":"En &quot;CINTILLO&quot;","block_context":{"text":"CINTILLO","link":"https:\/\/www.grieta.org.mx\/index.php\/category\/cintillo\/"},"img":{"alt_text":"","src":"https:\/\/i0.wp.com\/www.grieta.org.mx\/wp-content\/uploads\/2020\/05\/Oscar-Ontiveros.jpg?resize=350%2C200&ssl=1","width":350,"height":200,"srcset":"https:\/\/i0.wp.com\/www.grieta.org.mx\/wp-content\/uploads\/2020\/05\/Oscar-Ontiveros.jpg?resize=350%2C200&ssl=1 1x, https:\/\/i0.wp.com\/www.grieta.org.mx\/wp-content\/uploads\/2020\/05\/Oscar-Ontiveros.jpg?resize=525%2C300&ssl=1 1.5x, https:\/\/i0.wp.com\/www.grieta.org.mx\/wp-content\/uploads\/2020\/05\/Oscar-Ontiveros.jpg?resize=700%2C400&ssl=1 2x"},"classes":[]},{"id":39920,"url":"https:\/\/www.grieta.org.mx\/index.php\/2019\/09\/29\/miembros-de-la-la-zona-minera-de-cocula-comienzan-busqueda-del-activista-y-lider-obrero-guerrrero\/","url_meta":{"origin":19142,"position":4},"title":"Miembros de la la zona minera de Cocula comienzan b\u00fasqueda del activista y l\u00edder obrero (Guerrrero)","author":"Admin","date":"29 septiembre, 2019","format":false,"excerpt":"Raymundo Ru\u00edz Avil\u00e9s \/ La Jornada Guerrero Cocula, 29 de septiembre. Miembros del movimiento de resistencia de la zona minera de Cocula que fueron despedidos por la empresa Media Luna desde hace 2 a\u00f1os, comenzaron con una intensa b\u00fasqueda del activista y l\u00edder obrero, Oscar Hern\u00e1ndez Romero quien desapareci\u00f3 en\u2026","rel":"","context":"En &quot;CINTILLO&quot;","block_context":{"text":"CINTILLO","link":"https:\/\/www.grieta.org.mx\/index.php\/category\/cintillo\/"},"img":{"alt_text":"","src":"https:\/\/i0.wp.com\/www.grieta.org.mx\/wp-content\/uploads\/2019\/10\/https-_lajornadaguerrero.com_.mx_media_k2_items_cache_52f3254e7dae40cd22ec9d6e161834f0_XL.jpg?resize=350%2C200&ssl=1","width":350,"height":200,"srcset":"https:\/\/i0.wp.com\/www.grieta.org.mx\/wp-content\/uploads\/2019\/10\/https-_lajornadaguerrero.com_.mx_media_k2_items_cache_52f3254e7dae40cd22ec9d6e161834f0_XL.jpg?resize=350%2C200&ssl=1 1x, https:\/\/i0.wp.com\/www.grieta.org.mx\/wp-content\/uploads\/2019\/10\/https-_lajornadaguerrero.com_.mx_media_k2_items_cache_52f3254e7dae40cd22ec9d6e161834f0_XL.jpg?resize=525%2C300&ssl=1 1.5x, https:\/\/i0.wp.com\/www.grieta.org.mx\/wp-content\/uploads\/2019\/10\/https-_lajornadaguerrero.com_.mx_media_k2_items_cache_52f3254e7dae40cd22ec9d6e161834f0_XL.jpg?resize=700%2C400&ssl=1 2x"},"classes":[]},{"id":9420,"url":"https:\/\/www.grieta.org.mx\/index.php\/2016\/04\/01\/bloquean-habitantes-de-nuevo-balsas-accesos-a-mina-de-cocula\/","url_meta":{"origin":19142,"position":5},"title":"Bloquean habitantes de Nuevo Balsas accesos a mina de Cocula","author":"grieta","date":"1 abril, 2016","format":false,"excerpt":"Margena De La O La Jornada Chilpancingo, 31 de marzo. Habitantes de la comunidad de Nuevo Balsas, municipio de Cocula, bloquearon tres accesos de la mina en Cocula que explota la minera canadiense Media Luna, en reclamo de un pago anual de 500 mil pesos por familia, por el da\u00f1o\u2026","rel":"","context":"En &quot;CINTILLO&quot;","block_context":{"text":"CINTILLO","link":"https:\/\/www.grieta.org.mx\/index.php\/category\/cintillo\/"},"img":{"alt_text":"","src":"https:\/\/i0.wp.com\/www.grieta.org.mx\/wp-content\/uploads\/2018\/03\/14524434_1106112876131411_958039263622046936_o.jpg?resize=350%2C200&ssl=1","width":350,"height":200,"srcset":"https:\/\/i0.wp.com\/www.grieta.org.mx\/wp-content\/uploads\/2018\/03\/14524434_1106112876131411_958039263622046936_o.jpg?resize=350%2C200&ssl=1 1x, https:\/\/i0.wp.com\/www.grieta.org.mx\/wp-content\/uploads\/2018\/03\/14524434_1106112876131411_958039263622046936_o.jpg?resize=525%2C300&ssl=1 1.5x, https:\/\/i0.wp.com\/www.grieta.org.mx\/wp-content\/uploads\/2018\/03\/14524434_1106112876131411_958039263622046936_o.jpg?resize=700%2C400&ssl=1 2x"},"classes":[]}],"_links":{"self":[{"href":"https:\/\/www.grieta.org.mx\/index.php\/wp-json\/wp\/v2\/posts\/19142","targetHints":{"allow":["GET"]}}],"collection":[{"href":"https:\/\/www.grieta.org.mx\/index.php\/wp-json\/wp\/v2\/posts"}],"about":[{"href":"https:\/\/www.grieta.org.mx\/index.php\/wp-json\/wp\/v2\/types\/post"}],"author":[{"embeddable":true,"href":"https:\/\/www.grieta.org.mx\/index.php\/wp-json\/wp\/v2\/users\/2"}],"replies":[{"embeddable":true,"href":"https:\/\/www.grieta.org.mx\/index.php\/wp-json\/wp\/v2\/comments?post=19142"}],"version-history":[{"count":1,"href":"https:\/\/www.grieta.org.mx\/index.php\/wp-json\/wp\/v2\/posts\/19142\/revisions"}],"predecessor-version":[{"id":19143,"href":"https:\/\/www.grieta.org.mx\/index.php\/wp-json\/wp\/v2\/posts\/19142\/revisions\/19143"}],"wp:featuredmedia":[{"embeddable":true,"href":"https:\/\/www.grieta.org.mx\/index.php\/wp-json\/wp\/v2\/media\/21928"}],"wp:attachment":[{"href":"https:\/\/www.grieta.org.mx\/index.php\/wp-json\/wp\/v2\/media?parent=19142"}],"wp:term":[{"taxonomy":"category","embeddable":true,"href":"https:\/\/www.grieta.org.mx\/index.php\/wp-json\/wp\/v2\/categories?post=19142"},{"taxonomy":"post_tag","embeddable":true,"href":"https:\/\/www.grieta.org.mx\/index.php\/wp-json\/wp\/v2\/tags?post=19142"}],"curies":[{"name":"wp","href":"https:\/\/api.w.org\/{rel}","templated":true}]}}