{"id":19051,"date":"2016-08-02T23:59:38","date_gmt":"2016-08-03T04:59:38","guid":{"rendered":"http:\/\/www.grieta.org.mx\/?p=19051"},"modified":"2016-08-09T00:01:48","modified_gmt":"2016-08-09T05:01:48","slug":"puebla-tiene-4-veces-menos-areas-verdes-de-lo-recomendado-por-la-oms","status":"publish","type":"post","link":"https:\/\/www.grieta.org.mx\/index.php\/2016\/08\/02\/puebla-tiene-4-veces-menos-areas-verdes-de-lo-recomendado-por-la-oms\/","title":{"rendered":"Puebla tiene 4 veces menos \u00e1reas verdes de lo recomendado por la OMS"},"content":{"rendered":"<p><img loading=\"lazy\" decoding=\"async\" data-attachment-id=\"19052\" data-permalink=\"https:\/\/www.grieta.org.mx\/index.php\/2016\/08\/02\/puebla-tiene-4-veces-menos-areas-verdes-de-lo-recomendado-por-la-oms\/w704-38\/\" data-orig-file=\"https:\/\/www.grieta.org.mx\/wp-content\/uploads\/2016\/08\/w704-4.jpg\" data-orig-size=\"704,469\" data-comments-opened=\"0\" data-image-meta=\"{&quot;aperture&quot;:&quot;2.5&quot;,&quot;credit&quot;:&quot;&quot;,&quot;camera&quot;:&quot;NIKON D7100&quot;,&quot;caption&quot;:&quot;&quot;,&quot;created_timestamp&quot;:&quot;1469826741&quot;,&quot;copyright&quot;:&quot;&quot;,&quot;focal_length&quot;:&quot;50&quot;,&quot;iso&quot;:&quot;100&quot;,&quot;shutter_speed&quot;:&quot;0.004&quot;,&quot;title&quot;:&quot;&quot;,&quot;orientation&quot;:&quot;0&quot;}\" data-image-title=\"w704\" data-image-description=\"\" data-image-caption=\"\" data-medium-file=\"https:\/\/www.grieta.org.mx\/wp-content\/uploads\/2016\/08\/w704-4-300x200.jpg\" data-large-file=\"https:\/\/www.grieta.org.mx\/wp-content\/uploads\/2016\/08\/w704-4.jpg\" src=\"http:\/\/www.grieta.org.mx\/wp-content\/uploads\/2016\/08\/w704-4.jpg\" alt=\"w704\" width=\"704\" height=\"469\" class=\"aligncenter size-full wp-image-19052\" srcset=\"https:\/\/www.grieta.org.mx\/wp-content\/uploads\/2016\/08\/w704-4.jpg 704w, https:\/\/www.grieta.org.mx\/wp-content\/uploads\/2016\/08\/w704-4-300x200.jpg 300w\" sizes=\"auto, (max-width: 704px) 100vw, 704px\" \/><\/p>\n<p>Por Samatha P\u00e1ez<\/p>\n<p>Entre 150 y 250 \u00e1rboles van a ser retirados del bulevar Hermanos Serd\u00e1n para construir una ciclopista elevada, pero \u00bfqu\u00e9 tanto afecta esto? Aunque usted no lo crea afecta mucho, pues la ciudad de Puebla de por s\u00ed tiene cuatro veces menos metros cuadrados de \u00e1reas verdes por habitante de lo que recomienda la OMS.<\/p>\n<p>De acuerdo con el Reporte de Resultados del Sistema de Indicadores de Desempe\u00f1o (SINDES), de la Asociaci\u00f3n Internacional de Administraci\u00f3n de Ciudades y Condados (ICMA, por sus siglas en Ingl\u00e9s), para el segundo semestre de 2015 en Puebla hab\u00eda 1.88 metros cuadrados de \u00e1reas verdes por habitante, cuando la Organizaci\u00f3n Mundial de la Salud (OMS) recomienda que en las ciudades haya un m\u00ednimo de 9 metros cuadrados.<\/p>\n<p>La cantidad de \u00e1reas verdes adem\u00e1s va a la baja, pues en el apartado de Infraestructura del Programa SIDES se indica que las \u00e1reas verdes por habitante de la zona urbana disminuyeron al pasar de 2.92 metros cuadrados en 2013 a 1.88 en 2015, es decir, que cada habitante perdi\u00f3 35.6 por ciento de las \u00e1reas verdes que le correspond\u00edan.<\/p>\n<p>El d\u00e9ficit de \u00e1reas verdes persiste a pesar de que el municipio tambi\u00e9n ha reforestado m\u00e1s de los \u00e1rboles que retiraron. En respuesta a la solicitud de informaci\u00f3n folio 00016316, la Secretar\u00eda de Desarrollo Urbano y Sustentabilidad (SDUS) dijo que durante 2014 se retiraron 609 \u00e1rboles y en 2015 fueron mil 454, 138 por ciento m\u00e1s que el a\u00f1o anterior.<\/p>\n<p>En ese mismo periodo el ayuntamiento tambi\u00e9n sembr\u00f3, seg\u00fan la respuesta que dio la SDUS a la solicitud folio 00016416, 50 mil 162 \u00e1rboles en 2014 y 70 mil en 2015.<\/p>\n<p>La tasa de \u00e1rboles plantados por cada retirado es de 82.4 \u00e1rboles plantados por cada \u00e1rbol que se quit\u00f3 en 2014 y 48.1 en 2015, lo que significa que en un a\u00f1o disminuy\u00f3 41.6 por ciento.<\/p>\n<p>Quiz\u00e1 usted piense que a pesar del decrecimiento est\u00e1 bien que se siembren 48.1 arbolitos por cada uno de los que fue retirado, sin embargo siembre hay un porcentaje que no sobrevive.<\/p>\n<p>De acuerdo con datos de la delegaci\u00f3n de la Comisi\u00f3n Nacional Forestal (Conafor) en Puebla el \u00edndice de supervivencia de los \u00e1rboles plantados en 2014 fue de 57 por ciento y en 2015 del 60 por ciento. Si se toma en cuenta este promedio, de los 50 mil 162 \u00e1rboles que se plantaron en la ciudad durante 2014 s\u00f3lo sobrevivieron 28 mil 592 y en 2015 fueron 42 mil.<\/p>\n<p>Asimismo un \u00e1rbol adulto produce suficiente ox\u00edgeno en cuatro meses como para que diez personas respiren en un a\u00f1o, esto de acuerdo con la organizaci\u00f3n estadounidense Arbor Day Foundation, aunque eso var\u00eda dependiendo de la especie. En tanto que la Secretar\u00eda Nacional de Medio Ambiente en Canad\u00e1 asegura que dos \u00e1rboles adultos producen suficiente ox\u00edgeno para una familia de cuatro personas.<\/p>\n<p>Sin embargo, igual dependiendo de la especie, un \u00e1rbol tarda en crecer hasta convertirse en adulto de 15 a 25 a\u00f1os, por lo tanto para que un \u00e1rbol produzca el ox\u00edgeno que refieren los especialistas pasar\u00e1n por lo menos dos d\u00e9cadas.<\/p>\n<p>Plantar no es reforestar<br \/>\nSeg\u00fan el manual b\u00e1sico de reforestaci\u00f3n, de la Secretar\u00eda de Medio Ambiente y Recursos Naturales (Semarnat) \u201cla reforestaci\u00f3n es un conjunto de actividades que comprende la planeaci\u00f3n, la operaci\u00f3n, el control y la supervisi\u00f3n de todos los procesos involucrados en la plantaci\u00f3n de \u00e1rboles\u201d.<\/p>\n<p>La Semarnat tambi\u00e9n recomienda elegir las especies adecuadas, que el sitio donde se van a plantar los \u00e1rboles no est\u00e9 a m\u00e1s de 100 kil\u00f3metros del vivero, tomar en cuenta el espacio que necesitar\u00e1 el \u00e1rbol en su edad adulta, se debe tener un plan de manejo para plagas y enfermedades, la reposici\u00f3n de plantas muertas y realizar las labores de reforestaci\u00f3n en las horas del d\u00eda que la temperatura sea m\u00e1s baja.<\/p>\n<p>En el caso espec\u00edfico de la ciclopista del bulevar Hermanos Serd\u00e1n, Armando Pliego Ishikawa, de la Liga Peatonal, asegur\u00f3 en una entrevista que en un inicio se retirar\u00edan 700 \u00e1rboles para la construcci\u00f3n del proyecto que inicialmente inclu\u00eda estructuras elevadas en los camellones laterales y ahora s\u00f3lo ser\u00e1 por el central, despu\u00e9s se modific\u00f3 a 250 y finalmente el martes 26 de julio se dio a conocer que ser\u00edan 150 los \u00e1rboles que quitar\u00edan, aunque eso no ha sido confirmado por alguna autoridad. De modo que se tendr\u00e1n que plantar de 2 mil 500 a mil 50 \u00e1rboles, pues la norma municipal marca que por cada \u00e1rbol retirado se tienen que plantar siete, y aunque el gobierno del estado dijo a Notimex que plantar\u00e1 diez, dicha medida no es suficiente para alcanzar el nivel planteado por la OMS.<\/p>\n<p>Manifestaci\u00f3n contra la ciclov\u00eda elevada y retiro de \u00e1rboles en Bulevar Hermanos Serd\u00e1n. Foto: Marlene Mart\u00ednez<br \/>\n\u201cNecesitamos pensar no s\u00f3lo en la mitigaci\u00f3n, sino reconocer que en Puebla tenemos un d\u00e9ficit de \u00e1reas verdes y que tenemos que reforestar ya, independientemente de que se hagan obras que talen \u00e1rboles (\u2026). Nosotros estamos en la exigencia de no quitar un solo \u00e1rbol porque no se necesita quitar un solo \u00e1rbol\u201d, dijo Armando Pliego.<\/p>\n<p>La sociedad organizada no s\u00f3lo se ha opuesto al retiro de \u00e1rboles en el bulevar Serd\u00e1n -van dos s\u00e1bados consecutivos de manifestaciones caminando y rodando por la vialidad-, sino tambi\u00e9n lo hizo cuando se anunci\u00f3 la misma medida para la construcci\u00f3n del carril confinado de la Red Urbana de Transporte Articulado (RUTA) sobre la calle 11 norte-sur.<\/p>\n<p>Hasta ahora ninguna de las propuestas ciudadanas que se han planteado para proyectos de movilidad han sido escuchadas por el gobernador Rafael Moreno Valle.<\/p>\n<p>No se mide calidad del aire<br \/>\nOtra de las preocupaciones del vocero de la Liga peatonal es no s\u00f3lo la disminuci\u00f3n de las \u00e1reas verdes, sino que el gobierno del estado no cumple con el monitoreo de la calidad del aire en las principales ciudades de Puebla.<\/p>\n<p>En el estudio \u201cEl estado de la calidad del aire en M\u00e9xico: 18 ciudades\u201d entre los a\u00f1os 2000 a 2009, el Instituto Nacional de Ecolog\u00eda y Cambio Clim\u00e1tico (INECC) se\u00f1al\u00f3 que las cifras que proporcion\u00f3 el estado sobre la zona metropolitana no fueron constantes y para el estudio 2013 no se tomaron en cuenta los datos, debido a que \u201cNo hubo respuesta por parte de los SMCA (Sistemas de Monitoreo de la Calidad del Aire) a las dudas sobre la informaci\u00f3n\u201d.<\/p>\n<p>De acuerdo al INECC para 2005 la ciudad de Puebla rebasaba siete veces el valor de norma horaria para ozono (0.11ppm), es decir, que cinco horas al d\u00eda tienen mala calidad del aire.<\/p>\n<p>En el documento Gesti\u00f3n de la Calidad del Aire 2012\u20132020 (Pro Aire) realizado por la Secretar\u00eda del Medio Ambiente y Recursos Naturales (Semarnat) se establece que la calidad del aire es \u201cregular\u201d con tendencia a empeorar y que entre 23 y 24 d\u00edas al a\u00f1o la emisi\u00f3n de ozono y otras part\u00edculas supera la Norma Oficial Mexicana (NOM).<\/p>\n<p><a href=\"http:\/\/ladobe.com.mx\/2016\/08\/puebla-tiene-4-veces-menos-areas-verdes-de-lo-recomendado-por-la-oms\/\">http:\/\/ladobe.com.mx\/2016\/08\/puebla-tiene-4-veces-menos-areas-verdes-de-lo-recomendado-por-la-oms\/<\/a><\/p>\n","protected":false},"excerpt":{"rendered":"<p>Por Samatha P\u00e1ez Entre 150 y 250 \u00e1rboles van a ser retirados del bulevar Hermanos Serd\u00e1n para construir una ciclopista elevada, pero \u00bfqu\u00e9 tanto afecta esto? Aunque usted no lo &hellip; <a href=\"https:\/\/www.grieta.org.mx\/index.php\/2016\/08\/02\/puebla-tiene-4-veces-menos-areas-verdes-de-lo-recomendado-por-la-oms\/\" class=\"more-link\">Leer m\u00e1s<\/a><\/p>\n","protected":false},"author":2,"featured_media":21928,"comment_status":"closed","ping_status":"closed","sticky":false,"template":"","format":"standard","meta":{"ngg_post_thumbnail":0,"_jetpack_newsletter_access":"","_jetpack_dont_email_post_to_subs":false,"_jetpack_newsletter_tier_id":0,"_jetpack_memberships_contains_paywalled_content":false,"_jetpack_memberships_contains_paid_content":false,"footnotes":""},"categories":[80],"tags":[],"class_list":["post-19051","post","type-post","status-publish","format-standard","has-post-thumbnail","hentry","category-cintillo","entry"],"jetpack_featured_media_url":"https:\/\/www.grieta.org.mx\/wp-content\/uploads\/2018\/03\/14524434_1106112876131411_958039263622046936_o.jpg","jetpack_sharing_enabled":true,"jetpack_shortlink":"https:\/\/wp.me\/p7ZJR4-4Xh","jetpack_likes_enabled":false,"jetpack-related-posts":[{"id":17672,"url":"https:\/\/www.grieta.org.mx\/index.php\/2016\/08\/26\/ciudadanos-contra-la-ciclopista-en-puebla\/","url_meta":{"origin":19051,"position":0},"title":"Ciudadanos contra la ciclopista en Puebla","author":"grieta","date":"26 agosto, 2016","format":false,"excerpt":"26\/08\/16. Exigen revertir privatizaci\u00f3n del agua y modificar ciclov\u00eda en Puebla El Sol de Puebla 08\/08\/16. Presenta amparo ante ciclopista \"Frente Puebla con \u00c1rboles\" Intolerancia Diario 02\/08\/16. Puebla tiene 4 veces menos \u00e1reas verdes de lo recomendado por la OMS Lado B 31\/07\/16. Vuelven a manifestarse contra la ciclov\u00eda en\u2026","rel":"","context":"En &quot;NOTICIAS NACIONALES&quot;","block_context":{"text":"NOTICIAS NACIONALES","link":"https:\/\/www.grieta.org.mx\/index.php\/category\/noticias-nacionales\/"},"img":{"alt_text":"","src":"https:\/\/i0.wp.com\/www.grieta.org.mx\/wp-content\/uploads\/2018\/03\/14524434_1106112876131411_958039263622046936_o.jpg?resize=350%2C200&ssl=1","width":350,"height":200,"srcset":"https:\/\/i0.wp.com\/www.grieta.org.mx\/wp-content\/uploads\/2018\/03\/14524434_1106112876131411_958039263622046936_o.jpg?resize=350%2C200&ssl=1 1x, https:\/\/i0.wp.com\/www.grieta.org.mx\/wp-content\/uploads\/2018\/03\/14524434_1106112876131411_958039263622046936_o.jpg?resize=525%2C300&ssl=1 1.5x, https:\/\/i0.wp.com\/www.grieta.org.mx\/wp-content\/uploads\/2018\/03\/14524434_1106112876131411_958039263622046936_o.jpg?resize=700%2C400&ssl=1 2x"},"classes":[]},{"id":25551,"url":"https:\/\/www.grieta.org.mx\/index.php\/2018\/08\/16\/preocupa-a-colectivos-giro-comercial-en-parque-rufino-nuevo-leon\/","url_meta":{"origin":19051,"position":1},"title":"Preocupa a colectivos giro comercial en parque Rufino (Nuevo Le\u00f3n)","author":"grieta","date":"16 agosto, 2018","format":false,"excerpt":"Victoria F\u00e9lix \/ Milenio Integrantes de Pro Monta\u00f1a, Salvando San Pedro, Propuesta Ciudadana, y Sierra en Peligro criticaron que haya m\u00e1s invasi\u00f3n a \u00e1reas verdes, asegurando que eso no estaba en el proyecto. Voceros de diversos colectivos de San Pedro Garza Garc\u00eda se pronunciaron en contra de la construcci\u00f3n de\u2026","rel":"","context":"En &quot;CINTILLO&quot;","block_context":{"text":"CINTILLO","link":"https:\/\/www.grieta.org.mx\/index.php\/category\/cintillo\/"},"img":{"alt_text":"","src":"https:\/\/i0.wp.com\/www.grieta.org.mx\/wp-content\/uploads\/2018\/08\/Preocupa-a-colectivos-giro-comercial-en-parque-Rufino.jpg?resize=350%2C200&ssl=1","width":350,"height":200,"srcset":"https:\/\/i0.wp.com\/www.grieta.org.mx\/wp-content\/uploads\/2018\/08\/Preocupa-a-colectivos-giro-comercial-en-parque-Rufino.jpg?resize=350%2C200&ssl=1 1x, https:\/\/i0.wp.com\/www.grieta.org.mx\/wp-content\/uploads\/2018\/08\/Preocupa-a-colectivos-giro-comercial-en-parque-Rufino.jpg?resize=525%2C300&ssl=1 1.5x, https:\/\/i0.wp.com\/www.grieta.org.mx\/wp-content\/uploads\/2018\/08\/Preocupa-a-colectivos-giro-comercial-en-parque-Rufino.jpg?resize=700%2C400&ssl=1 2x"},"classes":[]},{"id":19041,"url":"https:\/\/www.grieta.org.mx\/index.php\/2016\/08\/08\/presenta-amparo-frente-puebla-con-arboles\/","url_meta":{"origin":19051,"position":2},"title":"Presenta amparo ante ciclopista &#8220;Frente Puebla con \u00c1rboles&#8221;","author":"grieta","date":"8 agosto, 2016","format":false,"excerpt":"Se constituy\u00f3 el Frente Puebla con \u00c1rboles, sobre todo para iniciar protestas contra el derribo de \u00e1rboles por la construcci\u00f3n de la ciclov\u00eda en el boulevard Hermanos Serd\u00e1n, uno de los principales accesos en Puebla. En rueda de prensa, se inform\u00f3 que esta nueva agrupaci\u00f3n conformada por organizaciones civiles sociales\u2026","rel":"","context":"En &quot;CINTILLO&quot;","block_context":{"text":"CINTILLO","link":"https:\/\/www.grieta.org.mx\/index.php\/category\/cintillo\/"},"img":{"alt_text":"","src":"https:\/\/i0.wp.com\/www.grieta.org.mx\/wp-content\/uploads\/2018\/03\/14524434_1106112876131411_958039263622046936_o.jpg?resize=350%2C200&ssl=1","width":350,"height":200,"srcset":"https:\/\/i0.wp.com\/www.grieta.org.mx\/wp-content\/uploads\/2018\/03\/14524434_1106112876131411_958039263622046936_o.jpg?resize=350%2C200&ssl=1 1x, https:\/\/i0.wp.com\/www.grieta.org.mx\/wp-content\/uploads\/2018\/03\/14524434_1106112876131411_958039263622046936_o.jpg?resize=525%2C300&ssl=1 1.5x, https:\/\/i0.wp.com\/www.grieta.org.mx\/wp-content\/uploads\/2018\/03\/14524434_1106112876131411_958039263622046936_o.jpg?resize=700%2C400&ssl=1 2x"},"classes":[]},{"id":28669,"url":"https:\/\/www.grieta.org.mx\/index.php\/2019\/01\/24\/puebla-cuarto-lugar-en-fracking-con-mil-288-pozos-y-no-233-sigue-practica\/","url_meta":{"origin":19051,"position":3},"title":"Puebla, cuarto lugar en fracking con mil 288 pozos, y no 233; sigue pr\u00e1ctica","author":"grieta","date":"24 enero, 2019","format":false,"excerpt":"Puebla, 4\u00b0 lugar en \u201cfracking\u201d con mil 288 pozos y no 233. Foto: EsImagen Luis Alberto Palacios \/ \u00c1ngulo 7 La organizaci\u00f3n Cartocr\u00edtica revel\u00f3 que Puebla es el cuarto estado con m\u00e1s pozos de fracking, con mil 288, es decir, 5 veces m\u00e1s de los 233 que reportaban asociaciones civiles,\u2026","rel":"","context":"En &quot;CINTILLO&quot;","block_context":{"text":"CINTILLO","link":"https:\/\/www.grieta.org.mx\/index.php\/category\/cintillo\/"},"img":{"alt_text":"","src":"https:\/\/i0.wp.com\/www.grieta.org.mx\/wp-content\/uploads\/2019\/01\/direct-19.jpg?resize=350%2C200&ssl=1","width":350,"height":200,"srcset":"https:\/\/i0.wp.com\/www.grieta.org.mx\/wp-content\/uploads\/2019\/01\/direct-19.jpg?resize=350%2C200&ssl=1 1x, https:\/\/i0.wp.com\/www.grieta.org.mx\/wp-content\/uploads\/2019\/01\/direct-19.jpg?resize=525%2C300&ssl=1 1.5x"},"classes":[]},{"id":10044,"url":"https:\/\/www.grieta.org.mx\/index.php\/2016\/01\/22\/walmart-dejaria-sin-agua-a-colonias-enteras-de-xochimilco\/","url_meta":{"origin":19051,"position":4},"title":"WALMART DEJAR\u00cdA SIN AGUA A COLONIAS ENTERAS DE XOCHIMILCO","author":"grieta","date":"22 enero, 2016","format":false,"excerpt":"Coordinaci\u00f3n de Pueblos, Barrios Originarios y Colonias de Xochimilco Informaci\u00f3n actualizada sobre el WalMart que se construye en el campo ex pumitas. Derribo de \u00e1rboles y afectaciones a \u00e1reas verdes. De acuerdo al Dictamen de Da\u00f1o Ambiental y la Autorizaci\u00f3n de Impacto Ambiental, expedidos para la obra, fueron derribados m\u00e1s\u2026","rel":"","context":"En &quot;CINTILLO&quot;","block_context":{"text":"CINTILLO","link":"https:\/\/www.grieta.org.mx\/index.php\/category\/cintillo\/"},"img":{"alt_text":"","src":"https:\/\/i0.wp.com\/www.grieta.org.mx\/wp-content\/uploads\/2018\/03\/14524434_1106112876131411_958039263622046936_o.jpg?resize=350%2C200&ssl=1","width":350,"height":200,"srcset":"https:\/\/i0.wp.com\/www.grieta.org.mx\/wp-content\/uploads\/2018\/03\/14524434_1106112876131411_958039263622046936_o.jpg?resize=350%2C200&ssl=1 1x, https:\/\/i0.wp.com\/www.grieta.org.mx\/wp-content\/uploads\/2018\/03\/14524434_1106112876131411_958039263622046936_o.jpg?resize=525%2C300&ssl=1 1.5x, https:\/\/i0.wp.com\/www.grieta.org.mx\/wp-content\/uploads\/2018\/03\/14524434_1106112876131411_958039263622046936_o.jpg?resize=700%2C400&ssl=1 2x"},"classes":[]},{"id":40751,"url":"https:\/\/www.grieta.org.mx\/index.php\/2019\/10\/30\/talaran-mas-de-700-arboles-en-ocoyucan-para-desarrollo-inmobiliario-puebla\/","url_meta":{"origin":19051,"position":5},"title":"Talar\u00e1n m\u00e1s de 700 \u00e1rboles en Ocoyucan para desarrollo inmobiliario (Puebla)","author":"Admin","date":"30 octubre, 2019","format":false,"excerpt":"Para la construcci\u00f3n del desarrollo inmobiliario \u201cLomas City\u201d en el municipio de Santa Clara Ocoyucan se talar\u00e1n mil 736 \u00e1rboles y se cambiar\u00e1 el uso de suelo de 332 hect\u00e1reas, en caso de que la Secretar\u00eda de Medio Ambiente y Recursos Naturales (Semarnat) autorice el proyecto al particular Rafael Posada\u2026","rel":"","context":"En &quot;CINTILLO&quot;","block_context":{"text":"CINTILLO","link":"https:\/\/www.grieta.org.mx\/index.php\/category\/cintillo\/"},"img":{"alt_text":"","src":"https:\/\/i0.wp.com\/www.grieta.org.mx\/wp-content\/uploads\/2019\/11\/green-1072828_960_720.jpg?resize=350%2C200&ssl=1","width":350,"height":200,"srcset":"https:\/\/i0.wp.com\/www.grieta.org.mx\/wp-content\/uploads\/2019\/11\/green-1072828_960_720.jpg?resize=350%2C200&ssl=1 1x, https:\/\/i0.wp.com\/www.grieta.org.mx\/wp-content\/uploads\/2019\/11\/green-1072828_960_720.jpg?resize=525%2C300&ssl=1 1.5x, https:\/\/i0.wp.com\/www.grieta.org.mx\/wp-content\/uploads\/2019\/11\/green-1072828_960_720.jpg?resize=700%2C400&ssl=1 2x"},"classes":[]}],"_links":{"self":[{"href":"https:\/\/www.grieta.org.mx\/index.php\/wp-json\/wp\/v2\/posts\/19051","targetHints":{"allow":["GET"]}}],"collection":[{"href":"https:\/\/www.grieta.org.mx\/index.php\/wp-json\/wp\/v2\/posts"}],"about":[{"href":"https:\/\/www.grieta.org.mx\/index.php\/wp-json\/wp\/v2\/types\/post"}],"author":[{"embeddable":true,"href":"https:\/\/www.grieta.org.mx\/index.php\/wp-json\/wp\/v2\/users\/2"}],"replies":[{"embeddable":true,"href":"https:\/\/www.grieta.org.mx\/index.php\/wp-json\/wp\/v2\/comments?post=19051"}],"version-history":[{"count":1,"href":"https:\/\/www.grieta.org.mx\/index.php\/wp-json\/wp\/v2\/posts\/19051\/revisions"}],"predecessor-version":[{"id":19053,"href":"https:\/\/www.grieta.org.mx\/index.php\/wp-json\/wp\/v2\/posts\/19051\/revisions\/19053"}],"wp:featuredmedia":[{"embeddable":true,"href":"https:\/\/www.grieta.org.mx\/index.php\/wp-json\/wp\/v2\/media\/21928"}],"wp:attachment":[{"href":"https:\/\/www.grieta.org.mx\/index.php\/wp-json\/wp\/v2\/media?parent=19051"}],"wp:term":[{"taxonomy":"category","embeddable":true,"href":"https:\/\/www.grieta.org.mx\/index.php\/wp-json\/wp\/v2\/categories?post=19051"},{"taxonomy":"post_tag","embeddable":true,"href":"https:\/\/www.grieta.org.mx\/index.php\/wp-json\/wp\/v2\/tags?post=19051"}],"curies":[{"name":"wp","href":"https:\/\/api.w.org\/{rel}","templated":true}]}}