{"id":1905,"date":"2015-10-30T17:28:42","date_gmt":"2015-10-30T17:28:42","guid":{"rendered":"http:\/\/50.22.11.12\/~grietaor\/?p=1905"},"modified":"2016-03-10T17:30:23","modified_gmt":"2016-03-10T17:30:23","slug":"y-ong-denuncian-ante-onu-y-cidh-la-detencion-arbitraria-de-los-profesores","status":"publish","type":"post","link":"https:\/\/www.grieta.org.mx\/index.php\/2015\/10\/30\/y-ong-denuncian-ante-onu-y-cidh-la-detencion-arbitraria-de-los-profesores\/","title":{"rendered":"\u2026 Y ONG denuncian ante ONU y CIDH la \u201cdetenci\u00f3n arbitraria\u201d de los profesores"},"content":{"rendered":"<p>Pedro Mat\u00edas, Oaxaca<\/p>\n<p>OAXACA, Oax. (apro).- El Centro de Derechos Humanos y Asesor\u00eda a Pueblos Ind\u00edgenas present\u00f3 una denuncia ante la Organizaci\u00f3n de las Naciones Unidas (ONU) y la Comisi\u00f3n Interamericana de Derechos Humanos (CIDH) por la \u201cdetenci\u00f3n arbitraria\u201d de cuatro maestros de la secci\u00f3n 22 del Sindicato Nacional de Trabajadores de la Educaci\u00f3n (SNTE-CNTE).<\/p>\n<p>El presidente de esa asociaci\u00f3n civil, Maurilio Santiago Reyes, coment\u00f3 que el pasado 20 de octubre se present\u00f3 una solicitud de Medidas Cautelares ante la CIDH a favor de representantes de la Secci\u00f3n 22, entre ellos los profesores Efra\u00edn Picazo P\u00e9rez y Oth\u00f3n Nazariega Segura.<\/p>\n<p>Y luego que los maestros fueron detenidos y recluidos en el Penal de m\u00e1xima seguridad del Altiplano, el Centro exigi\u00f3 que se respete su integridad f\u00edsica y sus derechos a un debido proceso legal.<\/p>\n<p>Santiago Reyes manifest\u00f3 que el pasado 28 de octubre fueron detenidos de manera arbitraria los integrantes del Comit\u00e9 Ejecutivo Seccional Oth\u00f3n Nazariega Segura, Efra\u00edn Picaso P\u00e9rez y Roberto Abel Jim\u00e9nez Garc\u00eda, as\u00ed como Juan Carlos Orozco Matus, quienes \u2013dijo\u2014fueron tratados peor que narcotraficantes.<\/p>\n<p>Por ello, al d\u00eda siguiente los activistas presentaron la denuncia ante el Grupo de Trabajo sobre la Detenci\u00f3n Arbitraria de la ONU y la CIDH en la que relatan la forma \u201carbitraria\u201d en que fueron detenidos.<\/p>\n<p>En el documento mencionan que el pasado 28 de octubre, aproximadamente a las 23:20 horas, cuatro personas que viajaban en una camioneta \u201clevantaron\u201d al profesor Efra\u00edn Picaso y a un familiar cuando se encontraban en inmediaciones del Instituto Estatal de Educaci\u00f3n P\u00fablica de Oaxaca (IEEPO).<\/p>\n<p>Una hora despu\u00e9s abandonaron al familiar del profesor en un terreno bald\u00edo al extremo de la ciudad y al mentor de lo llevaron.<\/p>\n<p>Casi de manera simult\u00e1nea, a las 23:00 horas, el profesor Oth\u00f3n Nazariega viajaba a bordo de un veh\u00edculo acompa\u00f1ado de otros profesores quienes fueron perseguidos por una camioneta negra con placas 210 VMX del Estado de M\u00e9xico, por lo que prefirieron resguardarse en un domicilio particular.<\/p>\n<p>Sin embargo, cuatro hombres fuertemente armados con \u201cR-15\u201d rompieron la puerta del inmueble y enca\u00f1onaron a quienes estaban ah\u00ed. En ese acto se llevaron al profesor Oth\u00f3n Nazariega Segura.<\/p>\n<p>A esa misma hora, en inmediaciones del IEEPO, el profesor Roberto Abel Jim\u00e9nez Garc\u00eda tambi\u00e9n iba a bordo de su autom\u00f3vil cuando fue abordado por sujetos fuertemente armados quienes lo bajaron de su veh\u00edculo y se lo llevaron.<\/p>\n<p>De manera simult\u00e1nea, en la regi\u00f3n del Istmo de Tehuantepec, cuatro sujetos armados irrumpieron violentamente en el domicilio del profesor Juan Carlos Mata y se lo llevaron.<\/p>\n<p>Santiago Reyes destac\u00f3 que a los detenidos no se les ha permitido comunicarse con sus familiares y abogados.<\/p>\n<p>Este viernes, el subprocurador de Control Regional de la Procuradur\u00eda General de la Rep\u00fablica (PGR), Gilberto Higuera Bernat, reconoci\u00f3 que existen 26 \u00f3rdenes de aprehensi\u00f3n m\u00e1s contra maestros de la CNTE.<\/p>\n<p>En total, dijo, la PGR gir\u00f3 29 \u00f3rdenes contra igual n\u00famero de mentores que participaron en el boicot a la jornada electoral del 7 de junio pasado, en particular por la toma de instalaciones de Pemex, CFE y juntas distritales del INE.<\/p>\n<p><a href=\"http:feedproxy.google.com\/~r\/proceso\/~3\/sS3pGBW3Usg\/\" target=\"_blank\">feedproxy.google.com\/~r\/proceso\/~3\/sS3pGBW3Usg\/<\/a><\/p>\n","protected":false},"excerpt":{"rendered":"<p>Pedro Mat\u00edas, Oaxaca OAXACA, Oax. (apro).- El Centro de Derechos Humanos y Asesor\u00eda a Pueblos Ind\u00edgenas present\u00f3 una denuncia ante la Organizaci\u00f3n de las Naciones Unidas (ONU) y la Comisi\u00f3n &hellip; <a href=\"https:\/\/www.grieta.org.mx\/index.php\/2015\/10\/30\/y-ong-denuncian-ante-onu-y-cidh-la-detencion-arbitraria-de-los-profesores\/\" class=\"more-link\">Leer m\u00e1s<\/a><\/p>\n","protected":false},"author":2,"featured_media":21928,"comment_status":"closed","ping_status":"open","sticky":false,"template":"","format":"standard","meta":{"ngg_post_thumbnail":0,"_jetpack_newsletter_access":"","_jetpack_dont_email_post_to_subs":false,"_jetpack_newsletter_tier_id":0,"_jetpack_memberships_contains_paywalled_content":false,"_jetpack_memberships_contains_paid_content":false,"footnotes":""},"categories":[80],"tags":[174,133,93,130],"class_list":["post-1905","post","type-post","status-publish","format-standard","has-post-thumbnail","hentry","category-cintillo","tag-derechos-humanos","tag-maestros","tag-oaxaca","tag-represion","entry"],"jetpack_featured_media_url":"https:\/\/www.grieta.org.mx\/wp-content\/uploads\/2018\/03\/14524434_1106112876131411_958039263622046936_o.jpg","jetpack_sharing_enabled":true,"jetpack_shortlink":"https:\/\/wp.me\/p7ZJR4-uJ","jetpack_likes_enabled":false,"jetpack-related-posts":[{"id":18702,"url":"https:\/\/www.grieta.org.mx\/index.php\/2016\/08\/01\/seccion-22-confirma-liberacion-de-dirigentes-de-oaxaca\/","url_meta":{"origin":1905,"position":0},"title":"Secci\u00f3n 22 confirma liberaci\u00f3n de dirigentes de Oaxaca","author":"grieta","date":"1 agosto, 2016","format":false,"excerpt":"Diana Manzo, Oaxaca. Oax, Oax. Profesores de la secci\u00f3n 22 de la Coordinadora Nacional de Trabajadores de la Educaci\u00f3n (CNTE), del Istmo de Tehuantepec, confirmaron la liberaci\u00f3n de dos dirigentes zapotecas Juan Carlos Orozco Matus, conocido como \u201cMata\u201d, del penal de Miahuatl\u00e1n y Heriberto Magari\u00f1o L\u00f3pez del penal de Tehuantepec.\u2026","rel":"","context":"En &quot;CINTILLO&quot;","block_context":{"text":"CINTILLO","link":"https:\/\/www.grieta.org.mx\/index.php\/category\/cintillo\/"},"img":{"alt_text":"","src":"https:\/\/i0.wp.com\/www.grieta.org.mx\/wp-content\/uploads\/2018\/03\/14524434_1106112876131411_958039263622046936_o.jpg?resize=350%2C200&ssl=1","width":350,"height":200,"srcset":"https:\/\/i0.wp.com\/www.grieta.org.mx\/wp-content\/uploads\/2018\/03\/14524434_1106112876131411_958039263622046936_o.jpg?resize=350%2C200&ssl=1 1x, https:\/\/i0.wp.com\/www.grieta.org.mx\/wp-content\/uploads\/2018\/03\/14524434_1106112876131411_958039263622046936_o.jpg?resize=525%2C300&ssl=1 1.5x, https:\/\/i0.wp.com\/www.grieta.org.mx\/wp-content\/uploads\/2018\/03\/14524434_1106112876131411_958039263622046936_o.jpg?resize=700%2C400&ssl=1 2x"},"classes":[]},{"id":14574,"url":"https:\/\/www.grieta.org.mx\/index.php\/2016\/06\/12\/accionan-con-bloqueos-carreteros-maestros-de-la-22-tras-detencion-de-sus-lideres\/","url_meta":{"origin":1905,"position":1},"title":"Accionan con bloqueos carreteros maestros de la 22 tras detenci\u00f3n de sus l\u00edderes","author":"grieta","date":"12 junio, 2016","format":false,"excerpt":"Istmopress. Diana Manzo Juchit\u00e1n, Oaxaca.\u2013 Maestros de la secci\u00f3n 22 de los seis sectores educativos en el Istmo de Tehuantepec encabezaron manifestaciones como bloqueos y toma de caseta de peaje en esta regi\u00f3n oaxaque\u00f1a ante la detenci\u00f3n del fin de semana de sus dirigentes Rub\u00e9n N\u00fa\u00f1ez Ginez (Secretario General) y\u2026","rel":"","context":"En &quot;CINTILLO&quot;","block_context":{"text":"CINTILLO","link":"https:\/\/www.grieta.org.mx\/index.php\/category\/cintillo\/"},"img":{"alt_text":"","src":"https:\/\/i0.wp.com\/www.grieta.org.mx\/wp-content\/uploads\/2018\/03\/14524434_1106112876131411_958039263622046936_o.jpg?resize=350%2C200&ssl=1","width":350,"height":200,"srcset":"https:\/\/i0.wp.com\/www.grieta.org.mx\/wp-content\/uploads\/2018\/03\/14524434_1106112876131411_958039263622046936_o.jpg?resize=350%2C200&ssl=1 1x, https:\/\/i0.wp.com\/www.grieta.org.mx\/wp-content\/uploads\/2018\/03\/14524434_1106112876131411_958039263622046936_o.jpg?resize=525%2C300&ssl=1 1.5x, https:\/\/i0.wp.com\/www.grieta.org.mx\/wp-content\/uploads\/2018\/03\/14524434_1106112876131411_958039263622046936_o.jpg?resize=700%2C400&ssl=1 2x"},"classes":[]},{"id":41777,"url":"https:\/\/www.grieta.org.mx\/index.php\/2019\/11\/28\/eurodiputados-exigen-liberar-a-activista-preso-en-oaxaca\/","url_meta":{"origin":1905,"position":2},"title":"Eurodiputados exigen liberar a activista preso en Oaxaca","author":"grieta","date":"28 noviembre, 2019","format":false,"excerpt":"Proceso \/ Pedro Mat\u00edas. Diversas organizaciones han abogado por el defensor ambientalista Pablo L\u00f3pez Alavez. Foto: Twitter @FLDAmericas. Oaxaca, Oax. (apro).- Un grupo de 15 eurodiputados se sum\u00f3 a la exigencia de libertad para el defensor ambientalista Pablo L\u00f3pez Alavez, detenido arbitraria y violentamente el 15 de agosto del 2010,\u2026","rel":"","context":"En &quot;CINTILLO&quot;","block_context":{"text":"CINTILLO","link":"https:\/\/www.grieta.org.mx\/index.php\/category\/cintillo\/"},"img":{"alt_text":"","src":"https:\/\/i0.wp.com\/www.grieta.org.mx\/wp-content\/uploads\/2019\/12\/alavez.jpg?resize=350%2C200&ssl=1","width":350,"height":200,"srcset":"https:\/\/i0.wp.com\/www.grieta.org.mx\/wp-content\/uploads\/2019\/12\/alavez.jpg?resize=350%2C200&ssl=1 1x, https:\/\/i0.wp.com\/www.grieta.org.mx\/wp-content\/uploads\/2019\/12\/alavez.jpg?resize=525%2C300&ssl=1 1.5x, https:\/\/i0.wp.com\/www.grieta.org.mx\/wp-content\/uploads\/2019\/12\/alavez.jpg?resize=700%2C400&ssl=1 2x"},"classes":[]},{"id":7399,"url":"https:\/\/www.grieta.org.mx\/index.php\/2016\/03\/29\/se-quejan-maestros-en-derechos-humanos\/","url_meta":{"origin":1905,"position":3},"title":"Se quejan maestros en Derechos Humanos","author":"grieta","date":"29 marzo, 2016","format":false,"excerpt":"Elizabeth Ortiz El grupo de maestros que se neg\u00f3 a hacer la evaluaci\u00f3n docente present\u00f3 una queja ante la Comisi\u00f3n Estatal de Derechos Humanos de Jalisco (CEDHJ) por discriminaci\u00f3n. Los docentes del Movimiento Magisterial Jalisciense acusaron a las autoridades estatales de se\u00f1alarlos como personal problem\u00e1tico que va a recibir un\u2026","rel":"","context":"En &quot;CINTILLO&quot;","block_context":{"text":"CINTILLO","link":"https:\/\/www.grieta.org.mx\/index.php\/category\/cintillo\/"},"img":{"alt_text":"","src":"https:\/\/i0.wp.com\/www.grieta.org.mx\/wp-content\/uploads\/2018\/03\/14524434_1106112876131411_958039263622046936_o.jpg?resize=350%2C200&ssl=1","width":350,"height":200,"srcset":"https:\/\/i0.wp.com\/www.grieta.org.mx\/wp-content\/uploads\/2018\/03\/14524434_1106112876131411_958039263622046936_o.jpg?resize=350%2C200&ssl=1 1x, https:\/\/i0.wp.com\/www.grieta.org.mx\/wp-content\/uploads\/2018\/03\/14524434_1106112876131411_958039263622046936_o.jpg?resize=525%2C300&ssl=1 1.5x, https:\/\/i0.wp.com\/www.grieta.org.mx\/wp-content\/uploads\/2018\/03\/14524434_1106112876131411_958039263622046936_o.jpg?resize=700%2C400&ssl=1 2x"},"classes":[]},{"id":1955,"url":"https:\/\/www.grieta.org.mx\/index.php\/2015\/12\/18\/cidh-intervendria-en-caso-zacualpan\/","url_meta":{"origin":1905,"position":4},"title":"CIDH intervendr\u00eda en Caso Zacualpan","author":"grieta","date":"18 diciembre, 2015","format":false,"excerpt":"Arnoldo Delgadillo Colima.- La Comisi\u00f3n Interamericana de Derechos Humanos (CIDH) intervendr\u00eda en el Caso Zacualpan, despu\u00e9s de que organizaciones que han apoyado a la comunidad ind\u00edgena, a trav\u00e9s de la Red Mexicana de Afectados por la Miner\u00eda (REMA), pidieron protecci\u00f3n ante los abusos de los que dicen ser objeto. Fuentes\u2026","rel":"","context":"En &quot;CINTILLO&quot;","block_context":{"text":"CINTILLO","link":"https:\/\/www.grieta.org.mx\/index.php\/category\/cintillo\/"},"img":{"alt_text":"","src":"https:\/\/i0.wp.com\/www.grieta.org.mx\/wp-content\/uploads\/2018\/03\/14524434_1106112876131411_958039263622046936_o.jpg?resize=350%2C200&ssl=1","width":350,"height":200,"srcset":"https:\/\/i0.wp.com\/www.grieta.org.mx\/wp-content\/uploads\/2018\/03\/14524434_1106112876131411_958039263622046936_o.jpg?resize=350%2C200&ssl=1 1x, https:\/\/i0.wp.com\/www.grieta.org.mx\/wp-content\/uploads\/2018\/03\/14524434_1106112876131411_958039263622046936_o.jpg?resize=525%2C300&ssl=1 1.5x, https:\/\/i0.wp.com\/www.grieta.org.mx\/wp-content\/uploads\/2018\/03\/14524434_1106112876131411_958039263622046936_o.jpg?resize=700%2C400&ssl=1 2x"},"classes":[]},{"id":41238,"url":"https:\/\/www.grieta.org.mx\/index.php\/2019\/11\/16\/observatorio-internacional-exige-liberacion-del-defensor-fredy-garcia-ramirez-y-el-cese-de-todo-hostigamiento-en-su-contra-incluyendo-a-nivel-judicial-oaxaca\/","url_meta":{"origin":1905,"position":5},"title":"Observatorio Internacional exige liberaci\u00f3n del defensor Fredy Garc\u00eda Ram\u00edrez y el cese de todo hostigamiento en su contra, incluyendo a nivel judicial (Oaxaca)","author":"grieta","date":"16 noviembre, 2019","format":false,"excerpt":"P\u00e1gina 3 \/ Comunicados. El Observatorio para la Protecci\u00f3n de los Defensores de Derechos Humanos, es un programa conjunto de la Organizaci\u00f3n Mundial Contra la Tortura (OMCT) y de la FIDH, pide a las autoridades en M\u00e9xico poner fin a la detenci\u00f3n arbitraria del Sr. Fredy Garc\u00eda Ram\u00edrez El 12\u2026","rel":"","context":"En &quot;CINTILLO&quot;","block_context":{"text":"CINTILLO","link":"https:\/\/www.grieta.org.mx\/index.php\/category\/cintillo\/"},"img":{"alt_text":"","src":"https:\/\/i0.wp.com\/www.grieta.org.mx\/wp-content\/uploads\/2018\/03\/14524434_1106112876131411_958039263622046936_o.jpg?resize=350%2C200&ssl=1","width":350,"height":200,"srcset":"https:\/\/i0.wp.com\/www.grieta.org.mx\/wp-content\/uploads\/2018\/03\/14524434_1106112876131411_958039263622046936_o.jpg?resize=350%2C200&ssl=1 1x, https:\/\/i0.wp.com\/www.grieta.org.mx\/wp-content\/uploads\/2018\/03\/14524434_1106112876131411_958039263622046936_o.jpg?resize=525%2C300&ssl=1 1.5x, https:\/\/i0.wp.com\/www.grieta.org.mx\/wp-content\/uploads\/2018\/03\/14524434_1106112876131411_958039263622046936_o.jpg?resize=700%2C400&ssl=1 2x"},"classes":[]}],"_links":{"self":[{"href":"https:\/\/www.grieta.org.mx\/index.php\/wp-json\/wp\/v2\/posts\/1905","targetHints":{"allow":["GET"]}}],"collection":[{"href":"https:\/\/www.grieta.org.mx\/index.php\/wp-json\/wp\/v2\/posts"}],"about":[{"href":"https:\/\/www.grieta.org.mx\/index.php\/wp-json\/wp\/v2\/types\/post"}],"author":[{"embeddable":true,"href":"https:\/\/www.grieta.org.mx\/index.php\/wp-json\/wp\/v2\/users\/2"}],"replies":[{"embeddable":true,"href":"https:\/\/www.grieta.org.mx\/index.php\/wp-json\/wp\/v2\/comments?post=1905"}],"version-history":[{"count":1,"href":"https:\/\/www.grieta.org.mx\/index.php\/wp-json\/wp\/v2\/posts\/1905\/revisions"}],"predecessor-version":[{"id":1906,"href":"https:\/\/www.grieta.org.mx\/index.php\/wp-json\/wp\/v2\/posts\/1905\/revisions\/1906"}],"wp:featuredmedia":[{"embeddable":true,"href":"https:\/\/www.grieta.org.mx\/index.php\/wp-json\/wp\/v2\/media\/21928"}],"wp:attachment":[{"href":"https:\/\/www.grieta.org.mx\/index.php\/wp-json\/wp\/v2\/media?parent=1905"}],"wp:term":[{"taxonomy":"category","embeddable":true,"href":"https:\/\/www.grieta.org.mx\/index.php\/wp-json\/wp\/v2\/categories?post=1905"},{"taxonomy":"post_tag","embeddable":true,"href":"https:\/\/www.grieta.org.mx\/index.php\/wp-json\/wp\/v2\/tags?post=1905"}],"curies":[{"name":"wp","href":"https:\/\/api.w.org\/{rel}","templated":true}]}}