{"id":1903,"date":"2015-10-30T17:26:24","date_gmt":"2015-10-30T17:26:24","guid":{"rendered":"http:\/\/50.22.11.12\/~grietaor\/?p=1903"},"modified":"2016-03-10T17:28:02","modified_gmt":"2016-03-10T17:28:02","slug":"no-tenemos-miedo-la-seccion-22-somos-mas-de-80-mil-maestros","status":"publish","type":"post","link":"https:\/\/www.grieta.org.mx\/index.php\/2015\/10\/30\/no-tenemos-miedo-la-seccion-22-somos-mas-de-80-mil-maestros\/","title":{"rendered":"No tenemos miedo, la Secci\u00f3n 22 somos m\u00e1s de 80 mil maestros"},"content":{"rendered":"<p>Franco Garc\u00eda M., Oaxaca<\/p>\n<p>Despu\u00e9s de la detenci\u00f3n de 4 integrantes de la Secci\u00f3n 22, perteneciente a la Coordinadora Nacional de Trabajadores de la Educaci\u00f3n (CNTE), las movilizaciones por parte de las bases gremiales, as\u00ed como de simpatizantes de este movimiento no se hicieron esperar, a lo largo del estado, siempre con la consigna de libertad hacia los profesores detenidos.<\/p>\n<p>\u201cCon estas detenciones no se merma el movimiento, no nos callan, ni nos doblegaremos ante una acci\u00f3n m\u00e1s del gobierno federal contra la combativa secci\u00f3n 22, si creen que con esas detenciones vamos a ceder, est\u00e1n equivocados, la Secci\u00f3n 22 somos m\u00e1s de 80 mil maestras y maestros que tenemos claro nuestro objetivo, la defensa de la educaci\u00f3n p\u00fablica no cesar\u00e1 y hoy estamos m\u00e1s fuertes y en pie de lucha\u201d asegur\u00f3 el dirigente estatal de la Secci\u00f3n 22 Rub\u00e9n N\u00fa\u00f1ez.<\/p>\n<p>Asegurando que es importante la liberaci\u00f3n de los profesores detenidos, se\u00f1alan que no bajar\u00e1n la guardia en la defensa de la educaci\u00f3n p\u00fablica e indicaron que a partir de este momento la Secci\u00f3n 22 se encuentra en alerta m\u00e1xima, dadas las acciones del gobierno federal en contubernio con el gobierno del estado.<\/p>\n<p>De igual forma, se anunci\u00f3 que a partir de las detenciones y de las advertencias de que hay m\u00e1s \u00f3rdenes de aprehensi\u00f3n por cumplimentar, las bases y simpatizantes de la Secci\u00f3n 22 iniciar\u00e1 con una jornada de movilizaciones permanentes, las cuales quedar\u00e1n libres de acci\u00f3n seg\u00fan los comit\u00e9s sectoriales de cada zona lo decidan.<\/p>\n<p>Las primeras acciones de protesta el d\u00eda de ayer fueron una marcha que sali\u00f3 de las inmediaciones del estadio de beisbol hacia los juzgados del poder judicial, que se encuentra en las inmediaciones del parque Ju\u00e1rez el llano, en donde participaron los dirigentes estatales e integrantes de las bases que se encontraban en el plant\u00f3n a las afueras del Instituto Estatal de Educaci\u00f3n P\u00fablica de Oaxaca (IEEPO).<\/p>\n<p><a href=\"http:\/\/www.vocesoaxaca.com\/?p=4066\" target=\"_blank\">www.vocesoaxaca.com\/?p=4066<\/a><\/p>\n","protected":false},"excerpt":{"rendered":"<p>Franco Garc\u00eda M., Oaxaca Despu\u00e9s de la detenci\u00f3n de 4 integrantes de la Secci\u00f3n 22, perteneciente a la Coordinadora Nacional de Trabajadores de la Educaci\u00f3n (CNTE), las movilizaciones por parte &hellip; <a href=\"https:\/\/www.grieta.org.mx\/index.php\/2015\/10\/30\/no-tenemos-miedo-la-seccion-22-somos-mas-de-80-mil-maestros\/\" class=\"more-link\">Leer m\u00e1s<\/a><\/p>\n","protected":false},"author":2,"featured_media":21928,"comment_status":"closed","ping_status":"open","sticky":false,"template":"","format":"standard","meta":{"ngg_post_thumbnail":0,"_jetpack_newsletter_access":"","_jetpack_dont_email_post_to_subs":false,"_jetpack_newsletter_tier_id":0,"_jetpack_memberships_contains_paywalled_content":false,"_jetpack_memberships_contains_paid_content":false,"footnotes":""},"categories":[80],"tags":[133,93,135,130],"class_list":["post-1903","post","type-post","status-publish","format-standard","has-post-thumbnail","hentry","category-cintillo","tag-maestros","tag-oaxaca","tag-reforma-educativa","tag-represion","entry"],"jetpack_featured_media_url":"https:\/\/www.grieta.org.mx\/wp-content\/uploads\/2018\/03\/14524434_1106112876131411_958039263622046936_o.jpg","jetpack_sharing_enabled":true,"jetpack_shortlink":"https:\/\/wp.me\/p7ZJR4-uH","jetpack_likes_enabled":false,"jetpack-related-posts":[{"id":13224,"url":"https:\/\/www.grieta.org.mx\/index.php\/2016\/05\/29\/seccion-22-intensifica-movilizaciones-con-megamarcha-en-oaxaca\/","url_meta":{"origin":1903,"position":0},"title":"Secci\u00f3n 22 intensifica movilizaciones con megamarcha en Oaxaca","author":"grieta","date":"29 mayo, 2016","format":false,"excerpt":"Victor Castillo, Oaxaca. Oaxaca.- Integrantes de la Secci\u00f3n XXII de la Coordinadora Nacional de Trabajadores de la Educaci\u00f3n (CNTE), reforzaron este s\u00e1bado su jornada de lucha con una megamarcha que aglutin\u00f3 a m\u00e1s de 15 mil manifestantes que exigen alto a la reforma educativa y el di\u00e1logo con el gobierno\u2026","rel":"","context":"En &quot;CINTILLO&quot;","block_context":{"text":"CINTILLO","link":"https:\/\/www.grieta.org.mx\/index.php\/category\/cintillo\/"},"img":{"alt_text":"","src":"https:\/\/i0.wp.com\/www.grieta.org.mx\/wp-content\/uploads\/2018\/03\/14524434_1106112876131411_958039263622046936_o.jpg?resize=350%2C200&ssl=1","width":350,"height":200,"srcset":"https:\/\/i0.wp.com\/www.grieta.org.mx\/wp-content\/uploads\/2018\/03\/14524434_1106112876131411_958039263622046936_o.jpg?resize=350%2C200&ssl=1 1x, https:\/\/i0.wp.com\/www.grieta.org.mx\/wp-content\/uploads\/2018\/03\/14524434_1106112876131411_958039263622046936_o.jpg?resize=525%2C300&ssl=1 1.5x, https:\/\/i0.wp.com\/www.grieta.org.mx\/wp-content\/uploads\/2018\/03\/14524434_1106112876131411_958039263622046936_o.jpg?resize=700%2C400&ssl=1 2x"},"classes":[]},{"id":21076,"url":"https:\/\/www.grieta.org.mx\/index.php\/2016\/09\/02\/cierra-seccion-22-plazas-comerciales-de-oaxaca\/","url_meta":{"origin":1903,"position":1},"title":"Cierra secci\u00f3n 22 plazas comerciales de Oaxaca","author":"grieta","date":"2 septiembre, 2016","format":false,"excerpt":"Quadrat\u00edn. Luis Jer\u00f3nimo, Oaxaca.- Maestros de la Secci\u00f3n 22 del Sindicato Nacional de Trabajadores de la Educaci\u00f3n (SNTE) bloquearon los accesos a plazas comerciales de Oaxaca, en protesta contra la reforma educativa. Los docentes tomaron las entradas de la Plaza Oaxaca, Plaza del Valle y Macroplaza, en la que impidieron\u2026","rel":"","context":"En &quot;CINTILLO&quot;","block_context":{"text":"CINTILLO","link":"https:\/\/www.grieta.org.mx\/index.php\/category\/cintillo\/"},"img":{"alt_text":"","src":"https:\/\/i0.wp.com\/www.grieta.org.mx\/wp-content\/uploads\/2018\/03\/14524434_1106112876131411_958039263622046936_o.jpg?resize=350%2C200&ssl=1","width":350,"height":200,"srcset":"https:\/\/i0.wp.com\/www.grieta.org.mx\/wp-content\/uploads\/2018\/03\/14524434_1106112876131411_958039263622046936_o.jpg?resize=350%2C200&ssl=1 1x, https:\/\/i0.wp.com\/www.grieta.org.mx\/wp-content\/uploads\/2018\/03\/14524434_1106112876131411_958039263622046936_o.jpg?resize=525%2C300&ssl=1 1.5x, https:\/\/i0.wp.com\/www.grieta.org.mx\/wp-content\/uploads\/2018\/03\/14524434_1106112876131411_958039263622046936_o.jpg?resize=700%2C400&ssl=1 2x"},"classes":[]},{"id":1691,"url":"https:\/\/www.grieta.org.mx\/index.php\/2015\/12\/22\/vuelven-a-protestar-maestros-de-la-seccion-22-frente-al-ieepo\/","url_meta":{"origin":1903,"position":2},"title":"Vuelven a protestar maestros de la Secci\u00f3n 22 frente al IEEPO","author":"grieta","date":"22 diciembre, 2015","format":false,"excerpt":"Ernesto Rojas, Oaxaca OAXACA, Oax., 22 de diciembre de 2015.- Maestros de la Secci\u00f3n 22 del Sindicato Nacional de Trabajadores de la Educaci\u00f3n (SNTE) realizaron este martes otra manifestaci\u00f3n frente al Instituto Estatal de Educaci\u00f3n P\u00fablica de Oaxaca (IEEPO) para exigir los pagos atrasados de un a\u00f1o y el reconocimiento\u2026","rel":"","context":"En &quot;CINTILLO&quot;","block_context":{"text":"CINTILLO","link":"https:\/\/www.grieta.org.mx\/index.php\/category\/cintillo\/"},"img":{"alt_text":"","src":"https:\/\/i0.wp.com\/www.grieta.org.mx\/wp-content\/uploads\/2018\/03\/14524434_1106112876131411_958039263622046936_o.jpg?resize=350%2C200&ssl=1","width":350,"height":200,"srcset":"https:\/\/i0.wp.com\/www.grieta.org.mx\/wp-content\/uploads\/2018\/03\/14524434_1106112876131411_958039263622046936_o.jpg?resize=350%2C200&ssl=1 1x, https:\/\/i0.wp.com\/www.grieta.org.mx\/wp-content\/uploads\/2018\/03\/14524434_1106112876131411_958039263622046936_o.jpg?resize=525%2C300&ssl=1 1.5x, https:\/\/i0.wp.com\/www.grieta.org.mx\/wp-content\/uploads\/2018\/03\/14524434_1106112876131411_958039263622046936_o.jpg?resize=700%2C400&ssl=1 2x"},"classes":[]},{"id":9307,"url":"https:\/\/www.grieta.org.mx\/index.php\/2016\/03\/31\/realiza-seccion-22-manifestacion-frente-a-congreso-de-oaxaca\/","url_meta":{"origin":1903,"position":3},"title":"Realiza Secci\u00f3n 22 manifestaci\u00f3n frente a Congreso de Oaxaca","author":"grieta","date":"31 marzo, 2016","format":false,"excerpt":"Luis Jer\u00f3nimo, Oaxaca. OAXACA, Oax., 31 de marzo de 2016.- Un grupo de maestros de la Secci\u00f3n 22 del Sindicato Nacional de Trabajadores de la Educaci\u00f3n se manifest\u00f3 este jueves frente al Congreso de Oaxaca para manifestar su postura contra la armonizaci\u00f3n de la Ley estatal de educaci\u00f3n. El dirigente\u2026","rel":"","context":"En &quot;CINTILLO&quot;","block_context":{"text":"CINTILLO","link":"https:\/\/www.grieta.org.mx\/index.php\/category\/cintillo\/"},"img":{"alt_text":"","src":"https:\/\/i0.wp.com\/www.grieta.org.mx\/wp-content\/uploads\/2018\/03\/14524434_1106112876131411_958039263622046936_o.jpg?resize=350%2C200&ssl=1","width":350,"height":200,"srcset":"https:\/\/i0.wp.com\/www.grieta.org.mx\/wp-content\/uploads\/2018\/03\/14524434_1106112876131411_958039263622046936_o.jpg?resize=350%2C200&ssl=1 1x, https:\/\/i0.wp.com\/www.grieta.org.mx\/wp-content\/uploads\/2018\/03\/14524434_1106112876131411_958039263622046936_o.jpg?resize=525%2C300&ssl=1 1.5x, https:\/\/i0.wp.com\/www.grieta.org.mx\/wp-content\/uploads\/2018\/03\/14524434_1106112876131411_958039263622046936_o.jpg?resize=700%2C400&ssl=1 2x"},"classes":[]},{"id":5087,"url":"https:\/\/www.grieta.org.mx\/index.php\/2015\/07\/27\/mas-de-20-mil-maestras-y-maestros-salen-a-las-calles-de-oaxaca-para-defender-sus-derechos-laborales-6-mil-elementos-de-seguridad-fueron-deslegados\/","url_meta":{"origin":1903,"position":4},"title":"M\u00e1s de 20 mil maestras y maestros salen a las calles de Oaxaca para defender sus derechos laborales. 6 mil elementos de seguridad fueron deslegados","author":"grieta","date":"27 julio, 2015","format":false,"excerpt":"Revoluci\u00f3n 3.0, Redacci\u00f3n.- M\u00e1s de 20 mil profesores adheridos a la CNTE iniciaron una marcha rumbo al Z\u00f3calo de Oaxaca en demanda de la derogaci\u00f3n del decreto que reforma el Instituto Estatal de Educaci\u00f3n P\u00fablica de Oaxaca (Ieepo), calcul\u00f3 la Secretar\u00eda de Seguridad P\u00fablica del estado. El magisterio disidente asegura\u2026","rel":"","context":"En &quot;CINTILLO&quot;","block_context":{"text":"CINTILLO","link":"https:\/\/www.grieta.org.mx\/index.php\/category\/cintillo\/"},"img":{"alt_text":"","src":"https:\/\/i0.wp.com\/www.grieta.org.mx\/wp-content\/uploads\/2018\/03\/14524434_1106112876131411_958039263622046936_o.jpg?resize=350%2C200&ssl=1","width":350,"height":200,"srcset":"https:\/\/i0.wp.com\/www.grieta.org.mx\/wp-content\/uploads\/2018\/03\/14524434_1106112876131411_958039263622046936_o.jpg?resize=350%2C200&ssl=1 1x, https:\/\/i0.wp.com\/www.grieta.org.mx\/wp-content\/uploads\/2018\/03\/14524434_1106112876131411_958039263622046936_o.jpg?resize=525%2C300&ssl=1 1.5x, https:\/\/i0.wp.com\/www.grieta.org.mx\/wp-content\/uploads\/2018\/03\/14524434_1106112876131411_958039263622046936_o.jpg?resize=700%2C400&ssl=1 2x"},"classes":[]},{"id":14574,"url":"https:\/\/www.grieta.org.mx\/index.php\/2016\/06\/12\/accionan-con-bloqueos-carreteros-maestros-de-la-22-tras-detencion-de-sus-lideres\/","url_meta":{"origin":1903,"position":5},"title":"Accionan con bloqueos carreteros maestros de la 22 tras detenci\u00f3n de sus l\u00edderes","author":"grieta","date":"12 junio, 2016","format":false,"excerpt":"Istmopress. Diana Manzo Juchit\u00e1n, Oaxaca.\u2013 Maestros de la secci\u00f3n 22 de los seis sectores educativos en el Istmo de Tehuantepec encabezaron manifestaciones como bloqueos y toma de caseta de peaje en esta regi\u00f3n oaxaque\u00f1a ante la detenci\u00f3n del fin de semana de sus dirigentes Rub\u00e9n N\u00fa\u00f1ez Ginez (Secretario General) y\u2026","rel":"","context":"En &quot;CINTILLO&quot;","block_context":{"text":"CINTILLO","link":"https:\/\/www.grieta.org.mx\/index.php\/category\/cintillo\/"},"img":{"alt_text":"","src":"https:\/\/i0.wp.com\/www.grieta.org.mx\/wp-content\/uploads\/2018\/03\/14524434_1106112876131411_958039263622046936_o.jpg?resize=350%2C200&ssl=1","width":350,"height":200,"srcset":"https:\/\/i0.wp.com\/www.grieta.org.mx\/wp-content\/uploads\/2018\/03\/14524434_1106112876131411_958039263622046936_o.jpg?resize=350%2C200&ssl=1 1x, https:\/\/i0.wp.com\/www.grieta.org.mx\/wp-content\/uploads\/2018\/03\/14524434_1106112876131411_958039263622046936_o.jpg?resize=525%2C300&ssl=1 1.5x, https:\/\/i0.wp.com\/www.grieta.org.mx\/wp-content\/uploads\/2018\/03\/14524434_1106112876131411_958039263622046936_o.jpg?resize=700%2C400&ssl=1 2x"},"classes":[]}],"_links":{"self":[{"href":"https:\/\/www.grieta.org.mx\/index.php\/wp-json\/wp\/v2\/posts\/1903","targetHints":{"allow":["GET"]}}],"collection":[{"href":"https:\/\/www.grieta.org.mx\/index.php\/wp-json\/wp\/v2\/posts"}],"about":[{"href":"https:\/\/www.grieta.org.mx\/index.php\/wp-json\/wp\/v2\/types\/post"}],"author":[{"embeddable":true,"href":"https:\/\/www.grieta.org.mx\/index.php\/wp-json\/wp\/v2\/users\/2"}],"replies":[{"embeddable":true,"href":"https:\/\/www.grieta.org.mx\/index.php\/wp-json\/wp\/v2\/comments?post=1903"}],"version-history":[{"count":1,"href":"https:\/\/www.grieta.org.mx\/index.php\/wp-json\/wp\/v2\/posts\/1903\/revisions"}],"predecessor-version":[{"id":1904,"href":"https:\/\/www.grieta.org.mx\/index.php\/wp-json\/wp\/v2\/posts\/1903\/revisions\/1904"}],"wp:featuredmedia":[{"embeddable":true,"href":"https:\/\/www.grieta.org.mx\/index.php\/wp-json\/wp\/v2\/media\/21928"}],"wp:attachment":[{"href":"https:\/\/www.grieta.org.mx\/index.php\/wp-json\/wp\/v2\/media?parent=1903"}],"wp:term":[{"taxonomy":"category","embeddable":true,"href":"https:\/\/www.grieta.org.mx\/index.php\/wp-json\/wp\/v2\/categories?post=1903"},{"taxonomy":"post_tag","embeddable":true,"href":"https:\/\/www.grieta.org.mx\/index.php\/wp-json\/wp\/v2\/tags?post=1903"}],"curies":[{"name":"wp","href":"https:\/\/api.w.org\/{rel}","templated":true}]}}