{"id":19012,"date":"2016-08-02T18:42:12","date_gmt":"2016-08-02T23:42:12","guid":{"rendered":"http:\/\/www.grieta.org.mx\/?p=19012"},"modified":"2019-01-19T10:09:05","modified_gmt":"2019-01-19T16:09:05","slug":"a-golpes-desalojan-a-manifestantes-tamps","status":"publish","type":"post","link":"https:\/\/www.grieta.org.mx\/index.php\/2016\/08\/02\/a-golpes-desalojan-a-manifestantes-tamps\/","title":{"rendered":"A golpes desalojan a manifestantes (Tamps)"},"content":{"rendered":"<p>Juan Hern\u00e1ndez<\/p>\n<p><img loading=\"lazy\" decoding=\"async\" data-attachment-id=\"19013\" data-permalink=\"https:\/\/www.grieta.org.mx\/index.php\/2016\/08\/02\/a-golpes-desalojan-a-manifestantes-tamps\/bloqueos-vias_ferroviarias-altamira-maestros_cnte-reforma_educativa_milima20160802_0193_8\/\" data-orig-file=\"https:\/\/www.grieta.org.mx\/wp-content\/uploads\/2016\/08\/bloqueos-vias_ferroviarias-Altamira-maestros_CNTE-reforma_educativa_MILIMA20160802_0193_8.jpg\" data-orig-size=\"478,324\" data-comments-opened=\"0\" data-image-meta=\"{&quot;aperture&quot;:&quot;0&quot;,&quot;credit&quot;:&quot;&quot;,&quot;camera&quot;:&quot;&quot;,&quot;caption&quot;:&quot;&quot;,&quot;created_timestamp&quot;:&quot;0&quot;,&quot;copyright&quot;:&quot;&quot;,&quot;focal_length&quot;:&quot;0&quot;,&quot;iso&quot;:&quot;0&quot;,&quot;shutter_speed&quot;:&quot;0&quot;,&quot;title&quot;:&quot;&quot;,&quot;orientation&quot;:&quot;0&quot;}\" data-image-title=\"bloqueos-vias_ferroviarias-Altamira-maestros_CNTE-reforma_educativa_MILIMA20160802_0193_8\" data-image-description=\"\" data-image-caption=\"\" data-medium-file=\"https:\/\/www.grieta.org.mx\/wp-content\/uploads\/2016\/08\/bloqueos-vias_ferroviarias-Altamira-maestros_CNTE-reforma_educativa_MILIMA20160802_0193_8-300x203.jpg\" data-large-file=\"https:\/\/www.grieta.org.mx\/wp-content\/uploads\/2016\/08\/bloqueos-vias_ferroviarias-Altamira-maestros_CNTE-reforma_educativa_MILIMA20160802_0193_8.jpg\" src=\"http:\/\/www.grieta.org.mx\/wp-content\/uploads\/2016\/08\/bloqueos-vias_ferroviarias-Altamira-maestros_CNTE-reforma_educativa_MILIMA20160802_0193_8-300x203.jpg\" alt=\"bloqueos-vias_ferroviarias-Altamira-maestros_CNTE-reforma_educativa_MILIMA20160802_0193_8\" width=\"300\" height=\"203\" class=\"aligncenter size-medium wp-image-19013\" srcset=\"https:\/\/www.grieta.org.mx\/wp-content\/uploads\/2016\/08\/bloqueos-vias_ferroviarias-Altamira-maestros_CNTE-reforma_educativa_MILIMA20160802_0193_8-300x203.jpg 300w, https:\/\/www.grieta.org.mx\/wp-content\/uploads\/2016\/08\/bloqueos-vias_ferroviarias-Altamira-maestros_CNTE-reforma_educativa_MILIMA20160802_0193_8.jpg 478w\" sizes=\"auto, (max-width: 300px) 100vw, 300px\" \/><\/p>\n<p>El peque\u00f1o grupo de maestros que se manifestaron este lunes bloqueando las v\u00edas del ferrocarril que dan entrada al puerto de Altamira, fueron desalojados violentamente por trabajadores de una empresa ferroviaria.<\/p>\n<p>Jos\u00e9 Luis Gonz\u00e1lez Meza presidente de la Comisi\u00f3n de Derechos Humanos &#8220;L\u00e1zaro C\u00e1rdenas del R\u00edo&#8221; Asociaci\u00f3n Civil, se\u00f1al\u00f3 que durante la noche, fueron sacados a empujones y patadas.<\/p>\n<p>El objetivo era hacernos retirar del lugar, sin embargo, durante la ma\u00f1ana del martes regresaron al mismo lugar pero ahora sin bloquear las v\u00edas, en el que cabe recordar que la protesta de estos personajes tuvo como misi\u00f3n respaldar a los maestros de Oaxaca en su lucha contra la Reforma Educativa.<\/p>\n<p><a href=\"http:\/\/www.milenio.com\/region\/maestros-bloqueo-vias_ferroviarias-Altamira-desalojan_0_785321682.html\" target=\"_blank\">http:\/\/www.milenio.com\/region\/maestros-bloqueo-vias_ferroviarias-Altamira-desalojan_0_785321682.html<\/a><\/p>\n","protected":false},"excerpt":{"rendered":"<p>Juan Hern\u00e1ndez El peque\u00f1o grupo de maestros que se manifestaron este lunes bloqueando las v\u00edas del ferrocarril que dan entrada al puerto de Altamira, fueron desalojados violentamente por trabajadores de &hellip; <a href=\"https:\/\/www.grieta.org.mx\/index.php\/2016\/08\/02\/a-golpes-desalojan-a-manifestantes-tamps\/\" class=\"more-link\">Leer m\u00e1s<\/a><\/p>\n","protected":false},"author":2,"featured_media":21928,"comment_status":"closed","ping_status":"closed","sticky":false,"template":"","format":"standard","meta":{"ngg_post_thumbnail":0,"_jetpack_newsletter_access":"","_jetpack_dont_email_post_to_subs":false,"_jetpack_newsletter_tier_id":0,"_jetpack_memberships_contains_paywalled_content":false,"_jetpack_memberships_contains_paid_content":false,"footnotes":""},"categories":[80,910,1137,1359,2,33,259,83],"tags":[685,134,248,805,130,767],"class_list":{"0":"post-19012","1":"post","2":"type-post","3":"status-publish","4":"format-standard","5":"has-post-thumbnail","6":"hentry","7":"category-cintillo","8":"category-explotacion-y-precariedad-laboral","9":"category-explotacion-y-precariedad-laboral-en-tamaulipas","10":"category-movilizaciones-de-maestros-en-tamaulipas","11":"category-noticias-nacionales","12":"category-tamaulipas","14":"category-temas-nacionales","15":"tag-altamira","16":"tag-cnte","17":"tag-desalojo","18":"tag-magisterio","19":"tag-represion","20":"tag-solidaridad","21":"entry"},"jetpack_featured_media_url":"https:\/\/www.grieta.org.mx\/wp-content\/uploads\/2018\/03\/14524434_1106112876131411_958039263622046936_o.jpg","jetpack_sharing_enabled":true,"jetpack_shortlink":"https:\/\/wp.me\/p7ZJR4-4WE","jetpack_likes_enabled":false,"jetpack-related-posts":[{"id":32451,"url":"https:\/\/www.grieta.org.mx\/index.php\/2019\/04\/23\/les-incumplen-en-pago-y-cierran-direccion-de-hospital-de-altamira-tamaulipas\/","url_meta":{"origin":19012,"position":0},"title":"Les incumplen en pago y cierran Direcci\u00f3n de hospital de Altamira (Tamaulipas)","author":"grieta","date":"23 abril, 2019","format":false,"excerpt":"Jes\u00fas Alberto Garc\u00eda \/ Tamaulipas Trabajadores del nosocomio Rodolfo Torre Cant\u00fa, manifestaron su inconformidad de un pago prometido por el Estado, al aseguran que solo un 30 por ciento les dieron. Sigue la inconformidad de los trabajadores del Hospital General de Altamira \"Rodolfo Torre Cant\u00fa\" debido a que nada m\u00e1s\u2026","rel":"","context":"En &quot;CINTILLO&quot;","block_context":{"text":"CINTILLO","link":"https:\/\/www.grieta.org.mx\/index.php\/category\/cintillo\/"},"img":{"alt_text":"","src":"https:\/\/i0.wp.com\/www.grieta.org.mx\/wp-content\/uploads\/2019\/04\/Les-incumplen-en-pago-y-cierran-Direcci%C3%B3n-de-hospital-de-Altamira-tama-abr.jpg?resize=350%2C200&ssl=1","width":350,"height":200,"srcset":"https:\/\/i0.wp.com\/www.grieta.org.mx\/wp-content\/uploads\/2019\/04\/Les-incumplen-en-pago-y-cierran-Direcci%C3%B3n-de-hospital-de-Altamira-tama-abr.jpg?resize=350%2C200&ssl=1 1x, https:\/\/i0.wp.com\/www.grieta.org.mx\/wp-content\/uploads\/2019\/04\/Les-incumplen-en-pago-y-cierran-Direcci%C3%B3n-de-hospital-de-Altamira-tama-abr.jpg?resize=525%2C300&ssl=1 1.5x, https:\/\/i0.wp.com\/www.grieta.org.mx\/wp-content\/uploads\/2019\/04\/Les-incumplen-en-pago-y-cierran-Direcci%C3%B3n-de-hospital-de-Altamira-tama-abr.jpg?resize=700%2C400&ssl=1 2x"},"classes":[]},{"id":28799,"url":"https:\/\/www.grieta.org.mx\/index.php\/2019\/02\/04\/corren-inesperadamente-a-trabajadores-de-la-conagua-tamaulipas\/","url_meta":{"origin":19012,"position":1},"title":"Corren inesperadamente a trabajadores de la Conagua (Tamaulipas)","author":"grieta","date":"4 febrero, 2019","format":false,"excerpt":"Jes\u00fas Alberto Garc\u00eda \/ Milenio Fueron despedidos varios empleados de la Comisi\u00f3n Nacional del Agua en seis municipios. Un grupo de 28 trabajadores de Tampico, Madero, Altamira, San Fernando, Ciudad Victoria y P\u00e1nuco, afirman que fueron despedidos este viernes 1 de febrero. De forma verbal se les inform\u00f3 su despido\u2026","rel":"","context":"En &quot;CINTILLO&quot;","block_context":{"text":"CINTILLO","link":"https:\/\/www.grieta.org.mx\/index.php\/category\/cintillo\/"},"img":{"alt_text":"","src":"https:\/\/i0.wp.com\/www.grieta.org.mx\/wp-content\/uploads\/2019\/02\/corren-inesperadamente-cona.jpg?resize=350%2C200&ssl=1","width":350,"height":200,"srcset":"https:\/\/i0.wp.com\/www.grieta.org.mx\/wp-content\/uploads\/2019\/02\/corren-inesperadamente-cona.jpg?resize=350%2C200&ssl=1 1x, https:\/\/i0.wp.com\/www.grieta.org.mx\/wp-content\/uploads\/2019\/02\/corren-inesperadamente-cona.jpg?resize=525%2C300&ssl=1 1.5x, https:\/\/i0.wp.com\/www.grieta.org.mx\/wp-content\/uploads\/2019\/02\/corren-inesperadamente-cona.jpg?resize=700%2C400&ssl=1 2x"},"classes":[]},{"id":2932,"url":"https:\/\/www.grieta.org.mx\/index.php\/2015\/11\/14\/protestan-maestros-de-madero-tras-ser-evaluados\/","url_meta":{"origin":19012,"position":2},"title":"Protestan maestros de Madero tras ser evaluados","author":"grieta","date":"14 noviembre, 2015","format":false,"excerpt":"Expreso.press Jos\u00e9 Luis Rodr\u00edguez CIUDAD MADERO, Tamaulipas.- Bajo protesta mil 126 profesores que presentaron el examen de evaluaci\u00f3n en nueve sedes en la zona sur de Tamaulipas. El maestro, Jos\u00e9 Luis Segura, representante del movimiento magisterial inform\u00f3 que no est\u00e1n de acuerdo con el examen que orden\u00f3 el gobierno federal.\u2026","rel":"","context":"En &quot;CINTILLO&quot;","block_context":{"text":"CINTILLO","link":"https:\/\/www.grieta.org.mx\/index.php\/category\/cintillo\/"},"img":{"alt_text":"","src":"https:\/\/i0.wp.com\/www.grieta.org.mx\/wp-content\/uploads\/2018\/03\/14524434_1106112876131411_958039263622046936_o.jpg?resize=350%2C200&ssl=1","width":350,"height":200,"srcset":"https:\/\/i0.wp.com\/www.grieta.org.mx\/wp-content\/uploads\/2018\/03\/14524434_1106112876131411_958039263622046936_o.jpg?resize=350%2C200&ssl=1 1x, https:\/\/i0.wp.com\/www.grieta.org.mx\/wp-content\/uploads\/2018\/03\/14524434_1106112876131411_958039263622046936_o.jpg?resize=525%2C300&ssl=1 1.5x, https:\/\/i0.wp.com\/www.grieta.org.mx\/wp-content\/uploads\/2018\/03\/14524434_1106112876131411_958039263622046936_o.jpg?resize=700%2C400&ssl=1 2x"},"classes":[]},{"id":28405,"url":"https:\/\/www.grieta.org.mx\/index.php\/2019\/01\/16\/molestos-mas-de-450-empleados-de-salud-en-altamira-por-falta-de-pago-tamaulipas\/","url_meta":{"origin":19012,"position":3},"title":"Molestos m\u00e1s de 450 empleados de Salud en Altamira por falta de pago (Tamaulipas)","author":"grieta","date":"16 enero, 2019","format":false,"excerpt":"Carlos Ju\u00e1rez \/ hoytamaulipas Est\u00e1n inconformes por la falta de pago de la mitad de su aguinaldo y la quincena, denunci\u00f3 el representante de empleados eventuales, Daniel Olvera Altamira, Tamaulipas.- M\u00e1s de 450 trabajadores de la Secretar\u00eda de Salud en Altamira est\u00e1n inconformes por la falta de pago de la\u2026","rel":"","context":"En &quot;CINTILLO&quot;","block_context":{"text":"CINTILLO","link":"https:\/\/www.grieta.org.mx\/index.php\/category\/cintillo\/"},"img":{"alt_text":"","src":"https:\/\/i0.wp.com\/www.grieta.org.mx\/wp-content\/uploads\/2019\/01\/Molestos-mas-de-450-empleados-de-Salud-en-Altamira-por-falta-de-pago.jpg?resize=350%2C200&ssl=1","width":350,"height":200,"srcset":"https:\/\/i0.wp.com\/www.grieta.org.mx\/wp-content\/uploads\/2019\/01\/Molestos-mas-de-450-empleados-de-Salud-en-Altamira-por-falta-de-pago.jpg?resize=350%2C200&ssl=1 1x, https:\/\/i0.wp.com\/www.grieta.org.mx\/wp-content\/uploads\/2019\/01\/Molestos-mas-de-450-empleados-de-Salud-en-Altamira-por-falta-de-pago.jpg?resize=525%2C300&ssl=1 1.5x, https:\/\/i0.wp.com\/www.grieta.org.mx\/wp-content\/uploads\/2019\/01\/Molestos-mas-de-450-empleados-de-Salud-en-Altamira-por-falta-de-pago.jpg?resize=700%2C400&ssl=1 2x"},"classes":[]},{"id":41765,"url":"https:\/\/www.grieta.org.mx\/index.php\/2019\/11\/20\/adeudan-salarios-a-5-mil-maestros-en-tamaulipas\/","url_meta":{"origin":19012,"position":4},"title":"Adeudan salarios a 5 mil maestros en Tamaulipas","author":"grieta","date":"20 noviembre, 2019","format":false,"excerpt":"Pertenecen a escuelas de tiempo completo y desde el mes de septiembre no reciben sueldos, destac\u00f3 el SNTE. Jes\u00fas Alberto Garc\u00eda\/Milenio 20 noviembre 2019 En Tamaulipas son m\u00e1s de 5 mil maestros a los que se les deben salarios desde el mes de septiembre, asegur\u00f3 el SNTE, y que corresponde\u2026","rel":"","context":"En &quot;CINTILLO&quot;","block_context":{"text":"CINTILLO","link":"https:\/\/www.grieta.org.mx\/index.php\/category\/cintillo\/"},"img":{"alt_text":"","src":"https:\/\/i0.wp.com\/www.grieta.org.mx\/wp-content\/uploads\/2019\/12\/auditoria-superior-federacion-programa-completo_0_1_1024_637.jpg?resize=350%2C200&ssl=1","width":350,"height":200,"srcset":"https:\/\/i0.wp.com\/www.grieta.org.mx\/wp-content\/uploads\/2019\/12\/auditoria-superior-federacion-programa-completo_0_1_1024_637.jpg?resize=350%2C200&ssl=1 1x, https:\/\/i0.wp.com\/www.grieta.org.mx\/wp-content\/uploads\/2019\/12\/auditoria-superior-federacion-programa-completo_0_1_1024_637.jpg?resize=525%2C300&ssl=1 1.5x, https:\/\/i0.wp.com\/www.grieta.org.mx\/wp-content\/uploads\/2019\/12\/auditoria-superior-federacion-programa-completo_0_1_1024_637.jpg?resize=700%2C400&ssl=1 2x"},"classes":[]},{"id":2997,"url":"https:\/\/www.grieta.org.mx\/index.php\/2015\/07\/08\/protestan-maestros-en-ciudad-victoria-contra-reforma-educativa\/","url_meta":{"origin":19012,"position":5},"title":"Protestan maestros en Ciudad Victoria contra Reforma Educativa","author":"grieta","date":"8 julio, 2015","format":false,"excerpt":"Hoy Tamaulipas Un grupo de maestros de diferentes ciudades del Estado, principalmente del centro de la entidad, realizaron este mi\u00e9rcoles una marcha para protestar en contra de la evaluaci\u00f3n magisterial, que forma parte de la Reforma Educativa. Los maestros, cerca de mil, se plantaron frente a las instalaciones del Congreso\u2026","rel":"","context":"En &quot;CINTILLO&quot;","block_context":{"text":"CINTILLO","link":"https:\/\/www.grieta.org.mx\/index.php\/category\/cintillo\/"},"img":{"alt_text":"","src":"https:\/\/i0.wp.com\/www.grieta.org.mx\/wp-content\/uploads\/2018\/03\/14524434_1106112876131411_958039263622046936_o.jpg?resize=350%2C200&ssl=1","width":350,"height":200,"srcset":"https:\/\/i0.wp.com\/www.grieta.org.mx\/wp-content\/uploads\/2018\/03\/14524434_1106112876131411_958039263622046936_o.jpg?resize=350%2C200&ssl=1 1x, https:\/\/i0.wp.com\/www.grieta.org.mx\/wp-content\/uploads\/2018\/03\/14524434_1106112876131411_958039263622046936_o.jpg?resize=525%2C300&ssl=1 1.5x, https:\/\/i0.wp.com\/www.grieta.org.mx\/wp-content\/uploads\/2018\/03\/14524434_1106112876131411_958039263622046936_o.jpg?resize=700%2C400&ssl=1 2x"},"classes":[]}],"_links":{"self":[{"href":"https:\/\/www.grieta.org.mx\/index.php\/wp-json\/wp\/v2\/posts\/19012","targetHints":{"allow":["GET"]}}],"collection":[{"href":"https:\/\/www.grieta.org.mx\/index.php\/wp-json\/wp\/v2\/posts"}],"about":[{"href":"https:\/\/www.grieta.org.mx\/index.php\/wp-json\/wp\/v2\/types\/post"}],"author":[{"embeddable":true,"href":"https:\/\/www.grieta.org.mx\/index.php\/wp-json\/wp\/v2\/users\/2"}],"replies":[{"embeddable":true,"href":"https:\/\/www.grieta.org.mx\/index.php\/wp-json\/wp\/v2\/comments?post=19012"}],"version-history":[{"count":1,"href":"https:\/\/www.grieta.org.mx\/index.php\/wp-json\/wp\/v2\/posts\/19012\/revisions"}],"predecessor-version":[{"id":19014,"href":"https:\/\/www.grieta.org.mx\/index.php\/wp-json\/wp\/v2\/posts\/19012\/revisions\/19014"}],"wp:featuredmedia":[{"embeddable":true,"href":"https:\/\/www.grieta.org.mx\/index.php\/wp-json\/wp\/v2\/media\/21928"}],"wp:attachment":[{"href":"https:\/\/www.grieta.org.mx\/index.php\/wp-json\/wp\/v2\/media?parent=19012"}],"wp:term":[{"taxonomy":"category","embeddable":true,"href":"https:\/\/www.grieta.org.mx\/index.php\/wp-json\/wp\/v2\/categories?post=19012"},{"taxonomy":"post_tag","embeddable":true,"href":"https:\/\/www.grieta.org.mx\/index.php\/wp-json\/wp\/v2\/tags?post=19012"}],"curies":[{"name":"wp","href":"https:\/\/api.w.org\/{rel}","templated":true}]}}